{"id":22118,"date":"2023-12-29T07:57:35","date_gmt":"2023-12-29T10:57:35","guid":{"rendered":"https:\/\/noticiasribeiraopreto.com.br\/index.php\/2023\/12\/29\/litoral-e-interior-de-sp-tem-alerta-de-chuvas-intensas-veja-ate-quando\/"},"modified":"2023-12-29T07:57:35","modified_gmt":"2023-12-29T10:57:35","slug":"litoral-e-interior-de-sp-tem-alerta-de-chuvas-intensas-veja-ate-quando","status":"publish","type":"post","link":"https:\/\/noticiasribeiraopreto.com.br\/index.php\/2023\/12\/29\/litoral-e-interior-de-sp-tem-alerta-de-chuvas-intensas-veja-ate-quando\/","title":{"rendered":"Litoral e interior de SP t\u00eam alerta de chuvas intensas; Veja at\u00e9 quando"},"content":{"rendered":"<div class='code-block code-block-1' style='margin: 8px 0 8px auto; text-align: right; display: block; clear: both;'>\n<p><a href=\"https:\/\/wa.link\/vpicfd\"><img data-recalc-dims=\"1\" class=\"wp-image-4922\" style=\"aspect-ratio: 2.0253164556962027; width: 561px; height: auto;\" src=\"https:\/\/i0.wp.com\/ismaelcolosi.com.br\/wp-content\/uploads\/2023\/11\/grupo-de-empregos-whatsapp-e-facebook-ismael-colosi-vagas.jpg?ssl=1\" alt=\"\" \/><\/a><\/p>\n<!-- \/wp:image -->\n<\/div>\n<p> <br \/>\n<\/p>\n<div data-td-block-uid=\"tdi_104\">\n<div class=\"tdb-block-inner td-fix-index\">\n<p>O <strong><a href=\"https:\/\/alertas2.inmet.gov.br\/45949\" target=\"_blank\" rel=\"noreferrer noopener nofollow\">Inmet (Instituto Nacional de Meteorologia) <\/a><\/strong>publicou um alerta de \u201cperigo potencial\u201d para <strong>chuvas intensas<\/strong> para o<strong> litoral<\/strong> e<strong> interior de S\u00e3o Paulo<\/strong>. <mark style=\"background-color:#fcb900\" class=\"has-inline-color has-black-color\">O aviso tem in\u00edcio \u00e0s 10h desta sexta-feira (29) e \u00e9 v\u00e1lido at\u00e9 12h do dia 31.<\/mark><\/p>\n<p>Segundo o \u00f3rg\u00e3o, pode chover o acumulado entre 20 mil\u00edmetros e 30 mil\u00edmetros no per\u00edodo de uma hora, al\u00e9m da possibilidade de ventos intensos entre 40 km\/h e 60 km\/h.<\/p>\n<p>As regi\u00f5es afetadas pelo alerta s\u00e3o: <strong>Presidente Prudente<\/strong>, <strong>S\u00e3o Jos\u00e9 do Rio Preto<\/strong>,<strong> Campinas<\/strong>, <strong>Bauru<\/strong>, <strong>Piracicaba<\/strong>, <strong>Ribeir\u00e3o Preto<\/strong>, <strong>Ara\u00e7atuba<\/strong>,<strong> Metropolitana de S\u00e3o Paulo<\/strong>, <strong>Mar\u00edlia<\/strong>, <strong>Araraquara<\/strong>,<strong> Vale do Para\u00edba<\/strong>, <strong>Litoral Sul<\/strong>, <strong>Litoral Norte <\/strong>e <strong>baixada santista<\/strong>.<\/p>\n<h4 class=\"wp-block-heading\"><strong>Previs\u00e3o do tempo para sexta-feira<\/strong><\/h4>\n<p>Contudo, nesta sexta-feira (29) a previs\u00e3o do tempo aponta que o ar quente e seco ainda deve ganhar for\u00e7a sobre a regi\u00e3o sudeste, o que reduz a umidade do ar e diminuiu as condi\u00e7\u00f5es de chuva.<\/p>\n<p>Por\u00e9m, h\u00e1 possibilidade de chuva nos per\u00edodos da tarde e da noite. \u201cEstas pancadas de chuva v\u00e3o ocorrer em pequenas \u00e1reas e com curta dura\u00e7\u00e3o\u201d, destaca a <strong><a href=\"https:\/\/www.climatempo.com.br\/\" target=\"_blank\" rel=\"noreferrer noopener nofollow\">Climatempo<\/a><\/strong>. J\u00e1 <mark style=\"background-color:#fcb900\" class=\"has-inline-color has-black-color\">a <strong>frente fria <\/strong>que promete mudar o tempo se aproxima de S\u00e3o Paulo a partir de s\u00e1bado (30).<\/mark><\/p>\n<p>VEJA TAMB\u00c9M<br \/>Vai passar a virada no litoral de SP? Veja as praias impr\u00f3prias para banho<\/p>\n<h4 class=\"wp-block-heading\"><strong>FIQUE ON<\/strong><\/h4>\n<p>Fique ligado em tudo que acontece em Ribeir\u00e3o Preto e regi\u00e3o. Siga os perfis do <strong>acidade on<\/strong> no <a href=\"https:\/\/www.instagram.com\/acidadeonribeirao\" target=\"_blank\" rel=\"noreferrer noopener nofollow\">Instagram <\/a>e no <a href=\"https:\/\/www.facebook.com\/acidadeonribeirao\" target=\"_blank\" rel=\"noreferrer noopener nofollow\">Facebook<\/a>.<\/p>\n<p>Receba not\u00edcias do <strong>acidade on <\/strong>no WhatsApp.<a href=\"https:\/\/chat.whatsapp.com\/Bnv2w66ZT4VDyZW3oiZ69n\" target=\"_blank\" rel=\"noreferrer noopener nofollow\"> Para entrar no grupo, basta clicar aqui.<\/a><\/p>\n<p>Fa\u00e7a uma den\u00fancia ou sugira uma reportagem sobre a Ribeir\u00e3o Preto e regi\u00e3o pelo WhatsApp: (16) 99117 7802.<\/p>\n<p>LEIA MAIS<br \/>Sorvete de uva com dois ingredientes da Ana Maria Braga<\/p>\n<p><!-- AI CONTENT END 1 -->\n<\/div>\n<\/div>\n<p><script async src=\"\/\/www.instagram.com\/embed.js\"><\/script><br \/>\n<br \/><br \/>\n<br \/><a href=\"https:\/\/www.acidadeon.com\/ribeiraopreto\/cotidiano\/litoral-e-interior-de-sp-tem-alerta-de-chuvas-intensas-veja-ate-quando\/\">Source link <\/a><\/p>\n<!-- CONTENT END 1 -->\n","protected":false},"excerpt":{"rendered":"<p>O Inmet (Instituto Nacional de Meteorologia) publicou um alerta de \u201cperigo potencial\u201d para chuvas intensas para o litoral e interior de S\u00e3o Paulo. O aviso&#8230;<\/p>\n","protected":false},"author":1,"featured_media":22119,"comment_status":"open","ping_status":"open","sticky":false,"template":"","format":"standard","meta":{"advanced_seo_description":"","jetpack_seo_html_title":"","jetpack_seo_noindex":false,"jetpack_post_was_ever_published":false,"_jetpack_newsletter_access":"","_jetpack_dont_email_post_to_subs":false,"_jetpack_newsletter_tier_id":0,"_jetpack_memberships_contains_paywalled_content":false,"_jetpack_memberships_contains_paid_content":false,"footnotes":"","jetpack_publicize_message":"","jetpack_publicize_feature_enabled":true,"jetpack_social_post_already_shared":true,"jetpack_social_options":{"image_generator_settings":{"template":"highway","default_image_id":0,"font":"","enabled":false},"version":2}},"categories":[11],"tags":[163,103,164,165,237,2783,620,162,48],"class_list":["post-22118","post","type-post","status-publish","format-standard","has-post-thumbnail","hentry","category-noticias-de-ribeirao-preto-sp-e-regiao-ismael-colosi","tag-alerta","tag-ate","tag-chuvas","tag-intensas","tag-interior","tag-litoral","tag-quando","tag-tem","tag-veja"],"jetpack_publicize_connections":[],"jetpack_featured_media_url":"https:\/\/i0.wp.com\/noticiasribeiraopreto.com.br\/wp-content\/uploads\/2023\/12\/chuva-2.jpg?fit=2000%2C1333&ssl=1","jetpack-related-posts":[{"id":29511,"url":"https:\/\/noticiasribeiraopreto.com.br\/index.php\/2024\/01\/18\/interior-de-sp-tem-alerta-de-chuvas-intensas-veja-os-locais-afetados\/","url_meta":{"origin":22118,"position":0},"title":"Interior de SP tem alerta de chuvas intensas; Veja os locais afetados","author":"noticiasribeiraopreto.com.br","date":"18 de January de 2024","format":false,"excerpt":"O Inmet (Instituto Nacional de Meteorologia) publicou nesta quinta-feira (18) um alerta de chuvas intensas para o interior de S\u00e3o Paulo. O aviso \u00e9 v\u00e1lido at\u00e9 as 10h desta sexta-feira (19). De acordo com o \u00f3rg\u00e3o, pode chover o acumulado de at\u00e9 50 mil\u00edmetros no per\u00edodo de um dia e\u2026","rel":"","context":"In &quot;Not\u00edcias de Ribeir\u00e3o Preto-SP e Regi\u00e3o&quot;","block_context":{"text":"Not\u00edcias de Ribeir\u00e3o Preto-SP e Regi\u00e3o","link":"https:\/\/noticiasribeiraopreto.com.br\/index.php\/category\/noticias-de-ribeirao-preto-sp-e-regiao-ismael-colosi\/"},"img":{"alt_text":"","src":"https:\/\/i0.wp.com\/noticiasribeiraopreto.com.br\/wp-content\/uploads\/2024\/01\/chuva-no-interior.jpeg?fit=1200%2C903&ssl=1&resize=350%2C200","width":350,"height":200,"srcset":"https:\/\/i0.wp.com\/noticiasribeiraopreto.com.br\/wp-content\/uploads\/2024\/01\/chuva-no-interior.jpeg?fit=1200%2C903&ssl=1&resize=350%2C200 1x, https:\/\/i0.wp.com\/noticiasribeiraopreto.com.br\/wp-content\/uploads\/2024\/01\/chuva-no-interior.jpeg?fit=1200%2C903&ssl=1&resize=525%2C300 1.5x, https:\/\/i0.wp.com\/noticiasribeiraopreto.com.br\/wp-content\/uploads\/2024\/01\/chuva-no-interior.jpeg?fit=1200%2C903&ssl=1&resize=700%2C400 2x, https:\/\/i0.wp.com\/noticiasribeiraopreto.com.br\/wp-content\/uploads\/2024\/01\/chuva-no-interior.jpeg?fit=1200%2C903&ssl=1&resize=1050%2C600 3x"},"classes":[]},{"id":63701,"url":"https:\/\/noticiasribeiraopreto.com.br\/index.php\/2025\/02\/19\/inmet-publica-alerta-de-chuvas-intensas-para-o-interior-de-sp-veja-os-locais-2\/","url_meta":{"origin":22118,"position":1},"title":"Inmet publica alerta de chuvas intensas para o interior de SP; Veja os locais","author":"noticiasribeiraopreto.com.br","date":"19 de February de 2025","format":false,"excerpt":"O Inmet (Instituto Nacional de Meteorologia) publicou dois alertas de chuvas intensas para o interior de S\u00e3o Paulo nesta quarta-feira (19). O aviso \u00e9 v\u00e1lido at\u00e9 as 11h de quinta-feira (20). Segundo o Inmet, na maior parte do interior paulista pode chover o acumulado entre 20 mil\u00edmetros e 30 mil\u00edmetros\u2026","rel":"","context":"In &quot;Not\u00edcias de Ribeir\u00e3o Preto-SP e Regi\u00e3o&quot;","block_context":{"text":"Not\u00edcias de Ribeir\u00e3o Preto-SP e Regi\u00e3o","link":"https:\/\/noticiasribeiraopreto.com.br\/index.php\/category\/noticias-de-ribeirao-preto-sp-e-regiao-ismael-colosi\/"},"img":{"alt_text":"","src":"https:\/\/i0.wp.com\/noticiasribeiraopreto.com.br\/wp-content\/uploads\/2025\/02\/inmet-alerta_2025-02-19_18-49-17_jpg_2025-02-19_18-49-18.webp.webp?fit=1200%2C759&ssl=1&resize=350%2C200","width":350,"height":200,"srcset":"https:\/\/i0.wp.com\/noticiasribeiraopreto.com.br\/wp-content\/uploads\/2025\/02\/inmet-alerta_2025-02-19_18-49-17_jpg_2025-02-19_18-49-18.webp.webp?fit=1200%2C759&ssl=1&resize=350%2C200 1x, https:\/\/i0.wp.com\/noticiasribeiraopreto.com.br\/wp-content\/uploads\/2025\/02\/inmet-alerta_2025-02-19_18-49-17_jpg_2025-02-19_18-49-18.webp.webp?fit=1200%2C759&ssl=1&resize=525%2C300 1.5x, https:\/\/i0.wp.com\/noticiasribeiraopreto.com.br\/wp-content\/uploads\/2025\/02\/inmet-alerta_2025-02-19_18-49-17_jpg_2025-02-19_18-49-18.webp.webp?fit=1200%2C759&ssl=1&resize=700%2C400 2x, https:\/\/i0.wp.com\/noticiasribeiraopreto.com.br\/wp-content\/uploads\/2025\/02\/inmet-alerta_2025-02-19_18-49-17_jpg_2025-02-19_18-49-18.webp.webp?fit=1200%2C759&ssl=1&resize=1050%2C600 3x"},"classes":[]},{"id":63083,"url":"https:\/\/noticiasribeiraopreto.com.br\/index.php\/2025\/02\/02\/ribeirao-preto-tem-alerta-de-chuvas-intensas-veja-a-previsao-do-tempo\/","url_meta":{"origin":22118,"position":2},"title":"Ribeir\u00e3o Preto tem alerta de chuvas intensas; Veja a previs\u00e3o do tempo","author":"noticiasribeiraopreto.com.br","date":"2 de February de 2025","format":false,"excerpt":"O Inmet (Instituto Nacional de Meteorologia) publicou alerta de chuvas intensas para o interior de S\u00e3o Paulo neste domingo (2). O aviso \u00e9 v\u00e1lido at\u00e9 as 18h para diversas cidades, incluindo Ribeir\u00e3o Preto. Segundo o \u00f3rg\u00e3o, pode chover o acumulado entre 30 e 60 mil\u00edmetros no per\u00edodo de uma hora,\u2026","rel":"","context":"In &quot;Not\u00edcias de Ribeir\u00e3o Preto-SP e Regi\u00e3o&quot;","block_context":{"text":"Not\u00edcias de Ribeir\u00e3o Preto-SP e Regi\u00e3o","link":"https:\/\/noticiasribeiraopreto.com.br\/index.php\/category\/noticias-de-ribeirao-preto-sp-e-regiao-ismael-colosi\/"},"img":{"alt_text":"","src":"https:\/\/i0.wp.com\/noticiasribeiraopreto.com.br\/wp-content\/uploads\/2025\/02\/ceu-ribeirao-preto-2_2025-02-02_12-51-41_jpeg_2025-02-02_12-51-42.webp.webp?fit=1200%2C900&ssl=1&resize=350%2C200","width":350,"height":200,"srcset":"https:\/\/i0.wp.com\/noticiasribeiraopreto.com.br\/wp-content\/uploads\/2025\/02\/ceu-ribeirao-preto-2_2025-02-02_12-51-41_jpeg_2025-02-02_12-51-42.webp.webp?fit=1200%2C900&ssl=1&resize=350%2C200 1x, https:\/\/i0.wp.com\/noticiasribeiraopreto.com.br\/wp-content\/uploads\/2025\/02\/ceu-ribeirao-preto-2_2025-02-02_12-51-41_jpeg_2025-02-02_12-51-42.webp.webp?fit=1200%2C900&ssl=1&resize=525%2C300 1.5x, https:\/\/i0.wp.com\/noticiasribeiraopreto.com.br\/wp-content\/uploads\/2025\/02\/ceu-ribeirao-preto-2_2025-02-02_12-51-41_jpeg_2025-02-02_12-51-42.webp.webp?fit=1200%2C900&ssl=1&resize=700%2C400 2x, https:\/\/i0.wp.com\/noticiasribeiraopreto.com.br\/wp-content\/uploads\/2025\/02\/ceu-ribeirao-preto-2_2025-02-02_12-51-41_jpeg_2025-02-02_12-51-42.webp.webp?fit=1200%2C900&ssl=1&resize=1050%2C600 3x"},"classes":[]},{"id":27904,"url":"https:\/\/noticiasribeiraopreto.com.br\/index.php\/2024\/01\/13\/veja-ate-quando-vai-o-alerta-de-chuvas-intensas-para-o-interior-de-sp\/","url_meta":{"origin":22118,"position":3},"title":"Veja at\u00e9 quando vai o alerta de chuvas intensas para o interior de SP","author":"noticiasribeiraopreto.com.br","date":"13 de January de 2024","format":false,"excerpt":"O alerta do Inmet (Instituto Nacional de Meteorologia) para chuvas intensas no interior de S\u00e3o Paulo \u00e9 v\u00e1lido at\u00e9 as 10h deste domingo (14). Segundo o \u00f3rg\u00e3o, pode chover o acumulado de at\u00e9 50 mil\u00edmetros no per\u00edodo de um dia \u2013 \u00e9 v\u00e1lido lembrar que aviso pode ser prorrogado. De\u2026","rel":"","context":"In &quot;Not\u00edcias de Ribeir\u00e3o Preto-SP e Regi\u00e3o&quot;","block_context":{"text":"Not\u00edcias de Ribeir\u00e3o Preto-SP e Regi\u00e3o","link":"https:\/\/noticiasribeiraopreto.com.br\/index.php\/category\/noticias-de-ribeirao-preto-sp-e-regiao-ismael-colosi\/"},"img":{"alt_text":"","src":"https:\/\/i0.wp.com\/noticiasribeiraopreto.com.br\/wp-content\/uploads\/2024\/01\/1705185440_chuva.jpeg?fit=1200%2C903&ssl=1&resize=350%2C200","width":350,"height":200,"srcset":"https:\/\/i0.wp.com\/noticiasribeiraopreto.com.br\/wp-content\/uploads\/2024\/01\/1705185440_chuva.jpeg?fit=1200%2C903&ssl=1&resize=350%2C200 1x, https:\/\/i0.wp.com\/noticiasribeiraopreto.com.br\/wp-content\/uploads\/2024\/01\/1705185440_chuva.jpeg?fit=1200%2C903&ssl=1&resize=525%2C300 1.5x, https:\/\/i0.wp.com\/noticiasribeiraopreto.com.br\/wp-content\/uploads\/2024\/01\/1705185440_chuva.jpeg?fit=1200%2C903&ssl=1&resize=700%2C400 2x, https:\/\/i0.wp.com\/noticiasribeiraopreto.com.br\/wp-content\/uploads\/2024\/01\/1705185440_chuva.jpeg?fit=1200%2C903&ssl=1&resize=1050%2C600 3x"},"classes":[]},{"id":63419,"url":"https:\/\/noticiasribeiraopreto.com.br\/index.php\/2025\/02\/12\/inmet-publica-alerta-de-chuvas-intensas-para-o-interior-de-sp-veja-as-cidades\/","url_meta":{"origin":22118,"position":4},"title":"Inmet publica alerta de chuvas intensas para o interior de SP; Veja as cidades","author":"noticiasribeiraopreto.com.br","date":"12 de February de 2025","format":false,"excerpt":"O Inmet (Instituto Nacional de Meteorologia) publicou um novo alerta de chuvas intensas para o interior de S\u00e3o Paulo. O aviso \u00e9 v\u00e1lido at\u00e9 as 10h de quinta-feira (13). Segundo o \u00f3rg\u00e3o, pode chover o acumulado entre 20 e 30 mil\u00edmetros no per\u00edodo de uma hora, com ventos intensos entre\u2026","rel":"","context":"In &quot;Not\u00edcias de Ribeir\u00e3o Preto-SP e Regi\u00e3o&quot;","block_context":{"text":"Not\u00edcias de Ribeir\u00e3o Preto-SP e Regi\u00e3o","link":"https:\/\/noticiasribeiraopreto.com.br\/index.php\/category\/noticias-de-ribeirao-preto-sp-e-regiao-ismael-colosi\/"},"img":{"alt_text":"","src":"https:\/\/i0.wp.com\/noticiasribeiraopreto.com.br\/wp-content\/uploads\/2025\/01\/WhatsApp-Image-2025-01-28-at-07.06.17_2025-01-28_10-21-07_jpeg_2025-01-28_10-21-07.webp.webp?fit=1200%2C900&ssl=1&resize=350%2C200","width":350,"height":200,"srcset":"https:\/\/i0.wp.com\/noticiasribeiraopreto.com.br\/wp-content\/uploads\/2025\/01\/WhatsApp-Image-2025-01-28-at-07.06.17_2025-01-28_10-21-07_jpeg_2025-01-28_10-21-07.webp.webp?fit=1200%2C900&ssl=1&resize=350%2C200 1x, https:\/\/i0.wp.com\/noticiasribeiraopreto.com.br\/wp-content\/uploads\/2025\/01\/WhatsApp-Image-2025-01-28-at-07.06.17_2025-01-28_10-21-07_jpeg_2025-01-28_10-21-07.webp.webp?fit=1200%2C900&ssl=1&resize=525%2C300 1.5x, https:\/\/i0.wp.com\/noticiasribeiraopreto.com.br\/wp-content\/uploads\/2025\/01\/WhatsApp-Image-2025-01-28-at-07.06.17_2025-01-28_10-21-07_jpeg_2025-01-28_10-21-07.webp.webp?fit=1200%2C900&ssl=1&resize=700%2C400 2x, https:\/\/i0.wp.com\/noticiasribeiraopreto.com.br\/wp-content\/uploads\/2025\/01\/WhatsApp-Image-2025-01-28-at-07.06.17_2025-01-28_10-21-07_jpeg_2025-01-28_10-21-07.webp.webp?fit=1200%2C900&ssl=1&resize=1050%2C600 3x"},"classes":[]},{"id":43294,"url":"https:\/\/noticiasribeiraopreto.com.br\/index.php\/2024\/03\/20\/interior-de-sp-tem-novo-alerta-de-perigo-para-chuvas-intensas-veja-os-locais\/","url_meta":{"origin":22118,"position":5},"title":"Interior de SP tem novo alerta de perigo para chuvas intensas; Veja os locais","author":"noticiasribeiraopreto.com.br","date":"20 de March de 2024","format":false,"excerpt":"O Inmet (Instituto Nacional de Meteorologia) publicou nesta quarta-feira (20) um novo alerta de perigo para chuvas intensas no interior de S\u00e3o Paulo. O aviso \u00e9 v\u00e1lido at\u00e9 o final de quinta-feira (21). O alerta abrange diversas regi\u00f5es do estado, como S\u00e3o Jos\u00e9 do Rio Preto, Campinas, Bauru, Piracicaba, Itapetininga,\u2026","rel":"","context":"In &quot;Not\u00edcias de Ribeir\u00e3o Preto-SP e Regi\u00e3o&quot;","block_context":{"text":"Not\u00edcias de Ribeir\u00e3o Preto-SP e Regi\u00e3o","link":"https:\/\/noticiasribeiraopreto.com.br\/index.php\/category\/noticias-de-ribeirao-preto-sp-e-regiao-ismael-colosi\/"},"img":{"alt_text":"","src":"https:\/\/i0.wp.com\/noticiasribeiraopreto.com.br\/wp-content\/uploads\/2024\/03\/WhatsApp-Image-2023-10-27-at-06.48.27.jpeg?fit=1200%2C540&ssl=1&resize=350%2C200","width":350,"height":200,"srcset":"https:\/\/i0.wp.com\/noticiasribeiraopreto.com.br\/wp-content\/uploads\/2024\/03\/WhatsApp-Image-2023-10-27-at-06.48.27.jpeg?fit=1200%2C540&ssl=1&resize=350%2C200 1x, https:\/\/i0.wp.com\/noticiasribeiraopreto.com.br\/wp-content\/uploads\/2024\/03\/WhatsApp-Image-2023-10-27-at-06.48.27.jpeg?fit=1200%2C540&ssl=1&resize=525%2C300 1.5x, https:\/\/i0.wp.com\/noticiasribeiraopreto.com.br\/wp-content\/uploads\/2024\/03\/WhatsApp-Image-2023-10-27-at-06.48.27.jpeg?fit=1200%2C540&ssl=1&resize=700%2C400 2x, https:\/\/i0.wp.com\/noticiasribeiraopreto.com.br\/wp-content\/uploads\/2024\/03\/WhatsApp-Image-2023-10-27-at-06.48.27.jpeg?fit=1200%2C540&ssl=1&resize=1050%2C600 3x"},"classes":[]}],"jetpack_sharing_enabled":true,"jetpack_shortlink":"https:\/\/wp.me\/peQAOb-5KK","_links":{"self":[{"href":"https:\/\/noticiasribeiraopreto.com.br\/index.php\/wp-json\/wp\/v2\/posts\/22118","targetHints":{"allow":["GET"]}}],"collection":[{"href":"https:\/\/noticiasribeiraopreto.com.br\/index.php\/wp-json\/wp\/v2\/posts"}],"about":[{"href":"https:\/\/noticiasribeiraopreto.com.br\/index.php\/wp-json\/wp\/v2\/types\/post"}],"author":[{"embeddable":true,"href":"https:\/\/noticiasribeiraopreto.com.br\/index.php\/wp-json\/wp\/v2\/users\/1"}],"replies":[{"embeddable":true,"href":"https:\/\/noticiasribeiraopreto.com.br\/index.php\/wp-json\/wp\/v2\/comments?post=22118"}],"version-history":[{"count":0,"href":"https:\/\/noticiasribeiraopreto.com.br\/index.php\/wp-json\/wp\/v2\/posts\/22118\/revisions"}],"wp:featuredmedia":[{"embeddable":true,"href":"https:\/\/noticiasribeiraopreto.com.br\/index.php\/wp-json\/wp\/v2\/media\/22119"}],"wp:attachment":[{"href":"https:\/\/noticiasribeiraopreto.com.br\/index.php\/wp-json\/wp\/v2\/media?parent=22118"}],"wp:term":[{"taxonomy":"category","embeddable":true,"href":"https:\/\/noticiasribeiraopreto.com.br\/index.php\/wp-json\/wp\/v2\/categories?post=22118"},{"taxonomy":"post_tag","embeddable":true,"href":"https:\/\/noticiasribeiraopreto.com.br\/index.php\/wp-json\/wp\/v2\/tags?post=22118"}],"curies":[{"name":"wp","href":"https:\/\/api.w.org\/{rel}","templated":true}]}}