{"id":22120,"date":"2023-12-29T08:13:46","date_gmt":"2023-12-29T11:13:46","guid":{"rendered":"https:\/\/noticiasribeiraopreto.com.br\/index.php\/2023\/12\/29\/assinado-contrato-com-banca-e-edital-ja-pode-sair-18\/"},"modified":"2023-12-29T08:13:46","modified_gmt":"2023-12-29T11:13:46","slug":"assinado-contrato-com-banca-e-edital-ja-pode-sair-18","status":"publish","type":"post","link":"https:\/\/noticiasribeiraopreto.com.br\/index.php\/2023\/12\/29\/assinado-contrato-com-banca-e-edital-ja-pode-sair-18\/","title":{"rendered":"assinado contrato com banca e edital j\u00e1 pode sair"},"content":{"rendered":"<div class='code-block code-block-1' style='margin: 8px 0 8px auto; text-align: right; display: block; clear: both;'>\n<p><a href=\"https:\/\/wa.link\/vpicfd\"><img data-recalc-dims=\"1\" class=\"wp-image-4922\" style=\"aspect-ratio: 2.0253164556962027; width: 561px; height: auto;\" src=\"https:\/\/i0.wp.com\/ismaelcolosi.com.br\/wp-content\/uploads\/2023\/11\/grupo-de-empregos-whatsapp-e-facebook-ismael-colosi-vagas.jpg?ssl=1\" alt=\"\" \/><\/a><\/p>\n<!-- \/wp:image -->\n<\/div>\n<p> <br \/>\n<\/p>\n<div>\n<p><img data-recalc-dims=\"1\" decoding=\"async\" src=\"https:\/\/i0.wp.com\/jcconcursos.uol.com.br\/media\/uploads\/noticia\/semae_mogi_das_cruzes_sp_novoo.jpg?ssl=1\" class=\"lazy\" loading=\"lazy\"\/><noscript><img data-recalc-dims=\"1\" decoding=\"async\" src=\"https:\/\/i0.wp.com\/jcconcursos.uol.com.br\/media\/uploads\/noticia\/semae_mogi_das_cruzes_sp_novoo.jpg?ssl=1\"\/><\/noscript><\/p>\n<div>\n<p>O edital do novo <a href=\"https:\/\/jcconcursos.com.br\/concurso\/concurso-semae-mogi-das-cruzes-sp-79122\" rel=\"noopener\" target=\"_blank\">concurso Semae Mogi das Cruzes SP<\/a> (Servi\u00e7o Municipal de \u00c1guas e Esgotos de Mogi das Cruzes), na regi\u00e3o metropolitana de S\u00e3o Paulo, j\u00e1 pode sair. Acontece que foi publicado, no di\u00e1rio oficial desta sexta-feira, 29 de dezembro, o extrato de contrato com a banca organizadora, que ser\u00e1 o<a href=\"https:\/\/www.nossorumo.org.br\/\" rel=\"noopener\" target=\"_blank\"> Instituto Nosso Rumo<\/a>. <a href=\"https:\/\/jcconcursos.com.br\/noticia\/concursos\/concurso-semae-mogi-das-cruzes-sp-definida-banca-para-nova-selecao-120317\" rel=\"noopener\" target=\"_blank\">O nome da empresa j\u00e1 havia sido anunciado no \u00faltimo dia 22 de dezembro<\/a>.<\/p>\n<p>De acordo com o documento, a assinatura do contrato ocorreu na \u00faltima quinta-feira, dia 28, com vig\u00eancia pelo per\u00edodo de 12 meses, prazo necess\u00e1rio para a realiza\u00e7\u00e3o de todos os procedimentos da sele\u00e7\u00e3o, incluindo publica\u00e7\u00e3o do edital, recebimento de inscri\u00e7\u00f5es, aplica\u00e7\u00e3o das provas e divulga\u00e7\u00e3o dos resultados.<\/p>\n<p>Por enquanto, o <a href=\"https:\/\/www.semae.sp.gov.br\/\" rel=\"noopener\" target=\"_blank\">Semae<\/a> ainda n\u00e3o antecipou os cargos que ser\u00e3o contemplados no certame, bem como a respectiva oferta de vagas.<\/p>\n<h2>Concurso Semae Mogi das Cruzes SP: veja publica\u00e7\u00e3o oficial<\/h2>\n<p>EXTRATO DE CONTRATO<br \/>N\u00famero \u2013 Contratado \u2013 Data Assinatura \u2013 In\u00edcio da Vig\u00eancia \u2013 Vig\u00eancia \u2013 Modalidade \u2013 Processo \u2013 Resumo do Objeto 117\/2023 \u2013 INSTITUTO DE EDUCA\u00c7\u00c3O E DESENVOLVIMENTO SOCIAL NOSSO RUMO \u2013 28\/12\/2023 \u2013 29\/12\/2023 \u2013 12(doze)<br \/>meses \u2013 Dispensa de Licita\u00e7\u00e3o n\u00ba 213\/2023 \u2013 202.121\/2023- PRESTA\u00c7\u00c3O DE SERVI\u00c7OS T\u00c9CNICOS ESPECIALIZADOS OBJETIVANDO A REALIZA\u00c7\u00c3O DE CONCURSO P\u00daBLICO<\/p>\n<h2>Saiba como foi a \u00faltima sele\u00e7\u00e3o<\/h2>\n<p>O \u00faltimo <strong>concurso Semae Mogi das Cruzes SP<\/strong> ocorreu em 2014, quando foram oferecidas 168 vagas em diversos cargos, em todos os n\u00edveis de escolaridade. A banca organizadora, na ocasi\u00e3o, foi o Caip.<\/p>\n<p>No caso de <strong>ensino fundamental<\/strong>, a oferta foi a seguinte:<\/p>\n<ul>\n<li>ajudante de operador de sistemas de tratamento \u2013 3 vagas<\/li>\n<li>auxiliar de servi\u00e7os gerais \u2013 5 vagas<\/li>\n<li>operador de bombas \u2013 3 vagas<\/li>\n<li>operador de rede de \u00e1guas e esgotos \u2013 12 vagas<\/li>\n<li>pedreiro \u2013 4 vagas<\/li>\n<\/ul>\n<p>Para <strong>ensino m\u00e9dio<\/strong>:<\/p>\n<ul>\n<li>auxiliar de apoio administrativo \u2013 5 vagas<\/li>\n<li>desenhista \u2013 3 vagas<\/li>\n<li>mec\u00e2nico de eletricista de manuten\u00e7\u00e3o \u2013 2 vagas<\/li>\n<li>motorista A \u2013 5 vagas<\/li>\n<li>motorista B \u2013 1 vaga<\/li>\n<li>operador de m\u00e1quinas \u2013 5 vagas<\/li>\n<li>operador de sistemas de tratamento \u2013 11 vagas<\/li>\n<li>t\u00e9cnico agrimensor \u2013 1 vaga<\/li>\n<li>t\u00e9cnico eletrot\u00e9cnico \u2013 1 vaga<\/li>\n<li>t\u00e9cnico em edifica\u00e7\u00f5es \u2013 2 vagas<\/li>\n<li>t\u00e9cnico em saneamento \u2013 5 vagas<\/li>\n<li>t\u00e9cnico em seguran\u00e7a do trabalho \u2013 1 vaga<\/li>\n<li>t\u00e9cnico qu\u00edmico \u2013 4 vagas<\/li>\n<\/ul>\n<p>Para <strong>n\u00edvel superior<\/strong>:<\/p>\n<ul>\n<li>advogado \u2013 2 vagas<\/li>\n<li>assistente t\u00e9cnico de engenharia \u2013 1 vaga<\/li>\n<li>contador \u2013 1 vaga<\/li>\n<li>engenheiro ambiental \u2013 2 vagas<\/li>\n<li>engenheiro civil \u2013 3 vagas<\/li>\n<li>engenheiro eletricista \u2013 2 vagas<\/li>\n<li>engenheiro mec\u00e2nico \u2013 2 vagas<\/li>\n<li>jornalista \u2013 1 vaga<\/li>\n<\/ul>\n<p><a id=\"gnews_btn\" href=\"https:\/\/news.google.com\/publications\/CAAqBwgKMOixlQswuZWrAw\" target=\"_blank\" class=\"border_jc_blue link_hover_bg_jc_blue font_85 d-block d-md-inline-block px-2 py-1 mr-0 mr-md-2 mb-3 w-100 text-center\" rel=\"noopener\"><span class=\"text_jc_blue\">Siga o <strong>JC Concursos no Google News<\/strong><\/span><\/a><span id=\"resumo\" class=\"anchor_link\"\/><a href=\"https:\/\/jcconcursos.com.br\/\" class=\"badge badge-light\">concursos<\/a><a href=\"https:\/\/jcconcursos.com.br\/concursos\/nacional\" class=\"badge badge-light\">concursos federais<\/a><a href=\"https:\/\/jcconcursos.com.br\/concursos\/previstos\" class=\"badge badge-light\">concursos 2023<\/a><a href=\"https:\/\/jcconcursos.com.br\/provas\/por-orgao\" class=\"badge badge-light\">provas anteriores<\/a><\/p>\n<\/div>\n<p><a href=\"https:\/\/jcconcursos.com.br\/noticia\/concursos\/concurso-semae-mogi-das-cruzes-sp-assinado-contrato-com-banca-e-edital-ja-pode-sair-120484\">Source link <\/a><\/p>\n<\/p><\/div>\n<p><br \/>\n<br \/><a href=\"https:\/\/ismaelcolosi.com.br\/assinado-contrato-com-banca-e-edital-ja-pode-sair-15\/\">Source link <\/a><\/p>\n<!-- CONTENT END 1 -->\n","protected":false},"excerpt":{"rendered":"<p>O edital do novo concurso Semae Mogi das Cruzes SP (Servi\u00e7o Municipal de \u00c1guas e Esgotos de Mogi das Cruzes), na regi\u00e3o metropolitana de S\u00e3o&#8230;<\/p>\n","protected":false},"author":1,"featured_media":22121,"comment_status":"open","ping_status":"open","sticky":false,"template":"","format":"standard","meta":{"advanced_seo_description":"","jetpack_seo_html_title":"","jetpack_seo_noindex":false,"jetpack_post_was_ever_published":false,"_jetpack_newsletter_access":"","_jetpack_dont_email_post_to_subs":false,"_jetpack_newsletter_tier_id":0,"_jetpack_memberships_contains_paywalled_content":false,"_jetpack_memberships_contains_paid_content":false,"footnotes":"","jetpack_publicize_message":"","jetpack_publicize_feature_enabled":true,"jetpack_social_post_already_shared":true,"jetpack_social_options":{"image_generator_settings":{"template":"highway","default_image_id":0,"font":"","enabled":false},"version":2}},"categories":[7],"tags":[],"class_list":["post-22120","post","type-post","status-publish","format-standard","has-post-thumbnail","hentry","category-vagas-de-empregos-em-ribeirao-preto-regiao-brasil"],"jetpack_publicize_connections":[],"jetpack_featured_media_url":"https:\/\/i0.wp.com\/noticiasribeiraopreto.com.br\/wp-content\/uploads\/2023\/12\/1703848431_semae_mogi_das_cruzes_sp_novoo.jpg?fit=1920%2C1080&ssl=1","jetpack-related-posts":[{"id":13873,"url":"https:\/\/noticiasribeiraopreto.com.br\/index.php\/2023\/12\/11\/assinado-contrato-com-banca-edital-ja-pode-sair\/","url_meta":{"origin":22120,"position":0},"title":"assinado contrato com banca; edital j\u00e1 pode sair","author":"noticiasribeiraopreto.com.br","date":"11 de December de 2023","format":false,"excerpt":"O edital de abertura de inscri\u00e7\u00f5es do concurso C\u00e2mara de Fortaleza CE (C\u00e2mara Municipal de Fortaleza), no Cear\u00e1, pode ser publicado no decorrer dos pr\u00f3ximos dias, ainda em dezembro. Acontece que, na \u00faltima sexta-feira, 8 de dezembro, o presidente da casa, vereador Gardel Rolim (PDT), confirmou que j\u00e1 est\u00e1 assinado\u2026","rel":"","context":"In &quot;Vagas de Emprego em Ribeir\u00e3o Preto-SP&quot;","block_context":{"text":"Vagas de Emprego em Ribeir\u00e3o Preto-SP","link":"https:\/\/noticiasribeiraopreto.com.br\/index.php\/category\/empregos-classificados-vagas-trabalho\/vagas-de-empregos-em-ribeirao-preto-regiao-brasil\/"},"img":{"alt_text":"","src":"https:\/\/i0.wp.com\/noticiasribeiraopreto.com.br\/wp-content\/uploads\/2023\/12\/camara_de_fortaleza_ce.jpg?fit=1200%2C675&ssl=1&resize=350%2C200","width":350,"height":200,"srcset":"https:\/\/i0.wp.com\/noticiasribeiraopreto.com.br\/wp-content\/uploads\/2023\/12\/camara_de_fortaleza_ce.jpg?fit=1200%2C675&ssl=1&resize=350%2C200 1x, https:\/\/i0.wp.com\/noticiasribeiraopreto.com.br\/wp-content\/uploads\/2023\/12\/camara_de_fortaleza_ce.jpg?fit=1200%2C675&ssl=1&resize=525%2C300 1.5x, https:\/\/i0.wp.com\/noticiasribeiraopreto.com.br\/wp-content\/uploads\/2023\/12\/camara_de_fortaleza_ce.jpg?fit=1200%2C675&ssl=1&resize=700%2C400 2x, https:\/\/i0.wp.com\/noticiasribeiraopreto.com.br\/wp-content\/uploads\/2023\/12\/camara_de_fortaleza_ce.jpg?fit=1200%2C675&ssl=1&resize=1050%2C600 3x"},"classes":[]},{"id":17860,"url":"https:\/\/noticiasribeiraopreto.com.br\/index.php\/2023\/12\/19\/assinado-contrato-com-banca-e-edital-ja-pode-sair-10\/","url_meta":{"origin":22120,"position":1},"title":"assinado contrato com banca e edital j\u00e1 pode sair","author":"noticiasribeiraopreto.com.br","date":"19 de December de 2023","format":false,"excerpt":"O edital do novo concurso IFAP AP (Instituto Federal de Educa\u00e7\u00e3o, Ci\u00eancias e Tecnologia do Amap\u00e1) para carreiras docentes j\u00e1 pode sair. Acontece que foi publicado, no di\u00e1rio oficial da Uni\u00e3o desta ter\u00e7a-feira, 19 de dezembro, o extrato de contrato com a banca organizadora, que ser\u00e1 o Instituto Idecan. O\u2026","rel":"","context":"In &quot;Vagas de Emprego em Ribeir\u00e3o Preto-SP&quot;","block_context":{"text":"Vagas de Emprego em Ribeir\u00e3o Preto-SP","link":"https:\/\/noticiasribeiraopreto.com.br\/index.php\/category\/empregos-classificados-vagas-trabalho\/vagas-de-empregos-em-ribeirao-preto-regiao-brasil\/"},"img":{"alt_text":"","src":"https:\/\/i0.wp.com\/noticiasribeiraopreto.com.br\/wp-content\/uploads\/2023\/12\/ifap_ap.jpg?fit=1200%2C675&ssl=1&resize=350%2C200","width":350,"height":200,"srcset":"https:\/\/i0.wp.com\/noticiasribeiraopreto.com.br\/wp-content\/uploads\/2023\/12\/ifap_ap.jpg?fit=1200%2C675&ssl=1&resize=350%2C200 1x, https:\/\/i0.wp.com\/noticiasribeiraopreto.com.br\/wp-content\/uploads\/2023\/12\/ifap_ap.jpg?fit=1200%2C675&ssl=1&resize=525%2C300 1.5x, https:\/\/i0.wp.com\/noticiasribeiraopreto.com.br\/wp-content\/uploads\/2023\/12\/ifap_ap.jpg?fit=1200%2C675&ssl=1&resize=700%2C400 2x, https:\/\/i0.wp.com\/noticiasribeiraopreto.com.br\/wp-content\/uploads\/2023\/12\/ifap_ap.jpg?fit=1200%2C675&ssl=1&resize=1050%2C600 3x"},"classes":[]},{"id":14844,"url":"https:\/\/noticiasribeiraopreto.com.br\/index.php\/2023\/12\/12\/assinado-contrato-com-banca-e-edital-ja-pode-sair-7\/","url_meta":{"origin":22120,"position":2},"title":"assinado contrato com banca e edital j\u00e1 pode sair","author":"noticiasribeiraopreto.com.br","date":"12 de December de 2023","format":false,"excerpt":"O edital do novo concurso ALEP (Assembleia Legislativa do Estado do Paran\u00e1) j\u00e1 pode sair. Acontece que foi confirmada a assinatura do contrato com a banca organizadora nesta ter\u00e7a-feira, 12 de dezembro, por meio de publica\u00e7\u00e3o das redes sociais da casa. A escolhida \u00e9 a Funda\u00e7\u00e3o Get\u00falio Vargas (FGV).\u00a0 A\u2026","rel":"","context":"In &quot;Vagas de Emprego em Ribeir\u00e3o Preto-SP&quot;","block_context":{"text":"Vagas de Emprego em Ribeir\u00e3o Preto-SP","link":"https:\/\/noticiasribeiraopreto.com.br\/index.php\/category\/empregos-classificados-vagas-trabalho\/vagas-de-empregos-em-ribeirao-preto-regiao-brasil\/"},"img":{"alt_text":"","src":"https:\/\/i0.wp.com\/noticiasribeiraopreto.com.br\/wp-content\/uploads\/2023\/12\/alep_novoo.jpg?fit=1200%2C675&ssl=1&resize=350%2C200","width":350,"height":200,"srcset":"https:\/\/i0.wp.com\/noticiasribeiraopreto.com.br\/wp-content\/uploads\/2023\/12\/alep_novoo.jpg?fit=1200%2C675&ssl=1&resize=350%2C200 1x, https:\/\/i0.wp.com\/noticiasribeiraopreto.com.br\/wp-content\/uploads\/2023\/12\/alep_novoo.jpg?fit=1200%2C675&ssl=1&resize=525%2C300 1.5x, https:\/\/i0.wp.com\/noticiasribeiraopreto.com.br\/wp-content\/uploads\/2023\/12\/alep_novoo.jpg?fit=1200%2C675&ssl=1&resize=700%2C400 2x, https:\/\/i0.wp.com\/noticiasribeiraopreto.com.br\/wp-content\/uploads\/2023\/12\/alep_novoo.jpg?fit=1200%2C675&ssl=1&resize=1050%2C600 3x"},"classes":[]},{"id":19323,"url":"https:\/\/noticiasribeiraopreto.com.br\/index.php\/2023\/12\/22\/assinado-contrato-com-banca-e-edital-ja-pode-sair-15\/","url_meta":{"origin":22120,"position":3},"title":"assinado contrato com banca e edital j\u00e1 pode sair","author":"noticiasribeiraopreto.com.br","date":"22 de December de 2023","format":false,"excerpt":"O edital do novo concurso CVM (Comiss\u00e3o de Valores Mobili\u00e1rios) j\u00e1 pode sair. Acontece que o \u00faltimo entrave para o in\u00edcio da sele\u00e7\u00e3o foi superado nesta sexta-feira, 22 de dezembro, com a publica\u00e7\u00e3o, no di\u00e1rio oficial da Uni\u00e3o, do extrato de contrato com a banca organizadora, que ser\u00e1 a Funda\u00e7\u00e3o\u2026","rel":"","context":"In &quot;Vagas de Emprego em Ribeir\u00e3o Preto-SP&quot;","block_context":{"text":"Vagas de Emprego em Ribeir\u00e3o Preto-SP","link":"https:\/\/noticiasribeiraopreto.com.br\/index.php\/category\/empregos-classificados-vagas-trabalho\/vagas-de-empregos-em-ribeirao-preto-regiao-brasil\/"},"img":{"alt_text":"","src":"https:\/\/i0.wp.com\/noticiasribeiraopreto.com.br\/wp-content\/uploads\/2023\/12\/1703239020_concurso-cvm-maps-sede-rj.jpg?fit=1200%2C675&ssl=1&resize=350%2C200","width":350,"height":200,"srcset":"https:\/\/i0.wp.com\/noticiasribeiraopreto.com.br\/wp-content\/uploads\/2023\/12\/1703239020_concurso-cvm-maps-sede-rj.jpg?fit=1200%2C675&ssl=1&resize=350%2C200 1x, https:\/\/i0.wp.com\/noticiasribeiraopreto.com.br\/wp-content\/uploads\/2023\/12\/1703239020_concurso-cvm-maps-sede-rj.jpg?fit=1200%2C675&ssl=1&resize=525%2C300 1.5x, https:\/\/i0.wp.com\/noticiasribeiraopreto.com.br\/wp-content\/uploads\/2023\/12\/1703239020_concurso-cvm-maps-sede-rj.jpg?fit=1200%2C675&ssl=1&resize=700%2C400 2x, https:\/\/i0.wp.com\/noticiasribeiraopreto.com.br\/wp-content\/uploads\/2023\/12\/1703239020_concurso-cvm-maps-sede-rj.jpg?fit=1200%2C675&ssl=1&resize=1050%2C600 3x"},"classes":[]},{"id":20760,"url":"https:\/\/noticiasribeiraopreto.com.br\/index.php\/2023\/12\/26\/assinado-contrato-com-banca-e-novo-edital-ja-pode-sair-2\/","url_meta":{"origin":22120,"position":4},"title":"assinado contrato com banca e novo edital j\u00e1 pode sair","author":"noticiasribeiraopreto.com.br","date":"26 de December de 2023","format":false,"excerpt":"O edital do novo concurso MP GO (Minist\u00e9rio P\u00fablico do Estado de Goi\u00e1s) j\u00e1 pode sair. Acontece que foi publicado, no di\u00e1rio oficial do estado desta ter\u00e7a-feira, 26 de dezembro, o extrato de contrato com a banca organizadora, que ser\u00e1 o Cebraspe. O nome da empresa j\u00e1 havia sido anunciado\u2026","rel":"","context":"In &quot;Vagas de Emprego em Ribeir\u00e3o Preto-SP&quot;","block_context":{"text":"Vagas de Emprego em Ribeir\u00e3o Preto-SP","link":"https:\/\/noticiasribeiraopreto.com.br\/index.php\/category\/empregos-classificados-vagas-trabalho\/vagas-de-empregos-em-ribeirao-preto-regiao-brasil\/"},"img":{"alt_text":"","src":"https:\/\/i0.wp.com\/noticiasribeiraopreto.com.br\/wp-content\/uploads\/2023\/12\/mp_go_novooo.jpg?fit=1200%2C675&ssl=1&resize=350%2C200","width":350,"height":200,"srcset":"https:\/\/i0.wp.com\/noticiasribeiraopreto.com.br\/wp-content\/uploads\/2023\/12\/mp_go_novooo.jpg?fit=1200%2C675&ssl=1&resize=350%2C200 1x, https:\/\/i0.wp.com\/noticiasribeiraopreto.com.br\/wp-content\/uploads\/2023\/12\/mp_go_novooo.jpg?fit=1200%2C675&ssl=1&resize=525%2C300 1.5x, https:\/\/i0.wp.com\/noticiasribeiraopreto.com.br\/wp-content\/uploads\/2023\/12\/mp_go_novooo.jpg?fit=1200%2C675&ssl=1&resize=700%2C400 2x, https:\/\/i0.wp.com\/noticiasribeiraopreto.com.br\/wp-content\/uploads\/2023\/12\/mp_go_novooo.jpg?fit=1200%2C675&ssl=1&resize=1050%2C600 3x"},"classes":[]},{"id":19686,"url":"https:\/\/noticiasribeiraopreto.com.br\/index.php\/2023\/12\/22\/assinado-contrato-com-banca-e-edital-de-oficiais-ja-pode-sair\/","url_meta":{"origin":22120,"position":5},"title":"assinado contrato com banca e edital de oficiais j\u00e1 pode sair","author":"noticiasribeiraopreto.com.br","date":"22 de December de 2023","format":false,"excerpt":"O edital do novo concurso PME RJ (Pol\u00edcia Militar do Estado do Rio de Janeiro) para oficiais j\u00e1 pode sair. Acontece que foi publicado, no di\u00e1rio oficial desta sexta-feira, 22 de dezembro, o extrato de contrato com a banca organizadora, que ser\u00e1 a Funda\u00e7\u00e3o Get\u00falio Vargas (FGV). O nome da\u2026","rel":"","context":"In &quot;Vagas de Emprego em Ribeir\u00e3o Preto-SP&quot;","block_context":{"text":"Vagas de Emprego em Ribeir\u00e3o Preto-SP","link":"https:\/\/noticiasribeiraopreto.com.br\/index.php\/category\/empregos-classificados-vagas-trabalho\/vagas-de-empregos-em-ribeirao-preto-regiao-brasil\/"},"img":{"alt_text":"","src":"https:\/\/i0.wp.com\/noticiasribeiraopreto.com.br\/wp-content\/uploads\/2023\/12\/1703297676_pme_rj_novo.jpg?fit=1200%2C675&ssl=1&resize=350%2C200","width":350,"height":200,"srcset":"https:\/\/i0.wp.com\/noticiasribeiraopreto.com.br\/wp-content\/uploads\/2023\/12\/1703297676_pme_rj_novo.jpg?fit=1200%2C675&ssl=1&resize=350%2C200 1x, https:\/\/i0.wp.com\/noticiasribeiraopreto.com.br\/wp-content\/uploads\/2023\/12\/1703297676_pme_rj_novo.jpg?fit=1200%2C675&ssl=1&resize=525%2C300 1.5x, https:\/\/i0.wp.com\/noticiasribeiraopreto.com.br\/wp-content\/uploads\/2023\/12\/1703297676_pme_rj_novo.jpg?fit=1200%2C675&ssl=1&resize=700%2C400 2x, https:\/\/i0.wp.com\/noticiasribeiraopreto.com.br\/wp-content\/uploads\/2023\/12\/1703297676_pme_rj_novo.jpg?fit=1200%2C675&ssl=1&resize=1050%2C600 3x"},"classes":[]}],"jetpack_sharing_enabled":true,"jetpack_shortlink":"https:\/\/wp.me\/peQAOb-5KM","_links":{"self":[{"href":"https:\/\/noticiasribeiraopreto.com.br\/index.php\/wp-json\/wp\/v2\/posts\/22120","targetHints":{"allow":["GET"]}}],"collection":[{"href":"https:\/\/noticiasribeiraopreto.com.br\/index.php\/wp-json\/wp\/v2\/posts"}],"about":[{"href":"https:\/\/noticiasribeiraopreto.com.br\/index.php\/wp-json\/wp\/v2\/types\/post"}],"author":[{"embeddable":true,"href":"https:\/\/noticiasribeiraopreto.com.br\/index.php\/wp-json\/wp\/v2\/users\/1"}],"replies":[{"embeddable":true,"href":"https:\/\/noticiasribeiraopreto.com.br\/index.php\/wp-json\/wp\/v2\/comments?post=22120"}],"version-history":[{"count":0,"href":"https:\/\/noticiasribeiraopreto.com.br\/index.php\/wp-json\/wp\/v2\/posts\/22120\/revisions"}],"wp:featuredmedia":[{"embeddable":true,"href":"https:\/\/noticiasribeiraopreto.com.br\/index.php\/wp-json\/wp\/v2\/media\/22121"}],"wp:attachment":[{"href":"https:\/\/noticiasribeiraopreto.com.br\/index.php\/wp-json\/wp\/v2\/media?parent=22120"}],"wp:term":[{"taxonomy":"category","embeddable":true,"href":"https:\/\/noticiasribeiraopreto.com.br\/index.php\/wp-json\/wp\/v2\/categories?post=22120"},{"taxonomy":"post_tag","embeddable":true,"href":"https:\/\/noticiasribeiraopreto.com.br\/index.php\/wp-json\/wp\/v2\/tags?post=22120"}],"curies":[{"name":"wp","href":"https:\/\/api.w.org\/{rel}","templated":true}]}}