{"id":22126,"date":"2023-12-29T08:34:37","date_gmt":"2023-12-29T11:34:37","guid":{"rendered":"https:\/\/noticiasribeiraopreto.com.br\/index.php\/2023\/12\/29\/saiba-qual-e-vegetal-mais-saudavel-do-mundo-segundo-a-medicina\/"},"modified":"2023-12-29T08:34:37","modified_gmt":"2023-12-29T11:34:37","slug":"saiba-qual-e-vegetal-mais-saudavel-do-mundo-segundo-a-medicina","status":"publish","type":"post","link":"https:\/\/noticiasribeiraopreto.com.br\/index.php\/2023\/12\/29\/saiba-qual-e-vegetal-mais-saudavel-do-mundo-segundo-a-medicina\/","title":{"rendered":"Saiba qual \u00e9 vegetal mais saud\u00e1vel do mundo, segundo a medicina"},"content":{"rendered":"<div class='code-block code-block-1' style='margin: 8px 0 8px auto; text-align: right; display: block; clear: both;'>\n<p><a href=\"https:\/\/wa.link\/vpicfd\"><img data-recalc-dims=\"1\" class=\"wp-image-4922\" style=\"aspect-ratio: 2.0253164556962027; width: 561px; height: auto;\" src=\"https:\/\/i0.wp.com\/ismaelcolosi.com.br\/wp-content\/uploads\/2023\/11\/grupo-de-empregos-whatsapp-e-facebook-ismael-colosi-vagas.jpg?ssl=1\" alt=\"\" \/><\/a><\/p>\n<!-- \/wp:image -->\n<\/div>\n<p> <br \/>\n<\/p>\n<div>\n<div id=\"attachment_2291832\" class=\"wp-caption alignnone\">\n<div class=\"d-flex justify-content-center\" data-attachment-id=\"2291832\">\n<div class=\"position-relative d-inline-block\"><img data-recalc-dims=\"1\" data-portal-copyright=\"iStock\" fetchpriority=\"high\" decoding=\"async\" class=\"wp-image-2291832 size-full\" src=\"https:\/\/i0.wp.com\/catracalivre.com.br\/wp-content\/uploads\/2023\/08\/istock-647815884.jpg?resize=1254%2C836&#038;ssl=1\" alt=\"O agri\u00e3o, considerado o vegetal mais saud\u00e1vel do mundo, ajuda evitar doen\u00e7as como anemia e problemas digestivos \u2013 iStock\/Getty Images\" width=\"1254\" height=\"836\" srcset=\"https:\/\/catracalivre.com.br\/wp-content\/uploads\/2023\/08\/istock-647815884.jpg 1254w, https:\/\/catracalivre.com.br\/wp-content\/uploads\/2023\/08\/istock-647815884-450x300.jpg 450w, https:\/\/catracalivre.com.br\/wp-content\/uploads\/2023\/08\/istock-647815884-768x512.jpg 768w\" sizes=\"(max-width: 1254px) 100vw, 1254px\"\/><\/p>\n<p>Cr\u00e9ditos: iStock<\/p>\n<\/div>\n<\/div>\n<p><span class=\"post-imagem__legenda\">O agri\u00e3o, considerado o vegetal mais saud\u00e1vel do mundo, ajuda evitar doen\u00e7as como anemia e problemas digestivos \u2013 iStock\/Getty Images<\/span><\/p>\n<\/div>\n<p>Vital para evitar problemas de sa\u00fade, a ingest\u00e3o balanceada de nutrientes essenciais, provenientes de alimentos naturais e <strong><a href=\"https:\/\/catracalivre.com.br\/economize\/plataforma-entrega-alimentos-organicos-ate-25-mais-baratos\/\" target=\"_blank\" rel=\"noopener\">org\u00e2nicos<\/a><\/strong>, \u00e9 considerada uma das formas mais proveitosas de preven\u00e7\u00e3o de doen\u00e7as como como <strong><a href=\"https:\/\/bvsms.saude.gov.br\/bvs\/dicas\/69anemia.html\" target=\"_blank\" rel=\"noopener\">anemia<\/a><\/strong>, excesso de peso, problemas digestivos e falta de energia. \u00c9 a\u00ed que entra o agri\u00e3o que,\u00a0 segundo pesquisa recente realizada nos Estados Unidos, foi considerado o alimento mais saud\u00e1vel do mundo, sendo \u201cperfeito\u201d por seu alto valor nutricional.<\/p>\n<p>A pesquisa, intitulada \u201cDefinindo Frutas e Legumes Poderosos: Uma Abordagem de Densidade Nutricional\u201d, realizada pelos Centros de Controle e Preven\u00e7\u00e3o de Doen\u00e7as (CDC) dos Estados Unidos, analisou diversos vegetais e frutas, antes de concluir que o agri\u00e3o possui o perfil nutricional mais completo.<\/p>\n<p>Segundo os especialistas, este vegetal, que ocupa a primeira posi\u00e7\u00e3o no ranking da pesquisa, \u00e9 rico em vitaminas e minerais essenciais como c\u00e1lcio, pot\u00e1ssio e vitamina A.<\/p>\n<h2>Por que o agri\u00e3o?<\/h2>\n<p>Nativo da Europa e da \u00c1sia Central, o agri\u00e3o est\u00e1 presente na alimenta\u00e7\u00e3o humana desde a pr\u00e9-hist\u00f3ria. Ele se destaca, sobretudo, por sua alta densidade nutricional, considerando subst\u00e2ncias para ingerir diariamente.\u00a0As subst\u00e2ncias incluem pot\u00e1ssio, fibra, prote\u00edna, c\u00e1lcio, ferro, tiamina, riboflavina, niacina, \u00e1cido f\u00f3lico, zinco e vitaminas A, B6, B12, C, D, E e K.<\/p>\n<p>Entre 47 hortali\u00e7as e frutas analisadas, o agri\u00e3o obteve a pontua\u00e7\u00e3o m\u00e1xima de 100 em 100, seguido da couve chinesa, com 91,99 em 100, e da acelga com 87,27 em 100. Al\u00e9m disso, a\u00a0quantidade de agri\u00e3o necess\u00e1ria para obter 100 kcal tamb\u00e9m fornece 100% da quantidade di\u00e1ria recomendada de todos esses nutrientes.<\/p>\n<h2>Benef\u00edcios do agri\u00e3o<\/h2>\n<p>Excelente fonte de vitamina C, superando at\u00e9 mesmo a laranja e outros c\u00edtricos, o agri\u00e3o cont\u00e9m 3 mg de ferro em 100 gramas, superando a quantidade presente em 100 gramas de carne. Assim, ele \u00e9 um excelente aliado no combate \u00e0 anemia.<\/p>\n<p>Entre outros benef\u00edcios, o agri\u00e3o ajuda a fortalecer a vis\u00e3o, aumentar a densidade \u00f3ssea e fortalecer o sistema imunol\u00f3gico.\u00a0Al\u00e9m disso, ele ajuda a reduzir o risco de doen\u00e7as cr\u00f4nicas, como diabetes e doen\u00e7as card\u00edacas, gra\u00e7as aos seus compostos antioxidantes.<\/p>\n<h2>Como incorporar o agri\u00e3o na dieta?<\/h2>\n<p>Ele pode servir de ingrediente em saladas, sandu\u00edches ou como condimento de outros pratos. Outra op\u00e7\u00e3o \u00e9 cozinhar o vegetal, o que ainda fornece grande quantidade de fibras e antioxidantes.<\/p>\n<p>Contrariando a percep\u00e7\u00e3o comum de que alimentos saud\u00e1veis s\u00e3o menos saborosos, o agri\u00e3o tem um sabor delicado e atraente, que pode enriquecer in\u00fameros pratos. Al\u00e9m disso, \u00e9 poss\u00edvel cultivar em casa, sendo um aliado pr\u00e1tico e acess\u00edvel para uma alimenta\u00e7\u00e3o balanceada.<\/p>\n<\/div>\n<p><script>\n\t\t! function(f, b, e, v, n, t, s) {\n\t\t\tif (f.fbq) return;\n\t\t\tn = f.fbq = function() {\n\t\t\t\tn.callMethod ?\n\t\t\t\t\tn.callMethod.apply(n, arguments) : n.queue.push(arguments)\n\t\t\t};\n\t\t\tif (!f._fbq) f._fbq = n;\n\t\t\tn.push = n;\n\t\t\tn.loaded = !0;\n\t\t\tn.version = '2.0';\n\t\t\tn.queue = [];\n\t\t\tt = b.createElement(e);\n\t\t\tt.async = !0;\n\t\t\tt.src = v;\n\t\t\ts = b.getElementsByTagName(e)[0];\n\t\t\ts.parentNode.insertBefore(t, s)\n\t\t}(window, document, 'script',\n\t\t\t'https:\/\/connect.facebook.net\/en_US\/fbevents.js');\n\t\tfbq('init', '338315473262380');\n\t\tfbq('track', 'PageView');\n\t<\/script><br \/>\n<br \/><br \/>\n<br \/><a href=\"https:\/\/catracalivre.com.br\/saude-bem-estar\/saiba-qual-e-vegetal-mais-saudavel-do-mundo-segundo-a-medicina\/\">Source link <\/a><\/p>\n<!-- CONTENT END 1 -->\n","protected":false},"excerpt":{"rendered":"<p>Cr\u00e9ditos: iStock O agri\u00e3o, considerado o vegetal mais saud\u00e1vel do mundo, ajuda evitar doen\u00e7as como anemia e problemas digestivos \u2013 iStock\/Getty Images Vital para evitar&#8230;<\/p>\n","protected":false},"author":1,"featured_media":22127,"comment_status":"open","ping_status":"open","sticky":false,"template":"","format":"standard","meta":{"advanced_seo_description":"","jetpack_seo_html_title":"","jetpack_seo_noindex":false,"jetpack_post_was_ever_published":false,"_jetpack_newsletter_access":"","_jetpack_dont_email_post_to_subs":false,"_jetpack_newsletter_tier_id":0,"_jetpack_memberships_contains_paywalled_content":false,"_jetpack_memberships_contains_paid_content":false,"footnotes":"","jetpack_publicize_message":"","jetpack_publicize_feature_enabled":true,"jetpack_social_post_already_shared":true,"jetpack_social_options":{"image_generator_settings":{"template":"highway","default_image_id":0,"font":"","enabled":false},"version":2}},"categories":[19],"tags":[],"class_list":["post-22126","post","type-post","status-publish","format-standard","has-post-thumbnail","hentry","category-variedades"],"jetpack_publicize_connections":[],"jetpack_featured_media_url":"https:\/\/i0.wp.com\/noticiasribeiraopreto.com.br\/wp-content\/uploads\/2023\/12\/istock-647815884.jpg?fit=1200%2C638&ssl=1","jetpack-related-posts":[{"id":4522,"url":"https:\/\/noticiasribeiraopreto.com.br\/index.php\/2023\/11\/21\/esta-fruta-foi-eleita-a-mais-saudavel-do-mundo-e-voce-tem-em-casa\/","url_meta":{"origin":22126,"position":0},"title":"Esta fruta foi eleita a mais saud\u00e1vel do mundo e voc\u00ea tem em casa","author":"noticiasribeiraopreto.com.br","date":"21 de November de 2023","format":false,"excerpt":"Cr\u00e9ditos: iStock\/ArtMarieA fruta mais saud\u00e1vel do mundo Os especialistas da William Paterson University, localizada em Nova Jersey, nos Estados Unidos, fizeram um estudo minucioso em busca dos alimentos mais saud\u00e1veis do mundo. Eles descobriram que os vegetais verdes \u2013 como agri\u00e3o, espinafre e couve \u2013 dominam o topo da lista.\u2026","rel":"","context":"In &quot;Variedades&quot;","block_context":{"text":"Variedades","link":"https:\/\/noticiasribeiraopreto.com.br\/index.php\/category\/variedades\/"},"img":{"alt_text":"","src":"https:\/\/i0.wp.com\/noticiasribeiraopreto.com.br\/wp-content\/uploads\/2023\/11\/istock-1159376903-scaled.jpg?fit=1200%2C638&ssl=1&resize=350%2C200","width":350,"height":200,"srcset":"https:\/\/i0.wp.com\/noticiasribeiraopreto.com.br\/wp-content\/uploads\/2023\/11\/istock-1159376903-scaled.jpg?fit=1200%2C638&ssl=1&resize=350%2C200 1x, https:\/\/i0.wp.com\/noticiasribeiraopreto.com.br\/wp-content\/uploads\/2023\/11\/istock-1159376903-scaled.jpg?fit=1200%2C638&ssl=1&resize=525%2C300 1.5x, https:\/\/i0.wp.com\/noticiasribeiraopreto.com.br\/wp-content\/uploads\/2023\/11\/istock-1159376903-scaled.jpg?fit=1200%2C638&ssl=1&resize=700%2C400 2x, https:\/\/i0.wp.com\/noticiasribeiraopreto.com.br\/wp-content\/uploads\/2023\/11\/istock-1159376903-scaled.jpg?fit=1200%2C638&ssl=1&resize=1050%2C600 3x"},"classes":[]},{"id":19538,"url":"https:\/\/noticiasribeiraopreto.com.br\/index.php\/2023\/12\/22\/estudo-elege-a-verdura-mais-saudavel-do-mundo-e-voce-mal-consome\/","url_meta":{"origin":22126,"position":1},"title":"Estudo elege a verdura mais saud\u00e1vel do mundo e voc\u00ea mal consome","author":"noticiasribeiraopreto.com.br","date":"22 de December de 2023","format":false,"excerpt":"Cr\u00e9ditos: iStock\/IGphotographyVerdura mais saud\u00e1vel do mundo, segundo estudo Em meio \u00e0 correria cotidiana, a alimenta\u00e7\u00e3o acaba ficando em segundo plano, tornando comuns alguns h\u00e1bitos perigosos, como o consumo de alimentos com pouco valor nutricional. A realidade pode dar origem a uma s\u00e9rie de problemas de sa\u00fade, como a anemia, o\u2026","rel":"","context":"In &quot;Variedades&quot;","block_context":{"text":"Variedades","link":"https:\/\/noticiasribeiraopreto.com.br\/index.php\/category\/variedades\/"},"img":{"alt_text":"","src":"https:\/\/i0.wp.com\/noticiasribeiraopreto.com.br\/wp-content\/uploads\/2023\/12\/istock-1150261620.jpg?fit=1200%2C638&ssl=1&resize=350%2C200","width":350,"height":200,"srcset":"https:\/\/i0.wp.com\/noticiasribeiraopreto.com.br\/wp-content\/uploads\/2023\/12\/istock-1150261620.jpg?fit=1200%2C638&ssl=1&resize=350%2C200 1x, https:\/\/i0.wp.com\/noticiasribeiraopreto.com.br\/wp-content\/uploads\/2023\/12\/istock-1150261620.jpg?fit=1200%2C638&ssl=1&resize=525%2C300 1.5x, https:\/\/i0.wp.com\/noticiasribeiraopreto.com.br\/wp-content\/uploads\/2023\/12\/istock-1150261620.jpg?fit=1200%2C638&ssl=1&resize=700%2C400 2x, https:\/\/i0.wp.com\/noticiasribeiraopreto.com.br\/wp-content\/uploads\/2023\/12\/istock-1150261620.jpg?fit=1200%2C638&ssl=1&resize=1050%2C600 3x"},"classes":[]},{"id":16908,"url":"https:\/\/noticiasribeiraopreto.com.br\/index.php\/2023\/12\/16\/fruta-popular-e-considerada-a-mais-saudavel-do-mundo-diz-estudo\/","url_meta":{"origin":22126,"position":2},"title":"Fruta popular \u00e9 considerada a mais saud\u00e1vel do mundo, diz estudo","author":"noticiasribeiraopreto.com.br","date":"16 de December de 2023","format":false,"excerpt":"Cr\u00e9ditos: Getty ImagesPor conta dos in\u00fameros benef\u00edcios \u00e0 sa\u00fade, o lim\u00e3o \u00e9 considerada a fruta mais saud\u00e1vel do mundo \u2013 iStock\/* Qual a fruta mais saud\u00e1vel do mundo? Foi a partir dessa pergunta que um estudo realizado pela Universidade William Paterson, situada no estado de Nova Jersey, EUA, desvendou uma\u2026","rel":"","context":"In &quot;Variedades&quot;","block_context":{"text":"Variedades","link":"https:\/\/noticiasribeiraopreto.com.br\/index.php\/category\/variedades\/"},"img":{"alt_text":"","src":"https:\/\/i0.wp.com\/noticiasribeiraopreto.com.br\/wp-content\/uploads\/2023\/12\/istock-1498230363.jpg?fit=1200%2C638&ssl=1&resize=350%2C200","width":350,"height":200,"srcset":"https:\/\/i0.wp.com\/noticiasribeiraopreto.com.br\/wp-content\/uploads\/2023\/12\/istock-1498230363.jpg?fit=1200%2C638&ssl=1&resize=350%2C200 1x, https:\/\/i0.wp.com\/noticiasribeiraopreto.com.br\/wp-content\/uploads\/2023\/12\/istock-1498230363.jpg?fit=1200%2C638&ssl=1&resize=525%2C300 1.5x, https:\/\/i0.wp.com\/noticiasribeiraopreto.com.br\/wp-content\/uploads\/2023\/12\/istock-1498230363.jpg?fit=1200%2C638&ssl=1&resize=700%2C400 2x, https:\/\/i0.wp.com\/noticiasribeiraopreto.com.br\/wp-content\/uploads\/2023\/12\/istock-1498230363.jpg?fit=1200%2C638&ssl=1&resize=1050%2C600 3x"},"classes":[]},{"id":20112,"url":"https:\/\/noticiasribeiraopreto.com.br\/index.php\/2023\/12\/24\/limao-e-considerado-a-fruta-mais-saudavel-do-mundo-saiba-por-que\/","url_meta":{"origin":22126,"position":3},"title":"Lim\u00e3o \u00e9 considerado a fruta mais saud\u00e1vel do mundo; saiba por qu\u00ea","author":"noticiasribeiraopreto.com.br","date":"24 de December de 2023","format":false,"excerpt":"Um estudo recente conduzido pela prestigiosa William Paterson University destacou uma fruta bastante popular na lista dos alimentos mais saud\u00e1veis do mundo: o lim\u00e3o. De acordo com a pesquisa, deste fruto c\u00edtrico comum pode-se obter 100% das necessidades nutricionais di\u00e1rias com base em uma ingest\u00e3o de 100 calorias. Cr\u00e9ditos: iStock\/bhofack2Lim\u00e3o\u2026","rel":"","context":"In &quot;Variedades&quot;","block_context":{"text":"Variedades","link":"https:\/\/noticiasribeiraopreto.com.br\/index.php\/category\/variedades\/"},"img":{"alt_text":"","src":"https:\/\/i0.wp.com\/noticiasribeiraopreto.com.br\/wp-content\/uploads\/2023\/12\/istock-674355732.jpg?fit=1200%2C638&ssl=1&resize=350%2C200","width":350,"height":200,"srcset":"https:\/\/i0.wp.com\/noticiasribeiraopreto.com.br\/wp-content\/uploads\/2023\/12\/istock-674355732.jpg?fit=1200%2C638&ssl=1&resize=350%2C200 1x, https:\/\/i0.wp.com\/noticiasribeiraopreto.com.br\/wp-content\/uploads\/2023\/12\/istock-674355732.jpg?fit=1200%2C638&ssl=1&resize=525%2C300 1.5x, https:\/\/i0.wp.com\/noticiasribeiraopreto.com.br\/wp-content\/uploads\/2023\/12\/istock-674355732.jpg?fit=1200%2C638&ssl=1&resize=700%2C400 2x, https:\/\/i0.wp.com\/noticiasribeiraopreto.com.br\/wp-content\/uploads\/2023\/12\/istock-674355732.jpg?fit=1200%2C638&ssl=1&resize=1050%2C600 3x"},"classes":[]},{"id":83043,"url":"https:\/\/noticiasribeiraopreto.com.br\/index.php\/2026\/03\/07\/torta-salgada-saudavel-lanche-facil-e-saboroso-2\/","url_meta":{"origin":22126,"position":4},"title":"Torta Salgada Saud\u00e1vel: Lanche F\u00e1cil e Saboroso","author":"noticiasribeiraopreto.com.br","date":"7 de March de 2026","format":false,"excerpt":"Para aquele lanche r\u00e1pido que agrada todo mundo, o Momento da Fam\u00edlia traz uma receita especial e super pr\u00e1tica: a deliciosa Torta Salgada Saud\u00e1vel. Feita com poucos ingredientes e preparada na frigideira, ela \u00e9 ideal para quem busca sabor e leveza no dia a dia. \ud83d\udcdd Ingredientes (aproximados):\ud83e\udd5b 50ml de\u2026","rel":"","context":"In &quot;Not\u00edcias de Ribeir\u00e3o Preto-SP e Regi\u00e3o&quot;","block_context":{"text":"Not\u00edcias de Ribeir\u00e3o Preto-SP e Regi\u00e3o","link":"https:\/\/noticiasribeiraopreto.com.br\/index.php\/category\/noticias-de-ribeirao-preto-sp-e-regiao-ismael-colosi\/"},"img":{"alt_text":"","src":"https:\/\/i0.wp.com\/noticiasribeiraopreto.com.br\/wp-content\/uploads\/2026\/03\/Torta-de-Frango-com-Tapioca_2026-03-06_19-16-36.webp.webp?fit=972%2C548&ssl=1&resize=350%2C200","width":350,"height":200,"srcset":"https:\/\/i0.wp.com\/noticiasribeiraopreto.com.br\/wp-content\/uploads\/2026\/03\/Torta-de-Frango-com-Tapioca_2026-03-06_19-16-36.webp.webp?fit=972%2C548&ssl=1&resize=350%2C200 1x, https:\/\/i0.wp.com\/noticiasribeiraopreto.com.br\/wp-content\/uploads\/2026\/03\/Torta-de-Frango-com-Tapioca_2026-03-06_19-16-36.webp.webp?fit=972%2C548&ssl=1&resize=525%2C300 1.5x, https:\/\/i0.wp.com\/noticiasribeiraopreto.com.br\/wp-content\/uploads\/2026\/03\/Torta-de-Frango-com-Tapioca_2026-03-06_19-16-36.webp.webp?fit=972%2C548&ssl=1&resize=700%2C400 2x"},"classes":[]},{"id":82956,"url":"https:\/\/noticiasribeiraopreto.com.br\/index.php\/2026\/03\/04\/torta-salgada-saudavel-lanche-facil-e-saboroso\/","url_meta":{"origin":22126,"position":5},"title":"Torta Salgada Saud\u00e1vel: Lanche F\u00e1cil e Saboroso","author":"noticiasribeiraopreto.com.br","date":"4 de March de 2026","format":false,"excerpt":"Para aquele lanche r\u00e1pido que agrada todo mundo, o Momento da Fam\u00edlia traz uma receita especial e super pr\u00e1tica: a deliciosa Torta Salgada Saud\u00e1vel. Feita com poucos ingredientes e preparada na frigideira, ela \u00e9 ideal para quem busca sabor e leveza no dia a dia. \ud83d\udcdd Ingredientes (aproximados):\ud83e\udd5b 50ml de\u2026","rel":"","context":"In &quot;Not\u00edcias de Ribeir\u00e3o Preto-SP e Regi\u00e3o&quot;","block_context":{"text":"Not\u00edcias de Ribeir\u00e3o Preto-SP e Regi\u00e3o","link":"https:\/\/noticiasribeiraopreto.com.br\/index.php\/category\/noticias-de-ribeirao-preto-sp-e-regiao-ismael-colosi\/"},"img":{"alt_text":"","src":"https:\/\/i0.wp.com\/noticiasribeiraopreto.com.br\/wp-content\/uploads\/2026\/03\/informe-g1-17_2026-03-03_20-50-03.webp.webp?fit=1200%2C675&ssl=1&resize=350%2C200","width":350,"height":200,"srcset":"https:\/\/i0.wp.com\/noticiasribeiraopreto.com.br\/wp-content\/uploads\/2026\/03\/informe-g1-17_2026-03-03_20-50-03.webp.webp?fit=1200%2C675&ssl=1&resize=350%2C200 1x, https:\/\/i0.wp.com\/noticiasribeiraopreto.com.br\/wp-content\/uploads\/2026\/03\/informe-g1-17_2026-03-03_20-50-03.webp.webp?fit=1200%2C675&ssl=1&resize=525%2C300 1.5x, https:\/\/i0.wp.com\/noticiasribeiraopreto.com.br\/wp-content\/uploads\/2026\/03\/informe-g1-17_2026-03-03_20-50-03.webp.webp?fit=1200%2C675&ssl=1&resize=700%2C400 2x, https:\/\/i0.wp.com\/noticiasribeiraopreto.com.br\/wp-content\/uploads\/2026\/03\/informe-g1-17_2026-03-03_20-50-03.webp.webp?fit=1200%2C675&ssl=1&resize=1050%2C600 3x"},"classes":[]}],"jetpack_sharing_enabled":true,"jetpack_shortlink":"https:\/\/wp.me\/peQAOb-5KS","_links":{"self":[{"href":"https:\/\/noticiasribeiraopreto.com.br\/index.php\/wp-json\/wp\/v2\/posts\/22126","targetHints":{"allow":["GET"]}}],"collection":[{"href":"https:\/\/noticiasribeiraopreto.com.br\/index.php\/wp-json\/wp\/v2\/posts"}],"about":[{"href":"https:\/\/noticiasribeiraopreto.com.br\/index.php\/wp-json\/wp\/v2\/types\/post"}],"author":[{"embeddable":true,"href":"https:\/\/noticiasribeiraopreto.com.br\/index.php\/wp-json\/wp\/v2\/users\/1"}],"replies":[{"embeddable":true,"href":"https:\/\/noticiasribeiraopreto.com.br\/index.php\/wp-json\/wp\/v2\/comments?post=22126"}],"version-history":[{"count":0,"href":"https:\/\/noticiasribeiraopreto.com.br\/index.php\/wp-json\/wp\/v2\/posts\/22126\/revisions"}],"wp:featuredmedia":[{"embeddable":true,"href":"https:\/\/noticiasribeiraopreto.com.br\/index.php\/wp-json\/wp\/v2\/media\/22127"}],"wp:attachment":[{"href":"https:\/\/noticiasribeiraopreto.com.br\/index.php\/wp-json\/wp\/v2\/media?parent=22126"}],"wp:term":[{"taxonomy":"category","embeddable":true,"href":"https:\/\/noticiasribeiraopreto.com.br\/index.php\/wp-json\/wp\/v2\/categories?post=22126"},{"taxonomy":"post_tag","embeddable":true,"href":"https:\/\/noticiasribeiraopreto.com.br\/index.php\/wp-json\/wp\/v2\/tags?post=22126"}],"curies":[{"name":"wp","href":"https:\/\/api.w.org\/{rel}","templated":true}]}}