{"id":22162,"date":"2023-12-29T10:21:21","date_gmt":"2023-12-29T13:21:21","guid":{"rendered":"https:\/\/noticiasribeiraopreto.com.br\/index.php\/2023\/12\/29\/concurso-samu-abre-quase-500-vagas-para-diversos-cargos\/"},"modified":"2023-12-29T10:21:21","modified_gmt":"2023-12-29T13:21:21","slug":"concurso-samu-abre-quase-500-vagas-para-diversos-cargos","status":"publish","type":"post","link":"https:\/\/noticiasribeiraopreto.com.br\/index.php\/2023\/12\/29\/concurso-samu-abre-quase-500-vagas-para-diversos-cargos\/","title":{"rendered":"Concurso SAMU abre quase 500 vagas para diversos cargos"},"content":{"rendered":"<div class='code-block code-block-1' style='margin: 8px 0 8px auto; text-align: right; display: block; clear: both;'>\n<p><a href=\"https:\/\/wa.link\/vpicfd\"><img data-recalc-dims=\"1\" class=\"wp-image-4922\" style=\"aspect-ratio: 2.0253164556962027; width: 561px; height: auto;\" src=\"https:\/\/i0.wp.com\/ismaelcolosi.com.br\/wp-content\/uploads\/2023\/11\/grupo-de-empregos-whatsapp-e-facebook-ismael-colosi-vagas.jpg?ssl=1\" alt=\"\" \/><\/a><\/p>\n<!-- \/wp:image -->\n<\/div>\n<p> <br \/>\n<\/p>\n<div>\n<h2><strong>Edital SAMU tem oportunidades abertas para cargos de n\u00edvel m\u00e9dio e superior<\/strong><\/h2>\n<p>Quase 500 vagas est\u00e3o abertas em um novo <a href=\"https:\/\/noticiasconcursos.com.br\/concursos-publicos\/concursos-abertos\/\"><strong>concurso p\u00fablico<\/strong><\/a> para o Servi\u00e7o de Emerg\u00eancia (SAMU).<\/p>\n<p>O certame visa contrata\u00e7\u00e3o de profissionais com n\u00edvel <a href=\"https:\/\/noticiasconcursos.com.br\/concursos-publicos\/concursos-por-nivel\/concursos-nivel-medio\/\"><strong>m\u00e9dio\/t\u00e9cnico<\/strong><\/a> e <a href=\"https:\/\/noticiasconcursos.com.br\/concursos-publicos\/concursos-por-nivel\/concurso-nivel-superior\/\"><strong>superior<\/strong><\/a> para diversas \u00e1reas e especialidades<strong>.<\/strong><\/p>\n<p>A banca respons\u00e1vel pela organiza\u00e7\u00e3o do concurso \u00e9 o <strong>Instituto IBGP<\/strong>.<\/p>\n<p>Confira mais informa\u00e7\u00f5es.<\/p>\n<h2><strong>Quais s\u00e3o as vagas?<\/strong><\/h2>\n<p>As oportunidades s\u00e3o destinadas para o Cons\u00f3rcio Intermunicipal de Sa\u00fade da Rede de Urg\u00eancia e Emerg\u00eancia do Leste de Minas (Consurge \u2013 MG). Ao todo, s\u00e3o oferecidas <strong>488 vagas<\/strong> para contrata\u00e7\u00e3o imediata.<\/p>\n<p>Confira a disponibilidade de vagas por cargo a seguir:<\/p>\n<p><strong>N\u00edvel m\u00e9dio\/t\u00e9cnico<\/strong><\/p>\n<div class=\"bs-irp left bs-irp-thumbnail-1\">\n<p>&#13;<br \/><span class=\"h-text heading-typo\">Voc\u00ea tamb\u00e9m pode gostar:<\/span>&#13; <\/p>\n<\/p><\/div>\n<ul>\n<li>Auxiliar Administrativo \u2013 2 vagas;<\/li>\n<li>Auxiliar de Regula\u00e7\u00e3o M\u00e9dica \u2013 26 vagas;<\/li>\n<li>Motorista \u2013 2 vagas;<\/li>\n<li>Operador de Frota \u2013 11 vagas;<\/li>\n<li>Auxiliar de Farm\u00e1cia \u2013 1 vaga;<\/li>\n<li>T\u00e9cnico em Seguran\u00e7a do Trabalho \u2013 2 vagas;<\/li>\n<li>Condutor Socorrista \u2013 162 vagas;<\/li>\n<li>T\u00e9cnico em Enfermagem \u2013 130 vagas.<\/li>\n<\/ul>\n<p><strong>N\u00edvel superior completo<\/strong><\/p>\n<ul>\n<li>Assistente Administrativo \u2013 6 vagas;<\/li>\n<li>Contador \u2013 1 vaga;<\/li>\n<li>Farmac\u00eautico \u2013 1 vaga;<\/li>\n<li>Psic\u00f3logo \u2013 1 vaga;<\/li>\n<li>Analista Administrativo \u2013 1 vaga;<\/li>\n<li>Enfermeiro \u2013 57 vagas;<\/li>\n<li>M\u00e9dico \u2013 85 vagas.<\/li>\n<\/ul>\n<p>Os sal\u00e1rios oferecidos pelo Consurge \u2013 MG variam entre <strong>R$ 1.455,94 <\/strong>a<strong> R$ 8.386,23 <\/strong>dependendo do cargo para uma jornada de trabalho que varia entre 24 a 44 horas semanais.<\/p>\n<figure id=\"attachment_783573\" aria-describedby=\"caption-attachment-783573\" style=\"width: 1280px\" class=\"wp-caption alignnone\"><img data-recalc-dims=\"1\" fetchpriority=\"high\" decoding=\"async\" class=\"wp-image-783573 size-full\" http=\"\" alt=\"Concurso SAMU abre quase 500 vagas para diversos cargos\" width=\"1280\" height=\"960\" srcset=\"https:\/\/noticiasconcursos.com.br\/wp-content\/uploads\/2023\/12\/noticiasconcursos.com.br-consurge-bairros-net.jpg 1280w, https:\/\/noticiasconcursos.com.br\/wp-content\/uploads\/2023\/12\/noticiasconcursos.com.br-consurge-bairros-net-300x225.jpg 300w, https:\/\/noticiasconcursos.com.br\/wp-content\/uploads\/2023\/12\/noticiasconcursos.com.br-consurge-bairros-net-1067x800.jpg 1067w, https:\/\/noticiasconcursos.com.br\/wp-content\/uploads\/2023\/12\/noticiasconcursos.com.br-consurge-bairros-net-768x576.jpg 768w, https:\/\/noticiasconcursos.com.br\/wp-content\/uploads\/2023\/12\/noticiasconcursos.com.br-consurge-bairros-net-86x64.jpg 86w\" data-lazy-sizes=\"(max-width: 1280px) 100vw, 1280px\" src=\"https:\/\/i0.wp.com\/noticiasconcursos.com.br\/wp-content\/uploads\/2023\/12\/noticiasconcursos.com.br-consurge-bairros-net.jpg?resize=1280%2C960&#038;ssl=1\"\/><noscript><img data-recalc-dims=\"1\" fetchpriority=\"high\" decoding=\"async\" class=\"wp-image-783573 size-full\" src=\"https:\/\/i0.wp.com\/noticiasconcursos.com.br\/wp-content\/uploads\/2023\/12\/noticiasconcursos.com.br-consurge-bairros-net.jpg?resize=1280%2C960&#038;ssl=1\" alt=\"Concurso SAMU abre quase 500 vagas para diversos cargos\" width=\"1280\" height=\"960\" srcset=\"https:\/\/noticiasconcursos.com.br\/wp-content\/uploads\/2023\/12\/noticiasconcursos.com.br-consurge-bairros-net.jpg 1280w, https:\/\/noticiasconcursos.com.br\/wp-content\/uploads\/2023\/12\/noticiasconcursos.com.br-consurge-bairros-net-300x225.jpg 300w, https:\/\/noticiasconcursos.com.br\/wp-content\/uploads\/2023\/12\/noticiasconcursos.com.br-consurge-bairros-net-1067x800.jpg 1067w, https:\/\/noticiasconcursos.com.br\/wp-content\/uploads\/2023\/12\/noticiasconcursos.com.br-consurge-bairros-net-768x576.jpg 768w, https:\/\/noticiasconcursos.com.br\/wp-content\/uploads\/2023\/12\/noticiasconcursos.com.br-consurge-bairros-net-86x64.jpg 86w\" sizes=\"(max-width: 1280px) 100vw, 1280px\"\/><\/noscript><figcaption id=\"caption-attachment-783573\" class=\"wp-caption-text\">Ao todo, s\u00e3o oferecidas pelo SAMU 488 vagas para contrata\u00e7\u00e3o imediata. Imagem: Bairros Net<\/figcaption><\/figure>\n<h2><strong>Quem pode se candidatar?<\/strong><\/h2>\n<p>Para concorrer a uma das vagas, o candidato deve comprovar os seguintes requisitos:<\/p>\n<ul>\n<li>Ter nacionalidade brasileira ou portuguesa com direitos e obriga\u00e7\u00f5es pol\u00edticas e civis reconhecidos no Pa\u00eds;<\/li>\n<li>Ter, no m\u00ednimo, 18 anos completos at\u00e9 a data da contrata\u00e7\u00e3o;<\/li>\n<li>Ter cumprido as obriga\u00e7\u00f5es e encargos militares previstos em lei, se do sexo masculino;<\/li>\n<li>Estar em dia com as obriga\u00e7\u00f5es eleitorais;<\/li>\n<li>Possuir os requisitos m\u00ednimos de ingresso exigidos para o desempenho da fun\u00e7\u00e3o;<\/li>\n<li>N\u00e3o receber Proventos de Aposentadoria decorrente do Artigo 40 ou dos Artigos 42 e 142, com proibi\u00e7\u00e3o prevista no \u00a710 do Artigo 37, da Constitui\u00e7\u00e3o Federal;<\/li>\n<li>N\u00e3o exercer Cargo, Emprego ou Fun\u00e7\u00e3o P\u00fablica remunerada em qualquer dos \u00d3rg\u00e3os da Administra\u00e7\u00e3o Direta, Indireta e Fundacional do Governo Federal, Estadual ou Municipal, Autarquias, Empresas P\u00fablicas, Sociedades de Economia Mista, suas subsidi\u00e1rias e sociedade controladas, direta ou indiretamente, pelo poder p\u00fablico, ou em qualquer um dos Poderes, sen\u00e3o naqueles casos previstos nas al\u00edneas \u201ca\u201d, \u201cb\u201d e \u201cc\u201d, do inciso XVI, do artigo 37 da Constitui\u00e7\u00e3o Federal;<\/li>\n<li>N\u00e3o ter sofrido no exerc\u00edcio de fun\u00e7\u00e3o p\u00fablica penalidade de demiss\u00e3o;<\/li>\n<li>N\u00e3o estar condenado por senten\u00e7a criminal transitada em julgado e n\u00e3o cumprida;<\/li>\n<li>N\u00e3o participar de ger\u00eancia ou administra\u00e7\u00e3o de empresa privada, de sociedade civil ou exercer o com\u00e9rcio, exceto na qualidade de acionista, cotista ou comandit\u00e1rio.<\/li>\n<\/ul>\n<h2><strong>Como se inscrever?<\/strong><\/h2>\n<p>Os interessados em participar do concurso do Consurge \u2013 MG t\u00eam entre os dias <strong>10 de janeiro de 2024<\/strong> a <strong>8 de fevereiro de 2024 <\/strong>para realizar a inscri\u00e7\u00e3o no certame.<\/p>\n<p>O preenchimento da ficha de inscri\u00e7\u00e3o deve ser feito diretamente pelo site do <a href=\"https:\/\/novo.ibgpconcursos.com.br\/concurso.jsp?cod=383#collapseTwo\">Instituto IBGP<\/a>.<\/p>\n<p>O valor da taxa de inscri\u00e7\u00e3o varia entre R$ 70,00 a R$ 170,00 dependendo do cargo pretendido pelo candidato.<\/p>\n<p>Os candidatos que est\u00e3o desempregados ou que est\u00e3o inscritos no Cadastro \u00danico para Programas Sociais do Governo Federal \u2013 Cad\u00danico podem solicitar a <strong>isen\u00e7\u00e3o da taxa <\/strong>de inscri\u00e7\u00e3o.<\/p>\n<p>Para isso, basta acessar o site do IBGP at\u00e9 o dia 12 de janeiro de 2024 e preencher o requerimento de isen\u00e7\u00e3o.<\/p>\n<p>A entidade respons\u00e1vel pelo certame verificar\u00e1 perante o \u00f3rg\u00e3o gestor do Cad\u00danico a veracidade das informa\u00e7\u00f5es prestadas pelo candidato para fins de confirma\u00e7\u00e3o do pedido de isen\u00e7\u00e3o.<\/p>\n<h2><strong>Quais as etapas de sele\u00e7\u00e3o?<\/strong><\/h2>\n<p>O concurso p\u00fablico para o Consurge \u2013 MG contar\u00e1 com as seguintes etapas:<\/p>\n<ul>\n<li><strong>Prova objetiva<\/strong> de car\u00e1ter eliminat\u00f3rio e classificat\u00f3rio para todos os cargos.<\/li>\n<li><strong>Prova de t\u00edtulos<\/strong> de car\u00e1ter classificat\u00f3rio apenas para alguns cargos.<\/li>\n<li><strong>Prova pr\u00e1tica <\/strong>de car\u00e1ter eliminat\u00f3rio e classificat\u00f3rio apenas para alguns cargos.<\/li>\n<\/ul>\n<p>A aplica\u00e7\u00e3o da prova objetiva est\u00e1 prevista para o dia 24 de mar\u00e7o de 2024.<\/p>\n<p><a href=\"https:\/\/novo.ibgpconcursos.com.br\/concurso.jsp?cod=383#collapseTwo\"><strong>Clique aqui<\/strong><\/a> para acessar o edital na \u00edntegra e conferir maiores informa\u00e7\u00f5es como o cronograma completo, o conte\u00fado program\u00e1tico das provas e as atribui\u00e7\u00f5es de cada cargo.<\/p>\n<p> <noscript><iframe loading=\"lazy\" title=\"Conhe\u00e7a os principais requisitos para ingresso no servi\u00e7o p\u00fablico!\" width=\"500\" height=\"281\" src=\"https:\/\/www.youtube.com\/embed\/SkAYwHIBoVk?feature=oembed\" frameborder=\"0\" allow=\"accelerometer; autoplay; clipboard-write; encrypted-media; gyroscope; picture-in-picture; web-share\" referrerpolicy=\"strict-origin-when-cross-origin\" allowfullscreen><\/iframe><\/noscript> <\/p>\n<\/div>\n<p><br \/>\n<br \/><a href=\"https:\/\/ismaelcolosi.com.br\/concurso-samu-abre-quase-500-vagas-para-diversos-cargos\/\">Source link <\/a><\/p>\n<!-- CONTENT END 1 -->\n","protected":false},"excerpt":{"rendered":"<p>Edital SAMU tem oportunidades abertas para cargos de n\u00edvel m\u00e9dio e superior Quase 500 vagas est\u00e3o abertas em um novo concurso p\u00fablico para o Servi\u00e7o&#8230;<\/p>\n","protected":false},"author":1,"featured_media":22163,"comment_status":"open","ping_status":"open","sticky":false,"template":"","format":"standard","meta":{"advanced_seo_description":"","jetpack_seo_html_title":"","jetpack_seo_noindex":false,"jetpack_post_was_ever_published":false,"_jetpack_newsletter_access":"","_jetpack_dont_email_post_to_subs":false,"_jetpack_newsletter_tier_id":0,"_jetpack_memberships_contains_paywalled_content":false,"_jetpack_memberships_contains_paid_content":false,"footnotes":"","jetpack_publicize_message":"","jetpack_publicize_feature_enabled":true,"jetpack_social_post_already_shared":true,"jetpack_social_options":{"image_generator_settings":{"template":"highway","default_image_id":0,"font":"","enabled":false},"version":2}},"categories":[7],"tags":[],"class_list":["post-22162","post","type-post","status-publish","format-standard","has-post-thumbnail","hentry","category-vagas-de-empregos-em-ribeirao-preto-regiao-brasil"],"jetpack_publicize_connections":[],"jetpack_featured_media_url":"https:\/\/i0.wp.com\/noticiasribeiraopreto.com.br\/wp-content\/uploads\/2023\/12\/noticiasconcursos.com_.br-consurge-bairros-net.jpg?fit=1280%2C960&ssl=1","jetpack-related-posts":[{"id":18450,"url":"https:\/\/noticiasribeiraopreto.com.br\/index.php\/2023\/12\/20\/confira-os-cargos-e-salarios-ofertados-no-concurso-cnu\/","url_meta":{"origin":22162,"position":0},"title":"Confira os cargos e sal\u00e1rios ofertados no concurso CNU","author":"noticiasribeiraopreto.com.br","date":"20 de December de 2023","format":false,"excerpt":"Confira os \u00f3rg\u00e3os participantes do concurso CNU O concurso CNU- Concurso Nacional Unificado- \u00e9 uma grande chance para v\u00e1rios cargos. Al\u00e9m disso, as vagas s\u00e3o para medio e superior. Confira os \u00f3rg\u00e3os e mais detalhes. Concurso CNU e \u00f3rg\u00e3os Se voc\u00ea est\u00e1 em busca de novas oportunidades no cen\u00e1rio dos\u2026","rel":"","context":"In &quot;Vagas de Emprego em Ribeir\u00e3o Preto-SP&quot;","block_context":{"text":"Vagas de Emprego em Ribeir\u00e3o Preto-SP","link":"https:\/\/noticiasribeiraopreto.com.br\/index.php\/category\/empregos-classificados-vagas-trabalho\/vagas-de-empregos-em-ribeirao-preto-regiao-brasil\/"},"img":{"alt_text":"","src":"https:\/\/i0.wp.com\/noticiasribeiraopreto.com.br\/wp-content\/uploads\/2023\/12\/noticiasconcursos.com_.br-confira-os-cargos-e-salarios-ofertados-no-concurso-cnu-library-7408106-1280.jpg?fit=1200%2C834&ssl=1&resize=350%2C200","width":350,"height":200,"srcset":"https:\/\/i0.wp.com\/noticiasribeiraopreto.com.br\/wp-content\/uploads\/2023\/12\/noticiasconcursos.com_.br-confira-os-cargos-e-salarios-ofertados-no-concurso-cnu-library-7408106-1280.jpg?fit=1200%2C834&ssl=1&resize=350%2C200 1x, https:\/\/i0.wp.com\/noticiasribeiraopreto.com.br\/wp-content\/uploads\/2023\/12\/noticiasconcursos.com_.br-confira-os-cargos-e-salarios-ofertados-no-concurso-cnu-library-7408106-1280.jpg?fit=1200%2C834&ssl=1&resize=525%2C300 1.5x, https:\/\/i0.wp.com\/noticiasribeiraopreto.com.br\/wp-content\/uploads\/2023\/12\/noticiasconcursos.com_.br-confira-os-cargos-e-salarios-ofertados-no-concurso-cnu-library-7408106-1280.jpg?fit=1200%2C834&ssl=1&resize=700%2C400 2x, https:\/\/i0.wp.com\/noticiasribeiraopreto.com.br\/wp-content\/uploads\/2023\/12\/noticiasconcursos.com_.br-confira-os-cargos-e-salarios-ofertados-no-concurso-cnu-library-7408106-1280.jpg?fit=1200%2C834&ssl=1&resize=1050%2C600 3x"},"classes":[]},{"id":62208,"url":"https:\/\/noticiasribeiraopreto.com.br\/index.php\/2025\/01\/07\/veja-quatro-concursos-publicos-com-mais-de-500-vagas-no-estado-de-sp\/","url_meta":{"origin":22162,"position":1},"title":"Veja quatro concursos p\u00fablicos com mais de 500 vagas no estado de SP","author":"noticiasribeiraopreto.com.br","date":"7 de January de 2025","format":false,"excerpt":"2025 come\u00e7ou com diversas oportunidades em concursos p\u00fablicos no estado de S\u00e3o Paulo. O acidade on Ribeir\u00e3o separou quatro concursos com mais de 500 vagas de n\u00edvel fundamental, m\u00e9dio, t\u00e9cnico e superior. TJ-SP \u2013 274 vagas O TJ-SP (Tribunal de Justi\u00e7a de S\u00e3o Paulo) tem dois concursos p\u00fablicos abertos com\u2026","rel":"","context":"In &quot;Not\u00edcias de Ribeir\u00e3o Preto-SP e Regi\u00e3o&quot;","block_context":{"text":"Not\u00edcias de Ribeir\u00e3o Preto-SP e Regi\u00e3o","link":"https:\/\/noticiasribeiraopreto.com.br\/index.php\/category\/noticias-de-ribeirao-preto-sp-e-regiao-ismael-colosi\/"},"img":{"alt_text":"","src":"https:\/\/i0.wp.com\/noticiasribeiraopreto.com.br\/wp-content\/uploads\/2025\/01\/concurso_2025-01-07_18-14-44_jpg_2025-01-07_18-14-45.webp.webp?fit=1200%2C800&ssl=1&resize=350%2C200","width":350,"height":200,"srcset":"https:\/\/i0.wp.com\/noticiasribeiraopreto.com.br\/wp-content\/uploads\/2025\/01\/concurso_2025-01-07_18-14-44_jpg_2025-01-07_18-14-45.webp.webp?fit=1200%2C800&ssl=1&resize=350%2C200 1x, https:\/\/i0.wp.com\/noticiasribeiraopreto.com.br\/wp-content\/uploads\/2025\/01\/concurso_2025-01-07_18-14-44_jpg_2025-01-07_18-14-45.webp.webp?fit=1200%2C800&ssl=1&resize=525%2C300 1.5x, https:\/\/i0.wp.com\/noticiasribeiraopreto.com.br\/wp-content\/uploads\/2025\/01\/concurso_2025-01-07_18-14-44_jpg_2025-01-07_18-14-45.webp.webp?fit=1200%2C800&ssl=1&resize=700%2C400 2x, https:\/\/i0.wp.com\/noticiasribeiraopreto.com.br\/wp-content\/uploads\/2025\/01\/concurso_2025-01-07_18-14-44_jpg_2025-01-07_18-14-45.webp.webp?fit=1200%2C800&ssl=1&resize=1050%2C600 3x"},"classes":[]},{"id":12932,"url":"https:\/\/noticiasribeiraopreto.com.br\/index.php\/2023\/12\/08\/saiba-como-serao-as-provas-para-1-080-vagas\/","url_meta":{"origin":22162,"position":2},"title":"saiba como ser\u00e3o as provas para 1.080 vagas","author":"noticiasribeiraopreto.com.br","date":"8 de December de 2023","format":false,"excerpt":"Cresce a expectativa pela publica\u00e7\u00e3o do edital do novo concurso SEAS CE (Superintend\u00eancia do Sistema Estadual de Atendimento Educativo). O certame j\u00e1 conta com banca organizadora definida desde 29 de novembro.A escolhida \u00e9 a Funece. O pr\u00f3ximo passo \u00e9 a assinatura do contrato, que deve ocorrer em breve. Somente ent\u00e3o\u2026","rel":"","context":"In &quot;Vagas de Emprego em Ribeir\u00e3o Preto-SP&quot;","block_context":{"text":"Vagas de Emprego em Ribeir\u00e3o Preto-SP","link":"https:\/\/noticiasribeiraopreto.com.br\/index.php\/category\/empregos-classificados-vagas-trabalho\/vagas-de-empregos-em-ribeirao-preto-regiao-brasil\/"},"img":{"alt_text":"","src":"https:\/\/i0.wp.com\/noticiasribeiraopreto.com.br\/wp-content\/uploads\/2023\/12\/seas_ce_novo.jpg?fit=1200%2C675&ssl=1&resize=350%2C200","width":350,"height":200,"srcset":"https:\/\/i0.wp.com\/noticiasribeiraopreto.com.br\/wp-content\/uploads\/2023\/12\/seas_ce_novo.jpg?fit=1200%2C675&ssl=1&resize=350%2C200 1x, https:\/\/i0.wp.com\/noticiasribeiraopreto.com.br\/wp-content\/uploads\/2023\/12\/seas_ce_novo.jpg?fit=1200%2C675&ssl=1&resize=525%2C300 1.5x, https:\/\/i0.wp.com\/noticiasribeiraopreto.com.br\/wp-content\/uploads\/2023\/12\/seas_ce_novo.jpg?fit=1200%2C675&ssl=1&resize=700%2C400 2x, https:\/\/i0.wp.com\/noticiasribeiraopreto.com.br\/wp-content\/uploads\/2023\/12\/seas_ce_novo.jpg?fit=1200%2C675&ssl=1&resize=1050%2C600 3x"},"classes":[]},{"id":17479,"url":"https:\/\/noticiasribeiraopreto.com.br\/index.php\/2023\/12\/18\/prefeitura-desta-regiao-abre-509-vagas-em-concurso-publico-para-todos-os-niveis-de-escolaridade-com-salarios-de-ate-r-15-mil\/","url_meta":{"origin":22162,"position":3},"title":"Prefeitura desta regi\u00e3o abre 509 vagas em concurso p\u00fablico para todos os n\u00edveis de escolaridade com sal\u00e1rios de at\u00e9 R$ 15 mil","author":"noticiasribeiraopreto.com.br","date":"18 de December de 2023","format":false,"excerpt":"Foto: CTPS\/Divulga\u00e7\u00e3o Novo concurso da Prefeitura de Po\u00e7os de Caldas anuncia abertura de novas inscri\u00e7\u00f5es para mais de 500 vagas. O concurso p\u00fablico tem como foco candidatos de n\u00edvel fundamental, m\u00e9dio, t\u00e9cnico e superior. O edital do concurso da Prefeitura de Po\u00e7o de Caldas, no estado de Minas Gerais, foi\u2026","rel":"","context":"In &quot;Vagas de Emprego em Ribeir\u00e3o Preto-SP&quot;","block_context":{"text":"Vagas de Emprego em Ribeir\u00e3o Preto-SP","link":"https:\/\/noticiasribeiraopreto.com.br\/index.php\/category\/empregos-classificados-vagas-trabalho\/vagas-de-empregos-em-ribeirao-preto-regiao-brasil\/"},"img":{"alt_text":"","src":"https:\/\/i0.wp.com\/noticiasribeiraopreto.com.br\/wp-content\/uploads\/2023\/12\/Prefeitura-desta-regiao-abre-509-vagas-em-concurso-publico-para-todos-os-niveis-de-escolaridade-com-salarios-de-ate-R-15-mil-830x450.jpg?fit=830%2C450&ssl=1&resize=350%2C200","width":350,"height":200,"srcset":"https:\/\/i0.wp.com\/noticiasribeiraopreto.com.br\/wp-content\/uploads\/2023\/12\/Prefeitura-desta-regiao-abre-509-vagas-em-concurso-publico-para-todos-os-niveis-de-escolaridade-com-salarios-de-ate-R-15-mil-830x450.jpg?fit=830%2C450&ssl=1&resize=350%2C200 1x, https:\/\/i0.wp.com\/noticiasribeiraopreto.com.br\/wp-content\/uploads\/2023\/12\/Prefeitura-desta-regiao-abre-509-vagas-em-concurso-publico-para-todos-os-niveis-de-escolaridade-com-salarios-de-ate-R-15-mil-830x450.jpg?fit=830%2C450&ssl=1&resize=525%2C300 1.5x, https:\/\/i0.wp.com\/noticiasribeiraopreto.com.br\/wp-content\/uploads\/2023\/12\/Prefeitura-desta-regiao-abre-509-vagas-em-concurso-publico-para-todos-os-niveis-de-escolaridade-com-salarios-de-ate-R-15-mil-830x450.jpg?fit=830%2C450&ssl=1&resize=700%2C400 2x"},"classes":[]},{"id":39928,"url":"https:\/\/noticiasribeiraopreto.com.br\/index.php\/2024\/02\/29\/concurso-da-caixa-com-mais-de-4-mil-vagas-abre-inscricoes-hoje-29\/","url_meta":{"origin":22162,"position":4},"title":"Concurso da Caixa com mais de 4 mil vagas abre inscri\u00e7\u00f5es hoje (29)","author":"noticiasribeiraopreto.com.br","date":"29 de February de 2024","format":false,"excerpt":"Diego Sousai Diego Sousa 29\/02\/2024 - 0:57 A Caixa Econ\u00f4mica Federal (CEF) abre hoje, quinta-feira (29), as inscri\u00e7\u00f5es para o seu concurso, que conta com mais de 4 mil vagas em todo o Brasil. Os sal\u00e1rios oferecidos v\u00e3o de R$ 3.762 a quase R$ 15 mil, a depender do cargo.As\u2026","rel":"","context":"In &quot;Empregos - Classificados&quot;","block_context":{"text":"Empregos - Classificados","link":"https:\/\/noticiasribeiraopreto.com.br\/index.php\/category\/empregos-classificados-vagas-trabalho\/"},"img":{"alt_text":"","src":"https:\/\/i0.wp.com\/noticiasribeiraopreto.com.br\/wp-content\/uploads\/2024\/02\/caixa-economica-e1701436674346.jpeg?fit=640%2C426&ssl=1&resize=350%2C200","width":350,"height":200,"srcset":"https:\/\/i0.wp.com\/noticiasribeiraopreto.com.br\/wp-content\/uploads\/2024\/02\/caixa-economica-e1701436674346.jpeg?fit=640%2C426&ssl=1&resize=350%2C200 1x, https:\/\/i0.wp.com\/noticiasribeiraopreto.com.br\/wp-content\/uploads\/2024\/02\/caixa-economica-e1701436674346.jpeg?fit=640%2C426&ssl=1&resize=525%2C300 1.5x"},"classes":[]},{"id":59060,"url":"https:\/\/noticiasribeiraopreto.com.br\/index.php\/2024\/10\/13\/veja-cinco-concursos-publicos-com-mais-de-110-vagas-no-interior-de-sp\/","url_meta":{"origin":22162,"position":5},"title":"Veja cinco concursos p\u00fablicos com mais de 110 vagas no interior de SP","author":"noticiasribeiraopreto.com.br","date":"13 de October de 2024","format":false,"excerpt":"Os interessados em concorrer a uma vaga em concurso p\u00fablico contam com mais de 110 oportunidades em cinco editais dispon\u00edveis no interior de S\u00e3o Paulo. As oportunidades s\u00e3o para cargos de n\u00edvel m\u00e9dio, t\u00e9cnico e superior. Os sal\u00e1rios variam entre R$ 2,1 mil e R$ 12,6 mil. Confira a lista\u2026","rel":"","context":"In &quot;Not\u00edcias de Ribeir\u00e3o Preto-SP e Regi\u00e3o&quot;","block_context":{"text":"Not\u00edcias de Ribeir\u00e3o Preto-SP e Regi\u00e3o","link":"https:\/\/noticiasribeiraopreto.com.br\/index.php\/category\/noticias-de-ribeirao-preto-sp-e-regiao-ismael-colosi\/"},"img":{"alt_text":"","src":"https:\/\/i0.wp.com\/noticiasribeiraopreto.com.br\/wp-content\/uploads\/2024\/09\/Copia-de-Copia-de-TAMANHO-EXATO-PARA-FOTOS-NO-SISTEMA-NOVO-22_2024-07-24_20-00-55_jpg_2024-07-24_20-00-55.webp.webp?fit=1200%2C675&ssl=1&resize=350%2C200","width":350,"height":200,"srcset":"https:\/\/i0.wp.com\/noticiasribeiraopreto.com.br\/wp-content\/uploads\/2024\/09\/Copia-de-Copia-de-TAMANHO-EXATO-PARA-FOTOS-NO-SISTEMA-NOVO-22_2024-07-24_20-00-55_jpg_2024-07-24_20-00-55.webp.webp?fit=1200%2C675&ssl=1&resize=350%2C200 1x, https:\/\/i0.wp.com\/noticiasribeiraopreto.com.br\/wp-content\/uploads\/2024\/09\/Copia-de-Copia-de-TAMANHO-EXATO-PARA-FOTOS-NO-SISTEMA-NOVO-22_2024-07-24_20-00-55_jpg_2024-07-24_20-00-55.webp.webp?fit=1200%2C675&ssl=1&resize=525%2C300 1.5x, https:\/\/i0.wp.com\/noticiasribeiraopreto.com.br\/wp-content\/uploads\/2024\/09\/Copia-de-Copia-de-TAMANHO-EXATO-PARA-FOTOS-NO-SISTEMA-NOVO-22_2024-07-24_20-00-55_jpg_2024-07-24_20-00-55.webp.webp?fit=1200%2C675&ssl=1&resize=700%2C400 2x, https:\/\/i0.wp.com\/noticiasribeiraopreto.com.br\/wp-content\/uploads\/2024\/09\/Copia-de-Copia-de-TAMANHO-EXATO-PARA-FOTOS-NO-SISTEMA-NOVO-22_2024-07-24_20-00-55_jpg_2024-07-24_20-00-55.webp.webp?fit=1200%2C675&ssl=1&resize=1050%2C600 3x"},"classes":[]}],"jetpack_sharing_enabled":true,"jetpack_shortlink":"https:\/\/wp.me\/peQAOb-5Ls","_links":{"self":[{"href":"https:\/\/noticiasribeiraopreto.com.br\/index.php\/wp-json\/wp\/v2\/posts\/22162","targetHints":{"allow":["GET"]}}],"collection":[{"href":"https:\/\/noticiasribeiraopreto.com.br\/index.php\/wp-json\/wp\/v2\/posts"}],"about":[{"href":"https:\/\/noticiasribeiraopreto.com.br\/index.php\/wp-json\/wp\/v2\/types\/post"}],"author":[{"embeddable":true,"href":"https:\/\/noticiasribeiraopreto.com.br\/index.php\/wp-json\/wp\/v2\/users\/1"}],"replies":[{"embeddable":true,"href":"https:\/\/noticiasribeiraopreto.com.br\/index.php\/wp-json\/wp\/v2\/comments?post=22162"}],"version-history":[{"count":0,"href":"https:\/\/noticiasribeiraopreto.com.br\/index.php\/wp-json\/wp\/v2\/posts\/22162\/revisions"}],"wp:featuredmedia":[{"embeddable":true,"href":"https:\/\/noticiasribeiraopreto.com.br\/index.php\/wp-json\/wp\/v2\/media\/22163"}],"wp:attachment":[{"href":"https:\/\/noticiasribeiraopreto.com.br\/index.php\/wp-json\/wp\/v2\/media?parent=22162"}],"wp:term":[{"taxonomy":"category","embeddable":true,"href":"https:\/\/noticiasribeiraopreto.com.br\/index.php\/wp-json\/wp\/v2\/categories?post=22162"},{"taxonomy":"post_tag","embeddable":true,"href":"https:\/\/noticiasribeiraopreto.com.br\/index.php\/wp-json\/wp\/v2\/tags?post=22162"}],"curies":[{"name":"wp","href":"https:\/\/api.w.org\/{rel}","templated":true}]}}