{"id":22168,"date":"2023-12-29T10:35:07","date_gmt":"2023-12-29T13:35:07","guid":{"rendered":"https:\/\/noticiasribeiraopreto.com.br\/index.php\/2023\/12\/29\/novo-ano-novas-regras-entenda-agora-mesmo\/"},"modified":"2023-12-29T10:35:07","modified_gmt":"2023-12-29T13:35:07","slug":"novo-ano-novas-regras-entenda-agora-mesmo","status":"publish","type":"post","link":"https:\/\/noticiasribeiraopreto.com.br\/index.php\/2023\/12\/29\/novo-ano-novas-regras-entenda-agora-mesmo\/","title":{"rendered":"novo ano, novas regras; entenda agora mesmo"},"content":{"rendered":"<div class='code-block code-block-1' style='margin: 8px 0 8px auto; text-align: right; display: block; clear: both;'>\n<p><a href=\"https:\/\/wa.link\/vpicfd\"><img data-recalc-dims=\"1\" class=\"wp-image-4922\" style=\"aspect-ratio: 2.0253164556962027; width: 561px; height: auto;\" src=\"https:\/\/i0.wp.com\/ismaelcolosi.com.br\/wp-content\/uploads\/2023\/11\/grupo-de-empregos-whatsapp-e-facebook-ismael-colosi-vagas.jpg?ssl=1\" alt=\"\" \/><\/a><\/p>\n<!-- \/wp:image -->\n<\/div>\n<p> <br \/>\n<\/p>\n<div>\n<div id=\"attachment_2315370\" class=\"wp-caption alignnone\">\n<div class=\"d-flex justify-content-center\" data-attachment-id=\"2315370\">\n<div class=\"position-relative d-inline-block\"><img data-recalc-dims=\"1\" data-portal-copyright=\"Istock\/FG Trade\" fetchpriority=\"high\" decoding=\"async\" class=\"size-full wp-image-2315370\" src=\"https:\/\/i0.wp.com\/catracalivre.com.br\/wp-content\/uploads\/2023\/11\/istock-1416831637.jpg?resize=1275%2C822&#038;ssl=1\" alt=\"Governo prepara condi\u00e7\u00f5es SURPREENDENTES para quem \u00e9 MEI em 2024\" width=\"1275\" height=\"822\" srcset=\"https:\/\/catracalivre.com.br\/wp-content\/uploads\/2023\/11\/istock-1416831637.jpg 1275w, https:\/\/catracalivre.com.br\/wp-content\/uploads\/2023\/11\/istock-1416831637-450x290.jpg 450w, https:\/\/catracalivre.com.br\/wp-content\/uploads\/2023\/11\/istock-1416831637-768x495.jpg 768w\" sizes=\"(max-width: 1275px) 100vw, 1275px\"\/><\/p>\n<p>Cr\u00e9ditos: Istock\/FG Trade<\/p>\n<\/div>\n<\/div>\n<p><span class=\"post-imagem__legenda\">Governo prepara condi\u00e7\u00f5es SURPREENDENTES para quem \u00e9 MEI em 2024<\/span><\/p>\n<\/div>\n<p>O ano de 2024 reserva importantes mudan\u00e7as para o Microempreendedor Individual (<a href=\"https:\/\/catracalivre.com.br\/cidadania\/mei-pode-ampliar-o-valor-da-aposentadoria-pelo-inss\/\">MEI<\/a>), com destaque para o reajuste da contribui\u00e7\u00e3o mensal, conhecida como Documento de Arrecada\u00e7\u00e3o do Simples Nacional (DAS), e a poss\u00edvel amplia\u00e7\u00e3o do limite de faturamento anual.<\/p>\n<p>Essas altera\u00e7\u00f5es, que est\u00e3o vinculadas a transforma\u00e7\u00f5es significativas no cen\u00e1rio econ\u00f4mico, demandam a aten\u00e7\u00e3o dos empreendedores que buscam manter-se em conformidade com as regulamenta\u00e7\u00f5es vigentes.<\/p>\n<h2>Reajuste do DAS para 2024: entenda as mudan\u00e7as<\/h2>\n<p>A contribui\u00e7\u00e3o mensal do MEI \u00e9 uma das obriga\u00e7\u00f5es essenciais ao formalizar um pequeno neg\u00f3cio. Essa contribui\u00e7\u00e3o proporciona acesso a benef\u00edcios previdenci\u00e1rios importantes, como aposentadoria e aux\u00edlio-doen\u00e7a. Para o ano de 2024, espera-se um reajuste no valor da contribui\u00e7\u00e3o, o que est\u00e1 diretamente ligado ao poss\u00edvel aumento do sal\u00e1rio-m\u00ednimo.<\/p>\n<p>O DAS \u00e9 pago por meio do Documento de Arrecada\u00e7\u00e3o do Simples Nacional, com vencimento todo dia 20 do m\u00eas. Sua emiss\u00e3o \u00e9 gratuita e pode ser realizada pelo site PGME, utilizando o n\u00famero do CNPJ do MEI. Como a contribui\u00e7\u00e3o \u00e9 calculada com base no sal\u00e1rio-m\u00ednimo, qualquer altera\u00e7\u00e3o salarial influencia diretamente nesse valor, tornando o reajuste uma consequ\u00eancia natural.<\/p>\n<h2>Poss\u00edvel aumento do limite de faturamento anual<\/h2>\n<p>Outra mudan\u00e7a em discuss\u00e3o para 2024 \u00e9 o aumento do limite de faturamento anual do MEI. Atualmente estabelecido em R$ 81 mil, o novo limite pode chegar a R$ 144 mil por ano, representando um significativo acr\u00e9scimo para os microempreendedores. Essa poss\u00edvel altera\u00e7\u00e3o visa acompanhar o crescimento econ\u00f4mico e possibilitar que mais empreendedores permane\u00e7am na categoria MEI.<\/p>\n<p>Para se preparar diante dessas poss\u00edveis mudan\u00e7as, \u00e9 imprescind\u00edvel manter os pagamentos em dia e monitorar o faturamento da empresa. Exceder o limite estabelecido em 20% pode resultar no desenquadramento da categoria MEI, levando \u00e0 necessidade de uma reavalia\u00e7\u00e3o do enquadramento tribut\u00e1rio. Al\u00e9m disso, h\u00e1 discuss\u00f5es sobre a amplia\u00e7\u00e3o do n\u00famero de funcion\u00e1rios permitidos para MEIs, passando de 1 para 2.<\/p>\n<h2>Contribui\u00e7\u00e3o do MEI em 2023: atualiza\u00e7\u00e3o de valores<\/h2>\n<p>Atualmente, os valores da contribui\u00e7\u00e3o variam de acordo com a atividade desempenhada pelo MEI:<\/p>\n<p>Empresas do setor de Com\u00e9rcio e Ind\u00fastria: R$ 66,10 (INSS + ICMS);<br \/>Empresas do setor de Servi\u00e7os: R$ 70,10 (INSS + ISS);<br \/>Empresas do setor Com\u00e9rcio e Servi\u00e7os: R$ 71,10 (INSS + ICMS\/ISS);<br \/>MEI Caminhoneiro: R$ 162,24 (INSS + ICMS + ISS).<\/p>\n<\/div>\n<p><script>\n\t\t! function(f, b, e, v, n, t, s) {\n\t\t\tif (f.fbq) return;\n\t\t\tn = f.fbq = function() {\n\t\t\t\tn.callMethod ?\n\t\t\t\t\tn.callMethod.apply(n, arguments) : n.queue.push(arguments)\n\t\t\t};\n\t\t\tif (!f._fbq) f._fbq = n;\n\t\t\tn.push = n;\n\t\t\tn.loaded = !0;\n\t\t\tn.version = '2.0';\n\t\t\tn.queue = [];\n\t\t\tt = b.createElement(e);\n\t\t\tt.async = !0;\n\t\t\tt.src = v;\n\t\t\ts = b.getElementsByTagName(e)[0];\n\t\t\ts.parentNode.insertBefore(t, s)\n\t\t}(window, document, 'script',\n\t\t\t'https:\/\/connect.facebook.net\/en_US\/fbevents.js');\n\t\tfbq('init', '338315473262380');\n\t\tfbq('track', 'PageView');\n\t<\/script><br \/>\n<br \/><br \/>\n<br \/><a href=\"https:\/\/catracalivre.com.br\/cidadania\/mei-em-2024-novo-ano-novas-regras-entenda-agora-mesmo\/\">Source link <\/a><\/p>\n<!-- CONTENT END 1 -->\n","protected":false},"excerpt":{"rendered":"<p>Cr\u00e9ditos: Istock\/FG Trade Governo prepara condi\u00e7\u00f5es SURPREENDENTES para quem \u00e9 MEI em 2024 O ano de 2024 reserva importantes mudan\u00e7as para o Microempreendedor Individual (MEI),&#8230;<\/p>\n","protected":false},"author":1,"featured_media":22169,"comment_status":"open","ping_status":"open","sticky":false,"template":"","format":"standard","meta":{"advanced_seo_description":"","jetpack_seo_html_title":"","jetpack_seo_noindex":false,"jetpack_post_was_ever_published":false,"_jetpack_newsletter_access":"","_jetpack_dont_email_post_to_subs":false,"_jetpack_newsletter_tier_id":0,"_jetpack_memberships_contains_paywalled_content":false,"_jetpack_memberships_contains_paid_content":false,"footnotes":"","jetpack_publicize_message":"","jetpack_publicize_feature_enabled":true,"jetpack_social_post_already_shared":true,"jetpack_social_options":{"image_generator_settings":{"template":"highway","default_image_id":0,"font":"","enabled":false},"version":2}},"categories":[19],"tags":[],"class_list":["post-22168","post","type-post","status-publish","format-standard","has-post-thumbnail","hentry","category-variedades"],"jetpack_publicize_connections":[],"jetpack_featured_media_url":"https:\/\/i0.wp.com\/noticiasribeiraopreto.com.br\/wp-content\/uploads\/2023\/12\/1703856911_istock-1423350853.jpg?fit=1200%2C638&ssl=1","jetpack-related-posts":[{"id":16037,"url":"https:\/\/noticiasribeiraopreto.com.br\/index.php\/2023\/12\/14\/mestre-jose-expoe-suas-previsoes-para-o-ano-de-2024-em-novo-video\/","url_meta":{"origin":22168,"position":0},"title":"Mestre Jos\u00e9 exp\u00f5e suas previs\u00f5es para o ano de 2024 em novo v\u00eddeo","author":"noticiasribeiraopreto.com.br","date":"14 de December de 2023","format":false,"excerpt":"Atrav\u00e9s de um novo v\u00eddeo publicado nas redes sociais, mais especificamente, no Youtube, o Mestre Jos\u00e9 revelou suas novas previs\u00f5es para o ano de 2024.O vidente ficou bastante conhecido na internet por conta de suas previs\u00f5es que chamam aten\u00e7\u00e3o de uma boa parte do p\u00fablico. Al\u00e9m disso, ele alega que\u2026","rel":"","context":"In &quot;Blog&quot;","block_context":{"text":"Blog","link":"https:\/\/noticiasribeiraopreto.com.br\/index.php\/category\/blog\/"},"img":{"alt_text":"","src":"https:\/\/i0.wp.com\/noticiasribeiraopreto.com.br\/wp-content\/uploads\/2023\/12\/postimg-657b8962556b36015.jpg?fit=1200%2C628&ssl=1&resize=350%2C200","width":350,"height":200,"srcset":"https:\/\/i0.wp.com\/noticiasribeiraopreto.com.br\/wp-content\/uploads\/2023\/12\/postimg-657b8962556b36015.jpg?fit=1200%2C628&ssl=1&resize=350%2C200 1x, https:\/\/i0.wp.com\/noticiasribeiraopreto.com.br\/wp-content\/uploads\/2023\/12\/postimg-657b8962556b36015.jpg?fit=1200%2C628&ssl=1&resize=525%2C300 1.5x, https:\/\/i0.wp.com\/noticiasribeiraopreto.com.br\/wp-content\/uploads\/2023\/12\/postimg-657b8962556b36015.jpg?fit=1200%2C628&ssl=1&resize=700%2C400 2x, https:\/\/i0.wp.com\/noticiasribeiraopreto.com.br\/wp-content\/uploads\/2023\/12\/postimg-657b8962556b36015.jpg?fit=1200%2C628&ssl=1&resize=1050%2C600 3x"},"classes":[]},{"id":22808,"url":"https:\/\/noticiasribeiraopreto.com.br\/index.php\/2023\/12\/31\/20-mensagens-de-ano-novo-para-mandar-no-whatsapp-meu-valor-digital\/","url_meta":{"origin":22168,"position":1},"title":"20 Mensagens de Ano Novo para mandar no WhatsApp &#8211; Meu Valor Digital","author":"noticiasribeiraopreto.com.br","date":"31 de December de 2023","format":false,"excerpt":"Com a contagem regressiva para o Ano Novo j\u00e1 iniciada, estamos no momento perfeito para refletir sobre os acontecimentos do ano passado e abra\u00e7ar com esperan\u00e7a o ano que se inicia. O Ano Novo \u00e9 uma celebra\u00e7\u00e3o de renova\u00e7\u00e3o, novas oportunidades e novos come\u00e7os. E uma das formas mais populares\u2026","rel":"","context":"In &quot;Vagas de Emprego em Ribeir\u00e3o Preto-SP&quot;","block_context":{"text":"Vagas de Emprego em Ribeir\u00e3o Preto-SP","link":"https:\/\/noticiasribeiraopreto.com.br\/index.php\/category\/empregos-classificados-vagas-trabalho\/vagas-de-empregos-em-ribeirao-preto-regiao-brasil\/"},"img":{"alt_text":"","src":"https:\/\/i0.wp.com\/noticiasribeiraopreto.com.br\/wp-content\/uploads\/2023\/12\/Ano-Novo.jpg?fit=1200%2C773&ssl=1&resize=350%2C200","width":350,"height":200,"srcset":"https:\/\/i0.wp.com\/noticiasribeiraopreto.com.br\/wp-content\/uploads\/2023\/12\/Ano-Novo.jpg?fit=1200%2C773&ssl=1&resize=350%2C200 1x, https:\/\/i0.wp.com\/noticiasribeiraopreto.com.br\/wp-content\/uploads\/2023\/12\/Ano-Novo.jpg?fit=1200%2C773&ssl=1&resize=525%2C300 1.5x, https:\/\/i0.wp.com\/noticiasribeiraopreto.com.br\/wp-content\/uploads\/2023\/12\/Ano-Novo.jpg?fit=1200%2C773&ssl=1&resize=700%2C400 2x, https:\/\/i0.wp.com\/noticiasribeiraopreto.com.br\/wp-content\/uploads\/2023\/12\/Ano-Novo.jpg?fit=1200%2C773&ssl=1&resize=1050%2C600 3x"},"classes":[]},{"id":23029,"url":"https:\/\/noticiasribeiraopreto.com.br\/index.php\/2023\/12\/31\/veja-agora-mudancas-nas-regras-de-aposentadoria-para-2024\/","url_meta":{"origin":22168,"position":2},"title":"VEJA AGORA: Mudan\u00e7as nas regras de Aposentadoria para 2024!","author":"noticiasribeiraopreto.com.br","date":"31 de December de 2023","format":false,"excerpt":"As regras para a aposentadoria est\u00e3o sempre sofrendo altera\u00e7\u00f5es. Para aqueles que planejam se aposentar em 2024, \u00e9 importante compreender as mudan\u00e7as que podem impactar esse processo. Esta mat\u00e9ria do Not\u00edcias Concursos ir\u00e1 desvendar as principais altera\u00e7\u00f5es que est\u00e3o previstas. O que mudou desde a reforma da previd\u00eancia em 2019?\u2026","rel":"","context":"In &quot;Vagas de Emprego em Ribeir\u00e3o Preto-SP&quot;","block_context":{"text":"Vagas de Emprego em Ribeir\u00e3o Preto-SP","link":"https:\/\/noticiasribeiraopreto.com.br\/index.php\/category\/empregos-classificados-vagas-trabalho\/vagas-de-empregos-em-ribeirao-preto-regiao-brasil\/"},"img":{"alt_text":"","src":"","width":0,"height":0},"classes":[]},{"id":6832,"url":"https:\/\/noticiasribeiraopreto.com.br\/index.php\/2023\/11\/27\/vidente-rodrigo-tudor-faz-previsoes-para-o-ano-de-2024-e-expoe-o-que-enxerga-para-o-brasil-o-mundo-e-os-famosos\/","url_meta":{"origin":22168,"position":3},"title":"Vidente Rodrigo Tudor faz previs\u00f5es para o ano de 2024 e exp\u00f5e o que enxerga para o Brasil, o mundo e os famosos","author":"noticiasribeiraopreto.com.br","date":"27 de November de 2023","format":false,"excerpt":"De forma recente, o vidente Rodrigo Tudor realizou previs\u00f5es para o ano de 2024. Em um novo v\u00eddeo, ele iniciou falando sobre as cores para o pr\u00f3ximo ano, alegando que o preto, branco, azul claro, vermelho e roxo s\u00e3o os destaques para o ano que que est\u00e1 chegando.Diante do assunto,\u2026","rel":"","context":"In &quot;Blog&quot;","block_context":{"text":"Blog","link":"https:\/\/noticiasribeiraopreto.com.br\/index.php\/category\/blog\/"},"img":{"alt_text":"","src":"https:\/\/i0.wp.com\/noticiasribeiraopreto.com.br\/wp-content\/uploads\/2023\/11\/postimg-65641dae41c581909.jpg?fit=1200%2C628&ssl=1&resize=350%2C200","width":350,"height":200,"srcset":"https:\/\/i0.wp.com\/noticiasribeiraopreto.com.br\/wp-content\/uploads\/2023\/11\/postimg-65641dae41c581909.jpg?fit=1200%2C628&ssl=1&resize=350%2C200 1x, https:\/\/i0.wp.com\/noticiasribeiraopreto.com.br\/wp-content\/uploads\/2023\/11\/postimg-65641dae41c581909.jpg?fit=1200%2C628&ssl=1&resize=525%2C300 1.5x, https:\/\/i0.wp.com\/noticiasribeiraopreto.com.br\/wp-content\/uploads\/2023\/11\/postimg-65641dae41c581909.jpg?fit=1200%2C628&ssl=1&resize=700%2C400 2x, https:\/\/i0.wp.com\/noticiasribeiraopreto.com.br\/wp-content\/uploads\/2023\/11\/postimg-65641dae41c581909.jpg?fit=1200%2C628&ssl=1&resize=1050%2C600 3x"},"classes":[]},{"id":28328,"url":"https:\/\/noticiasribeiraopreto.com.br\/index.php\/2024\/01\/15\/inflacao-deve-fechar-este-ano-em-387\/","url_meta":{"origin":22168,"position":4},"title":"Infla\u00e7\u00e3o deve fechar este ano em 3,87%","author":"noticiasribeiraopreto.com.br","date":"15 de January de 2024","format":false,"excerpt":"15 de janeiro de 2024 | 15:0015 de janeiro de 2024 | 11:36 0O mercado financeiro reduziu a previs\u00e3o da infla\u00e7\u00e3o para este ano. Segundo proje\u00e7\u00e3o do Boletim Focus, divulgada hoje (15) pelo Banco Central (BC), o \u00cdndice de Pre\u00e7os ao Consumidor Amplo (IPCA) \u2013 considerado a infla\u00e7\u00e3o oficial do\u2026","rel":"","context":"In &quot;Not\u00edcias de Ribeir\u00e3o Preto-SP e Regi\u00e3o&quot;","block_context":{"text":"Not\u00edcias de Ribeir\u00e3o Preto-SP e Regi\u00e3o","link":"https:\/\/noticiasribeiraopreto.com.br\/index.php\/category\/noticias-de-ribeirao-preto-sp-e-regiao-ismael-colosi\/"},"img":{"alt_text":"","src":"https:\/\/i0.wp.com\/noticiasribeiraopreto.com.br\/wp-content\/uploads\/2024\/01\/dfa4414a-b54c-4d1b-99ae-35a99d19811f-scaled.jpg?fit=1000%2C598&ssl=1&resize=350%2C200","width":350,"height":200,"srcset":"https:\/\/i0.wp.com\/noticiasribeiraopreto.com.br\/wp-content\/uploads\/2024\/01\/dfa4414a-b54c-4d1b-99ae-35a99d19811f-scaled.jpg?fit=1000%2C598&ssl=1&resize=350%2C200 1x, https:\/\/i0.wp.com\/noticiasribeiraopreto.com.br\/wp-content\/uploads\/2024\/01\/dfa4414a-b54c-4d1b-99ae-35a99d19811f-scaled.jpg?fit=1000%2C598&ssl=1&resize=525%2C300 1.5x, https:\/\/i0.wp.com\/noticiasribeiraopreto.com.br\/wp-content\/uploads\/2024\/01\/dfa4414a-b54c-4d1b-99ae-35a99d19811f-scaled.jpg?fit=1000%2C598&ssl=1&resize=700%2C400 2x"},"classes":[]},{"id":12916,"url":"https:\/\/noticiasribeiraopreto.com.br\/index.php\/2023\/12\/08\/vidente-realiza-suas-previsoes-para-2024-e-aponta-todas-as-situacoes-que-devemos-enfrentar-no-decorrer-do-ano-video\/","url_meta":{"origin":22168,"position":5},"title":"Vidente realiza suas previs\u00f5es para 2024; e aponta todas as situa\u00e7\u00f5es que devemos enfrentar no decorrer do ano; v\u00eddeo","author":"noticiasribeiraopreto.com.br","date":"8 de December de 2023","format":false,"excerpt":"A cigana Sulamita, vidente bastante conhecida nas redes sociais, realizou suas previs\u00f5es sobre o que poderemos esperar para o pr\u00f3ximo ano que est\u00e1 chegando, 2024. Ela realizou previs\u00f5es sobre o Brasil e o mundo.E ap\u00f3s a leitura de tr\u00eas cartas, a vidente antecipou que n\u00e3o enxerga situa\u00e7\u00f5es muito boas para\u2026","rel":"","context":"In &quot;Blog&quot;","block_context":{"text":"Blog","link":"https:\/\/noticiasribeiraopreto.com.br\/index.php\/category\/blog\/"},"img":{"alt_text":"","src":"https:\/\/i0.wp.com\/noticiasribeiraopreto.com.br\/wp-content\/uploads\/2023\/12\/postimg-65739a3c0def17101.jpg?fit=1200%2C628&ssl=1&resize=350%2C200","width":350,"height":200,"srcset":"https:\/\/i0.wp.com\/noticiasribeiraopreto.com.br\/wp-content\/uploads\/2023\/12\/postimg-65739a3c0def17101.jpg?fit=1200%2C628&ssl=1&resize=350%2C200 1x, https:\/\/i0.wp.com\/noticiasribeiraopreto.com.br\/wp-content\/uploads\/2023\/12\/postimg-65739a3c0def17101.jpg?fit=1200%2C628&ssl=1&resize=525%2C300 1.5x, https:\/\/i0.wp.com\/noticiasribeiraopreto.com.br\/wp-content\/uploads\/2023\/12\/postimg-65739a3c0def17101.jpg?fit=1200%2C628&ssl=1&resize=700%2C400 2x, https:\/\/i0.wp.com\/noticiasribeiraopreto.com.br\/wp-content\/uploads\/2023\/12\/postimg-65739a3c0def17101.jpg?fit=1200%2C628&ssl=1&resize=1050%2C600 3x"},"classes":[]}],"jetpack_sharing_enabled":true,"jetpack_shortlink":"https:\/\/wp.me\/peQAOb-5Ly","_links":{"self":[{"href":"https:\/\/noticiasribeiraopreto.com.br\/index.php\/wp-json\/wp\/v2\/posts\/22168","targetHints":{"allow":["GET"]}}],"collection":[{"href":"https:\/\/noticiasribeiraopreto.com.br\/index.php\/wp-json\/wp\/v2\/posts"}],"about":[{"href":"https:\/\/noticiasribeiraopreto.com.br\/index.php\/wp-json\/wp\/v2\/types\/post"}],"author":[{"embeddable":true,"href":"https:\/\/noticiasribeiraopreto.com.br\/index.php\/wp-json\/wp\/v2\/users\/1"}],"replies":[{"embeddable":true,"href":"https:\/\/noticiasribeiraopreto.com.br\/index.php\/wp-json\/wp\/v2\/comments?post=22168"}],"version-history":[{"count":0,"href":"https:\/\/noticiasribeiraopreto.com.br\/index.php\/wp-json\/wp\/v2\/posts\/22168\/revisions"}],"wp:featuredmedia":[{"embeddable":true,"href":"https:\/\/noticiasribeiraopreto.com.br\/index.php\/wp-json\/wp\/v2\/media\/22169"}],"wp:attachment":[{"href":"https:\/\/noticiasribeiraopreto.com.br\/index.php\/wp-json\/wp\/v2\/media?parent=22168"}],"wp:term":[{"taxonomy":"category","embeddable":true,"href":"https:\/\/noticiasribeiraopreto.com.br\/index.php\/wp-json\/wp\/v2\/categories?post=22168"},{"taxonomy":"post_tag","embeddable":true,"href":"https:\/\/noticiasribeiraopreto.com.br\/index.php\/wp-json\/wp\/v2\/tags?post=22168"}],"curies":[{"name":"wp","href":"https:\/\/api.w.org\/{rel}","templated":true}]}}