{"id":22170,"date":"2023-12-29T10:38:45","date_gmt":"2023-12-29T13:38:45","guid":{"rendered":"https:\/\/noticiasribeiraopreto.com.br\/index.php\/2023\/12\/29\/inscricoes-para-o-processo-seletivo-ligga-vao-ate-a-proxima-sexta-5-2\/"},"modified":"2023-12-29T10:38:45","modified_gmt":"2023-12-29T13:38:45","slug":"inscricoes-para-o-processo-seletivo-ligga-vao-ate-a-proxima-sexta-5-2","status":"publish","type":"post","link":"https:\/\/noticiasribeiraopreto.com.br\/index.php\/2023\/12\/29\/inscricoes-para-o-processo-seletivo-ligga-vao-ate-a-proxima-sexta-5-2\/","title":{"rendered":"Inscri\u00e7\u00f5es para o processo seletivo Ligga v\u00e3o at\u00e9 a pr\u00f3xima sexta (5)"},"content":{"rendered":"<div class='code-block code-block-1' style='margin: 8px 0 8px auto; text-align: right; display: block; clear: both;'>\n<p><a href=\"https:\/\/wa.link\/vpicfd\"><img data-recalc-dims=\"1\" class=\"wp-image-4922\" style=\"aspect-ratio: 2.0253164556962027; width: 561px; height: auto;\" src=\"https:\/\/i0.wp.com\/ismaelcolosi.com.br\/wp-content\/uploads\/2023\/11\/grupo-de-empregos-whatsapp-e-facebook-ismael-colosi-vagas.jpg?ssl=1\" alt=\"\" \/><\/a><\/p>\n<!-- \/wp:image -->\n<\/div>\n<p> <br \/>\n<\/p>\n<div>\n<p>\u00daltima semana para participar do processo seletivo da empresa <a href=\"https:\/\/jcconcursos.com.br\/noticia\/empregos\/processo-seletivo-ligga-oferece-vagas-para-o-sul-do-pais-120302\" rel=\"noopener\" target=\"_blank\">Ligga<\/a>, que oferece oportunidades de emprego em <a href=\"https:\/\/jcconcursos.com.br\/concursos\/pr\" rel=\"noopener\" target=\"_blank\">Curitiba\/PR<\/a>. Os candidatos podem se inscrever at\u00e9 a pr\u00f3xima sexta-feira, dia 5 de janeiro.<\/p>\n<p>A Ligga est\u00e1 promovendo a segunda edi\u00e7\u00e3o de seu programa de<a href=\"https:\/\/jcconcursos.com.br\/noticia\/empregos\/comecou-estagiar-saiba-todos-os-seus-direitos-102225\" rel=\"noopener\" target=\"_blank\"> est\u00e1gio<\/a> em busca de talentos interessados em tecnologia e inova\u00e7\u00e3o. As posi\u00e7\u00f5es s\u00e3o destinadas ao trabalho presencial na capital paranaense.<\/p>\n<p>O <a href=\"https:\/\/jcconcursos.com.br\/noticia\/empregos\" rel=\"noopener\" target=\"_blank\">processo seletivo<\/a> da Ligga est\u00e1 dispon\u00edvel para estudantes de cursos de bacharelado, licenciatura ou tecn\u00f3logo, abrangendo \u00e1reas como Ci\u00eancias Cont\u00e1beis, Direito, Engenharias, Sistemas da Informa\u00e7\u00e3o, Inform\u00e1tica, TI, Telecomunica\u00e7\u00f5es, Administra\u00e7\u00e3o, Gest\u00e3o Log\u00edstica, Processos Gerenciais, Comunica\u00e7\u00e3o Social (Marketing, Jornalismo, Publicidade e Propaganda, Rela\u00e7\u00f5es P\u00fablicas, Comunica\u00e7\u00e3o Institucional) e outras, conforme especificado na descri\u00e7\u00e3o da vaga.<\/p>\n<p>Para se candidatar, \u00e9 necess\u00e1rio que o estudante esteja previsto para se graduar a partir de julho de 2025. Al\u00e9m disso, \u00e9 solicitado conhecimento em Ingl\u00eas, Power BI,<a href=\"https:\/\/jcconcursos.com.br\/noticia\/empregos\/domina-o-excel-ferramenta-se-torna-pre-requisito-nas-vagas-de-emprego-104043\" rel=\"noopener\" target=\"_blank\"> Excel<\/a> e outras ferramentas, dependendo da vaga escolhida. O formato de trabalho \u00e9 presencial, com carga hor\u00e1ria de 6 horas di\u00e1rias, sendo obrigat\u00f3rio residir em Curitiba e regi\u00e3o metropolitana.<\/p>\n<p>A segunda edi\u00e7\u00e3o do programa de est\u00e1gio da Ligga ter\u00e1 dura\u00e7\u00e3o de um a dois anos, com a possibilidade de efetiva\u00e7\u00e3o para estagi\u00e1rios que se destacarem durante o programa.<\/p>\n<p>Os estagi\u00e1rios selecionados receber\u00e3o uma bolsa-aux\u00edlio no valor de R$ 2,1 mil, al\u00e9m de <a href=\"https:\/\/jcconcursos.com.br\/noticia\/empregos\/4-beneficios-que-todo-funcionario-sonha-receber-da-empresa-104509\" rel=\"noopener\" target=\"_blank\">benef\u00edcios<\/a> como assist\u00eancia m\u00e9dica, odontol\u00f3gica, vale-refei\u00e7\u00e3o, vale-transporte, seguro de vida, licen\u00e7a estendida para licen\u00e7a maternidade ou paternidade, folga no anivers\u00e1rio e acesso ao clube de vantagens New Vallue.<\/p>\n<h2>Como participar do processo seletivo Ligga<\/h2>\n<p>Para participar do processo seletivo da Ligga, os interessados na segunda edi\u00e7\u00e3o do Programa de Est\u00e1gio podem se inscrever at\u00e9 a pr\u00f3xima sexta-feira, dia 5 de janeiro, atrav\u00e9s do seguinte link. As etapas do processo incluem inscri\u00e7\u00f5es, an\u00e1lise cultural, painel online, pr\u00e9-trabalho, entrevistas, com os resultados sendo divulgados em janeiro do pr\u00f3ximo ano.<\/p>\n<p><a id=\"gnews_btn\" href=\"https:\/\/news.google.com\/publications\/CAAqBwgKMOixlQswuZWrAw\" target=\"_blank\" class=\"border_jc_blue link_hover_bg_jc_blue font_85 d-block d-md-inline-block px-2 py-1 mr-0 mr-md-2 mb-3 w-100 text-center\" rel=\"noopener\"><span class=\"text_jc_blue\">Siga o <strong>JC Concursos no Google News<\/strong><\/span><\/a><span id=\"resumo\" class=\"anchor_link\"\/><\/p>\n<\/div>\n<p><br \/>\n<br \/><a href=\"https:\/\/ismaelcolosi.com.br\/inscricoes-para-o-processo-seletivo-ligga-vao-ate-a-proxima-sexta-5\/\">Source link <\/a><\/p>\n<!-- CONTENT END 1 -->\n","protected":false},"excerpt":{"rendered":"<p>\u00daltima semana para participar do processo seletivo da empresa Ligga, que oferece oportunidades de emprego em Curitiba\/PR. Os candidatos podem se inscrever at\u00e9 a pr\u00f3xima&#8230;<\/p>\n","protected":false},"author":1,"featured_media":22171,"comment_status":"open","ping_status":"open","sticky":false,"template":"","format":"standard","meta":{"advanced_seo_description":"","jetpack_seo_html_title":"","jetpack_seo_noindex":false,"jetpack_post_was_ever_published":false,"_jetpack_newsletter_access":"","_jetpack_dont_email_post_to_subs":false,"_jetpack_newsletter_tier_id":0,"_jetpack_memberships_contains_paywalled_content":false,"_jetpack_memberships_contains_paid_content":false,"footnotes":"","jetpack_publicize_message":"","jetpack_publicize_feature_enabled":true,"jetpack_social_post_already_shared":true,"jetpack_social_options":{"image_generator_settings":{"template":"highway","default_image_id":0,"font":"","enabled":false},"version":2}},"categories":[7],"tags":[],"class_list":["post-22170","post","type-post","status-publish","format-standard","has-post-thumbnail","hentry","category-vagas-de-empregos-em-ribeirao-preto-regiao-brasil"],"jetpack_publicize_connections":[],"jetpack_featured_media_url":"https:\/\/i0.wp.com\/noticiasribeiraopreto.com.br\/wp-content\/uploads\/2023\/12\/1703857129_ligga.jpg?fit=1920%2C1080&ssl=1","jetpack-related-posts":[{"id":23635,"url":"https:\/\/noticiasribeiraopreto.com.br\/index.php\/2024\/01\/02\/inscricoes-no-processo-seletivo-na-ligga-serao-recebidas-ate-sexta-5-2\/","url_meta":{"origin":22170,"position":0},"title":"Inscri\u00e7\u00f5es no processo seletivo na Ligga ser\u00e3o recebidas at\u00e9 sexta (5)","author":"noticiasribeiraopreto.com.br","date":"2 de January de 2024","format":false,"excerpt":"Voc\u00ea est\u00e1 em busca de uma oportunidade de est\u00e1gio em uma empresa que \u00e9 refer\u00eancia em telecomunica\u00e7\u00f5es no Paran\u00e1 e que investe em inova\u00e7\u00e3o e tecnologia? Ent\u00e3o, voc\u00ea n\u00e3o pode perder a chance de participar do 2\u00ba Programa de Est\u00e1gio da Ligga, que tem in\u00edcio previsto para fevereiro de 2024.\u2026","rel":"","context":"In &quot;Vagas de Emprego em Ribeir\u00e3o Preto-SP&quot;","block_context":{"text":"Vagas de Emprego em Ribeir\u00e3o Preto-SP","link":"https:\/\/noticiasribeiraopreto.com.br\/index.php\/category\/empregos-classificados-vagas-trabalho\/vagas-de-empregos-em-ribeirao-preto-regiao-brasil\/"},"img":{"alt_text":"","src":"https:\/\/i0.wp.com\/noticiasribeiraopreto.com.br\/wp-content\/uploads\/2024\/01\/ligga.jpg?fit=1200%2C675&ssl=1&resize=350%2C200","width":350,"height":200,"srcset":"https:\/\/i0.wp.com\/noticiasribeiraopreto.com.br\/wp-content\/uploads\/2024\/01\/ligga.jpg?fit=1200%2C675&ssl=1&resize=350%2C200 1x, https:\/\/i0.wp.com\/noticiasribeiraopreto.com.br\/wp-content\/uploads\/2024\/01\/ligga.jpg?fit=1200%2C675&ssl=1&resize=525%2C300 1.5x, https:\/\/i0.wp.com\/noticiasribeiraopreto.com.br\/wp-content\/uploads\/2024\/01\/ligga.jpg?fit=1200%2C675&ssl=1&resize=700%2C400 2x, https:\/\/i0.wp.com\/noticiasribeiraopreto.com.br\/wp-content\/uploads\/2024\/01\/ligga.jpg?fit=1200%2C675&ssl=1&resize=1050%2C600 3x"},"classes":[]},{"id":16693,"url":"https:\/\/noticiasribeiraopreto.com.br\/index.php\/2023\/12\/16\/processos-seletivos-na-fosp-ligga-e-mais-empresas-somam-600-vagas-abertas-no-pais-2\/","url_meta":{"origin":22170,"position":1},"title":"Processos seletivos na FOSP, Ligga e mais empresas somam 600 vagas abertas no pa\u00eds","author":"noticiasribeiraopreto.com.br","date":"16 de December de 2023","format":false,"excerpt":"Aproximadamente 600 vagas est\u00e3o abertas para profissionais e estudantes de v\u00e1rias \u00e1reas. \u00c9 grande o n\u00famero de empresas que precisam contratar ou recolocar funcion\u00e1rios e\/ou estagi\u00e1rios em todas as regi\u00f5es do Brasil. Com intuito de auxiliar sua busca por uma oportunidade no mercado de trabalho, o JC Concursos preparou uma\u2026","rel":"","context":"In &quot;Vagas de Emprego em Ribeir\u00e3o Preto-SP&quot;","block_context":{"text":"Vagas de Emprego em Ribeir\u00e3o Preto-SP","link":"https:\/\/noticiasribeiraopreto.com.br\/index.php\/category\/empregos-classificados-vagas-trabalho\/vagas-de-empregos-em-ribeirao-preto-regiao-brasil\/"},"img":{"alt_text":"","src":"https:\/\/i0.wp.com\/noticiasribeiraopreto.com.br\/wp-content\/uploads\/2023\/12\/1702716404_carteira-de-trabalho-digital-novo-agencia-brasil.jpg?fit=1200%2C675&ssl=1&resize=350%2C200","width":350,"height":200,"srcset":"https:\/\/i0.wp.com\/noticiasribeiraopreto.com.br\/wp-content\/uploads\/2023\/12\/1702716404_carteira-de-trabalho-digital-novo-agencia-brasil.jpg?fit=1200%2C675&ssl=1&resize=350%2C200 1x, https:\/\/i0.wp.com\/noticiasribeiraopreto.com.br\/wp-content\/uploads\/2023\/12\/1702716404_carteira-de-trabalho-digital-novo-agencia-brasil.jpg?fit=1200%2C675&ssl=1&resize=525%2C300 1.5x, https:\/\/i0.wp.com\/noticiasribeiraopreto.com.br\/wp-content\/uploads\/2023\/12\/1702716404_carteira-de-trabalho-digital-novo-agencia-brasil.jpg?fit=1200%2C675&ssl=1&resize=700%2C400 2x, https:\/\/i0.wp.com\/noticiasribeiraopreto.com.br\/wp-content\/uploads\/2023\/12\/1702716404_carteira-de-trabalho-digital-novo-agencia-brasil.jpg?fit=1200%2C675&ssl=1&resize=1050%2C600 3x"},"classes":[]},{"id":13016,"url":"https:\/\/noticiasribeiraopreto.com.br\/index.php\/2023\/12\/08\/vagas-abertas-para-o-2o-programa-de-estagio-em-telecomunicacoes-2\/","url_meta":{"origin":22170,"position":2},"title":"vagas abertas para o 2\u00ba Programa de Est\u00e1gio em telecomunica\u00e7\u00f5es","author":"noticiasribeiraopreto.com.br","date":"8 de December de 2023","format":false,"excerpt":"Voc\u00ea est\u00e1 em busca de uma oportunidade de est\u00e1gio em uma empresa inovadora e refer\u00eancia em telecomunica\u00e7\u00f5es no Paran\u00e1? Ent\u00e3o, fique atento: a Ligga, operadora de internet que oferece pioneiraacesso \u00e0 banda larga fixa por fibra \u00f3ptica, est\u00e1 com inscri\u00e7\u00f5es abertas para o seu 2\u00ba Programa de Est\u00e1gio, que tem\u2026","rel":"","context":"In &quot;Vagas de Emprego em Ribeir\u00e3o Preto-SP&quot;","block_context":{"text":"Vagas de Emprego em Ribeir\u00e3o Preto-SP","link":"https:\/\/noticiasribeiraopreto.com.br\/index.php\/category\/empregos-classificados-vagas-trabalho\/vagas-de-empregos-em-ribeirao-preto-regiao-brasil\/"},"img":{"alt_text":"","src":"https:\/\/i0.wp.com\/noticiasribeiraopreto.com.br\/wp-content\/uploads\/2023\/12\/ligga.jpg?fit=1200%2C675&ssl=1&resize=350%2C200","width":350,"height":200,"srcset":"https:\/\/i0.wp.com\/noticiasribeiraopreto.com.br\/wp-content\/uploads\/2023\/12\/ligga.jpg?fit=1200%2C675&ssl=1&resize=350%2C200 1x, https:\/\/i0.wp.com\/noticiasribeiraopreto.com.br\/wp-content\/uploads\/2023\/12\/ligga.jpg?fit=1200%2C675&ssl=1&resize=525%2C300 1.5x, https:\/\/i0.wp.com\/noticiasribeiraopreto.com.br\/wp-content\/uploads\/2023\/12\/ligga.jpg?fit=1200%2C675&ssl=1&resize=700%2C400 2x, https:\/\/i0.wp.com\/noticiasribeiraopreto.com.br\/wp-content\/uploads\/2023\/12\/ligga.jpg?fit=1200%2C675&ssl=1&resize=1050%2C600 3x"},"classes":[]},{"id":20424,"url":"https:\/\/noticiasribeiraopreto.com.br\/index.php\/2023\/12\/25\/ligga-abre-cargos-presenciais-e-hibridos-saiba-mais\/","url_meta":{"origin":22170,"position":3},"title":"Ligga ABRE CARGOS presenciais e H\u00cdBRIDOS; Saiba mais!","author":"noticiasribeiraopreto.com.br","date":"25 de December de 2023","format":false,"excerpt":"A Ligga, empresa que est\u00e1 em uma curva de crescimento para se tornar um dos maiores provedores de internet do pa\u00eds e quer contar com o talento de quem tamb\u00e9m est\u00e1 pronto para essa ascens\u00e3o, oferece in\u00fameras vagas no Paran\u00e1. Dessa maneira, antes de falar mais sobre, consulte quais s\u00e3o\u2026","rel":"","context":"In &quot;Vagas de Emprego em Ribeir\u00e3o Preto-SP&quot;","block_context":{"text":"Vagas de Emprego em Ribeir\u00e3o Preto-SP","link":"https:\/\/noticiasribeiraopreto.com.br\/index.php\/category\/empregos-classificados-vagas-trabalho\/vagas-de-empregos-em-ribeirao-preto-regiao-brasil\/"},"img":{"alt_text":"","src":"https:\/\/i0.wp.com\/noticiasribeiraopreto.com.br\/wp-content\/uploads\/2023\/12\/noticiasconcursos.com_.br-ligga-abre-cargos-presenciais-e-hibridos-saiba-mais-627010.jpeg?fit=760%2C428&ssl=1&resize=350%2C200","width":350,"height":200,"srcset":"https:\/\/i0.wp.com\/noticiasribeiraopreto.com.br\/wp-content\/uploads\/2023\/12\/noticiasconcursos.com_.br-ligga-abre-cargos-presenciais-e-hibridos-saiba-mais-627010.jpeg?fit=760%2C428&ssl=1&resize=350%2C200 1x, https:\/\/i0.wp.com\/noticiasribeiraopreto.com.br\/wp-content\/uploads\/2023\/12\/noticiasconcursos.com_.br-ligga-abre-cargos-presenciais-e-hibridos-saiba-mais-627010.jpeg?fit=760%2C428&ssl=1&resize=525%2C300 1.5x, https:\/\/i0.wp.com\/noticiasribeiraopreto.com.br\/wp-content\/uploads\/2023\/12\/noticiasconcursos.com_.br-ligga-abre-cargos-presenciais-e-hibridos-saiba-mais-627010.jpeg?fit=760%2C428&ssl=1&resize=700%2C400 2x"},"classes":[]},{"id":69320,"url":"https:\/\/noticiasribeiraopreto.com.br\/index.php\/2025\/05\/04\/botafogo-goleia-athletico-pr-fora-de-casa-pela-serie-b-do-brasileiro\/","url_meta":{"origin":22170,"position":4},"title":"Botafogo goleia Athletico-PR fora de casa pela S\u00e9rie B do Brasileiro","author":"noticiasribeiraopreto.com.br","date":"4 de May de 2025","format":false,"excerpt":"O Botafogo goleou por 4 a 1 o Athletico-PR fora de casa, na noite deste domingo (4). A partida disputada na Ligga Arena, em Curitiba, foi v\u00e1lida pela sexta rodada do Campeonato Brasileiro da S\u00e9rie B 2025. A equipe de Ribeir\u00e3o Preto conquistou a primeira vit\u00f3ria na disputa de virada.\u2026","rel":"","context":"In &quot;Not\u00edcias de Ribeir\u00e3o Preto-SP e Regi\u00e3o&quot;","block_context":{"text":"Not\u00edcias de Ribeir\u00e3o Preto-SP e Regi\u00e3o","link":"https:\/\/noticiasribeiraopreto.com.br\/index.php\/category\/noticias-de-ribeirao-preto-sp-e-regiao-ismael-colosi\/"},"img":{"alt_text":"","src":"https:\/\/i0.wp.com\/noticiasribeiraopreto.com.br\/wp-content\/uploads\/2025\/05\/leandro-maciel_2025-05-04_23-20-25.webp.webp?fit=1200%2C800&ssl=1&resize=350%2C200","width":350,"height":200,"srcset":"https:\/\/i0.wp.com\/noticiasribeiraopreto.com.br\/wp-content\/uploads\/2025\/05\/leandro-maciel_2025-05-04_23-20-25.webp.webp?fit=1200%2C800&ssl=1&resize=350%2C200 1x, https:\/\/i0.wp.com\/noticiasribeiraopreto.com.br\/wp-content\/uploads\/2025\/05\/leandro-maciel_2025-05-04_23-20-25.webp.webp?fit=1200%2C800&ssl=1&resize=525%2C300 1.5x, https:\/\/i0.wp.com\/noticiasribeiraopreto.com.br\/wp-content\/uploads\/2025\/05\/leandro-maciel_2025-05-04_23-20-25.webp.webp?fit=1200%2C800&ssl=1&resize=700%2C400 2x, https:\/\/i0.wp.com\/noticiasribeiraopreto.com.br\/wp-content\/uploads\/2025\/05\/leandro-maciel_2025-05-04_23-20-25.webp.webp?fit=1200%2C800&ssl=1&resize=1050%2C600 3x"},"classes":[]},{"id":16202,"url":"https:\/\/noticiasribeiraopreto.com.br\/index.php\/2023\/12\/15\/processos-seletivos-no-magalu-cyrela-e-mais-empresas-somam-4-mil-vagas-abertas-2\/","url_meta":{"origin":22170,"position":5},"title":"Processos seletivos no Magalu, Cyrela e mais empresas somam 4 mil vagas abertas","author":"noticiasribeiraopreto.com.br","date":"15 de December de 2023","format":false,"excerpt":"Aproximadamente 4.000 vagas est\u00e3o abertas para profissionais e estudantes de v\u00e1rias \u00e1reas. \u00c9 grande o n\u00famero de empresas que precisam contratar ou recolocar funcion\u00e1rios e\/ou estagi\u00e1rios em todas as regi\u00f5es do Brasil. Com intuito de auxiliar sua busca por uma oportunidade no mercado de trabalho, o JC Concursos preparou uma\u2026","rel":"","context":"In &quot;Vagas de Emprego em Ribeir\u00e3o Preto-SP&quot;","block_context":{"text":"Vagas de Emprego em Ribeir\u00e3o Preto-SP","link":"https:\/\/noticiasribeiraopreto.com.br\/index.php\/category\/empregos-classificados-vagas-trabalho\/vagas-de-empregos-em-ribeirao-preto-regiao-brasil\/"},"img":{"alt_text":"","src":"https:\/\/i0.wp.com\/noticiasribeiraopreto.com.br\/wp-content\/uploads\/2023\/12\/1702633309_mercado-trabalho-carteira-freepik.jpg?fit=1200%2C675&ssl=1&resize=350%2C200","width":350,"height":200,"srcset":"https:\/\/i0.wp.com\/noticiasribeiraopreto.com.br\/wp-content\/uploads\/2023\/12\/1702633309_mercado-trabalho-carteira-freepik.jpg?fit=1200%2C675&ssl=1&resize=350%2C200 1x, https:\/\/i0.wp.com\/noticiasribeiraopreto.com.br\/wp-content\/uploads\/2023\/12\/1702633309_mercado-trabalho-carteira-freepik.jpg?fit=1200%2C675&ssl=1&resize=525%2C300 1.5x, https:\/\/i0.wp.com\/noticiasribeiraopreto.com.br\/wp-content\/uploads\/2023\/12\/1702633309_mercado-trabalho-carteira-freepik.jpg?fit=1200%2C675&ssl=1&resize=700%2C400 2x, https:\/\/i0.wp.com\/noticiasribeiraopreto.com.br\/wp-content\/uploads\/2023\/12\/1702633309_mercado-trabalho-carteira-freepik.jpg?fit=1200%2C675&ssl=1&resize=1050%2C600 3x"},"classes":[]}],"jetpack_sharing_enabled":true,"jetpack_shortlink":"https:\/\/wp.me\/peQAOb-5LA","_links":{"self":[{"href":"https:\/\/noticiasribeiraopreto.com.br\/index.php\/wp-json\/wp\/v2\/posts\/22170","targetHints":{"allow":["GET"]}}],"collection":[{"href":"https:\/\/noticiasribeiraopreto.com.br\/index.php\/wp-json\/wp\/v2\/posts"}],"about":[{"href":"https:\/\/noticiasribeiraopreto.com.br\/index.php\/wp-json\/wp\/v2\/types\/post"}],"author":[{"embeddable":true,"href":"https:\/\/noticiasribeiraopreto.com.br\/index.php\/wp-json\/wp\/v2\/users\/1"}],"replies":[{"embeddable":true,"href":"https:\/\/noticiasribeiraopreto.com.br\/index.php\/wp-json\/wp\/v2\/comments?post=22170"}],"version-history":[{"count":0,"href":"https:\/\/noticiasribeiraopreto.com.br\/index.php\/wp-json\/wp\/v2\/posts\/22170\/revisions"}],"wp:featuredmedia":[{"embeddable":true,"href":"https:\/\/noticiasribeiraopreto.com.br\/index.php\/wp-json\/wp\/v2\/media\/22171"}],"wp:attachment":[{"href":"https:\/\/noticiasribeiraopreto.com.br\/index.php\/wp-json\/wp\/v2\/media?parent=22170"}],"wp:term":[{"taxonomy":"category","embeddable":true,"href":"https:\/\/noticiasribeiraopreto.com.br\/index.php\/wp-json\/wp\/v2\/categories?post=22170"},{"taxonomy":"post_tag","embeddable":true,"href":"https:\/\/noticiasribeiraopreto.com.br\/index.php\/wp-json\/wp\/v2\/tags?post=22170"}],"curies":[{"name":"wp","href":"https:\/\/api.w.org\/{rel}","templated":true}]}}