{"id":22409,"date":"2023-12-29T19:55:07","date_gmt":"2023-12-29T22:55:07","guid":{"rendered":"https:\/\/noticiasribeiraopreto.com.br\/index.php\/2023\/12\/29\/comercio-supermercados-e-shoppings-veja-os-horarios-neste-reveillon\/"},"modified":"2023-12-29T19:55:07","modified_gmt":"2023-12-29T22:55:07","slug":"comercio-supermercados-e-shoppings-veja-os-horarios-neste-reveillon","status":"publish","type":"post","link":"https:\/\/noticiasribeiraopreto.com.br\/index.php\/2023\/12\/29\/comercio-supermercados-e-shoppings-veja-os-horarios-neste-reveillon\/","title":{"rendered":"Com\u00e9rcio, supermercados e shoppings; Veja os hor\u00e1rios neste r\u00e9veillon"},"content":{"rendered":"<div class='code-block code-block-1' style='margin: 8px 0 8px auto; text-align: right; display: block; clear: both;'>\n<p><a href=\"https:\/\/wa.link\/vpicfd\"><img data-recalc-dims=\"1\" class=\"wp-image-4922\" style=\"aspect-ratio: 2.0253164556962027; width: 561px; height: auto;\" src=\"https:\/\/i0.wp.com\/ismaelcolosi.com.br\/wp-content\/uploads\/2023\/11\/grupo-de-empregos-whatsapp-e-facebook-ismael-colosi-vagas.jpg?ssl=1\" alt=\"\" \/><\/a><\/p>\n<!-- \/wp:image -->\n<\/div>\n<p> <br \/>\n<\/p>\n<div>\n<p>A v\u00e9spera e o feriado de <strong>Ano Novo<\/strong> v\u00e3o alterar o funcionamento de diversos setores em <strong>Ribeir\u00e3o Preto<\/strong>, neste final de semana. Os <strong>servi\u00e7os essenciais da Prefeitura<\/strong>, por exemplo, funcionar\u00e3o em escala de plant\u00e3o.<\/p>\n<p><mark style=\"background-color:#fcb900\" class=\"has-inline-color\">No dia <strong>1\u00ba de janeiro<\/strong>, o com\u00e9rcio de <strong>Ribeir\u00e3o Preto estar\u00e1 fechado<\/strong><\/mark>. A decis\u00e3o faz parte da Conven\u00e7\u00e3o Coletiva de Trabalho, assinada pelo <strong>Sincomerci\u00e1rio <\/strong>de <strong>Ribeir\u00e3o Preto<\/strong> e o <strong>Sincovarp <\/strong>(Sindicato do Com\u00e9rcio Varejista de Ribeir\u00e3o Preto).<\/p>\n<p>Os <strong>shoppings de Ribeir\u00e3o Preto<\/strong> tamb\u00e9m v\u00e3o estar com funcionamento alterado neste \u00faltimo final de semana de 2023. <strong>Veja como fica:<\/strong><\/p>\n<h4 class=\"wp-block-heading\"><strong>Supermercados<\/strong><\/h4>\n<p>De acordo a<strong> Apas (Associa\u00e7\u00e3o Paulista de Supermercados)<\/strong> cada supermercado vai decidir seu pr\u00f3prio funcionamento.<\/p>\n<p>Contudo, <strong>as lojas estar\u00e3o fechadas no dia 1\u00ba de janeiro<\/strong>, portanto, se voc\u00ea pretende ir \u00e0s compras no \u00faltimo final de semana do ano, a dica \u00e9 n\u00e3o esquecer nenhum produto para aproveitar o feriado.<\/p>\n<h4 class=\"wp-block-heading\"><strong>Com\u00e9rcio<\/strong><\/h4>\n<p>De acordo com o <strong>Sincovarp<\/strong>, no s\u00e1bado (30), o com\u00e9rcio de rua estar\u00e1 aberto das <strong>9h \u00e0s 15h<\/strong>, <mark style=\"background-color:#fcb900\" class=\"has-inline-color\">sendo facultativo o funcionamento at\u00e9 \u00e0s 18h.<\/mark><\/p>\n<h4 class=\"wp-block-heading\"><strong>Shopping Centers<\/strong><\/h4>\n<p>Domingo, dia 31 de dezembro: 10h \u00e0s 18h (lojas e alimenta\u00e7\u00e3o)<\/p>\n<p>Segunda-feira, dia 1\u00ba de janeiro: Lojas fechadas \/ alimenta\u00e7\u00e3o tem abertura facultativa<\/p>\n<p>Ter\u00e7a-feira, dia 2 janeiro: 10h \u00e0s 22h (lojas e alimenta\u00e7\u00e3o)<\/p>\n<p>Domingo, dia 31 de dezembro: 12h \u00e0s 18h (lojas) \/ 11h \u00e0s 18h (alimenta\u00e7\u00e3o)<\/p>\n<p>Segunda-feira, dia 1\u00ba de janeiro: Lojas fechadas \/ alimenta\u00e7\u00e3o tem abertura facultativa<\/p>\n<p>Ter\u00e7a-feira, dia 2 janeiro: 10h \u00e0s 22h (lojas e alimenta\u00e7\u00e3o)<\/p>\n<p>Domingo, dia 31 de dezembro: 10h \u00e0s 16h (lojas) \/ 11h \u00e0s 16h (alimenta\u00e7\u00e3o)<\/p>\n<p>Segunda-feira, dia 1\u00ba de janeiro: Lojas fechadas \/ alimenta\u00e7\u00e3o tem abertura facultativa<\/p>\n<p>Ter\u00e7a-feira, dia 2 janeiro: 10h \u00e0s 22h (lojas e alimenta\u00e7\u00e3o)<\/p>\n<p>Domingo, dia 31 de dezembro: 10h \u00e0s 18h (lojas e alimenta\u00e7\u00e3o)<\/p>\n<p>Segunda-feira, dia 1\u00ba de janeiro: Lojas fechadas \/ alimenta\u00e7\u00e3o tem abertura facultativa<\/p>\n<p>Ter\u00e7a-feira, dia 2 janeiro: 10h \u00e0s 22h (lojas e alimenta\u00e7\u00e3o)<\/p>\n<p>VEJA TAMB\u00c9M<\/p>\n<p>Confira o que abre e fecha nos servi\u00e7os da Prefeitura de Ribeir\u00e3o durante o feriado prolongado<\/p>\n<h4 class=\"wp-block-heading\"><strong>FIQUE ON<\/strong><\/h4>\n<p>Fique ligado em tudo que acontece em Ribeir\u00e3o Preto e regi\u00e3o. Siga os perfis do\u00a0<strong>acidade on<\/strong>\u00a0no\u00a0<a href=\"https:\/\/www.instagram.com\/acidadeonribeirao\" target=\"_blank\" rel=\"noreferrer noopener\">Instagram<\/a>\u00a0e no\u00a0<a href=\"https:\/\/www.facebook.com\/acidadeonribeirao\" target=\"_blank\" rel=\"noreferrer noopener\">Facebook.<\/a><\/p>\n<p>Receba not\u00edcias do\u00a0<strong>acidade on\u00a0<\/strong>no WhatsApp.\u00a0<a href=\"https:\/\/chat.whatsapp.com\/Bnv2w66ZT4VDyZW3oiZ69n\" target=\"_blank\" rel=\"noreferrer noopener\">Para entrar no grupo, basta clicar aqui.<\/a><\/p>\n<p>Fa\u00e7a uma den\u00fancia ou sugira uma reportagem sobre a Ribeir\u00e3o Preto e regi\u00e3o pelo WhatsApp: (16) 99117 7802.<\/p>\n<p>LEIA MAIS<\/p>\n<p><a href=\"https:\/\/www.tudoep.com\/tudo-valor\/noticias\/NOT,0,0,1869116,caixa-pode-voltar-a-vender-loteria-instantanea-a-popular-raspadinha.aspx\" target=\"_blank\" rel=\"noreferrer noopener\">Caixa pode voltar a vender loteria instant\u00e2nea, a popular raspadinha<\/a><\/p>\n<p><!-- AI CONTENT END 1 -->\n<\/div>\n<p><script async src=\"\/\/www.instagram.com\/embed.js\"><\/script><br \/>\n<br \/><br \/>\n<br \/><a href=\"https:\/\/www.acidadeon.com\/ribeiraopreto\/cotidiano\/comercio-supermercados-e-shoppings-veja-os-horarios-neste-reveillon\/\">Source link <\/a><\/p>\n<!-- CONTENT END 1 -->\n","protected":false},"excerpt":{"rendered":"<p>A v\u00e9spera e o feriado de Ano Novo v\u00e3o alterar o funcionamento de diversos setores em Ribeir\u00e3o Preto, neste final de semana. Os servi\u00e7os essenciais&#8230;<\/p>\n","protected":false},"author":1,"featured_media":22410,"comment_status":"open","ping_status":"open","sticky":false,"template":"","format":"standard","meta":{"advanced_seo_description":"","jetpack_seo_html_title":"","jetpack_seo_noindex":false,"jetpack_post_was_ever_published":false,"_jetpack_newsletter_access":"","_jetpack_dont_email_post_to_subs":false,"_jetpack_newsletter_tier_id":0,"_jetpack_memberships_contains_paywalled_content":false,"_jetpack_memberships_contains_paid_content":false,"footnotes":"","jetpack_publicize_message":"","jetpack_publicize_feature_enabled":true,"jetpack_social_post_already_shared":true,"jetpack_social_options":{"image_generator_settings":{"template":"highway","default_image_id":0,"font":"","enabled":false},"version":2}},"categories":[11],"tags":[386,2657,263,2767,387,1644,48],"class_list":["post-22409","post","type-post","status-publish","format-standard","has-post-thumbnail","hentry","category-noticias-de-ribeirao-preto-sp-e-regiao-ismael-colosi","tag-comercio","tag-horarios","tag-neste","tag-reveillon","tag-shoppings","tag-supermercados","tag-veja"],"jetpack_publicize_connections":[],"jetpack_featured_media_url":"https:\/\/i0.wp.com\/noticiasribeiraopreto.com.br\/wp-content\/uploads\/2023\/12\/shopping-iguatemi.jpeg?fit=1600%2C900&ssl=1","jetpack-related-posts":[{"id":81022,"url":"https:\/\/noticiasribeiraopreto.com.br\/index.php\/2025\/12\/21\/veja-horario-de-funcionamento-do-mercadao-na-semana-do-natal\/","url_meta":{"origin":22409,"position":0},"title":"Veja hor\u00e1rio de funcionamento do Mercad\u00e3o na semana do Natal","author":"noticiasribeiraopreto.com.br","date":"21 de December de 2025","format":false,"excerpt":"Com a proximidade do Natal, o Mercad\u00e3o Central de Ribeir\u00e3o Preto funciona em hor\u00e1rio especial para atender os consumidores que pretendem visitar o espa\u00e7o antes da data comemorativa. O tradicional estabelecimento \u00e9 um dos pontos de com\u00e9rcio mais movimentados da cidade e est\u00e1 localizado no quadril\u00e1tero entre as ruas S\u00e3o\u2026","rel":"","context":"In &quot;Not\u00edcias de Ribeir\u00e3o Preto-SP e Regi\u00e3o&quot;","block_context":{"text":"Not\u00edcias de Ribeir\u00e3o Preto-SP e Regi\u00e3o","link":"https:\/\/noticiasribeiraopreto.com.br\/index.php\/category\/noticias-de-ribeirao-preto-sp-e-regiao-ismael-colosi\/"},"img":{"alt_text":"","src":"https:\/\/i0.wp.com\/noticiasribeiraopreto.com.br\/wp-content\/uploads\/2025\/12\/2019_27_09_aniversario_mercadao_alexandre_de_azevedo_097_2025-12-09_18-39-51.webp.webp?fit=1200%2C800&ssl=1&resize=350%2C200","width":350,"height":200,"srcset":"https:\/\/i0.wp.com\/noticiasribeiraopreto.com.br\/wp-content\/uploads\/2025\/12\/2019_27_09_aniversario_mercadao_alexandre_de_azevedo_097_2025-12-09_18-39-51.webp.webp?fit=1200%2C800&ssl=1&resize=350%2C200 1x, https:\/\/i0.wp.com\/noticiasribeiraopreto.com.br\/wp-content\/uploads\/2025\/12\/2019_27_09_aniversario_mercadao_alexandre_de_azevedo_097_2025-12-09_18-39-51.webp.webp?fit=1200%2C800&ssl=1&resize=525%2C300 1.5x, https:\/\/i0.wp.com\/noticiasribeiraopreto.com.br\/wp-content\/uploads\/2025\/12\/2019_27_09_aniversario_mercadao_alexandre_de_azevedo_097_2025-12-09_18-39-51.webp.webp?fit=1200%2C800&ssl=1&resize=700%2C400 2x, https:\/\/i0.wp.com\/noticiasribeiraopreto.com.br\/wp-content\/uploads\/2025\/12\/2019_27_09_aniversario_mercadao_alexandre_de_azevedo_097_2025-12-09_18-39-51.webp.webp?fit=1200%2C800&ssl=1&resize=1050%2C600 3x"},"classes":[]},{"id":81318,"url":"https:\/\/noticiasribeiraopreto.com.br\/index.php\/2026\/01\/01\/supermercados-de-ribeirao-preto-tem-horarios-especiais-para-a-virada-do-ano-confira\/","url_meta":{"origin":22409,"position":1},"title":"Supermercados de Ribeir\u00e3o Preto t\u00eam hor\u00e1rios especiais para a virada do ano; confira","author":"noticiasribeiraopreto.com.br","date":"1 de January de 2026","format":false,"excerpt":"Quem pretende fazer compras de \u00faltima hora para a virada do ano deve ficar atento aos hor\u00e1rios de funcionamento dos supermercados de Ribeir\u00e3o Preto. No dia 31 de dezembro, v\u00e9spera de Ano Novo, as principais redes operam em hor\u00e1rio especial, enquanto no dia 1\u00ba de janeiro a maioria permanece fechada.\u2026","rel":"","context":"In &quot;Not\u00edcias de Ribeir\u00e3o Preto-SP e Regi\u00e3o&quot;","block_context":{"text":"Not\u00edcias de Ribeir\u00e3o Preto-SP e Regi\u00e3o","link":"https:\/\/noticiasribeiraopreto.com.br\/index.php\/category\/noticias-de-ribeirao-preto-sp-e-regiao-ismael-colosi\/"},"img":{"alt_text":"","src":"https:\/\/i0.wp.com\/noticiasribeiraopreto.com.br\/wp-content\/uploads\/2026\/01\/AnyConv.com__savegnago_2024-07-19_15-27-35.webp.webp?fit=1200%2C800&ssl=1&resize=350%2C200","width":350,"height":200,"srcset":"https:\/\/i0.wp.com\/noticiasribeiraopreto.com.br\/wp-content\/uploads\/2026\/01\/AnyConv.com__savegnago_2024-07-19_15-27-35.webp.webp?fit=1200%2C800&ssl=1&resize=350%2C200 1x, https:\/\/i0.wp.com\/noticiasribeiraopreto.com.br\/wp-content\/uploads\/2026\/01\/AnyConv.com__savegnago_2024-07-19_15-27-35.webp.webp?fit=1200%2C800&ssl=1&resize=525%2C300 1.5x, https:\/\/i0.wp.com\/noticiasribeiraopreto.com.br\/wp-content\/uploads\/2026\/01\/AnyConv.com__savegnago_2024-07-19_15-27-35.webp.webp?fit=1200%2C800&ssl=1&resize=700%2C400 2x, https:\/\/i0.wp.com\/noticiasribeiraopreto.com.br\/wp-content\/uploads\/2026\/01\/AnyConv.com__savegnago_2024-07-19_15-27-35.webp.webp?fit=1200%2C800&ssl=1&resize=1050%2C600 3x"},"classes":[]},{"id":81284,"url":"https:\/\/noticiasribeiraopreto.com.br\/index.php\/2025\/12\/31\/vai-as-compras-veja-os-horarios-do-comercio-e-shoppings-de-ribeirao-preto-no-final-do-ano\/","url_meta":{"origin":22409,"position":2},"title":"Vai \u00e0s compras? Veja os hor\u00e1rios do com\u00e9rcio e shoppings de Ribeir\u00e3o Preto no final do ano","author":"noticiasribeiraopreto.com.br","date":"31 de December de 2025","format":false,"excerpt":"Com a chegada do fim de ano, os hor\u00e1rios de funcionamento do com\u00e9rcio de rua e dos shoppings de Ribeir\u00e3o Preto ser\u00e3o alterados nos dias 31 de dezembro e 1\u00ba de janeiro de 2026. As mudan\u00e7as ocorrem em raz\u00e3o das comemora\u00e7\u00f5es de R\u00e9veillon e do feriado de Ano-Novo. Confira como\u2026","rel":"","context":"In &quot;Not\u00edcias de Ribeir\u00e3o Preto-SP e Regi\u00e3o&quot;","block_context":{"text":"Not\u00edcias de Ribeir\u00e3o Preto-SP e Regi\u00e3o","link":"https:\/\/noticiasribeiraopreto.com.br\/index.php\/category\/noticias-de-ribeirao-preto-sp-e-regiao-ismael-colosi\/"},"img":{"alt_text":"","src":"https:\/\/i0.wp.com\/noticiasribeiraopreto.com.br\/wp-content\/uploads\/2025\/12\/WhatsApp-Image-2025-12-30-at-11.11.05_2025-12-30_15-30-57.webp.webp?fit=1200%2C675&ssl=1&resize=350%2C200","width":350,"height":200,"srcset":"https:\/\/i0.wp.com\/noticiasribeiraopreto.com.br\/wp-content\/uploads\/2025\/12\/WhatsApp-Image-2025-12-30-at-11.11.05_2025-12-30_15-30-57.webp.webp?fit=1200%2C675&ssl=1&resize=350%2C200 1x, https:\/\/i0.wp.com\/noticiasribeiraopreto.com.br\/wp-content\/uploads\/2025\/12\/WhatsApp-Image-2025-12-30-at-11.11.05_2025-12-30_15-30-57.webp.webp?fit=1200%2C675&ssl=1&resize=525%2C300 1.5x, https:\/\/i0.wp.com\/noticiasribeiraopreto.com.br\/wp-content\/uploads\/2025\/12\/WhatsApp-Image-2025-12-30-at-11.11.05_2025-12-30_15-30-57.webp.webp?fit=1200%2C675&ssl=1&resize=700%2C400 2x, https:\/\/i0.wp.com\/noticiasribeiraopreto.com.br\/wp-content\/uploads\/2025\/12\/WhatsApp-Image-2025-12-30-at-11.11.05_2025-12-30_15-30-57.webp.webp?fit=1200%2C675&ssl=1&resize=1050%2C600 3x"},"classes":[]},{"id":22192,"url":"https:\/\/noticiasribeiraopreto.com.br\/index.php\/2023\/12\/29\/mercadao-de-ribeirao-tem-horario-especial-neste-final-de-semana-veja-como-fica\/","url_meta":{"origin":22409,"position":3},"title":"Mercad\u00e3o de Ribeir\u00e3o tem hor\u00e1rio especial neste final de semana; Veja como fica","author":"noticiasribeiraopreto.com.br","date":"29 de December de 2023","format":false,"excerpt":"O Mercad\u00e3o Central de Ribeir\u00e3o Preto informou que, devido \u00e0s celebra\u00e7\u00f5es de ano novo, o hor\u00e1rio de atendimento ao p\u00fablico foi alterado neste \u00faltimo final de semana de 2023. Um dos mais movimentados pontos de com\u00e9rcio da cidade, o mercad\u00e3o est\u00e1 localizado no quadril\u00e1tero entre as ruas S\u00e3o Sebasti\u00e3o, Jos\u00e9\u2026","rel":"","context":"In &quot;Not\u00edcias de Ribeir\u00e3o Preto-SP e Regi\u00e3o&quot;","block_context":{"text":"Not\u00edcias de Ribeir\u00e3o Preto-SP e Regi\u00e3o","link":"https:\/\/noticiasribeiraopreto.com.br\/index.php\/category\/noticias-de-ribeirao-preto-sp-e-regiao-ismael-colosi\/"},"img":{"alt_text":"","src":"https:\/\/i0.wp.com\/noticiasribeiraopreto.com.br\/wp-content\/uploads\/2023\/12\/2019_27_09_aniversario_mercadao_alexandre_de_azevedo_097.jpg?fit=1200%2C800&ssl=1&resize=350%2C200","width":350,"height":200,"srcset":"https:\/\/i0.wp.com\/noticiasribeiraopreto.com.br\/wp-content\/uploads\/2023\/12\/2019_27_09_aniversario_mercadao_alexandre_de_azevedo_097.jpg?fit=1200%2C800&ssl=1&resize=350%2C200 1x, https:\/\/i0.wp.com\/noticiasribeiraopreto.com.br\/wp-content\/uploads\/2023\/12\/2019_27_09_aniversario_mercadao_alexandre_de_azevedo_097.jpg?fit=1200%2C800&ssl=1&resize=525%2C300 1.5x, https:\/\/i0.wp.com\/noticiasribeiraopreto.com.br\/wp-content\/uploads\/2023\/12\/2019_27_09_aniversario_mercadao_alexandre_de_azevedo_097.jpg?fit=1200%2C800&ssl=1&resize=700%2C400 2x, https:\/\/i0.wp.com\/noticiasribeiraopreto.com.br\/wp-content\/uploads\/2023\/12\/2019_27_09_aniversario_mercadao_alexandre_de_azevedo_097.jpg?fit=1200%2C800&ssl=1&resize=1050%2C600 3x"},"classes":[]},{"id":57629,"url":"https:\/\/noticiasribeiraopreto.com.br\/index.php\/2024\/09\/05\/veja-o-horario-do-comercio-de-ribeirao-preto-durante-feriado-de-7-de-setembro\/","url_meta":{"origin":22409,"position":4},"title":"Veja o hor\u00e1rio do com\u00e9rcio de Ribeir\u00e3o Preto durante feriado de 7 de Setembro","author":"noticiasribeiraopreto.com.br","date":"5 de September de 2024","format":false,"excerpt":"O Dia da Independ\u00eancia do Brasil \u00e9 celebrado neste s\u00e1bado (7) e, por conta disso, os hor\u00e1rios de funcionamento do com\u00e9rcio da cidade sofrem mudan\u00e7as. Conforme o Sincovarp (Sindicato do Com\u00e9rcio Varejista de Ribeir\u00e3o Preto) o com\u00e9rcio de rua ter\u00e1 funcionamento facultativo, j\u00e1 os shoppings centers ter\u00e3o hor\u00e1rio reduzido \u2013\u2026","rel":"","context":"In &quot;Not\u00edcias de Ribeir\u00e3o Preto-SP e Regi\u00e3o&quot;","block_context":{"text":"Not\u00edcias de Ribeir\u00e3o Preto-SP e Regi\u00e3o","link":"https:\/\/noticiasribeiraopreto.com.br\/index.php\/category\/noticias-de-ribeirao-preto-sp-e-regiao-ismael-colosi\/"},"img":{"alt_text":"","src":"https:\/\/i0.wp.com\/noticiasribeiraopreto.com.br\/wp-content\/uploads\/2024\/09\/MEIS-ribeirao-preto.jpg?fit=1200%2C799&ssl=1&resize=350%2C200","width":350,"height":200,"srcset":"https:\/\/i0.wp.com\/noticiasribeiraopreto.com.br\/wp-content\/uploads\/2024\/09\/MEIS-ribeirao-preto.jpg?fit=1200%2C799&ssl=1&resize=350%2C200 1x, https:\/\/i0.wp.com\/noticiasribeiraopreto.com.br\/wp-content\/uploads\/2024\/09\/MEIS-ribeirao-preto.jpg?fit=1200%2C799&ssl=1&resize=525%2C300 1.5x, https:\/\/i0.wp.com\/noticiasribeiraopreto.com.br\/wp-content\/uploads\/2024\/09\/MEIS-ribeirao-preto.jpg?fit=1200%2C799&ssl=1&resize=700%2C400 2x, https:\/\/i0.wp.com\/noticiasribeiraopreto.com.br\/wp-content\/uploads\/2024\/09\/MEIS-ribeirao-preto.jpg?fit=1200%2C799&ssl=1&resize=1050%2C600 3x"},"classes":[]},{"id":67718,"url":"https:\/\/noticiasribeiraopreto.com.br\/index.php\/2025\/04\/17\/feriadao-veja-o-horario-de-funcionamento-do-comercio-e-dos-shoppings-de-ribeirao-preto\/","url_meta":{"origin":22409,"position":5},"title":"Feriad\u00e3o: veja o hor\u00e1rio de funcionamento do com\u00e9rcio e dos shoppings de Ribeir\u00e3o Preto","author":"noticiasribeiraopreto.com.br","date":"17 de April de 2025","format":false,"excerpt":"Os feriados nacionais da Semana Santa (18 de abril) e de Tiradentes (21 de abril) v\u00e3o impactar o funcionamento do com\u00e9rcio e dos shoppings em Ribeir\u00e3o Preto. Confira: Com\u00e9rcio de rua Sexta-feira (18): funcionamento facultativo, das 9h \u00e0s 18h Segunda-feira (21): funcionamento facultativo, das 9h \u00e0s 18h Shoppings Shopping Santa\u2026","rel":"","context":"In &quot;Not\u00edcias de Ribeir\u00e3o Preto-SP e Regi\u00e3o&quot;","block_context":{"text":"Not\u00edcias de Ribeir\u00e3o Preto-SP e Regi\u00e3o","link":"https:\/\/noticiasribeiraopreto.com.br\/index.php\/category\/noticias-de-ribeirao-preto-sp-e-regiao-ismael-colosi\/"},"img":{"alt_text":"","src":"https:\/\/i0.wp.com\/noticiasribeiraopreto.com.br\/wp-content\/uploads\/2025\/04\/shopping-iguatemi.jpeg?fit=1200%2C675&ssl=1&resize=350%2C200","width":350,"height":200,"srcset":"https:\/\/i0.wp.com\/noticiasribeiraopreto.com.br\/wp-content\/uploads\/2025\/04\/shopping-iguatemi.jpeg?fit=1200%2C675&ssl=1&resize=350%2C200 1x, https:\/\/i0.wp.com\/noticiasribeiraopreto.com.br\/wp-content\/uploads\/2025\/04\/shopping-iguatemi.jpeg?fit=1200%2C675&ssl=1&resize=525%2C300 1.5x, https:\/\/i0.wp.com\/noticiasribeiraopreto.com.br\/wp-content\/uploads\/2025\/04\/shopping-iguatemi.jpeg?fit=1200%2C675&ssl=1&resize=700%2C400 2x, https:\/\/i0.wp.com\/noticiasribeiraopreto.com.br\/wp-content\/uploads\/2025\/04\/shopping-iguatemi.jpeg?fit=1200%2C675&ssl=1&resize=1050%2C600 3x"},"classes":[]}],"jetpack_sharing_enabled":true,"jetpack_shortlink":"https:\/\/wp.me\/peQAOb-5Pr","_links":{"self":[{"href":"https:\/\/noticiasribeiraopreto.com.br\/index.php\/wp-json\/wp\/v2\/posts\/22409","targetHints":{"allow":["GET"]}}],"collection":[{"href":"https:\/\/noticiasribeiraopreto.com.br\/index.php\/wp-json\/wp\/v2\/posts"}],"about":[{"href":"https:\/\/noticiasribeiraopreto.com.br\/index.php\/wp-json\/wp\/v2\/types\/post"}],"author":[{"embeddable":true,"href":"https:\/\/noticiasribeiraopreto.com.br\/index.php\/wp-json\/wp\/v2\/users\/1"}],"replies":[{"embeddable":true,"href":"https:\/\/noticiasribeiraopreto.com.br\/index.php\/wp-json\/wp\/v2\/comments?post=22409"}],"version-history":[{"count":0,"href":"https:\/\/noticiasribeiraopreto.com.br\/index.php\/wp-json\/wp\/v2\/posts\/22409\/revisions"}],"wp:featuredmedia":[{"embeddable":true,"href":"https:\/\/noticiasribeiraopreto.com.br\/index.php\/wp-json\/wp\/v2\/media\/22410"}],"wp:attachment":[{"href":"https:\/\/noticiasribeiraopreto.com.br\/index.php\/wp-json\/wp\/v2\/media?parent=22409"}],"wp:term":[{"taxonomy":"category","embeddable":true,"href":"https:\/\/noticiasribeiraopreto.com.br\/index.php\/wp-json\/wp\/v2\/categories?post=22409"},{"taxonomy":"post_tag","embeddable":true,"href":"https:\/\/noticiasribeiraopreto.com.br\/index.php\/wp-json\/wp\/v2\/tags?post=22409"}],"curies":[{"name":"wp","href":"https:\/\/api.w.org\/{rel}","templated":true}]}}