{"id":22433,"date":"2023-12-29T21:06:22","date_gmt":"2023-12-30T00:06:22","guid":{"rendered":"https:\/\/noticiasribeiraopreto.com.br\/index.php\/2023\/12\/29\/quer-trabalhar-na-heineken-conheca-as-vagas-locais-e-mais\/"},"modified":"2023-12-29T21:06:22","modified_gmt":"2023-12-30T00:06:22","slug":"quer-trabalhar-na-heineken-conheca-as-vagas-locais-e-mais","status":"publish","type":"post","link":"https:\/\/noticiasribeiraopreto.com.br\/index.php\/2023\/12\/29\/quer-trabalhar-na-heineken-conheca-as-vagas-locais-e-mais\/","title":{"rendered":"Quer trabalhar na Heineken? Conhe\u00e7a as vagas, locais e mais!"},"content":{"rendered":"<div class='code-block code-block-1' style='margin: 8px 0 8px auto; text-align: right; display: block; clear: both;'>\n<p><a href=\"https:\/\/wa.link\/vpicfd\"><img data-recalc-dims=\"1\" class=\"wp-image-4922\" style=\"aspect-ratio: 2.0253164556962027; width: 561px; height: auto;\" src=\"https:\/\/i0.wp.com\/ismaelcolosi.com.br\/wp-content\/uploads\/2023\/11\/grupo-de-empregos-whatsapp-e-facebook-ismael-colosi-vagas.jpg?ssl=1\" alt=\"\" \/><\/a><\/p>\n<!-- \/wp:image -->\n<\/div>\n<p> <br \/>\n<\/p>\n<div>\n<p>A Heineken,\u00a0 cervejaria holandesa, fundada em 1863, que possui cerca de 140 cervejarias em mais de 70 pa\u00edses, empregando aproximadamente 85.000 <a href=\"https:\/\/noticiasconcursos.com.br\/auxilio-brasil-indenizacao-2\/\">pessoas<\/a>, est\u00e1 buscando mais pessoas para compor seu time. Isto \u00e9, antes de falar mais sobre, visualize quais s\u00e3o os cargos ofertados:<\/p>\n<ul>\n<li>Consultor (a) de Televendas \u2013 S\u00e3o Paulo, SP;<\/li>\n<li>Vendedor (a) \u2013 Zona Leste \u2013 S\u00e3o Paulo, SP;<\/li>\n<li>Operador (a) de Log\u00edstica \u2013 Osasco, SP;<\/li>\n<li>Jovem Aprendiz \u2013 Embu das Artes, SP \u2013 Aprendiz;<\/li>\n<li>Promotor (a) de Trade \u2013 Execu\u00e7\u00e3o \u2013 Gramado, RS;<\/li>\n<li>Vendedor (a) \u2013 Embu das Artes \u2013 SP;<\/li>\n<li>Especialista de Utilidades II \u2013 Itu, SP;<\/li>\n<li>Gerente de Trade Marketing \u2013 S\u00e3o Paulo, SP;<\/li>\n<li>L\u00edder de Distribui\u00e7\u00e3o \u2013 Sacom\u00e3 \u2013 S\u00e3o Paulo, SP;<\/li>\n<li>Assistente Executivo (Vaga Tempor\u00e1ria) \u2013 S\u00e3o Paulo, SP \u2013 Tempor\u00e1rio;<\/li>\n<li>Gerente de Tecnologia da Informa\u00e7\u00e3o SR \u2013 S\u00e3o Paulo, SP;<\/li>\n<li>Pessoa Supervisora Produ\u00e7\u00e3o \u2013 Itu, SP;<\/li>\n<li>Pessoa L\u00edder de Distribui\u00e7\u00e3o \u2013 Vaga afirmativa para pessoas negras-\u00a0 Embu das Artes, SP;<\/li>\n<li>Estagi\u00e1rio (a) em RH \u2013 S\u00e3o Paulo \u2013 SP \u2013 Meio per\u00edodo;<\/li>\n<li>Pessoa Vendedora \u2013 Guarulhos, SP;<\/li>\n<li>Executivo Key Account Pleno \u2013 S\u00e3o Paulo, SP;<\/li>\n<li>Ajudante Interno Armazenagem \u2013 Salvador, BA;<\/li>\n<li>Analista Financeiro S\u00eanior \u2013 S\u00e3o Paulo, SP;<\/li>\n<li>Pessoa Coordenadora de Compras \u2013 S\u00e3o Paulo, SP;<\/li>\n<li>Analista Compras S\u00eanior \u2013 S\u00e3o Paulo, SP;<\/li>\n<li>Supervisor (a) de Produ\u00e7\u00e3o \u2013 Igrejinha, RS;<\/li>\n<li>Coordenador (a) de Processo \u2013 Pacatuba, CE;<\/li>\n<li>Supervisor (a) de Vendas Execu\u00e7\u00e3o D \u2013 Bel\u00e9m, PA;<\/li>\n<li>Supervisor (a) de Log\u00edstica I \u2013 Blumenau, SC \u2013 Vaga afirmativa para Mulheres.<\/li>\n<\/ul>\n<figure id=\"attachment_768377\" aria-describedby=\"caption-attachment-768377\" style=\"width: 800px\" class=\"wp-caption alignnone\"><img data-recalc-dims=\"1\" fetchpriority=\"high\" decoding=\"async\" class=\"size-full wp-image-768377\" alt=\"Quer trabalhar na Heineken? Conhe\u00e7a as vagas, locais e mais!\" width=\"800\" height=\"593\" srcset=\"https:\/\/noticiasconcursos.com.br\/wp-content\/uploads\/2023\/11\/noticiasconcursos.com.br-heineken-esta-com-mais-de-60-vagas-abertas-se-inscreva-heineken-1-e1699880661490.jpeg 800w, https:\/\/noticiasconcursos.com.br\/wp-content\/uploads\/2023\/11\/noticiasconcursos.com.br-heineken-esta-com-mais-de-60-vagas-abertas-se-inscreva-heineken-1-e1699880661490-300x222.jpeg 300w, https:\/\/noticiasconcursos.com.br\/wp-content\/uploads\/2023\/11\/noticiasconcursos.com.br-heineken-esta-com-mais-de-60-vagas-abertas-se-inscreva-heineken-1-e1699880661490-768x569.jpeg 768w, https:\/\/noticiasconcursos.com.br\/wp-content\/uploads\/2023\/11\/noticiasconcursos.com.br-heineken-esta-com-mais-de-60-vagas-abertas-se-inscreva-heineken-1-e1699880661490-86x64.jpeg 86w\" data-lazy-sizes=\"(max-width: 800px) 100vw, 800px\" src=\"https:\/\/i0.wp.com\/noticiasconcursos.com.br\/wp-content\/uploads\/2023\/11\/noticiasconcursos.com.br-heineken-esta-com-mais-de-60-vagas-abertas-se-inscreva-heineken-1-e1699880661490.jpeg?resize=800%2C593&#038;ssl=1\"\/><noscript><img data-recalc-dims=\"1\" fetchpriority=\"high\" decoding=\"async\" class=\"size-full wp-image-768377\" src=\"https:\/\/i0.wp.com\/noticiasconcursos.com.br\/wp-content\/uploads\/2023\/11\/noticiasconcursos.com.br-heineken-esta-com-mais-de-60-vagas-abertas-se-inscreva-heineken-1-e1699880661490.jpeg?resize=800%2C593&#038;ssl=1\" alt=\"Quer trabalhar na Heineken? Conhe\u00e7a as vagas, locais e mais!\" width=\"800\" height=\"593\" srcset=\"https:\/\/noticiasconcursos.com.br\/wp-content\/uploads\/2023\/11\/noticiasconcursos.com.br-heineken-esta-com-mais-de-60-vagas-abertas-se-inscreva-heineken-1-e1699880661490.jpeg 800w, https:\/\/noticiasconcursos.com.br\/wp-content\/uploads\/2023\/11\/noticiasconcursos.com.br-heineken-esta-com-mais-de-60-vagas-abertas-se-inscreva-heineken-1-e1699880661490-300x222.jpeg 300w, https:\/\/noticiasconcursos.com.br\/wp-content\/uploads\/2023\/11\/noticiasconcursos.com.br-heineken-esta-com-mais-de-60-vagas-abertas-se-inscreva-heineken-1-e1699880661490-768x569.jpeg 768w, https:\/\/noticiasconcursos.com.br\/wp-content\/uploads\/2023\/11\/noticiasconcursos.com.br-heineken-esta-com-mais-de-60-vagas-abertas-se-inscreva-heineken-1-e1699880661490-86x64.jpeg 86w\" sizes=\"(max-width: 800px) 100vw, 800px\"\/><\/noscript><figcaption id=\"caption-attachment-768377\" class=\"wp-caption-text\">Heineken \u00e9 refer\u00eancia no seu setor de atua\u00e7\u00e3o. Foto: Divulga\u00e7\u00e3o.<\/figcaption><\/figure>\n<h3><strong>Mais sobre a Heineken\u00a0<\/strong><\/h3>\n<p>Falando um pouco mais detalhadamente sobre a <strong>Heineken<\/strong>, \u00e9 de extrema import\u00e2ncia destacar que\u00a0trata-se da a cervejaria mais internacional do mundo.<\/p>\n<p>A marca \u00e9 l\u00edder no desenvolvimento e <a href=\"https:\/\/noticiasconcursos.com.br\/vendas-fracas-derrubam-confianca-do-comercio-em-novembro\/\">comercializa\u00e7\u00e3o<\/a> de marcas premium de cerveja e cidra. Liderado pela Heineken, o Grupo possui um portf\u00f3lio de mais de 300 cervejas e sidras internacionais, regionais, locais e especiais.<\/p>\n<p>Al\u00e9m disso, a empresa est\u00e1 comprometida com a inova\u00e7\u00e3o, o <a href=\"https:\/\/noticiasconcursos.com.br\/nubank-em-2023-relembre-as-opcoes-de-investimento-lancadas-neste-ano\/\">investimento<\/a> de longo prazo na marca, a execu\u00e7\u00e3o disciplinada de vendas e a gest\u00e3o de custos focada.<\/p>\n<p>Atrav\u00e9s do \u201cBrewing a Better World\u201d, a sustentabilidade est\u00e1 incorporada no neg\u00f3cio e agrega valor a todas as partes interessadas. A Heineken tem uma presen\u00e7a geogr\u00e1fica bem equilibrada, com posi\u00e7\u00f5es de lideran\u00e7a em mercados desenvolvidos e em <a href=\"https:\/\/noticiasconcursos.com.br\/bolsa-familia-ministerio-do-desenvolvimento-e-assistencia-social-lanca-servico-de-suporte-direto-aos-beneficiarios\/\">desenvolvimento<\/a>.<\/p>\n<h3><strong>O que fazer para se candidatar?<\/strong><\/h3>\n<div class=\"bs-irp left bs-irp-thumbnail-1\">\n<p>&#13;<br \/><span class=\"h-text heading-typo\">Voc\u00ea tamb\u00e9m pode gostar:<\/span>&#13; <\/p>\n<\/p><\/div>\n<p>Como voc\u00ea j\u00e1 p\u00f4de verificar a lista de cargos da <strong>Heineken<\/strong>, a inscri\u00e7\u00e3o acontece de forma bastante intuitiva e r\u00e1pida. Voc\u00ea s\u00f3 precisa <strong><em><a href=\"https:\/\/br.indeed.com\/cmp\/Heineken\/jobs\" target=\"_blank\" rel=\"noopener\">acessar este link<\/a><\/em><\/strong> para ir automaticamente \u00e0 p\u00e1gina da <strong>Indeed<\/strong>.<\/p>\n<p>Por l\u00e1, \u00e9 s\u00f3 conferir todos os detalhes referentes \u00e0 vaga (requisitos, fun\u00e7\u00f5es, benef\u00edcios, hor\u00e1rio de trabalho, etc..) com aten\u00e7\u00e3o e se candidatar.<\/p>\n<p>Acesse agora mesmo o <strong>Not\u00edcias Concursos<\/strong> para se manter inteirado(a) em todas as principais not\u00edcias do pa\u00eds e ainda ficar ligado(a) nas diversas vagas de empregos espalhadas pelo Brasil!<\/p>\n<\/p><\/div>\n<p><br \/>\n<br \/><a href=\"https:\/\/ismaelcolosi.com.br\/quer-trabalhar-na-heineken-conheca-as-vagas-locais-e-mais\/\">Source link <\/a><\/p>\n<!-- CONTENT END 1 -->\n","protected":false},"excerpt":{"rendered":"<p>A Heineken,\u00a0 cervejaria holandesa, fundada em 1863, que possui cerca de 140 cervejarias em mais de 70 pa\u00edses, empregando aproximadamente 85.000 pessoas, est\u00e1 buscando mais&#8230;<\/p>\n","protected":false},"author":1,"featured_media":22434,"comment_status":"open","ping_status":"open","sticky":false,"template":"","format":"standard","meta":{"advanced_seo_description":"","jetpack_seo_html_title":"","jetpack_seo_noindex":false,"jetpack_post_was_ever_published":false,"_jetpack_newsletter_access":"","_jetpack_dont_email_post_to_subs":false,"_jetpack_newsletter_tier_id":0,"_jetpack_memberships_contains_paywalled_content":false,"_jetpack_memberships_contains_paid_content":false,"footnotes":"","jetpack_publicize_message":"","jetpack_publicize_feature_enabled":true,"jetpack_social_post_already_shared":true,"jetpack_social_options":{"image_generator_settings":{"template":"highway","default_image_id":0,"font":"","enabled":false},"version":2}},"categories":[7],"tags":[],"class_list":["post-22433","post","type-post","status-publish","format-standard","has-post-thumbnail","hentry","category-vagas-de-empregos-em-ribeirao-preto-regiao-brasil"],"jetpack_publicize_connections":[],"jetpack_featured_media_url":"https:\/\/i0.wp.com\/noticiasribeiraopreto.com.br\/wp-content\/uploads\/2023\/12\/noticiasconcursos.com_.br-heineken-esta-com-mais-de-60-vagas-abertas-se-inscreva-heineken-1-e1699880661490.jpeg?fit=800%2C593&ssl=1","jetpack-related-posts":[{"id":16655,"url":"https:\/\/noticiasribeiraopreto.com.br\/index.php\/2023\/12\/16\/bb-seguridade-abre-10-vagas-de-emprego-em-sao-paulo-e-franca-2\/","url_meta":{"origin":22433,"position":0},"title":"BB Seguridade abre 10 vagas de emprego em S\u00e3o Paulo e Franca","author":"noticiasribeiraopreto.com.br","date":"16 de December de 2023","format":false,"excerpt":"Voc\u00ea est\u00e1 em busca de uma oportunidade de emprego em uma empresa que valoriza o seu talento e o seu bem-estar? Ent\u00e3o, confira esta not\u00edcia: a BB Seguridade, uma empresa BB Seguros, holding que concentra os neg\u00f3cios de seguridade do Banco do Brasil, est\u00e1 com 10 vagas de emprego dispon\u00edveis\u2026","rel":"","context":"In &quot;Vagas de Emprego em Ribeir\u00e3o Preto-SP&quot;","block_context":{"text":"Vagas de Emprego em Ribeir\u00e3o Preto-SP","link":"https:\/\/noticiasribeiraopreto.com.br\/index.php\/category\/empregos-classificados-vagas-trabalho\/vagas-de-empregos-em-ribeirao-preto-regiao-brasil\/"},"img":{"alt_text":"","src":"https:\/\/i0.wp.com\/noticiasribeiraopreto.com.br\/wp-content\/uploads\/2023\/12\/banco_do_brasil_bb__-_divulgacaojc_concursos.jpg?fit=1200%2C675&ssl=1&resize=350%2C200","width":350,"height":200,"srcset":"https:\/\/i0.wp.com\/noticiasribeiraopreto.com.br\/wp-content\/uploads\/2023\/12\/banco_do_brasil_bb__-_divulgacaojc_concursos.jpg?fit=1200%2C675&ssl=1&resize=350%2C200 1x, https:\/\/i0.wp.com\/noticiasribeiraopreto.com.br\/wp-content\/uploads\/2023\/12\/banco_do_brasil_bb__-_divulgacaojc_concursos.jpg?fit=1200%2C675&ssl=1&resize=525%2C300 1.5x, https:\/\/i0.wp.com\/noticiasribeiraopreto.com.br\/wp-content\/uploads\/2023\/12\/banco_do_brasil_bb__-_divulgacaojc_concursos.jpg?fit=1200%2C675&ssl=1&resize=700%2C400 2x, https:\/\/i0.wp.com\/noticiasribeiraopreto.com.br\/wp-content\/uploads\/2023\/12\/banco_do_brasil_bb__-_divulgacaojc_concursos.jpg?fit=1200%2C675&ssl=1&resize=1050%2C600 3x"},"classes":[]},{"id":12285,"url":"https:\/\/noticiasribeiraopreto.com.br\/index.php\/2023\/12\/07\/vagas\/","url_meta":{"origin":22433,"position":1},"title":"30 novas vagas de emprego em Ribeir\u00e3o Preto-SP","author":"noticiasribeiraopreto.com.br","date":"7 de December de 2023","format":false,"excerpt":"Atendente e SAC Ribeir\u00e3o Preto (SP)View JobGerente de Marketing e Relacionamento Ribeir\u00e3o Preto e Regi\u00e3o View JobGerente Industrial \/ Produ\u00e7\u00e3o Regi\u00e3o do ABC \u2013 S\u00e3o Paulo View JobGerente de Vendas Externo S\u00e3o Paulo Capital e Grande S\u00e3o PauloView JobDIRETOR(A) DE SUSTENBALIDADE Ribeir\u00e3o Preto (SP)View JobCONTROLLER \u2013 INGL\u00caS FLUENTERibeir\u00e3o Preto (SP)View\u2026","rel":"","context":"In &quot;Vagas de Emprego em Ribeir\u00e3o Preto-SP&quot;","block_context":{"text":"Vagas de Emprego em Ribeir\u00e3o Preto-SP","link":"https:\/\/noticiasribeiraopreto.com.br\/index.php\/category\/empregos-classificados-vagas-trabalho\/vagas-de-empregos-em-ribeirao-preto-regiao-brasil\/"},"img":{"alt_text":"","src":"","width":0,"height":0},"classes":[]},{"id":29786,"url":"https:\/\/noticiasribeiraopreto.com.br\/index.php\/2024\/01\/19\/30-novas-vagas-de-emprego-em-ribeirao-preto-sp-90\/","url_meta":{"origin":22433,"position":2},"title":"30 novas vagas de emprego em Ribeir\u00e3o Preto-SP","author":"noticiasribeiraopreto.com.br","date":"19 de January de 2024","format":false,"excerpt":"Atendente e SAC Ribeir\u00e3o Preto (SP)View JobGerente de Marketing e Relacionamento Ribeir\u00e3o Preto e Regi\u00e3o View JobGerente Industrial \/ Produ\u00e7\u00e3o Regi\u00e3o do ABC \u2013 S\u00e3o Paulo View JobGerente de Vendas Externo S\u00e3o Paulo Capital e Grande S\u00e3o PauloView JobDIRETOR(A) DE SUSTENBALIDADE Ribeir\u00e3o Preto (SP)View JobCONTROLLER \u2013 INGL\u00caS FLUENTERibeir\u00e3o Preto (SP)View\u2026","rel":"","context":"In &quot;Vagas de Emprego em Ribeir\u00e3o Preto-SP&quot;","block_context":{"text":"Vagas de Emprego em Ribeir\u00e3o Preto-SP","link":"https:\/\/noticiasribeiraopreto.com.br\/index.php\/category\/empregos-classificados-vagas-trabalho\/vagas-de-empregos-em-ribeirao-preto-regiao-brasil\/"},"img":{"alt_text":"","src":"","width":0,"height":0},"classes":[]},{"id":31458,"url":"https:\/\/noticiasribeiraopreto.com.br\/index.php\/2024\/01\/22\/30-novas-vagas-de-emprego-em-ribeirao-preto-sp-91\/","url_meta":{"origin":22433,"position":3},"title":"30 novas vagas de emprego em Ribeir\u00e3o Preto-SP","author":"noticiasribeiraopreto.com.br","date":"22 de January de 2024","format":false,"excerpt":"Atendente e SAC Ribeir\u00e3o Preto (SP)View JobGerente de Marketing e Relacionamento Ribeir\u00e3o Preto e Regi\u00e3o View JobGerente Industrial \/ Produ\u00e7\u00e3o Regi\u00e3o do ABC \u2013 S\u00e3o Paulo View JobGerente de Vendas Externo S\u00e3o Paulo Capital e Grande S\u00e3o PauloView JobDIRETOR(A) DE SUSTENBALIDADE Ribeir\u00e3o Preto (SP)View JobCONTROLLER \u2013 INGL\u00caS FLUENTERibeir\u00e3o Preto (SP)View\u2026","rel":"","context":"In &quot;Vagas de Emprego em Ribeir\u00e3o Preto-SP&quot;","block_context":{"text":"Vagas de Emprego em Ribeir\u00e3o Preto-SP","link":"https:\/\/noticiasribeiraopreto.com.br\/index.php\/category\/empregos-classificados-vagas-trabalho\/vagas-de-empregos-em-ribeirao-preto-regiao-brasil\/"},"img":{"alt_text":"","src":"","width":0,"height":0},"classes":[]},{"id":28648,"url":"https:\/\/noticiasribeiraopreto.com.br\/index.php\/2024\/01\/16\/30-novas-vagas-de-emprego-em-ribeirao-preto-sp-89\/","url_meta":{"origin":22433,"position":4},"title":"30 novas vagas de emprego em Ribeir\u00e3o Preto-SP","author":"noticiasribeiraopreto.com.br","date":"16 de January de 2024","format":false,"excerpt":"Atendente e SAC Ribeir\u00e3o Preto (SP)View JobGerente de Marketing e Relacionamento Ribeir\u00e3o Preto e Regi\u00e3o View JobGerente Industrial \/ Produ\u00e7\u00e3o Regi\u00e3o do ABC \u2013 S\u00e3o Paulo View JobGerente de Vendas Externo S\u00e3o Paulo Capital e Grande S\u00e3o PauloView JobDIRETOR(A) DE SUSTENBALIDADE Ribeir\u00e3o Preto (SP)View JobCONTROLLER \u2013 INGL\u00caS FLUENTERibeir\u00e3o Preto (SP)View\u2026","rel":"","context":"In &quot;Vagas de Emprego em Ribeir\u00e3o Preto-SP&quot;","block_context":{"text":"Vagas de Emprego em Ribeir\u00e3o Preto-SP","link":"https:\/\/noticiasribeiraopreto.com.br\/index.php\/category\/empregos-classificados-vagas-trabalho\/vagas-de-empregos-em-ribeirao-preto-regiao-brasil\/"},"img":{"alt_text":"","src":"","width":0,"height":0},"classes":[]},{"id":23099,"url":"https:\/\/noticiasribeiraopreto.com.br\/index.php\/2024\/01\/01\/30-novas-vagas-de-emprego-em-ribeirao-preto-sp-84\/","url_meta":{"origin":22433,"position":5},"title":"30 novas vagas de emprego em Ribeir\u00e3o Preto-SP","author":"noticiasribeiraopreto.com.br","date":"1 de January de 2024","format":false,"excerpt":"Atendente e SAC Ribeir\u00e3o Preto (SP)View JobGerente de Marketing e Relacionamento Ribeir\u00e3o Preto e Regi\u00e3o View JobGerente Industrial \/ Produ\u00e7\u00e3o Regi\u00e3o do ABC \u2013 S\u00e3o Paulo View JobGerente de Vendas Externo S\u00e3o Paulo Capital e Grande S\u00e3o PauloView JobDIRETOR(A) DE SUSTENBALIDADE Ribeir\u00e3o Preto (SP)View JobCONTROLLER \u2013 INGL\u00caS FLUENTERibeir\u00e3o Preto (SP)View\u2026","rel":"","context":"In &quot;Vagas de Emprego em Ribeir\u00e3o Preto-SP&quot;","block_context":{"text":"Vagas de Emprego em Ribeir\u00e3o Preto-SP","link":"https:\/\/noticiasribeiraopreto.com.br\/index.php\/category\/empregos-classificados-vagas-trabalho\/vagas-de-empregos-em-ribeirao-preto-regiao-brasil\/"},"img":{"alt_text":"","src":"","width":0,"height":0},"classes":[]}],"jetpack_sharing_enabled":true,"jetpack_shortlink":"https:\/\/wp.me\/peQAOb-5PP","_links":{"self":[{"href":"https:\/\/noticiasribeiraopreto.com.br\/index.php\/wp-json\/wp\/v2\/posts\/22433","targetHints":{"allow":["GET"]}}],"collection":[{"href":"https:\/\/noticiasribeiraopreto.com.br\/index.php\/wp-json\/wp\/v2\/posts"}],"about":[{"href":"https:\/\/noticiasribeiraopreto.com.br\/index.php\/wp-json\/wp\/v2\/types\/post"}],"author":[{"embeddable":true,"href":"https:\/\/noticiasribeiraopreto.com.br\/index.php\/wp-json\/wp\/v2\/users\/1"}],"replies":[{"embeddable":true,"href":"https:\/\/noticiasribeiraopreto.com.br\/index.php\/wp-json\/wp\/v2\/comments?post=22433"}],"version-history":[{"count":0,"href":"https:\/\/noticiasribeiraopreto.com.br\/index.php\/wp-json\/wp\/v2\/posts\/22433\/revisions"}],"wp:featuredmedia":[{"embeddable":true,"href":"https:\/\/noticiasribeiraopreto.com.br\/index.php\/wp-json\/wp\/v2\/media\/22434"}],"wp:attachment":[{"href":"https:\/\/noticiasribeiraopreto.com.br\/index.php\/wp-json\/wp\/v2\/media?parent=22433"}],"wp:term":[{"taxonomy":"category","embeddable":true,"href":"https:\/\/noticiasribeiraopreto.com.br\/index.php\/wp-json\/wp\/v2\/categories?post=22433"},{"taxonomy":"post_tag","embeddable":true,"href":"https:\/\/noticiasribeiraopreto.com.br\/index.php\/wp-json\/wp\/v2\/tags?post=22433"}],"curies":[{"name":"wp","href":"https:\/\/api.w.org\/{rel}","templated":true}]}}