{"id":22464,"date":"2023-12-29T22:26:32","date_gmt":"2023-12-30T01:26:32","guid":{"rendered":"https:\/\/noticiasribeiraopreto.com.br\/index.php\/2023\/12\/29\/museu-marinho-e-opcao-de-passeio-imperdivel-em-ubatuba\/"},"modified":"2023-12-29T22:26:32","modified_gmt":"2023-12-30T01:26:32","slug":"museu-marinho-e-opcao-de-passeio-imperdivel-em-ubatuba","status":"publish","type":"post","link":"https:\/\/noticiasribeiraopreto.com.br\/index.php\/2023\/12\/29\/museu-marinho-e-opcao-de-passeio-imperdivel-em-ubatuba\/","title":{"rendered":"Museu marinho \u00e9 op\u00e7\u00e3o de passeio imperd\u00edvel em Ubatuba"},"content":{"rendered":"<div class='code-block code-block-1' style='margin: 8px 0 8px auto; text-align: right; display: block; clear: both;'>\n<p><a href=\"https:\/\/wa.link\/vpicfd\"><img data-recalc-dims=\"1\" class=\"wp-image-4922\" style=\"aspect-ratio: 2.0253164556962027; width: 561px; height: auto;\" src=\"https:\/\/i0.wp.com\/ismaelcolosi.com.br\/wp-content\/uploads\/2023\/11\/grupo-de-empregos-whatsapp-e-facebook-ismael-colosi-vagas.jpg?ssl=1\" alt=\"\" \/><\/a><\/p>\n<!-- \/wp:image -->\n<\/div>\n<p> <br \/>\n<\/p>\n<div>\n<p>Procurando passeio para fazer com as crian\u00e7as nas f\u00e9rias? O Museu da Vida Marinha, em Ubatuba, no <a href=\"https:\/\/catracalivre.com.br\/viagem-livre\/sp-tem-29-praias-improprias-para-banho-confira-lista\/\">litoral norte de SP<\/a>, \u00e9 a dica certeira.<\/p>\n<p>O museu proporciona ao visitante uma verdadeira viagem no tempo. Durante as f\u00e9rias de ver\u00e3o, o museu abrir\u00e1 todos os dias, das 10h \u00e0s 18h, e ter\u00e1 programa\u00e7\u00e3o especial para as crian\u00e7as (confira <a href=\"https:\/\/institutoargonauta.org\/projetos\/museu-da-vida-marinha\/\" target=\"_blank\" rel=\"noopener\">aqui<\/a>).<\/p>\n<div id=\"attachment_2329891\" class=\"wp-caption aligncenter\">\n<div class=\"d-flex justify-content-center\" data-attachment-id=\"2329891\">\n<div class=\"position-relative d-inline-block\"><img data-recalc-dims=\"1\" data-portal-copyright=\"Felipe Domingos\/Museu da Vida Marinha\" fetchpriority=\"high\" decoding=\"async\" class=\"wp-image-2329891 size-large\" src=\"https:\/\/i0.wp.com\/catracalivre.com.br\/wp-content\/uploads\/2023\/12\/museu-910x607.jpg?resize=910%2C607&#038;ssl=1\" alt=\"Museu marinho em Ubatuba convida o p\u00fablico para uma viagem no tempo\" width=\"910\" height=\"607\" srcset=\"https:\/\/catracalivre.com.br\/wp-content\/uploads\/2023\/12\/museu-910x607.jpg 910w, https:\/\/catracalivre.com.br\/wp-content\/uploads\/2023\/12\/museu-450x300.jpg 450w, https:\/\/catracalivre.com.br\/wp-content\/uploads\/2023\/12\/museu-768x512.jpg 768w\" sizes=\"(max-width: 910px) 100vw, 910px\"\/><\/p>\n<p>Cr\u00e9ditos: Felipe Domingos\/Museu da Vida Marinha<\/p>\n<\/div>\n<\/div>\n<p><span class=\"post-imagem__legenda\">Museu marinho em Ubatuba convida o p\u00fablico para uma viagem no tempo<\/span><\/p>\n<\/div>\n<p>No Museu da Vida Marinha \u00e9 poss\u00edvel aprender mais sobre como surgiu a vida nos oceanos, com r\u00e9plicas em tamanho natural de r\u00e9pteis marinhos gigantes que habitaram os mares pr\u00e9-hist\u00f3ricos, at\u00e9 esqueletos de animais marinhos atuais.<\/p>\n<p>Localizada em frente \u00e0 praia do Perequ\u00ea-A\u00e7\u00fa, o museu propicia ao p\u00fablico um contato direto com o ambiente marinho; potencializando a sensa\u00e7\u00e3o de \u201cestar\u201d no mar em todo o trajeto entre as salas tem\u00e1ticas.<\/p>\n<div id=\"attachment_2329892\" class=\"wp-caption aligncenter\">\n<div class=\"d-flex justify-content-center\" data-attachment-id=\"2329892\">\n<div class=\"position-relative d-inline-block\"><img data-recalc-dims=\"1\" loading=\"lazy\" data-portal-copyright=\"Divulga\u00e7\u00e3o\/Museu da Vida Marinha\" decoding=\"async\" class=\"size-large wp-image-2329892\" src=\"https:\/\/i0.wp.com\/catracalivre.com.br\/wp-content\/uploads\/2023\/12\/oficina-910x512.jpg?resize=910%2C512&#038;ssl=1\" alt=\"Museu ter\u00e1 programa\u00e7\u00e3o especial nas f\u00e9rias de ver\u00e3o\" width=\"910\" height=\"512\" srcset=\"https:\/\/catracalivre.com.br\/wp-content\/uploads\/2023\/12\/oficina-910x512.jpg 910w, https:\/\/catracalivre.com.br\/wp-content\/uploads\/2023\/12\/oficina-450x253.jpg 450w, https:\/\/catracalivre.com.br\/wp-content\/uploads\/2023\/12\/oficina-768x432.jpg 768w\" sizes=\"auto, (max-width: 910px) 100vw, 910px\"\/><\/p>\n<p>Cr\u00e9ditos: Divulga\u00e7\u00e3o\/Museu da Vida Marinha<\/p>\n<\/div>\n<\/div>\n<p><span class=\"post-imagem__legenda\">Museu ter\u00e1 programa\u00e7\u00e3o especial nas f\u00e9rias de ver\u00e3o<\/span><\/p>\n<\/div>\n<p>O circuito \u00e9 guiado pela equipe do museu, composta por bi\u00f3logos que compartilham saberes oce\u00e2nicos aos visitantes durante a visita.<\/p>\n<p>A ideia \u00e9 sensibilizar seus visitantes, lembrando-os de onde viemos e da import\u00e2ncia da preserva\u00e7\u00e3o destes ambientes para a humanidade.<\/p>\n<h2>Atra\u00e7\u00f5es Museu da Vida Marinha, em Ubatuba<\/h2>\n<p>Entre as atra\u00e7\u00f5es do Museu da Vida Marinha, est\u00e1 o espa\u00e7o tem\u00e1tico de impactos, que conta com a \u201cCaverna dos Ossos\u201d e foi constru\u00edda inteiramente com ossos de animais marinhos, como golfinhos, baleias, pinguins e tartarugas-marinhas.<\/p>\n<p>Alguns deles morreram em raz\u00e3o do contato com seres humanos \u2013seja por meio da pesca acidental, da intera\u00e7\u00e3o com petrechos de pesca descartados irregularmente ou mesmo com res\u00edduos no ambiente marinho.<\/p>\n<div id=\"attachment_2329894\" class=\"wp-caption aligncenter\">\n<div class=\"d-flex justify-content-center\" data-attachment-id=\"2329894\">\n<div class=\"position-relative d-inline-block\"><img data-recalc-dims=\"1\" loading=\"lazy\" data-portal-copyright=\"Felipe Domingos\/Instituto Argonauta\" decoding=\"async\" class=\"size-large wp-image-2329894\" src=\"https:\/\/i0.wp.com\/catracalivre.com.br\/wp-content\/uploads\/2023\/12\/creta-910x607.jpg?resize=910%2C607&#038;ssl=1\" alt=\"Ingressos s\u00e3o revertidos para manuten\u00e7\u00e3o das atividades do Instituto Argonauta\" width=\"910\" height=\"607\" srcset=\"https:\/\/catracalivre.com.br\/wp-content\/uploads\/2023\/12\/creta-910x607.jpg 910w, https:\/\/catracalivre.com.br\/wp-content\/uploads\/2023\/12\/creta-450x300.jpg 450w, https:\/\/catracalivre.com.br\/wp-content\/uploads\/2023\/12\/creta-768x512.jpg 768w\" sizes=\"auto, (max-width: 910px) 100vw, 910px\"\/><\/p>\n<p>Cr\u00e9ditos: Felipe Domingos\/Instituto Argonauta<\/p>\n<\/div>\n<\/div>\n<p><span class=\"post-imagem__legenda\">Ingressos s\u00e3o revertidos para manuten\u00e7\u00e3o das atividades do Instituto Argonauta<\/span><\/p>\n<\/div>\n<p>O Museu da Vida Marinha tamb\u00e9m disp\u00f5e de um audit\u00f3rio multiuso, que \u00e9 aberto ao p\u00fablico em geral para a\u00e7\u00f5es como palestras, workshops, e salas tem\u00e1ticas.<\/p>\n<p>Os visitantes tamb\u00e9m podem acompanhar em tempo real os animais em reabilita\u00e7\u00e3o no Instituto Argonauta, atrav\u00e9s dos monitores disponibilizados no interior do museu.<\/p>\n<p><strong>Museu da Vida Marinha<\/strong><br \/><strong>Onde:<\/strong> Avenida Governador Abreu Sodr\u00e9, 1067, Perequ\u00ea-A\u00e7u, Ubatuba<br \/><strong>Hor\u00e1rio<\/strong>: todos os dias, das 10h \u00e0s 18h<br \/><strong>Quanto<\/strong>: R$ 21,00 e R$10,50 (estudantes at\u00e9 17 anos com carteirinha, estudantes universit\u00e1rios com documento, professores com carteirinha e menores de 12 anos)<br \/><strong>Informa\u00e7\u00f5es<\/strong>: <a href=\"https:\/\/institutoargonauta.org\/projetos\/museu-da-vida-marinha\/\" target=\"_blank\" rel=\"noopener\">www.institutoargonauta.org<\/a><\/p>\n<\/div>\n<p><script>\n\t\t! function(f, b, e, v, n, t, s) {\n\t\t\tif (f.fbq) return;\n\t\t\tn = f.fbq = function() {\n\t\t\t\tn.callMethod ?\n\t\t\t\t\tn.callMethod.apply(n, arguments) : n.queue.push(arguments)\n\t\t\t};\n\t\t\tif (!f._fbq) f._fbq = n;\n\t\t\tn.push = n;\n\t\t\tn.loaded = !0;\n\t\t\tn.version = '2.0';\n\t\t\tn.queue = [];\n\t\t\tt = b.createElement(e);\n\t\t\tt.async = !0;\n\t\t\tt.src = v;\n\t\t\ts = b.getElementsByTagName(e)[0];\n\t\t\ts.parentNode.insertBefore(t, s)\n\t\t}(window, document, 'script',\n\t\t\t'https:\/\/connect.facebook.net\/en_US\/fbevents.js');\n\t\tfbq('init', '338315473262380');\n\t\tfbq('track', 'PageView');\n\t<\/script><br \/>\n<br \/><br \/>\n<br \/><a href=\"https:\/\/catracalivre.com.br\/viagem-livre\/museu-marinho-e-opcao-de-passeio-imperdivel-em-ubatuba\/\">Source link <\/a><\/p>\n<!-- CONTENT END 1 -->\n","protected":false},"excerpt":{"rendered":"<p>Procurando passeio para fazer com as crian\u00e7as nas f\u00e9rias? O Museu da Vida Marinha, em Ubatuba, no litoral norte de SP, \u00e9 a dica certeira&#8230;.<\/p>\n","protected":false},"author":1,"featured_media":22465,"comment_status":"open","ping_status":"open","sticky":false,"template":"","format":"standard","meta":{"advanced_seo_description":"","jetpack_seo_html_title":"","jetpack_seo_noindex":false,"jetpack_post_was_ever_published":false,"_jetpack_newsletter_access":"","_jetpack_dont_email_post_to_subs":false,"_jetpack_newsletter_tier_id":0,"_jetpack_memberships_contains_paywalled_content":false,"_jetpack_memberships_contains_paid_content":false,"footnotes":"","jetpack_publicize_message":"","jetpack_publicize_feature_enabled":true,"jetpack_social_post_already_shared":true,"jetpack_social_options":{"image_generator_settings":{"template":"highway","default_image_id":0,"font":"","enabled":false},"version":2}},"categories":[19],"tags":[],"class_list":["post-22464","post","type-post","status-publish","format-standard","has-post-thumbnail","hentry","category-variedades"],"jetpack_publicize_connections":[],"jetpack_featured_media_url":"https:\/\/i0.wp.com\/noticiasribeiraopreto.com.br\/wp-content\/uploads\/2023\/12\/museu.jpg?fit=1200%2C638&ssl=1","jetpack-related-posts":[{"id":28066,"url":"https:\/\/noticiasribeiraopreto.com.br\/index.php\/2024\/01\/14\/casa-da-memoria-italiana-tem-programacao-gratuita-para-as-ferias-em-ribeirao-preto\/","url_meta":{"origin":22464,"position":0},"title":"Casa da Mem\u00f3ria Italiana tem programa\u00e7\u00e3o gratuita para as f\u00e9rias em Ribeir\u00e3o Preto","author":"noticiasribeiraopreto.com.br","date":"14 de January de 2024","format":false,"excerpt":"O Museu Casa da Mem\u00f3ria Italiana, em Ribeir\u00e3o Preto, anunciou uma programa\u00e7\u00e3o especial de f\u00e9rias nos dias 20 e 27 de janeiro. A a\u00e7\u00e3o faz parte do in\u00edcio da celebra\u00e7\u00e3o dos 150 anos da imigra\u00e7\u00e3o italiana no Brasil. Voltada para crian\u00e7as de 6 a 12 anos, o museu pretende unir\u2026","rel":"","context":"In &quot;Not\u00edcias de Ribeir\u00e3o Preto-SP e Regi\u00e3o&quot;","block_context":{"text":"Not\u00edcias de Ribeir\u00e3o Preto-SP e Regi\u00e3o","link":"https:\/\/noticiasribeiraopreto.com.br\/index.php\/category\/noticias-de-ribeirao-preto-sp-e-regiao-ismael-colosi\/"},"img":{"alt_text":"","src":"https:\/\/i0.wp.com\/noticiasribeiraopreto.com.br\/wp-content\/uploads\/2024\/01\/WhatsApp-Image-2024-01-12-at-15.11.37.jpeg?fit=1200%2C675&ssl=1&resize=350%2C200","width":350,"height":200,"srcset":"https:\/\/i0.wp.com\/noticiasribeiraopreto.com.br\/wp-content\/uploads\/2024\/01\/WhatsApp-Image-2024-01-12-at-15.11.37.jpeg?fit=1200%2C675&ssl=1&resize=350%2C200 1x, https:\/\/i0.wp.com\/noticiasribeiraopreto.com.br\/wp-content\/uploads\/2024\/01\/WhatsApp-Image-2024-01-12-at-15.11.37.jpeg?fit=1200%2C675&ssl=1&resize=525%2C300 1.5x, https:\/\/i0.wp.com\/noticiasribeiraopreto.com.br\/wp-content\/uploads\/2024\/01\/WhatsApp-Image-2024-01-12-at-15.11.37.jpeg?fit=1200%2C675&ssl=1&resize=700%2C400 2x, https:\/\/i0.wp.com\/noticiasribeiraopreto.com.br\/wp-content\/uploads\/2024\/01\/WhatsApp-Image-2024-01-12-at-15.11.37.jpeg?fit=1200%2C675&ssl=1&resize=1050%2C600 3x"},"classes":[]},{"id":73283,"url":"https:\/\/noticiasribeiraopreto.com.br\/index.php\/2025\/06\/28\/museu-casa-de-portinari-tem-programacao-especial-nas-ferias-de-julho-confira\/","url_meta":{"origin":22464,"position":1},"title":"Museu Casa de Portinari tem programa\u00e7\u00e3o especial nas f\u00e9rias de julho; Confira","author":"noticiasribeiraopreto.com.br","date":"28 de June de 2025","format":false,"excerpt":"O Museu Casa de Portinari, em Brodowski, na regi\u00e3o de Ribeir\u00e3o Preto, oferece uma programa\u00e7\u00e3o especial de f\u00e9rias gratuita com oficinas, brincadeiras, jogos e espa\u00e7os de leitura. O projeto \u201cF\u00e9rias no Museu\u201d estimula a criatividade e aproxima as crian\u00e7as do universo art\u00edstico de Portinari. As atividades acontecem na esplanada do\u2026","rel":"","context":"In &quot;Not\u00edcias de Ribeir\u00e3o Preto-SP e Regi\u00e3o&quot;","block_context":{"text":"Not\u00edcias de Ribeir\u00e3o Preto-SP e Regi\u00e3o","link":"https:\/\/noticiasribeiraopreto.com.br\/index.php\/category\/noticias-de-ribeirao-preto-sp-e-regiao-ismael-colosi\/"},"img":{"alt_text":"","src":"https:\/\/i0.wp.com\/noticiasribeiraopreto.com.br\/wp-content\/uploads\/2025\/06\/5b6b7a56-6e5e-497d-8fe3-fe7aeed37d26_2025-06-28_17-41-04.webp.webp?fit=1200%2C728&ssl=1&resize=350%2C200","width":350,"height":200,"srcset":"https:\/\/i0.wp.com\/noticiasribeiraopreto.com.br\/wp-content\/uploads\/2025\/06\/5b6b7a56-6e5e-497d-8fe3-fe7aeed37d26_2025-06-28_17-41-04.webp.webp?fit=1200%2C728&ssl=1&resize=350%2C200 1x, https:\/\/i0.wp.com\/noticiasribeiraopreto.com.br\/wp-content\/uploads\/2025\/06\/5b6b7a56-6e5e-497d-8fe3-fe7aeed37d26_2025-06-28_17-41-04.webp.webp?fit=1200%2C728&ssl=1&resize=525%2C300 1.5x, https:\/\/i0.wp.com\/noticiasribeiraopreto.com.br\/wp-content\/uploads\/2025\/06\/5b6b7a56-6e5e-497d-8fe3-fe7aeed37d26_2025-06-28_17-41-04.webp.webp?fit=1200%2C728&ssl=1&resize=700%2C400 2x, https:\/\/i0.wp.com\/noticiasribeiraopreto.com.br\/wp-content\/uploads\/2025\/06\/5b6b7a56-6e5e-497d-8fe3-fe7aeed37d26_2025-06-28_17-41-04.webp.webp?fit=1200%2C728&ssl=1&resize=1050%2C600 3x"},"classes":[]},{"id":73721,"url":"https:\/\/noticiasribeiraopreto.com.br\/index.php\/2025\/07\/08\/museu-casa-da-memoria-italiana-oferece-programacao-gratuita-de-ferias\/","url_meta":{"origin":22464,"position":2},"title":"Museu Casa da Mem\u00f3ria Italiana oferece programa\u00e7\u00e3o gratuita de f\u00e9rias","author":"noticiasribeiraopreto.com.br","date":"8 de July de 2025","format":false,"excerpt":"Durante o m\u00eas de julho, o Museu Casa da Mem\u00f3ria Italiana oferece uma programa\u00e7\u00e3o gratuita e especial de f\u00e9rias para as crian\u00e7as. As atividades unem cultura, m\u00fasica e tradi\u00e7\u00e3o entre os dias 10 a 13 de julho. Com exce\u00e7\u00e3o do domingo (13), as vagas s\u00e3o limitadas, com agendamento pr\u00e9vio. F\u00e9rias\u2026","rel":"","context":"In &quot;Not\u00edcias de Ribeir\u00e3o Preto-SP e Regi\u00e3o&quot;","block_context":{"text":"Not\u00edcias de Ribeir\u00e3o Preto-SP e Regi\u00e3o","link":"https:\/\/noticiasribeiraopreto.com.br\/index.php\/category\/noticias-de-ribeirao-preto-sp-e-regiao-ismael-colosi\/"},"img":{"alt_text":"","src":"https:\/\/i0.wp.com\/noticiasribeiraopreto.com.br\/wp-content\/uploads\/2025\/07\/Atividade-com-criancas_2025-07-08_13-50-38.webp.webp?fit=1200%2C900&ssl=1&resize=350%2C200","width":350,"height":200,"srcset":"https:\/\/i0.wp.com\/noticiasribeiraopreto.com.br\/wp-content\/uploads\/2025\/07\/Atividade-com-criancas_2025-07-08_13-50-38.webp.webp?fit=1200%2C900&ssl=1&resize=350%2C200 1x, https:\/\/i0.wp.com\/noticiasribeiraopreto.com.br\/wp-content\/uploads\/2025\/07\/Atividade-com-criancas_2025-07-08_13-50-38.webp.webp?fit=1200%2C900&ssl=1&resize=525%2C300 1.5x, https:\/\/i0.wp.com\/noticiasribeiraopreto.com.br\/wp-content\/uploads\/2025\/07\/Atividade-com-criancas_2025-07-08_13-50-38.webp.webp?fit=1200%2C900&ssl=1&resize=700%2C400 2x, https:\/\/i0.wp.com\/noticiasribeiraopreto.com.br\/wp-content\/uploads\/2025\/07\/Atividade-com-criancas_2025-07-08_13-50-38.webp.webp?fit=1200%2C900&ssl=1&resize=1050%2C600 3x"},"classes":[]},{"id":62383,"url":"https:\/\/noticiasribeiraopreto.com.br\/index.php\/2025\/01\/13\/museu-casa-da-memoria-italiana-tera-atividades-de-ferias-veja-a-programacao\/","url_meta":{"origin":22464,"position":3},"title":"Museu Casa da Mem\u00f3ria Italiana ter\u00e1 atividades de f\u00e9rias; Veja a programa\u00e7\u00e3o","author":"noticiasribeiraopreto.com.br","date":"13 de January de 2025","format":false,"excerpt":"No m\u00eas de janeiro, o Museu Casa da Mem\u00f3ria Italiana oferece uma programa\u00e7\u00e3o especial e gratuita para as crian\u00e7as. A programa\u00e7\u00e3o acontece entre os dias 17, 23 e 24 de janeiro, \u00e0s 15h, e nos dias 18 e 25 de janeiro, \u00e0s 10h. Para participar, \u00e9 necess\u00e1rio fazer uma inscri\u00e7\u00e3o\u2026","rel":"","context":"In &quot;Not\u00edcias de Ribeir\u00e3o Preto-SP e Regi\u00e3o&quot;","block_context":{"text":"Not\u00edcias de Ribeir\u00e3o Preto-SP e Regi\u00e3o","link":"https:\/\/noticiasribeiraopreto.com.br\/index.php\/category\/noticias-de-ribeirao-preto-sp-e-regiao-ismael-colosi\/"},"img":{"alt_text":"","src":"https:\/\/i0.wp.com\/noticiasribeiraopreto.com.br\/wp-content\/uploads\/2025\/01\/criancas-no-quintal-do-museu-casa_2025-01-13_12-09-59_jpg_2025-01-13_12-09-59.webp.webp?fit=1200%2C800&ssl=1&resize=350%2C200","width":350,"height":200,"srcset":"https:\/\/i0.wp.com\/noticiasribeiraopreto.com.br\/wp-content\/uploads\/2025\/01\/criancas-no-quintal-do-museu-casa_2025-01-13_12-09-59_jpg_2025-01-13_12-09-59.webp.webp?fit=1200%2C800&ssl=1&resize=350%2C200 1x, https:\/\/i0.wp.com\/noticiasribeiraopreto.com.br\/wp-content\/uploads\/2025\/01\/criancas-no-quintal-do-museu-casa_2025-01-13_12-09-59_jpg_2025-01-13_12-09-59.webp.webp?fit=1200%2C800&ssl=1&resize=525%2C300 1.5x, https:\/\/i0.wp.com\/noticiasribeiraopreto.com.br\/wp-content\/uploads\/2025\/01\/criancas-no-quintal-do-museu-casa_2025-01-13_12-09-59_jpg_2025-01-13_12-09-59.webp.webp?fit=1200%2C800&ssl=1&resize=700%2C400 2x, https:\/\/i0.wp.com\/noticiasribeiraopreto.com.br\/wp-content\/uploads\/2025\/01\/criancas-no-quintal-do-museu-casa_2025-01-13_12-09-59_jpg_2025-01-13_12-09-59.webp.webp?fit=1200%2C800&ssl=1&resize=1050%2C600 3x"},"classes":[]},{"id":61894,"url":"https:\/\/noticiasribeiraopreto.com.br\/index.php\/2024\/12\/26\/museu-casa-de-portinari-promove-atividades-gratuitas-para-ferias-de-janeiro\/","url_meta":{"origin":22464,"position":4},"title":"Museu Casa de Portinari promove atividades gratuitas para f\u00e9rias de janeiro","author":"noticiasribeiraopreto.com.br","date":"26 de December de 2024","format":false,"excerpt":"O Museu Casa de Portinari, localizado em Brodowski, na regi\u00e3o de Ribeir\u00e3o Preto, preparou uma programa\u00e7\u00e3o gratuita para todos os p\u00fablicos durante as f\u00e9rias de janeiro. Entre os destaques est\u00e3o o projeto \u201cF\u00e9rias no Museu: Brincandinho\u201d, com jogos e brincadeiras tradicionais, al\u00e9m de diversas oficinas e atra\u00e7\u00f5es culturais como a\u2026","rel":"","context":"In &quot;Not\u00edcias de Ribeir\u00e3o Preto-SP e Regi\u00e3o&quot;","block_context":{"text":"Not\u00edcias de Ribeir\u00e3o Preto-SP e Regi\u00e3o","link":"https:\/\/noticiasribeiraopreto.com.br\/index.php\/category\/noticias-de-ribeirao-preto-sp-e-regiao-ismael-colosi\/"},"img":{"alt_text":"","src":"https:\/\/i0.wp.com\/noticiasribeiraopreto.com.br\/wp-content\/uploads\/2024\/12\/Copia-de-Copia-de-Copia-de-TAMANHO-EXATO-PARA-FOTOS-NO-SISTEMA-NOVO-2024-12-26T204630.618_2024-12-26_23-48-01_png_2024-12-26_23-48-01.webp.webp?fit=1200%2C675&ssl=1&resize=350%2C200","width":350,"height":200,"srcset":"https:\/\/i0.wp.com\/noticiasribeiraopreto.com.br\/wp-content\/uploads\/2024\/12\/Copia-de-Copia-de-Copia-de-TAMANHO-EXATO-PARA-FOTOS-NO-SISTEMA-NOVO-2024-12-26T204630.618_2024-12-26_23-48-01_png_2024-12-26_23-48-01.webp.webp?fit=1200%2C675&ssl=1&resize=350%2C200 1x, https:\/\/i0.wp.com\/noticiasribeiraopreto.com.br\/wp-content\/uploads\/2024\/12\/Copia-de-Copia-de-Copia-de-TAMANHO-EXATO-PARA-FOTOS-NO-SISTEMA-NOVO-2024-12-26T204630.618_2024-12-26_23-48-01_png_2024-12-26_23-48-01.webp.webp?fit=1200%2C675&ssl=1&resize=525%2C300 1.5x, https:\/\/i0.wp.com\/noticiasribeiraopreto.com.br\/wp-content\/uploads\/2024\/12\/Copia-de-Copia-de-Copia-de-TAMANHO-EXATO-PARA-FOTOS-NO-SISTEMA-NOVO-2024-12-26T204630.618_2024-12-26_23-48-01_png_2024-12-26_23-48-01.webp.webp?fit=1200%2C675&ssl=1&resize=700%2C400 2x, https:\/\/i0.wp.com\/noticiasribeiraopreto.com.br\/wp-content\/uploads\/2024\/12\/Copia-de-Copia-de-Copia-de-TAMANHO-EXATO-PARA-FOTOS-NO-SISTEMA-NOVO-2024-12-26T204630.618_2024-12-26_23-48-01_png_2024-12-26_23-48-01.webp.webp?fit=1200%2C675&ssl=1&resize=1050%2C600 3x"},"classes":[]},{"id":27577,"url":"https:\/\/noticiasribeiraopreto.com.br\/index.php\/2024\/01\/12\/confira-as-atividades-do-museu-casa-de-portinari-para-os-proximos-dias\/","url_meta":{"origin":22464,"position":5},"title":"Confira as atividades do Museu Casa de Portinari para os pr\u00f3ximos dias","author":"noticiasribeiraopreto.com.br","date":"12 de January de 2024","format":false,"excerpt":"Os destaques s\u00e3o uma pe\u00e7a de teatro que conta de forma l\u00fadica a inf\u00e2ncia de Candido Portinari e a 11\u00aa edi\u00e7\u00e3o do #MuseumSelfieDay, que convida visitantes de museus do mundo inteiro a compartilharem suas impress\u00f5es sobre as mostras visitadas.Al\u00e9m disso, o projeto \u201cF\u00e9rias no Museu\u201d continua a todo o vapor,\u2026","rel":"","context":"In &quot;Not\u00edcias de Ribeir\u00e3o Preto-SP e Regi\u00e3o&quot;","block_context":{"text":"Not\u00edcias de Ribeir\u00e3o Preto-SP e Regi\u00e3o","link":"https:\/\/noticiasribeiraopreto.com.br\/index.php\/category\/noticias-de-ribeirao-preto-sp-e-regiao-ismael-colosi\/"},"img":{"alt_text":"","src":"https:\/\/i0.wp.com\/noticiasribeiraopreto.com.br\/wp-content\/uploads\/2024\/01\/download.png?fit=524%2C295&ssl=1&resize=350%2C200","width":350,"height":200},"classes":[]}],"jetpack_sharing_enabled":true,"jetpack_shortlink":"https:\/\/wp.me\/peQAOb-5Qk","_links":{"self":[{"href":"https:\/\/noticiasribeiraopreto.com.br\/index.php\/wp-json\/wp\/v2\/posts\/22464","targetHints":{"allow":["GET"]}}],"collection":[{"href":"https:\/\/noticiasribeiraopreto.com.br\/index.php\/wp-json\/wp\/v2\/posts"}],"about":[{"href":"https:\/\/noticiasribeiraopreto.com.br\/index.php\/wp-json\/wp\/v2\/types\/post"}],"author":[{"embeddable":true,"href":"https:\/\/noticiasribeiraopreto.com.br\/index.php\/wp-json\/wp\/v2\/users\/1"}],"replies":[{"embeddable":true,"href":"https:\/\/noticiasribeiraopreto.com.br\/index.php\/wp-json\/wp\/v2\/comments?post=22464"}],"version-history":[{"count":0,"href":"https:\/\/noticiasribeiraopreto.com.br\/index.php\/wp-json\/wp\/v2\/posts\/22464\/revisions"}],"wp:featuredmedia":[{"embeddable":true,"href":"https:\/\/noticiasribeiraopreto.com.br\/index.php\/wp-json\/wp\/v2\/media\/22465"}],"wp:attachment":[{"href":"https:\/\/noticiasribeiraopreto.com.br\/index.php\/wp-json\/wp\/v2\/media?parent=22464"}],"wp:term":[{"taxonomy":"category","embeddable":true,"href":"https:\/\/noticiasribeiraopreto.com.br\/index.php\/wp-json\/wp\/v2\/categories?post=22464"},{"taxonomy":"post_tag","embeddable":true,"href":"https:\/\/noticiasribeiraopreto.com.br\/index.php\/wp-json\/wp\/v2\/tags?post=22464"}],"curies":[{"name":"wp","href":"https:\/\/api.w.org\/{rel}","templated":true}]}}