{"id":22485,"date":"2023-12-29T23:40:24","date_gmt":"2023-12-30T02:40:24","guid":{"rendered":"https:\/\/noticiasribeiraopreto.com.br\/index.php\/2023\/12\/29\/familia-reconhece-corpo-de-turista-da-regiao-que-desapareceu-em-ubatuba\/"},"modified":"2023-12-29T23:40:24","modified_gmt":"2023-12-30T02:40:24","slug":"familia-reconhece-corpo-de-turista-da-regiao-que-desapareceu-em-ubatuba","status":"publish","type":"post","link":"https:\/\/noticiasribeiraopreto.com.br\/index.php\/2023\/12\/29\/familia-reconhece-corpo-de-turista-da-regiao-que-desapareceu-em-ubatuba\/","title":{"rendered":"Fam\u00edlia reconhece corpo de turista da regi\u00e3o que desapareceu em Ubatuba"},"content":{"rendered":"<div class='code-block code-block-1' style='margin: 8px 0 8px auto; text-align: right; display: block; clear: both;'>\n<p><a href=\"https:\/\/wa.link\/vpicfd\"><img data-recalc-dims=\"1\" class=\"wp-image-4922\" style=\"aspect-ratio: 2.0253164556962027; width: 561px; height: auto;\" src=\"https:\/\/i0.wp.com\/ismaelcolosi.com.br\/wp-content\/uploads\/2023\/11\/grupo-de-empregos-whatsapp-e-facebook-ismael-colosi-vagas.jpg?ssl=1\" alt=\"\" \/><\/a><\/p>\n<!-- \/wp:image -->\n<\/div>\n<p> <br \/>\n<\/p>\n<p>A fam\u00edlia de <strong>Danilo da Silva Moura<\/strong>, morador de <strong>Araraquara<\/strong>, na <strong>regi\u00e3o de Ribeir\u00e3o Preto<\/strong>, que estava desaparecido em <strong>Ubatuba<\/strong>, reconheceu o corpo que foi encontrado na manh\u00e3 da \u00faltima quinta-feira (28).<\/p>\n<p>Segundo o <strong>GBMar (Grupamento de Bombeiros Mar\u00edtimos)<\/strong>, <mark style=\"background-color:#fcb900\" class=\"has-inline-color has-black-color\">o corpo de Danilo foi visto por um turista que passeava de moto aqu\u00e1tica entre as praias Vermelha e Itamambuca.<\/mark><\/p>\n<p>Os Bombeiros foram acionados at\u00e9 o local e fizeram a retirada do corpo. A v\u00edtima estava desaparecida desde o \u00faltimo domingo (24) e as buscas chegaram a ser suspensas por conta da demora.<\/p>\n<p>O corpo de Danilo foi encaminhado para o <strong>IML (Instituto M\u00e9dico Legal) de Caraguatatuba<\/strong>, onde foi reconhecido pelos familiares. Confira a cobertura completa sobre o caso no <strong>acidade on Araraquara.<\/strong><\/p>\n<p>VEJA TAMB\u00c9M<\/p>\n<p>Embarca\u00e7\u00f5es afundam ap\u00f3s colis\u00e3o no interior de SP; Veja o v\u00eddeo<\/p>\n<h4 class=\"wp-block-heading\"><strong>FIQUE ON<\/strong><\/h4>\n<p>Fique ligado em tudo que acontece em Ribeir\u00e3o Preto e regi\u00e3o. Siga os perfis do <strong>acidade on<\/strong> no <a href=\"https:\/\/www.instagram.com\/acidadeonribeirao\" target=\"_blank\" rel=\"noreferrer noopener nofollow\">Instagram<\/a> e no <a href=\"https:\/\/www.facebook.com\/acidadeonribeirao\" target=\"_blank\" rel=\"noreferrer noopener nofollow\">Facebook.<\/a><\/p>\n<p>Receba not\u00edcias do <strong>acidade on <\/strong>no WhatsApp. <a href=\"https:\/\/chat.whatsapp.com\/Bnv2w66ZT4VDyZW3oiZ69n\" target=\"_blank\" rel=\"noreferrer noopener nofollow\">Para entrar no grupo, basta clicar aqui.<\/a><\/p>\n<p>Fa\u00e7a uma den\u00fancia ou sugira uma reportagem sobre a Ribeir\u00e3o Preto e regi\u00e3o pelo WhatsApp: (16) 99117 7802.<\/p>\n<p>LEIA MAIS<\/p>\n<p>Petrobras 2024: empresa abre concurso com 6.412 vagas<\/p>\n<p>O post Fam\u00edlia reconhece corpo de turista da regi\u00e3o que desapareceu em Ubatuba apareceu primeiro em ACidade ON Ribeir\u00e3o Preto.<\/p>\n<p><script async src=\"\/\/www.instagram.com\/embed.js\"><\/script><br \/>\n<br \/><br \/>\n<br \/><a href=\"https:\/\/www.acidadeon.com\/ribeiraopreto\/cotidiano\/familia-reconhece-corpo-de-turista-da-regiao-que-desapareceu-em-ubatuba\/\">Source link <\/a><\/p>\n<!-- CONTENT END 1 -->\n","protected":false},"excerpt":{"rendered":"<p>A fam\u00edlia de Danilo da Silva Moura, morador de Araraquara, na regi\u00e3o de Ribeir\u00e3o Preto, que estava desaparecido em Ubatuba, reconheceu o corpo que foi&#8230;<\/p>\n","protected":false},"author":1,"featured_media":22486,"comment_status":"open","ping_status":"open","sticky":false,"template":"","format":"standard","meta":{"advanced_seo_description":"","jetpack_seo_html_title":"","jetpack_seo_noindex":false,"jetpack_post_was_ever_published":false,"_jetpack_newsletter_access":"","_jetpack_dont_email_post_to_subs":false,"_jetpack_newsletter_tier_id":0,"_jetpack_memberships_contains_paywalled_content":false,"_jetpack_memberships_contains_paid_content":false,"footnotes":"","jetpack_publicize_message":"","jetpack_publicize_feature_enabled":true,"jetpack_social_post_already_shared":true,"jetpack_social_options":{"image_generator_settings":{"template":"highway","default_image_id":0,"font":"","enabled":false},"version":2}},"categories":[11],"tags":[944,2814,73,1272,277,2813,2815],"class_list":["post-22485","post","type-post","status-publish","format-standard","has-post-thumbnail","hentry","category-noticias-de-ribeirao-preto-sp-e-regiao-ismael-colosi","tag-corpo","tag-desapareceu","tag-familia","tag-reconhece","tag-regiao","tag-turista","tag-ubatuba"],"jetpack_publicize_connections":[],"jetpack_featured_media_url":"https:\/\/i0.wp.com\/noticiasribeiraopreto.com.br\/wp-content\/uploads\/2023\/12\/danilo-moura.jpg?fit=1068%2C712&ssl=1","jetpack-related-posts":[{"id":84260,"url":"https:\/\/noticiasribeiraopreto.com.br\/index.php\/2026\/04\/06\/turista-de-ribeirao-preto-morre-apos-se-afogar-em-praia-de-ubatuba\/","url_meta":{"origin":22485,"position":0},"title":"Turista de Ribeir\u00e3o Preto morre ap\u00f3s se afogar em praia de Ubatuba","author":"noticiasribeiraopreto.com.br","date":"6 de April de 2026","format":false,"excerpt":"Ler o resumo da not\u00edcia Turista de Ribeir\u00e3o Preto morre afogado em praia de Ubatuba Um turista de Ribeir\u00e3o Preto morreu afogado em Ubatuba, litoral norte de S\u00e3o Paulo, no \u00faltimo domingo (5). Denis Wiver de Oliveira, de 51 anos, passava o fim de semana com a fam\u00edlia na praia\u2026","rel":"","context":"In &quot;Not\u00edcias de Ribeir\u00e3o Preto-SP e Regi\u00e3o&quot;","block_context":{"text":"Not\u00edcias de Ribeir\u00e3o Preto-SP e Regi\u00e3o","link":"https:\/\/noticiasribeiraopreto.com.br\/index.php\/category\/noticias-de-ribeirao-preto-sp-e-regiao-ismael-colosi\/"},"img":{"alt_text":"","src":"https:\/\/i0.wp.com\/noticiasribeiraopreto.com.br\/wp-content\/uploads\/2026\/04\/denis_2026-04-06_16-12-37.webp.webp?fit=1200%2C674&ssl=1&resize=350%2C200","width":350,"height":200,"srcset":"https:\/\/i0.wp.com\/noticiasribeiraopreto.com.br\/wp-content\/uploads\/2026\/04\/denis_2026-04-06_16-12-37.webp.webp?fit=1200%2C674&ssl=1&resize=350%2C200 1x, https:\/\/i0.wp.com\/noticiasribeiraopreto.com.br\/wp-content\/uploads\/2026\/04\/denis_2026-04-06_16-12-37.webp.webp?fit=1200%2C674&ssl=1&resize=525%2C300 1.5x, https:\/\/i0.wp.com\/noticiasribeiraopreto.com.br\/wp-content\/uploads\/2026\/04\/denis_2026-04-06_16-12-37.webp.webp?fit=1200%2C674&ssl=1&resize=700%2C400 2x, https:\/\/i0.wp.com\/noticiasribeiraopreto.com.br\/wp-content\/uploads\/2026\/04\/denis_2026-04-06_16-12-37.webp.webp?fit=1200%2C674&ssl=1&resize=1050%2C600 3x"},"classes":[]},{"id":58588,"url":"https:\/\/noticiasribeiraopreto.com.br\/index.php\/2024\/10\/01\/bombeiros-encontram-corpo-de-moradora-da-regiao-de-ribeirao-preto-no-rio-grande\/","url_meta":{"origin":22485,"position":1},"title":"Bombeiros encontram corpo de moradora da regi\u00e3o de Ribeir\u00e3o Preto no rio Grande","author":"noticiasribeiraopreto.com.br","date":"1 de October de 2024","format":false,"excerpt":"O Corpo de Bombeiros encontrou, no final da tarde desta segunda-feira (30), o corpo da idosa de Franca, regi\u00e3o de Ribeir\u00e3o Preto, que estava desaparecida no rio Grande, entre Claraval-MG e Ibiraci-MG. Marli Cardoso da Silva, de 66 anos, estava desaparecida desde o \u00faltimo s\u00e1bado (28), e foi localizada a\u2026","rel":"","context":"In &quot;Not\u00edcias de Ribeir\u00e3o Preto-SP e Regi\u00e3o&quot;","block_context":{"text":"Not\u00edcias de Ribeir\u00e3o Preto-SP e Regi\u00e3o","link":"https:\/\/noticiasribeiraopreto.com.br\/index.php\/category\/noticias-de-ribeirao-preto-sp-e-regiao-ismael-colosi\/"},"img":{"alt_text":"","src":"https:\/\/i0.wp.com\/noticiasribeiraopreto.com.br\/wp-content\/uploads\/2024\/10\/Copia-de-Copia-de-Copia-de-TAMANHO-EXATO-PARA-FOTOS-NO-SISTEMA-NOVO-84_2024-10-01_18-31-55_png_2024-10-01_18-31-55.webp.webp?fit=1200%2C675&ssl=1&resize=350%2C200","width":350,"height":200,"srcset":"https:\/\/i0.wp.com\/noticiasribeiraopreto.com.br\/wp-content\/uploads\/2024\/10\/Copia-de-Copia-de-Copia-de-TAMANHO-EXATO-PARA-FOTOS-NO-SISTEMA-NOVO-84_2024-10-01_18-31-55_png_2024-10-01_18-31-55.webp.webp?fit=1200%2C675&ssl=1&resize=350%2C200 1x, https:\/\/i0.wp.com\/noticiasribeiraopreto.com.br\/wp-content\/uploads\/2024\/10\/Copia-de-Copia-de-Copia-de-TAMANHO-EXATO-PARA-FOTOS-NO-SISTEMA-NOVO-84_2024-10-01_18-31-55_png_2024-10-01_18-31-55.webp.webp?fit=1200%2C675&ssl=1&resize=525%2C300 1.5x, https:\/\/i0.wp.com\/noticiasribeiraopreto.com.br\/wp-content\/uploads\/2024\/10\/Copia-de-Copia-de-Copia-de-TAMANHO-EXATO-PARA-FOTOS-NO-SISTEMA-NOVO-84_2024-10-01_18-31-55_png_2024-10-01_18-31-55.webp.webp?fit=1200%2C675&ssl=1&resize=700%2C400 2x, https:\/\/i0.wp.com\/noticiasribeiraopreto.com.br\/wp-content\/uploads\/2024\/10\/Copia-de-Copia-de-Copia-de-TAMANHO-EXATO-PARA-FOTOS-NO-SISTEMA-NOVO-84_2024-10-01_18-31-55_png_2024-10-01_18-31-55.webp.webp?fit=1200%2C675&ssl=1&resize=1050%2C600 3x"},"classes":[]},{"id":51951,"url":"https:\/\/noticiasribeiraopreto.com.br\/index.php\/2024\/06\/01\/adolescente-de-14-anos-que-havia-desaparecido-no-litoral-de-sp-e-encontrada-morta\/","url_meta":{"origin":22485,"position":2},"title":"Adolescente de 14 anos que havia desaparecido no litoral de SP \u00e9 encontrada morta","author":"noticiasribeiraopreto.com.br","date":"1 de June de 2024","format":false,"excerpt":"A adolescente de 14 anos que havia desaparecido ap\u00f3s entrar no mar de uma praia de Ubatuba, litoral de S\u00e3o Paulo, foi encontrada morta neste s\u00e1bado (1\u00ba), em uma faixa de areia da praia, a cerca de cinco quil\u00f4metros do local onde foi vista pela \u00faltima vez. A jovem estava\u2026","rel":"","context":"In &quot;Not\u00edcias de Ribeir\u00e3o Preto-SP e Regi\u00e3o&quot;","block_context":{"text":"Not\u00edcias de Ribeir\u00e3o Preto-SP e Regi\u00e3o","link":"https:\/\/noticiasribeiraopreto.com.br\/index.php\/category\/noticias-de-ribeirao-preto-sp-e-regiao-ismael-colosi\/"},"img":{"alt_text":"","src":"https:\/\/i0.wp.com\/noticiasribeiraopreto.com.br\/wp-content\/uploads\/2024\/06\/praia_grande_1200x675_18112021123840.jpg?fit=1200%2C675&ssl=1&resize=350%2C200","width":350,"height":200,"srcset":"https:\/\/i0.wp.com\/noticiasribeiraopreto.com.br\/wp-content\/uploads\/2024\/06\/praia_grande_1200x675_18112021123840.jpg?fit=1200%2C675&ssl=1&resize=350%2C200 1x, https:\/\/i0.wp.com\/noticiasribeiraopreto.com.br\/wp-content\/uploads\/2024\/06\/praia_grande_1200x675_18112021123840.jpg?fit=1200%2C675&ssl=1&resize=525%2C300 1.5x, https:\/\/i0.wp.com\/noticiasribeiraopreto.com.br\/wp-content\/uploads\/2024\/06\/praia_grande_1200x675_18112021123840.jpg?fit=1200%2C675&ssl=1&resize=700%2C400 2x, https:\/\/i0.wp.com\/noticiasribeiraopreto.com.br\/wp-content\/uploads\/2024\/06\/praia_grande_1200x675_18112021123840.jpg?fit=1200%2C675&ssl=1&resize=1050%2C600 3x"},"classes":[]},{"id":20981,"url":"https:\/\/noticiasribeiraopreto.com.br\/index.php\/2023\/12\/26\/acidente-entre-onibus-e-caminhao-mobiliza-os-bombeiros-em-rodovia-da-regiao-de-ribeirao\/","url_meta":{"origin":22485,"position":3},"title":"Acidente entre \u00f4nibus e caminh\u00e3o mobiliza os bombeiros em rodovia da regi\u00e3o de Ribeir\u00e3o","author":"noticiasribeiraopreto.com.br","date":"26 de December de 2023","format":false,"excerpt":"Um acidente, envolvendo um \u00f4nibus e um caminh\u00e3o, na rodovia Deputado Cunha Bueno, em Prad\u00f3polis, mobiliza o Corpo de Bombeiros no in\u00edcio da noite desta ter\u00e7a-feira (26). Segundo as primeiras informa\u00e7\u00f5es, o \u00f4nibus da empresa Petitto transportava pessoas que trabalham em Ribeir\u00e3o Preto. J\u00e1 o caminh\u00e3o estaria carregado de leite.\u2026","rel":"","context":"In &quot;Not\u00edcias de Ribeir\u00e3o Preto-SP e Regi\u00e3o&quot;","block_context":{"text":"Not\u00edcias de Ribeir\u00e3o Preto-SP e Regi\u00e3o","link":"https:\/\/noticiasribeiraopreto.com.br\/index.php\/category\/noticias-de-ribeirao-preto-sp-e-regiao-ismael-colosi\/"},"img":{"alt_text":"","src":"https:\/\/i0.wp.com\/noticiasribeiraopreto.com.br\/wp-content\/uploads\/2023\/12\/WhatsApp-Image-2023-12-26-at-18.11.53-1-scaled.jpeg?fit=1200%2C720&ssl=1&resize=350%2C200","width":350,"height":200,"srcset":"https:\/\/i0.wp.com\/noticiasribeiraopreto.com.br\/wp-content\/uploads\/2023\/12\/WhatsApp-Image-2023-12-26-at-18.11.53-1-scaled.jpeg?fit=1200%2C720&ssl=1&resize=350%2C200 1x, https:\/\/i0.wp.com\/noticiasribeiraopreto.com.br\/wp-content\/uploads\/2023\/12\/WhatsApp-Image-2023-12-26-at-18.11.53-1-scaled.jpeg?fit=1200%2C720&ssl=1&resize=525%2C300 1.5x, https:\/\/i0.wp.com\/noticiasribeiraopreto.com.br\/wp-content\/uploads\/2023\/12\/WhatsApp-Image-2023-12-26-at-18.11.53-1-scaled.jpeg?fit=1200%2C720&ssl=1&resize=700%2C400 2x, https:\/\/i0.wp.com\/noticiasribeiraopreto.com.br\/wp-content\/uploads\/2023\/12\/WhatsApp-Image-2023-12-26-at-18.11.53-1-scaled.jpeg?fit=1200%2C720&ssl=1&resize=1050%2C600 3x"},"classes":[]},{"id":79930,"url":"https:\/\/noticiasribeiraopreto.com.br\/index.php\/2025\/11\/11\/bombeiros-continuam-as-buscas-no-rio-pardo\/","url_meta":{"origin":22485,"position":4},"title":"Bombeiros continuam as buscas no Rio Pardo","author":"noticiasribeiraopreto.com.br","date":"11 de November de 2025","format":false,"excerpt":"11 de novembro de 2025 11:2924 Compartilhar2Por: Adalberto LuqueOs bombeiros iniciaram o terceiro dia de buscas pelo corpo de Miguel Ferreira dos Santos, de 21 anos. As a\u00e7\u00f5es come\u00e7aram logo no in\u00edcio da manh\u00e3 desta ter\u00e7a-feira, 11 de novembro.Miguel est\u00e1 desaparecido desde o domingo, por volta de 16h00, quando mergulhou\u2026","rel":"","context":"In &quot;Not\u00edcias de Ribeir\u00e3o Preto-SP e Regi\u00e3o&quot;","block_context":{"text":"Not\u00edcias de Ribeir\u00e3o Preto-SP e Regi\u00e3o","link":"https:\/\/noticiasribeiraopreto.com.br\/index.php\/category\/noticias-de-ribeirao-preto-sp-e-regiao-ismael-colosi\/"},"img":{"alt_text":"","src":"https:\/\/i0.wp.com\/noticiasribeiraopreto.com.br\/wp-content\/uploads\/2025\/11\/11-nov-2025-procuracorpo-scaled.jpg?fit=1200%2C652&ssl=1&resize=350%2C200","width":350,"height":200,"srcset":"https:\/\/i0.wp.com\/noticiasribeiraopreto.com.br\/wp-content\/uploads\/2025\/11\/11-nov-2025-procuracorpo-scaled.jpg?fit=1200%2C652&ssl=1&resize=350%2C200 1x, https:\/\/i0.wp.com\/noticiasribeiraopreto.com.br\/wp-content\/uploads\/2025\/11\/11-nov-2025-procuracorpo-scaled.jpg?fit=1200%2C652&ssl=1&resize=525%2C300 1.5x, https:\/\/i0.wp.com\/noticiasribeiraopreto.com.br\/wp-content\/uploads\/2025\/11\/11-nov-2025-procuracorpo-scaled.jpg?fit=1200%2C652&ssl=1&resize=700%2C400 2x, https:\/\/i0.wp.com\/noticiasribeiraopreto.com.br\/wp-content\/uploads\/2025\/11\/11-nov-2025-procuracorpo-scaled.jpg?fit=1200%2C652&ssl=1&resize=1050%2C600 3x"},"classes":[]},{"id":62269,"url":"https:\/\/noticiasribeiraopreto.com.br\/index.php\/2025\/01\/09\/apos-6-dias-bombeiros-encontram-corpo-de-estudante-desaparecida-em-cachoeira-na-regiao\/","url_meta":{"origin":22485,"position":5},"title":"Ap\u00f3s 6 dias, Bombeiros encontram corpo de estudante desaparecida em cachoeira na regi\u00e3o","author":"noticiasribeiraopreto.com.br","date":"9 de January de 2025","format":false,"excerpt":"O corpo da estudante da UFSCar (Universidade Federal de S\u00e3o Carlos) que desapareceu no \u00faltimo dia 2 de janeiro, na Cachoeira do Santana, na divisa entre os munic\u00edpios de S\u00e3o Carlos e Ribeir\u00e3o Bonito, foi encontrado nesta quarta-feira (8). O Corpo de Bombeiros iniciou as buscas no mesmo dia do\u2026","rel":"","context":"In &quot;Not\u00edcias de Ribeir\u00e3o Preto-SP e Regi\u00e3o&quot;","block_context":{"text":"Not\u00edcias de Ribeir\u00e3o Preto-SP e Regi\u00e3o","link":"https:\/\/noticiasribeiraopreto.com.br\/index.php\/category\/noticias-de-ribeirao-preto-sp-e-regiao-ismael-colosi\/"},"img":{"alt_text":"","src":"https:\/\/i0.wp.com\/noticiasribeiraopreto.com.br\/wp-content\/uploads\/2025\/01\/CAMILA_2025-01-09_09-52-05_jpg_2025-01-09_09-52-05.webp.webp?fit=1200%2C734&ssl=1&resize=350%2C200","width":350,"height":200,"srcset":"https:\/\/i0.wp.com\/noticiasribeiraopreto.com.br\/wp-content\/uploads\/2025\/01\/CAMILA_2025-01-09_09-52-05_jpg_2025-01-09_09-52-05.webp.webp?fit=1200%2C734&ssl=1&resize=350%2C200 1x, https:\/\/i0.wp.com\/noticiasribeiraopreto.com.br\/wp-content\/uploads\/2025\/01\/CAMILA_2025-01-09_09-52-05_jpg_2025-01-09_09-52-05.webp.webp?fit=1200%2C734&ssl=1&resize=525%2C300 1.5x, https:\/\/i0.wp.com\/noticiasribeiraopreto.com.br\/wp-content\/uploads\/2025\/01\/CAMILA_2025-01-09_09-52-05_jpg_2025-01-09_09-52-05.webp.webp?fit=1200%2C734&ssl=1&resize=700%2C400 2x, https:\/\/i0.wp.com\/noticiasribeiraopreto.com.br\/wp-content\/uploads\/2025\/01\/CAMILA_2025-01-09_09-52-05_jpg_2025-01-09_09-52-05.webp.webp?fit=1200%2C734&ssl=1&resize=1050%2C600 3x"},"classes":[]}],"jetpack_sharing_enabled":true,"jetpack_shortlink":"https:\/\/wp.me\/peQAOb-5QF","_links":{"self":[{"href":"https:\/\/noticiasribeiraopreto.com.br\/index.php\/wp-json\/wp\/v2\/posts\/22485","targetHints":{"allow":["GET"]}}],"collection":[{"href":"https:\/\/noticiasribeiraopreto.com.br\/index.php\/wp-json\/wp\/v2\/posts"}],"about":[{"href":"https:\/\/noticiasribeiraopreto.com.br\/index.php\/wp-json\/wp\/v2\/types\/post"}],"author":[{"embeddable":true,"href":"https:\/\/noticiasribeiraopreto.com.br\/index.php\/wp-json\/wp\/v2\/users\/1"}],"replies":[{"embeddable":true,"href":"https:\/\/noticiasribeiraopreto.com.br\/index.php\/wp-json\/wp\/v2\/comments?post=22485"}],"version-history":[{"count":0,"href":"https:\/\/noticiasribeiraopreto.com.br\/index.php\/wp-json\/wp\/v2\/posts\/22485\/revisions"}],"wp:featuredmedia":[{"embeddable":true,"href":"https:\/\/noticiasribeiraopreto.com.br\/index.php\/wp-json\/wp\/v2\/media\/22486"}],"wp:attachment":[{"href":"https:\/\/noticiasribeiraopreto.com.br\/index.php\/wp-json\/wp\/v2\/media?parent=22485"}],"wp:term":[{"taxonomy":"category","embeddable":true,"href":"https:\/\/noticiasribeiraopreto.com.br\/index.php\/wp-json\/wp\/v2\/categories?post=22485"},{"taxonomy":"post_tag","embeddable":true,"href":"https:\/\/noticiasribeiraopreto.com.br\/index.php\/wp-json\/wp\/v2\/tags?post=22485"}],"curies":[{"name":"wp","href":"https:\/\/api.w.org\/{rel}","templated":true}]}}