{"id":22559,"date":"2023-12-30T08:54:48","date_gmt":"2023-12-30T11:54:48","guid":{"rendered":"https:\/\/noticiasribeiraopreto.com.br\/index.php\/2023\/12\/30\/o-ano-de-2023-um-capitulo-inusitado-na-politica-brasileira\/"},"modified":"2023-12-30T08:54:48","modified_gmt":"2023-12-30T11:54:48","slug":"o-ano-de-2023-um-capitulo-inusitado-na-politica-brasileira","status":"publish","type":"post","link":"https:\/\/noticiasribeiraopreto.com.br\/index.php\/2023\/12\/30\/o-ano-de-2023-um-capitulo-inusitado-na-politica-brasileira\/","title":{"rendered":"O Ano de 2023: Um Cap\u00edtulo Inusitado na Pol\u00edtica Brasileira\u00a0"},"content":{"rendered":"<div class='code-block code-block-1' style='margin: 8px 0 8px auto; text-align: right; display: block; clear: both;'>\n<p><a href=\"https:\/\/wa.link\/vpicfd\"><img data-recalc-dims=\"1\" class=\"wp-image-4922\" style=\"aspect-ratio: 2.0253164556962027; width: 561px; height: auto;\" src=\"https:\/\/i0.wp.com\/ismaelcolosi.com.br\/wp-content\/uploads\/2023\/11\/grupo-de-empregos-whatsapp-e-facebook-ismael-colosi-vagas.jpg?ssl=1\" alt=\"\" \/><\/a><\/p>\n<!-- \/wp:image -->\n<\/div>\n<p> <br \/>\n<\/p>\n<div id=\"\">\n<p> <span class=\"entry-meta-item penci-posted-on\"><i class=\"fa fa-clock-o\"\/><time class=\"entry-date published\" datetime=\"2023-12-30T08:20:12-03:00\">30 de dezembro de 2023 | 8:20<\/time><time class=\"updated\" datetime=\"2023-12-29T16:31:41-03:00\">29 de dezembro de 2023 | 16:31<\/time><\/span><\/p>\n<p> <span class=\"penci-social-buttons penci-social-share-footer\"><a href=\"#\" class=\"penci-post-like penci_post-meta_item  single-like-button penci-social-item like\" data-post_id=\"368771\" title=\"Like\" data-like=\"Like\" data-unlike=\"Unlike\"><i class=\"fa fa-thumbs-o-up\"\/><span class=\"penci-share-number\">0<\/span><\/a><i class=\"fa fa-facebook\"\/><a class=\"penci-social-item twitter\" target=\"_blank\" rel=\"noopener\" title=\"\" href=\"https:\/\/twitter.com\/intent\/tweet?text=O%20Ano%20de%202023:%20Um%20Cap\u00edtulo%20Inusitado%20na%20Pol\u00edtica%20Brasileira\u00a0%20-%20https:\/\/www.tribunaribeirao.com.br\/site\/o-ano-de-2023-um-capitulo-inusitado-na-politica-brasileira\/\"><i class=\"fa fa-twitter\"\/><\/a><i class=\"fa fa-whatsapp\"\/><\/span><\/div>\n<div>\n<p><b><span data-contrast=\"auto\">Andr\u00e9 Luiz da Silva *\u00a0<\/span><\/b><span data-ccp-props=\"{&quot;201341983&quot;:0,&quot;335559739&quot;:160,&quot;335559740&quot;:259}\">\u00a0<\/span><\/p>\n<p><b><span data-contrast=\"auto\">[email\u00a0protected]<\/span><\/b><span data-ccp-props=\"{&quot;201341983&quot;:0,&quot;335559739&quot;:160,&quot;335559740&quot;:259}\">\u00a0<\/span><\/p>\n<p><span data-contrast=\"auto\">Ah, meu caro leitor, eis que 2023 se despede, deixando-nos uma colcha de retalhos de acontecimentos pitorescos e, digamos, um tanto inusitados. Comecemos com a passagem de faixa presidencial digna de um enredo de novela. Lula, rodeado por oito representantes da diversidade brasileira, desfila sua eleg\u00e2ncia pol\u00edtica, enquanto Bolsonaro teima em questionar o resultado da elei\u00e7\u00e3o e se nega a democraticamente passar a faixa presidencial. Dizem que a solu\u00e7\u00e3o foi sugerida por Janja, a primeira-dama criativa, que pensou at\u00e9 na presen\u00e7a da cadela Resist\u00eancia, pois como dizia o ex-ministro do Trabalho e da Previd\u00eancia, Ant\u00f4nio Rog\u00e9rio Magri: \u201cCachorra \u00e9 um ser humano como qualquer outro\u201d.<\/span><span data-ccp-props=\"{&quot;201341983&quot;:0,&quot;335551550&quot;:6,&quot;335551620&quot;:6,&quot;335559739&quot;:160,&quot;335559740&quot;:259}\">\u00a0<\/span><\/p>\n<p><span data-contrast=\"auto\">Tudo estava lindo e maravilhoso, no entanto, o que \u00e9 a pol\u00edtica sem seus dramas? Em 8 janeiro, tivemos a invas\u00e3o tripla, com Planalto, Congresso e Supremo sendo palcos de vandalismo em uma tentativa frustrada de ruptura democr\u00e1tica. A Pra\u00e7a dos Tr\u00eas Poderes, cen\u00e1rio de protestos democr\u00e1ticos hist\u00f3ricos, se viu tomada por extremistas com gritos de ordem antidemocr\u00e1ticos e anticonstitucionais. Ap\u00f3s um domingo de tiro, porrada e bombas, centenas de pessoas passaram a experimentar uma pequena parte da triste realidade do combalido sistema penitenci\u00e1rio brasileiro.<\/span><span data-ccp-props=\"{&quot;201341983&quot;:0,&quot;335551550&quot;:6,&quot;335551620&quot;:6,&quot;335559739&quot;:160,&quot;335559740&quot;:259}\">\u00a0<\/span><\/p>\n<p><span data-contrast=\"auto\">Em discurso veemente, a discreta presidente do STF, Rosa Weber enfatizou: \u201cN\u00e3o destru\u00edram o esp\u00edrito da democracia. N\u00e3o foram e jamais ser\u00e3o capazes de subvert\u00ea-lo\u201d. A ex-ministra batizou o evento como o \u201cdia da inf\u00e2mia\u201d, mas eu diria que foi o dia em que a pol\u00edtica brasileira virou roteiro de filme de a\u00e7\u00e3o, a democracia balan\u00e7ou, mas n\u00e3o caiu.<\/span><span data-ccp-props=\"{&quot;201341983&quot;:0,&quot;335551550&quot;:6,&quot;335551620&quot;:6,&quot;335559739&quot;:160,&quot;335559740&quot;:259}\">\u00a0<\/span><\/p>\n<p><span data-contrast=\"auto\">E falando em a\u00e7\u00e3o, o mundo n\u00e3o ficou para tr\u00e1s. O Oriente M\u00e9dio testemunhou os atos terroristas promovidos pelo Hamas ao disparar milhares de foguetes de Gaza em dire\u00e7\u00e3o a Israel e iniciar ataques por terra capturando v\u00e1rios ref\u00e9ns. A desproporcional resposta israelense que at\u00e9 hoje continua massacrando o povo palestino, mostra que, paix\u00f5es e ideologia \u00e0 parte, ambos os lados est\u00e3o errados. O pior \u00e9 que amanh\u00e3 mais essa p\u00e1gina sangrenta da hist\u00f3ria pode cair na rotina como a guerra entre R\u00fassia e Ucrania, o conflito Azerbaij\u00e3o x Arm\u00eania em Nagorno-Karabakh, a Guerra da S\u00edria, a Guerra civil no I\u00eamen e os diversos conflitos entre povos e na\u00e7\u00f5es.<\/span><span data-ccp-props=\"{&quot;201341983&quot;:0,&quot;335551550&quot;:6,&quot;335551620&quot;:6,&quot;335559739&quot;:160,&quot;335559740&quot;:259}\">\u00a0<\/span><\/p>\n<p><span data-contrast=\"auto\">De volta ao Brasil, algumas boas not\u00edcias surgiram entre as nuvens de incerteza. Os pre\u00e7os dos alimentos ca\u00edram, a fome e o desemprego deram uma tr\u00e9gua, e o desmatamento foi alvo de combate mais en\u00e9rgico. Mas, claro, nem tudo s\u00e3o flores na terra tupiniquim. A \u201cLista Suja\u201d do trabalho escravo cresceu, den\u00fancias de discrimina\u00e7\u00e3o e racismo pipocaram, os crimes de \u00f3dio e feminic\u00eddios continuam estampando as manchetes, e o Congresso virou palco de uma com\u00e9dia que faria at\u00e9 os antigos romanos se contorcerem de rir.<\/span> <span data-contrast=\"auto\">Mas, na verdade, \u00e9 lament\u00e1vel constatar que muitas mat\u00e9rias importantes poderiam ter sido aprovadas e os debates qualificados com defesa de pontos de vista divergentes perderam espa\u00e7o para a pantomima e a busca de lacra\u00e7\u00e3o nas redes sociais.<\/span><span data-ccp-props=\"{&quot;201341983&quot;:0,&quot;335551550&quot;:6,&quot;335551620&quot;:6,&quot;335559739&quot;:160,&quot;335559740&quot;:259}\">\u00a0<\/span><\/p>\n<p><span data-contrast=\"auto\">Mas como todo brasileiro sabe, virada de ano \u00e9 tempo de renovar esperan\u00e7as. As elei\u00e7\u00f5es municipais trazem consigo a promessa de um novo olhar para nossas cidades e especialmente para as popula\u00e7\u00f5es mais carentes. E enquanto assistimos ao Especial do Roberto Carlos, \u00e0s retrospectivas jornal\u00edsticas, enchemos nossos amigos com postagens de mensagens coloridas e entoamos nossos c\u00e2nticos tradicionais, somos novamente convidados a experimentar aquela receita de Carlos Drummond de Andrade para o Ano Novo. Nada de listas perdidas na gaveta, apenas a esperan\u00e7a de que, como o ano ser\u00e1 bissexto, com um dia a mais em 2024, possamos errar um pouquinho menos e abra\u00e7ar a felicidade com mais entusiasmo. Que assim seja, com consci\u00eancia, bom humor e esperan\u00e7a renovada. Desejo a todos um feliz ano novo com paz, sa\u00fade, prosperidade e tudo de melhor em suas vidas.<\/span><span data-ccp-props=\"{&quot;201341983&quot;:0,&quot;335551550&quot;:6,&quot;335551620&quot;:6,&quot;335559739&quot;:160,&quot;335559740&quot;:259}\">\u00a0<\/span><\/p>\n<\/div>\n<p><script async src=\"\/\/platform.twitter.com\/widgets.js\" charset=\"utf-8\"><\/script><br \/>\n<br \/><br \/>\n<br \/><a href=\"https:\/\/www.tribunaribeirao.com.br\/site\/o-ano-de-2023-um-capitulo-inusitado-na-politica-brasileira\/\">Source link <\/a><\/p>\n<!-- CONTENT END 1 -->\n","protected":false},"excerpt":{"rendered":"<p>30 de dezembro de 2023 | 8:2029 de dezembro de 2023 | 16:31 0 Andr\u00e9 Luiz da Silva *\u00a0\u00a0 [email\u00a0protected]\u00a0 Ah, meu caro leitor, eis&#8230;<\/p>\n","protected":false},"author":1,"featured_media":22560,"comment_status":"open","ping_status":"open","sticky":false,"template":"","format":"standard","meta":{"advanced_seo_description":"","jetpack_seo_html_title":"","jetpack_seo_noindex":false,"jetpack_post_was_ever_published":false,"_jetpack_newsletter_access":"","_jetpack_dont_email_post_to_subs":false,"_jetpack_newsletter_tier_id":0,"_jetpack_memberships_contains_paywalled_content":false,"_jetpack_memberships_contains_paid_content":false,"footnotes":"","jetpack_publicize_message":"","jetpack_publicize_feature_enabled":true,"jetpack_social_post_already_shared":true,"jetpack_social_options":{"image_generator_settings":{"template":"highway","default_image_id":0,"font":"","enabled":false},"version":2}},"categories":[11],"tags":[681,743,2816,2817,1626],"class_list":["post-22559","post","type-post","status-publish","format-standard","has-post-thumbnail","hentry","category-noticias-de-ribeirao-preto-sp-e-regiao-ismael-colosi","tag-ano","tag-brasileira","tag-capitulo","tag-inusitado","tag-politica"],"jetpack_publicize_connections":[],"jetpack_featured_media_url":"https:\/\/i0.wp.com\/noticiasribeiraopreto.com.br\/wp-content\/uploads\/2023\/12\/Andre-Luiz-da-Silva.jpg?fit=700%2C450&ssl=1","jetpack-related-posts":[{"id":63292,"url":"https:\/\/noticiasribeiraopreto.com.br\/index.php\/2025\/02\/09\/sevandija-bastidores-sao-revelados-em-livro-lancado-por-jornalista-em-ribeirao-preto\/","url_meta":{"origin":22559,"position":0},"title":"Sevandija: Bastidores s\u00e3o revelados em livro lan\u00e7ado por jornalista em Ribeir\u00e3o Preto","author":"noticiasribeiraopreto.com.br","date":"9 de February de 2025","format":false,"excerpt":"O jornalista Cristiano Pavini lan\u00e7a na pr\u00f3xima quarta-feira (12) o livro \u201cSevandija \u2013 A hist\u00f3ria da opera\u00e7\u00e3o contra corrup\u00e7\u00e3o que estremeceu uma das maiores cidades brasileiras\u201d, pela editora Terra da Gente. O jornalista promete revelar bastidores sobre a opera\u00e7\u00e3o deflagrada em 2016, que mudou a hist\u00f3ria de Ribeir\u00e3o Preto. O\u2026","rel":"","context":"In &quot;Not\u00edcias de Ribeir\u00e3o Preto-SP e Regi\u00e3o&quot;","block_context":{"text":"Not\u00edcias de Ribeir\u00e3o Preto-SP e Regi\u00e3o","link":"https:\/\/noticiasribeiraopreto.com.br\/index.php\/category\/noticias-de-ribeirao-preto-sp-e-regiao-ismael-colosi\/"},"img":{"alt_text":"","src":"https:\/\/i0.wp.com\/noticiasribeiraopreto.com.br\/wp-content\/uploads\/2025\/02\/livro-sevandija_2025-02-07_22-25-34_jpeg_2025-02-07_22-25-34.webp.webp?fit=1200%2C675&ssl=1&resize=350%2C200","width":350,"height":200,"srcset":"https:\/\/i0.wp.com\/noticiasribeiraopreto.com.br\/wp-content\/uploads\/2025\/02\/livro-sevandija_2025-02-07_22-25-34_jpeg_2025-02-07_22-25-34.webp.webp?fit=1200%2C675&ssl=1&resize=350%2C200 1x, https:\/\/i0.wp.com\/noticiasribeiraopreto.com.br\/wp-content\/uploads\/2025\/02\/livro-sevandija_2025-02-07_22-25-34_jpeg_2025-02-07_22-25-34.webp.webp?fit=1200%2C675&ssl=1&resize=525%2C300 1.5x, https:\/\/i0.wp.com\/noticiasribeiraopreto.com.br\/wp-content\/uploads\/2025\/02\/livro-sevandija_2025-02-07_22-25-34_jpeg_2025-02-07_22-25-34.webp.webp?fit=1200%2C675&ssl=1&resize=700%2C400 2x, https:\/\/i0.wp.com\/noticiasribeiraopreto.com.br\/wp-content\/uploads\/2025\/02\/livro-sevandija_2025-02-07_22-25-34_jpeg_2025-02-07_22-25-34.webp.webp?fit=1200%2C675&ssl=1&resize=1050%2C600 3x"},"classes":[]},{"id":61107,"url":"https:\/\/noticiasribeiraopreto.com.br\/index.php\/2024\/12\/03\/theatro-pedro-ii-recebe-stand-up-especial-de-natal\/","url_meta":{"origin":22559,"position":1},"title":"Theatro Pedro II recebe stand-up especial de Natal","author":"noticiasribeiraopreto.com.br","date":"3 de December de 2024","format":false,"excerpt":"O humorista Fabiano Cambota se apresenta no Theatro Pedro II, em Ribeir\u00e3o Preto, no dia 13 de dezembro, \u00e0s 20h, com um stand-up especial de Natal. Ainda h\u00e1 ingressos dispon\u00edveis (veja como adquirir abaixo). No show, o humorista conta como encanta velhinhas por onde passa, exp\u00f5e sua fam\u00edlia cheia de\u2026","rel":"","context":"In &quot;Not\u00edcias de Ribeir\u00e3o Preto-SP e Regi\u00e3o&quot;","block_context":{"text":"Not\u00edcias de Ribeir\u00e3o Preto-SP e Regi\u00e3o","link":"https:\/\/noticiasribeiraopreto.com.br\/index.php\/category\/noticias-de-ribeirao-preto-sp-e-regiao-ismael-colosi\/"},"img":{"alt_text":"","src":"https:\/\/i0.wp.com\/noticiasribeiraopreto.com.br\/wp-content\/uploads\/2024\/12\/Copia-de-Copia-de-Copia-de-TAMANHO-EXATO-PARA-FOTOS-NO-SISTEMA-NOVO-44_2024-12-03_12-29-17_jpg_2024-12-03_12-29-17.webp.webp?fit=1200%2C675&ssl=1&resize=350%2C200","width":350,"height":200,"srcset":"https:\/\/i0.wp.com\/noticiasribeiraopreto.com.br\/wp-content\/uploads\/2024\/12\/Copia-de-Copia-de-Copia-de-TAMANHO-EXATO-PARA-FOTOS-NO-SISTEMA-NOVO-44_2024-12-03_12-29-17_jpg_2024-12-03_12-29-17.webp.webp?fit=1200%2C675&ssl=1&resize=350%2C200 1x, https:\/\/i0.wp.com\/noticiasribeiraopreto.com.br\/wp-content\/uploads\/2024\/12\/Copia-de-Copia-de-Copia-de-TAMANHO-EXATO-PARA-FOTOS-NO-SISTEMA-NOVO-44_2024-12-03_12-29-17_jpg_2024-12-03_12-29-17.webp.webp?fit=1200%2C675&ssl=1&resize=525%2C300 1.5x, https:\/\/i0.wp.com\/noticiasribeiraopreto.com.br\/wp-content\/uploads\/2024\/12\/Copia-de-Copia-de-Copia-de-TAMANHO-EXATO-PARA-FOTOS-NO-SISTEMA-NOVO-44_2024-12-03_12-29-17_jpg_2024-12-03_12-29-17.webp.webp?fit=1200%2C675&ssl=1&resize=700%2C400 2x, https:\/\/i0.wp.com\/noticiasribeiraopreto.com.br\/wp-content\/uploads\/2024\/12\/Copia-de-Copia-de-Copia-de-TAMANHO-EXATO-PARA-FOTOS-NO-SISTEMA-NOVO-44_2024-12-03_12-29-17_jpg_2024-12-03_12-29-17.webp.webp?fit=1200%2C675&ssl=1&resize=1050%2C600 3x"},"classes":[]},{"id":28288,"url":"https:\/\/noticiasribeiraopreto.com.br\/index.php\/2024\/01\/15\/famoso-cantor-julio-iglesias-acaba-detido-em-aeroporto-por-causa-de-conteudo-das-malas\/","url_meta":{"origin":22559,"position":2},"title":"Famoso cantor Julio Iglesias acaba detido em aeroporto por causa de conte\u00fado das malas","author":"noticiasribeiraopreto.com.br","date":"15 de January de 2024","format":false,"excerpt":"O renomado cantor Julio Iglesias, \u00edcone da m\u00fasica rom\u00e2ntica, encontrou-se em uma situa\u00e7\u00e3o peculiar recentemente ao ser detido no aeroporto de Punta Cana, na Rep\u00fablica Dominicana.O motivo? O grande quantidade de conte\u00fado irregular que estava em sua mala. A situa\u00e7\u00e3o ins\u00f3lita ocorreu ap\u00f3s Iglesias desembarcar de um voo vindo das\u2026","rel":"","context":"In &quot;Blog&quot;","block_context":{"text":"Blog","link":"https:\/\/noticiasribeiraopreto.com.br\/index.php\/category\/blog\/"},"img":{"alt_text":"","src":"https:\/\/i0.wp.com\/noticiasribeiraopreto.com.br\/wp-content\/uploads\/2024\/01\/postimg-65a54a53a7ab34841.jpg?fit=1200%2C628&ssl=1&resize=350%2C200","width":350,"height":200,"srcset":"https:\/\/i0.wp.com\/noticiasribeiraopreto.com.br\/wp-content\/uploads\/2024\/01\/postimg-65a54a53a7ab34841.jpg?fit=1200%2C628&ssl=1&resize=350%2C200 1x, https:\/\/i0.wp.com\/noticiasribeiraopreto.com.br\/wp-content\/uploads\/2024\/01\/postimg-65a54a53a7ab34841.jpg?fit=1200%2C628&ssl=1&resize=525%2C300 1.5x, https:\/\/i0.wp.com\/noticiasribeiraopreto.com.br\/wp-content\/uploads\/2024\/01\/postimg-65a54a53a7ab34841.jpg?fit=1200%2C628&ssl=1&resize=700%2C400 2x, https:\/\/i0.wp.com\/noticiasribeiraopreto.com.br\/wp-content\/uploads\/2024\/01\/postimg-65a54a53a7ab34841.jpg?fit=1200%2C628&ssl=1&resize=1050%2C600 3x"},"classes":[]},{"id":22166,"url":"https:\/\/noticiasribeiraopreto.com.br\/index.php\/2023\/12\/29\/confira-as-dez-maiores-baixas-do-ibovespa-em-2023-e-a-acao-que-conseguiu-cair-mais-que-a-americanas-amer3-na-b3\/","url_meta":{"origin":22559,"position":3},"title":"Confira as dez maiores baixas do Ibovespa em 2023\u00a0 \u2014 e a a\u00e7\u00e3o que conseguiu cair mais que a Americanas (AMER3) na B3","author":"noticiasribeiraopreto.com.br","date":"29 de December de 2023","format":false,"excerpt":"Entre muitos altos e baixos, a bolsa brasileira teve um ano bastante positivo ap\u00f3s o rali nos \u00faltimos dois meses de 2023. Mas os dias de gl\u00f3ria do Ibovespa n\u00e3o foram uma realidade para boa parte das companhias negociadas na B3.\u00a0 Apesar da melhora nos mercados com sinais de al\u00edvio\u2026","rel":"","context":"In &quot;Dinheiro e Investimento&quot;","block_context":{"text":"Dinheiro e Investimento","link":"https:\/\/noticiasribeiraopreto.com.br\/index.php\/category\/dinheiro-e-investimento-como-fazer-como-ganhar\/"},"img":{"alt_text":"","src":"https:\/\/i0.wp.com\/noticiasribeiraopreto.com.br\/wp-content\/uploads\/2023\/12\/shutterstock_1227811069-628x353.jpg?fit=628%2C353&ssl=1&resize=350%2C200","width":350,"height":200,"srcset":"https:\/\/i0.wp.com\/noticiasribeiraopreto.com.br\/wp-content\/uploads\/2023\/12\/shutterstock_1227811069-628x353.jpg?fit=628%2C353&ssl=1&resize=350%2C200 1x, https:\/\/i0.wp.com\/noticiasribeiraopreto.com.br\/wp-content\/uploads\/2023\/12\/shutterstock_1227811069-628x353.jpg?fit=628%2C353&ssl=1&resize=525%2C300 1.5x"},"classes":[]},{"id":11180,"url":"https:\/\/noticiasribeiraopreto.com.br\/index.php\/2023\/12\/05\/entenda-o-que-esta-por-tras-da-disparada-do-ibovespa-em-novembro-e-veja-onde-investir-este-mes\/","url_meta":{"origin":22559,"position":4},"title":"Entenda o que est\u00e1 por tr\u00e1s da disparada do Ibovespa em novembro e veja onde investir este m\u00eas","author":"noticiasribeiraopreto.com.br","date":"5 de December de 2023","format":false,"excerpt":"Embora a cota\u00e7\u00e3o do Bitcoin tenha subido consideravelmente nas \u00faltimas semanas por conta da possibilidade da Comiss\u00e3o de Valores Mobili\u00e1rios dos EUA aprovar a cria\u00e7\u00e3o de ETFs ligados a criptomoedas, quem conseguiu o posto de melhor investimento do m\u00eas foi o Ibovespa.\u00a0 Aos 127.331 pontos, o principal \u00edndice da bolsa\u2026","rel":"","context":"In &quot;Dinheiro e Investimento&quot;","block_context":{"text":"Dinheiro e Investimento","link":"https:\/\/noticiasribeiraopreto.com.br\/index.php\/category\/dinheiro-e-investimento-como-fazer-como-ganhar\/"},"img":{"alt_text":"","src":"https:\/\/i0.wp.com\/noticiasribeiraopreto.com.br\/wp-content\/uploads\/2023\/12\/bolsa-de-valores-ibovespa-acoes-mercado-dolar-800x453-1-628x353.jpg?fit=628%2C353&ssl=1&resize=350%2C200","width":350,"height":200,"srcset":"https:\/\/i0.wp.com\/noticiasribeiraopreto.com.br\/wp-content\/uploads\/2023\/12\/bolsa-de-valores-ibovespa-acoes-mercado-dolar-800x453-1-628x353.jpg?fit=628%2C353&ssl=1&resize=350%2C200 1x, https:\/\/i0.wp.com\/noticiasribeiraopreto.com.br\/wp-content\/uploads\/2023\/12\/bolsa-de-valores-ibovespa-acoes-mercado-dolar-800x453-1-628x353.jpg?fit=628%2C353&ssl=1&resize=525%2C300 1.5x"},"classes":[]},{"id":18038,"url":"https:\/\/noticiasribeiraopreto.com.br\/index.php\/2023\/12\/19\/bolsa-familia-e-apontado-como-programa-mais-importante-para-a-economia\/","url_meta":{"origin":22559,"position":5},"title":"Bolsa Fam\u00edlia \u00e9 apontado como programa mais importante para a economia \u2013 Folha de Ribeir\u00e3o","author":"noticiasribeiraopreto.com.br","date":"19 de December de 2023","format":false,"excerpt":"O Bolsa Fam\u00edlia, lan\u00e7ado em 2003, foi apontado como o programa mais importante para a economia brasileira nas \u00faltimas d\u00e9cadas, segundo a 15\u00aa edi\u00e7\u00e3o da Pesquisa Observat\u00f3rio Febraban (Federa\u00e7\u00e3o Brasileira de Bancos), realizada pelo Instituto de Pesquisas Sociais, Pol\u00edticas e Econ\u00f4micas (Ipespe). Em segundo lugar aparece o Plano Real.\u00a0 O\u2026","rel":"","context":"In &quot;Not\u00edcias de Ribeir\u00e3o Preto-SP e Regi\u00e3o&quot;","block_context":{"text":"Not\u00edcias de Ribeir\u00e3o Preto-SP e Regi\u00e3o","link":"https:\/\/noticiasribeiraopreto.com.br\/index.php\/category\/noticias-de-ribeirao-preto-sp-e-regiao-ismael-colosi\/"},"img":{"alt_text":"","src":"","width":0,"height":0},"classes":[]}],"jetpack_sharing_enabled":true,"jetpack_shortlink":"https:\/\/wp.me\/peQAOb-5RR","_links":{"self":[{"href":"https:\/\/noticiasribeiraopreto.com.br\/index.php\/wp-json\/wp\/v2\/posts\/22559","targetHints":{"allow":["GET"]}}],"collection":[{"href":"https:\/\/noticiasribeiraopreto.com.br\/index.php\/wp-json\/wp\/v2\/posts"}],"about":[{"href":"https:\/\/noticiasribeiraopreto.com.br\/index.php\/wp-json\/wp\/v2\/types\/post"}],"author":[{"embeddable":true,"href":"https:\/\/noticiasribeiraopreto.com.br\/index.php\/wp-json\/wp\/v2\/users\/1"}],"replies":[{"embeddable":true,"href":"https:\/\/noticiasribeiraopreto.com.br\/index.php\/wp-json\/wp\/v2\/comments?post=22559"}],"version-history":[{"count":0,"href":"https:\/\/noticiasribeiraopreto.com.br\/index.php\/wp-json\/wp\/v2\/posts\/22559\/revisions"}],"wp:featuredmedia":[{"embeddable":true,"href":"https:\/\/noticiasribeiraopreto.com.br\/index.php\/wp-json\/wp\/v2\/media\/22560"}],"wp:attachment":[{"href":"https:\/\/noticiasribeiraopreto.com.br\/index.php\/wp-json\/wp\/v2\/media?parent=22559"}],"wp:term":[{"taxonomy":"category","embeddable":true,"href":"https:\/\/noticiasribeiraopreto.com.br\/index.php\/wp-json\/wp\/v2\/categories?post=22559"},{"taxonomy":"post_tag","embeddable":true,"href":"https:\/\/noticiasribeiraopreto.com.br\/index.php\/wp-json\/wp\/v2\/tags?post=22559"}],"curies":[{"name":"wp","href":"https:\/\/api.w.org\/{rel}","templated":true}]}}