{"id":22562,"date":"2023-12-30T09:09:33","date_gmt":"2023-12-30T12:09:33","guid":{"rendered":"https:\/\/noticiasribeiraopreto.com.br\/index.php\/2023\/12\/30\/carro-cai-no-corrego-da-via-norte-em-ribeirao-preto-veja-as-fotos\/"},"modified":"2023-12-30T09:09:33","modified_gmt":"2023-12-30T12:09:33","slug":"carro-cai-no-corrego-da-via-norte-em-ribeirao-preto-veja-as-fotos","status":"publish","type":"post","link":"https:\/\/noticiasribeiraopreto.com.br\/index.php\/2023\/12\/30\/carro-cai-no-corrego-da-via-norte-em-ribeirao-preto-veja-as-fotos\/","title":{"rendered":"Carro cai no c\u00f3rrego da Via Norte, em Ribeir\u00e3o Preto; Veja as fotos"},"content":{"rendered":"<div class='code-block code-block-1' style='margin: 8px 0 8px auto; text-align: right; display: block; clear: both;'>\n<p><a href=\"https:\/\/wa.link\/vpicfd\"><img data-recalc-dims=\"1\" class=\"wp-image-4922\" style=\"aspect-ratio: 2.0253164556962027; width: 561px; height: auto;\" src=\"https:\/\/i0.wp.com\/ismaelcolosi.com.br\/wp-content\/uploads\/2023\/11\/grupo-de-empregos-whatsapp-e-facebook-ismael-colosi-vagas.jpg?ssl=1\" alt=\"\" \/><\/a><\/p>\n<!-- \/wp:image -->\n<\/div>\n<p> <br \/>\n<\/p>\n<div data-td-block-uid=\"tdi_104\">\n<div class=\"tdb-block-inner td-fix-index\">\n<p>Um carro foi parar dentro do c\u00f3rrego da avenida Eduardo Andrea Matarazzo, a<strong> Via Norte<\/strong>, em <strong>Ribeir\u00e3o Preto<\/strong>, na manh\u00e3 deste s\u00e1bado (30). O tr\u00e2nsito da via, na altura da rua S\u00e3o Francisco, n\u00e3o foi afetado.<\/p>\n<p>Segundo a <strong>Pol\u00edcia Militar,<\/strong> o motorista, de 27 anos,<mark style=\"background-color:#fcb900\" class=\"has-inline-color has-black-color\"> perdeu o controle da dire\u00e7\u00e3o ao fazer a curva. \u00a0<\/mark><\/p>\n<p>Ele subiu na cal\u00e7ada, bateu em parte da defesa met\u00e1lica e caiu na \u00e1gua. O homem n\u00e3o se machucou e conseguiu sair do carro.<\/p>\n<p>Um guincho deve ser acionado para remover o ve\u00edculo ainda neste s\u00e1bado. Agentes da <strong>RP Mobi <\/strong>acompanham a movimenta\u00e7\u00e3o (Com informa\u00e7\u00f5es EPTV).<\/p>\n<h4 class=\"wp-block-heading\"><strong>VEJA AS FOTOS<\/strong><\/h4>\n<blockquote class=\"instagram-media\" data-instgrm-permalink=\"https:\/\/www.instagram.com\/p\/C1ecYlqupW7\/?utm_source=ig_embed&amp;utm_campaign=loading\" data-instgrm-version=\"14\" style=\" background:#FFF; border:0; border-radius:3px; box-shadow:0 0 1px 0 rgba(0,0,0,0.5),0 1px 10px 0 rgba(0,0,0,0.15); margin: 1px; max-width:540px; min-width:326px; padding:0; width:99.375%; width:-webkit-calc(100% - 2px); width:calc(100% - 2px);\"\/>\n<p>VEJA TAMB\u00c9M<br \/>Lotof\u00e1cil: Regi\u00e3o de Ribeir\u00e3o Preto tem um novo milion\u00e1rio<\/p>\n<h4 class=\"wp-block-heading\"><strong>FIQUE ON<\/strong><\/h4>\n<p>Fique ligado em tudo que acontece em Ribeir\u00e3o Preto e regi\u00e3o. Siga os perfis do<strong> acidade on<\/strong> no <a href=\"https:\/\/www.instagram.com\/acidadeonribeirao\" target=\"_blank\" rel=\"noreferrer noopener nofollow\">Instagram<\/a> e no <a href=\"https:\/\/www.facebook.com\/acidadeonribeirao\" target=\"_blank\" rel=\"noreferrer noopener nofollow\">Facebook.<\/a><\/p>\n<p>Receba not\u00edcias do <strong>acidade on<\/strong> no WhatsApp. <a href=\"https:\/\/chat.whatsapp.com\/Bnv2w66ZT4VDyZW3oiZ69n\" target=\"_blank\" rel=\"noreferrer noopener nofollow\">Para entrar no grupo, basta clicar aqui.<\/a><\/p>\n<p>Fa\u00e7a uma den\u00fancia ou sugira uma reportagem sobre a Ribeir\u00e3o Preto e regi\u00e3o pelo WhatsApp: (16) 99117 7802.<\/p>\n<p>LEIA MAIS<br \/>Veja o ranking dos 10 bilion\u00e1rios que ficaram mais ricos em 2023<\/p>\n<p><!-- AI CONTENT END 1 -->\n<\/div>\n<\/div>\n<p><script async src=\"\/\/www.instagram.com\/embed.js\"><\/script><br \/>\n<br \/><br \/>\n<br \/><a href=\"https:\/\/www.acidadeon.com\/ribeiraopreto\/cotidiano\/carro-cai-no-corrego-da-via-norte-em-ribeirao-preto-veja-as-fotos\/\">Source link <\/a><\/p>\n<!-- CONTENT END 1 -->\n","protected":false},"excerpt":{"rendered":"<p>Um carro foi parar dentro do c\u00f3rrego da avenida Eduardo Andrea Matarazzo, a Via Norte, em Ribeir\u00e3o Preto, na manh\u00e3 deste s\u00e1bado (30). O tr\u00e2nsito&#8230;<\/p>\n","protected":false},"author":1,"featured_media":22563,"comment_status":"open","ping_status":"open","sticky":false,"template":"","format":"standard","meta":{"advanced_seo_description":"","jetpack_seo_html_title":"","jetpack_seo_noindex":false,"jetpack_post_was_ever_published":false,"_jetpack_newsletter_access":"","_jetpack_dont_email_post_to_subs":false,"_jetpack_newsletter_tier_id":0,"_jetpack_memberships_contains_paywalled_content":false,"_jetpack_memberships_contains_paid_content":false,"footnotes":"","jetpack_publicize_message":"","jetpack_publicize_feature_enabled":true,"jetpack_social_post_already_shared":true,"jetpack_social_options":{"image_generator_settings":{"template":"highway","default_image_id":0,"font":"","enabled":false},"version":2}},"categories":[11],"tags":[634,295,635,1315,397,27,26,48],"class_list":["post-22562","post","type-post","status-publish","format-standard","has-post-thumbnail","hentry","category-noticias-de-ribeirao-preto-sp-e-regiao-ismael-colosi","tag-cai","tag-carro","tag-corrego","tag-fotos","tag-norte","tag-preto","tag-ribeirao","tag-veja"],"jetpack_publicize_connections":[],"jetpack_featured_media_url":"https:\/\/i0.wp.com\/noticiasribeiraopreto.com.br\/wp-content\/uploads\/2023\/12\/carro-via-norte-scaled.jpeg?fit=2560%2C1920&ssl=1","jetpack-related-posts":[{"id":24756,"url":"https:\/\/noticiasribeiraopreto.com.br\/index.php\/2024\/01\/05\/carro-esta-ha-quase-uma-semana-em-corrego-de-rp\/","url_meta":{"origin":22562,"position":0},"title":"Carro est\u00e1 h\u00e1 quase uma semana em c\u00f3rrego de RP","author":"noticiasribeiraopreto.com.br","date":"5 de January de 2024","format":false,"excerpt":"Ve\u00edculo caiu no c\u00f3rrego Ribeir\u00e3o Preto no dia 30 de dezembro e ainda n\u00e3o foi retirado pelo propriet\u00e1rio 4 de janeiro de 2024 | 16:43 2Por: Adalberto LuqueUm ve\u00edculo que caiu no c\u00f3rrego Ribeir\u00e3o Preto nos \u00faltimos dias de 2023 ainda est\u00e1 nas \u00e1guas do riacho. O carro est\u00e1 no\u2026","rel":"","context":"In &quot;Not\u00edcias de Ribeir\u00e3o Preto-SP e Regi\u00e3o&quot;","block_context":{"text":"Not\u00edcias de Ribeir\u00e3o Preto-SP e Regi\u00e3o","link":"https:\/\/noticiasribeiraopreto.com.br\/index.php\/category\/noticias-de-ribeirao-preto-sp-e-regiao-ismael-colosi\/"},"img":{"alt_text":"","src":"https:\/\/i0.wp.com\/noticiasribeiraopreto.com.br\/wp-content\/uploads\/2024\/01\/00-04-jan-2024-carro-corrego-01-foto-max-gallao-mesquita-scaled.jpg?fit=967%2C645&ssl=1&resize=350%2C200","width":350,"height":200,"srcset":"https:\/\/i0.wp.com\/noticiasribeiraopreto.com.br\/wp-content\/uploads\/2024\/01\/00-04-jan-2024-carro-corrego-01-foto-max-gallao-mesquita-scaled.jpg?fit=967%2C645&ssl=1&resize=350%2C200 1x, https:\/\/i0.wp.com\/noticiasribeiraopreto.com.br\/wp-content\/uploads\/2024\/01\/00-04-jan-2024-carro-corrego-01-foto-max-gallao-mesquita-scaled.jpg?fit=967%2C645&ssl=1&resize=525%2C300 1.5x, https:\/\/i0.wp.com\/noticiasribeiraopreto.com.br\/wp-content\/uploads\/2024\/01\/00-04-jan-2024-carro-corrego-01-foto-max-gallao-mesquita-scaled.jpg?fit=967%2C645&ssl=1&resize=700%2C400 2x"},"classes":[]},{"id":24470,"url":"https:\/\/noticiasribeiraopreto.com.br\/index.php\/2024\/01\/04\/carro-completa-cinco-dias-em-corrego-de-ribeirao-preto-video\/","url_meta":{"origin":22562,"position":1},"title":"Carro completa cinco dias em c\u00f3rrego de Ribeir\u00e3o Preto; V\u00eddeo","author":"noticiasribeiraopreto.com.br","date":"4 de January de 2024","format":false,"excerpt":"Um carro que caiu no c\u00f3rrego que corta a avenida Eduardo Andrea Matarezzo, a Via Norte, em Ribeir\u00e3o Preto, continua na \u00e1gua cinco dias ap\u00f3s o acidente \u2013 veja o v\u00eddeo abaixo. O ve\u00edculo est\u00e1 pr\u00f3ximo do cruzamento com a rua S\u00e3o Francisco. De acordo com apura\u00e7\u00e3o da EPTV, a\u2026","rel":"","context":"In &quot;Not\u00edcias de Ribeir\u00e3o Preto-SP e Regi\u00e3o&quot;","block_context":{"text":"Not\u00edcias de Ribeir\u00e3o Preto-SP e Regi\u00e3o","link":"https:\/\/noticiasribeiraopreto.com.br\/index.php\/category\/noticias-de-ribeirao-preto-sp-e-regiao-ismael-colosi\/"},"img":{"alt_text":"","src":"https:\/\/i0.wp.com\/noticiasribeiraopreto.com.br\/wp-content\/uploads\/2024\/01\/carro-corrego.jpg?fit=844%2C471&ssl=1&resize=350%2C200","width":350,"height":200,"srcset":"https:\/\/i0.wp.com\/noticiasribeiraopreto.com.br\/wp-content\/uploads\/2024\/01\/carro-corrego.jpg?fit=844%2C471&ssl=1&resize=350%2C200 1x, https:\/\/i0.wp.com\/noticiasribeiraopreto.com.br\/wp-content\/uploads\/2024\/01\/carro-corrego.jpg?fit=844%2C471&ssl=1&resize=525%2C300 1.5x, https:\/\/i0.wp.com\/noticiasribeiraopreto.com.br\/wp-content\/uploads\/2024\/01\/carro-corrego.jpg?fit=844%2C471&ssl=1&resize=700%2C400 2x"},"classes":[]},{"id":61086,"url":"https:\/\/noticiasribeiraopreto.com.br\/index.php\/2024\/12\/03\/carro-cai-em-corrego-e-fica-com-as-rodas-para-cima-veja-video\/","url_meta":{"origin":22562,"position":2},"title":"Carro cai em c\u00f3rrego e fica com as rodas para cima; Veja v\u00eddeo","author":"noticiasribeiraopreto.com.br","date":"3 de December de 2024","format":false,"excerpt":"Um carro caiu no c\u00f3rrego Cubat\u00e3o, na madrugada desta ter\u00e7a (3), na avenida Ismael Alonso y\u00a0Alonso, no bairro S\u00e3o Jos\u00e9, em Franca. O ve\u00edculo ficou com\u00a0as\u00a0quatro rodas para cima. De acordo com imagens do circuito de monitoramento da Prefeitura de Franca, tr\u00eas pessoas conseguiram sair do carro e deixaram o\u2026","rel":"","context":"In &quot;Not\u00edcias de Ribeir\u00e3o Preto-SP e Regi\u00e3o&quot;","block_context":{"text":"Not\u00edcias de Ribeir\u00e3o Preto-SP e Regi\u00e3o","link":"https:\/\/noticiasribeiraopreto.com.br\/index.php\/category\/noticias-de-ribeirao-preto-sp-e-regiao-ismael-colosi\/"},"img":{"alt_text":"","src":"https:\/\/i0.wp.com\/noticiasribeiraopreto.com.br\/wp-content\/uploads\/2024\/12\/WhatsApp-Image-2024-12-03-at-09.22.34_2024-12-03_14-22-42_jpeg_2024-12-03_14-22-44-scaled.webp.webp?fit=1200%2C583&ssl=1&resize=350%2C200","width":350,"height":200,"srcset":"https:\/\/i0.wp.com\/noticiasribeiraopreto.com.br\/wp-content\/uploads\/2024\/12\/WhatsApp-Image-2024-12-03-at-09.22.34_2024-12-03_14-22-42_jpeg_2024-12-03_14-22-44-scaled.webp.webp?fit=1200%2C583&ssl=1&resize=350%2C200 1x, https:\/\/i0.wp.com\/noticiasribeiraopreto.com.br\/wp-content\/uploads\/2024\/12\/WhatsApp-Image-2024-12-03-at-09.22.34_2024-12-03_14-22-42_jpeg_2024-12-03_14-22-44-scaled.webp.webp?fit=1200%2C583&ssl=1&resize=525%2C300 1.5x, https:\/\/i0.wp.com\/noticiasribeiraopreto.com.br\/wp-content\/uploads\/2024\/12\/WhatsApp-Image-2024-12-03-at-09.22.34_2024-12-03_14-22-42_jpeg_2024-12-03_14-22-44-scaled.webp.webp?fit=1200%2C583&ssl=1&resize=700%2C400 2x, https:\/\/i0.wp.com\/noticiasribeiraopreto.com.br\/wp-content\/uploads\/2024\/12\/WhatsApp-Image-2024-12-03-at-09.22.34_2024-12-03_14-22-42_jpeg_2024-12-03_14-22-44-scaled.webp.webp?fit=1200%2C583&ssl=1&resize=1050%2C600 3x"},"classes":[]},{"id":5535,"url":"https:\/\/noticiasribeiraopreto.com.br\/index.php\/2023\/11\/23\/motorista-passa-mal-ao-volante-e-carro-cai-em-corrego-de-ribeirao-preto-veja-o-video\/","url_meta":{"origin":22562,"position":3},"title":"Motorista passa mal ao volante e carro cai em c\u00f3rrego de Ribeir\u00e3o Preto; Veja o v\u00eddeo","author":"noticiasribeiraopreto.com.br","date":"23 de November de 2023","format":false,"excerpt":"Um carro caiu no c\u00f3rrego que corta a avenida Ant\u00f4nio e Helena Zerrener, na zona Oeste de Ribeir\u00e3o Preto, na noite desta quinta-feira (23). Assista\u00a0ao\u00a0v\u00eddeo\u00a0abaixo. Segundo informa\u00e7\u00f5es do Corpo de Bombeiros, a\u00a0condutora\u00a0seguia pela Av. Antonio Helena Zerrenner cruzamento com a Rua Jorge Lobato quando passou mal ao volante, perdeu o\u2026","rel":"","context":"In &quot;Not\u00edcias de Ribeir\u00e3o Preto-SP e Regi\u00e3o&quot;","block_context":{"text":"Not\u00edcias de Ribeir\u00e3o Preto-SP e Regi\u00e3o","link":"https:\/\/noticiasribeiraopreto.com.br\/index.php\/category\/noticias-de-ribeirao-preto-sp-e-regiao-ismael-colosi\/"},"img":{"alt_text":"","src":"https:\/\/i0.wp.com\/noticiasribeiraopreto.com.br\/wp-content\/uploads\/2023\/11\/Copia-de-Copia-de-TAMANHO-EXATO-PARA-FOTOS-NO-SISTEMA-NOVO-3.png?fit=1200%2C675&ssl=1&resize=350%2C200","width":350,"height":200,"srcset":"https:\/\/i0.wp.com\/noticiasribeiraopreto.com.br\/wp-content\/uploads\/2023\/11\/Copia-de-Copia-de-TAMANHO-EXATO-PARA-FOTOS-NO-SISTEMA-NOVO-3.png?fit=1200%2C675&ssl=1&resize=350%2C200 1x, https:\/\/i0.wp.com\/noticiasribeiraopreto.com.br\/wp-content\/uploads\/2023\/11\/Copia-de-Copia-de-TAMANHO-EXATO-PARA-FOTOS-NO-SISTEMA-NOVO-3.png?fit=1200%2C675&ssl=1&resize=525%2C300 1.5x, https:\/\/i0.wp.com\/noticiasribeiraopreto.com.br\/wp-content\/uploads\/2023\/11\/Copia-de-Copia-de-TAMANHO-EXATO-PARA-FOTOS-NO-SISTEMA-NOVO-3.png?fit=1200%2C675&ssl=1&resize=700%2C400 2x, https:\/\/i0.wp.com\/noticiasribeiraopreto.com.br\/wp-content\/uploads\/2023\/11\/Copia-de-Copia-de-TAMANHO-EXATO-PARA-FOTOS-NO-SISTEMA-NOVO-3.png?fit=1200%2C675&ssl=1&resize=1050%2C600 3x"},"classes":[]},{"id":73860,"url":"https:\/\/noticiasribeiraopreto.com.br\/index.php\/2025\/07\/11\/videos-motociclista-cai-em-corrego-de-rp\/","url_meta":{"origin":22562,"position":4},"title":"V\u00cdDEOS &#8211; Motociclista cai em c\u00f3rrego de RP","author":"noticiasribeiraopreto.com.br","date":"11 de July de 2025","format":false,"excerpt":"Queda ocorreu ap\u00f3s acidente com carro em avenida movimentada 11 de julho de 2025 09:5411 de julho de 2025 09:551 Compartilhar0 Por: Adalberto Luque Um motociclista ficou ferido, na manh\u00e3 desta sexta-feira (11), ap\u00f3s cair com sua moto no c\u00f3rrego Retiro Saudoso, na avenida Francisco Junqueira, cruzamento com rua Amadeu\u2026","rel":"","context":"In &quot;Not\u00edcias de Ribeir\u00e3o Preto-SP e Regi\u00e3o&quot;","block_context":{"text":"Not\u00edcias de Ribeir\u00e3o Preto-SP e Regi\u00e3o","link":"https:\/\/noticiasribeiraopreto.com.br\/index.php\/category\/noticias-de-ribeirao-preto-sp-e-regiao-ismael-colosi\/"},"img":{"alt_text":"","src":"https:\/\/i0.wp.com\/noticiasribeiraopreto.com.br\/wp-content\/uploads\/2025\/07\/11-jul-2025-motoaquatica1.jpg?fit=839%2C467&ssl=1&resize=350%2C200","width":350,"height":200,"srcset":"https:\/\/i0.wp.com\/noticiasribeiraopreto.com.br\/wp-content\/uploads\/2025\/07\/11-jul-2025-motoaquatica1.jpg?fit=839%2C467&ssl=1&resize=350%2C200 1x, https:\/\/i0.wp.com\/noticiasribeiraopreto.com.br\/wp-content\/uploads\/2025\/07\/11-jul-2025-motoaquatica1.jpg?fit=839%2C467&ssl=1&resize=525%2C300 1.5x, https:\/\/i0.wp.com\/noticiasribeiraopreto.com.br\/wp-content\/uploads\/2025\/07\/11-jul-2025-motoaquatica1.jpg?fit=839%2C467&ssl=1&resize=700%2C400 2x"},"classes":[]},{"id":51527,"url":"https:\/\/noticiasribeiraopreto.com.br\/index.php\/2024\/05\/27\/carro-cai-em-corrego-da-avenida-francisco-junqueira-em-ribeirao-preto\/","url_meta":{"origin":22562,"position":5},"title":"Carro cai em c\u00f3rrego da avenida Francisco Junqueira em Ribeir\u00e3o Preto","author":"noticiasribeiraopreto.com.br","date":"27 de May de 2024","format":false,"excerpt":"Um carro caiu no c\u00f3rrego Retiro Saudoso, que corta a avenida Francisco Junqueira, em Ribeir\u00e3o Preto, na tarde desta segunda-feira (27). O acidente aconteceu por volta das 17h40, na altura do n\u00famero 1.800, pr\u00f3ximo ao cruzamento com a rua Olavo Bilac. De acordo com as primeiras informa\u00e7\u00f5es do Corpo de\u2026","rel":"","context":"In &quot;Not\u00edcias de Ribeir\u00e3o Preto-SP e Regi\u00e3o&quot;","block_context":{"text":"Not\u00edcias de Ribeir\u00e3o Preto-SP e Regi\u00e3o","link":"https:\/\/noticiasribeiraopreto.com.br\/index.php\/category\/noticias-de-ribeirao-preto-sp-e-regiao-ismael-colosi\/"},"img":{"alt_text":"","src":"https:\/\/i0.wp.com\/noticiasribeiraopreto.com.br\/wp-content\/uploads\/2024\/05\/Copia-de-Copia-de-TAMANHO-EXATO-PARA-FOTOS-NO-SISTEMA-NOVO-58_2024-05-27_21-06-39_png_2024-05-27_21-06-39.webp.webp?fit=1200%2C675&ssl=1&resize=350%2C200","width":350,"height":200,"srcset":"https:\/\/i0.wp.com\/noticiasribeiraopreto.com.br\/wp-content\/uploads\/2024\/05\/Copia-de-Copia-de-TAMANHO-EXATO-PARA-FOTOS-NO-SISTEMA-NOVO-58_2024-05-27_21-06-39_png_2024-05-27_21-06-39.webp.webp?fit=1200%2C675&ssl=1&resize=350%2C200 1x, https:\/\/i0.wp.com\/noticiasribeiraopreto.com.br\/wp-content\/uploads\/2024\/05\/Copia-de-Copia-de-TAMANHO-EXATO-PARA-FOTOS-NO-SISTEMA-NOVO-58_2024-05-27_21-06-39_png_2024-05-27_21-06-39.webp.webp?fit=1200%2C675&ssl=1&resize=525%2C300 1.5x, https:\/\/i0.wp.com\/noticiasribeiraopreto.com.br\/wp-content\/uploads\/2024\/05\/Copia-de-Copia-de-TAMANHO-EXATO-PARA-FOTOS-NO-SISTEMA-NOVO-58_2024-05-27_21-06-39_png_2024-05-27_21-06-39.webp.webp?fit=1200%2C675&ssl=1&resize=700%2C400 2x, https:\/\/i0.wp.com\/noticiasribeiraopreto.com.br\/wp-content\/uploads\/2024\/05\/Copia-de-Copia-de-TAMANHO-EXATO-PARA-FOTOS-NO-SISTEMA-NOVO-58_2024-05-27_21-06-39_png_2024-05-27_21-06-39.webp.webp?fit=1200%2C675&ssl=1&resize=1050%2C600 3x"},"classes":[]}],"jetpack_sharing_enabled":true,"jetpack_shortlink":"https:\/\/wp.me\/peQAOb-5RU","_links":{"self":[{"href":"https:\/\/noticiasribeiraopreto.com.br\/index.php\/wp-json\/wp\/v2\/posts\/22562","targetHints":{"allow":["GET"]}}],"collection":[{"href":"https:\/\/noticiasribeiraopreto.com.br\/index.php\/wp-json\/wp\/v2\/posts"}],"about":[{"href":"https:\/\/noticiasribeiraopreto.com.br\/index.php\/wp-json\/wp\/v2\/types\/post"}],"author":[{"embeddable":true,"href":"https:\/\/noticiasribeiraopreto.com.br\/index.php\/wp-json\/wp\/v2\/users\/1"}],"replies":[{"embeddable":true,"href":"https:\/\/noticiasribeiraopreto.com.br\/index.php\/wp-json\/wp\/v2\/comments?post=22562"}],"version-history":[{"count":0,"href":"https:\/\/noticiasribeiraopreto.com.br\/index.php\/wp-json\/wp\/v2\/posts\/22562\/revisions"}],"wp:featuredmedia":[{"embeddable":true,"href":"https:\/\/noticiasribeiraopreto.com.br\/index.php\/wp-json\/wp\/v2\/media\/22563"}],"wp:attachment":[{"href":"https:\/\/noticiasribeiraopreto.com.br\/index.php\/wp-json\/wp\/v2\/media?parent=22562"}],"wp:term":[{"taxonomy":"category","embeddable":true,"href":"https:\/\/noticiasribeiraopreto.com.br\/index.php\/wp-json\/wp\/v2\/categories?post=22562"},{"taxonomy":"post_tag","embeddable":true,"href":"https:\/\/noticiasribeiraopreto.com.br\/index.php\/wp-json\/wp\/v2\/tags?post=22562"}],"curies":[{"name":"wp","href":"https:\/\/api.w.org\/{rel}","templated":true}]}}