{"id":22574,"date":"2023-12-30T10:08:08","date_gmt":"2023-12-30T13:08:08","guid":{"rendered":"https:\/\/noticiasribeiraopreto.com.br\/index.php\/2023\/12\/30\/para-comecar-2024-empregado-confira-vagas-abertas-em-diversas-regioes-do-brasil\/"},"modified":"2023-12-30T10:08:08","modified_gmt":"2023-12-30T13:08:08","slug":"para-comecar-2024-empregado-confira-vagas-abertas-em-diversas-regioes-do-brasil","status":"publish","type":"post","link":"https:\/\/noticiasribeiraopreto.com.br\/index.php\/2023\/12\/30\/para-comecar-2024-empregado-confira-vagas-abertas-em-diversas-regioes-do-brasil\/","title":{"rendered":"Para come\u00e7ar 2024 empregado: confira vagas abertas em diversas regi\u00f5es do Brasil"},"content":{"rendered":"<div class='code-block code-block-1' style='margin: 8px 0 8px auto; text-align: right; display: block; clear: both;'>\n<p><a href=\"https:\/\/wa.link\/vpicfd\"><img data-recalc-dims=\"1\" class=\"wp-image-4922\" style=\"aspect-ratio: 2.0253164556962027; width: 561px; height: auto;\" src=\"https:\/\/i0.wp.com\/ismaelcolosi.com.br\/wp-content\/uploads\/2023\/11\/grupo-de-empregos-whatsapp-e-facebook-ismael-colosi-vagas.jpg?ssl=1\" alt=\"\" \/><\/a><\/p>\n<!-- \/wp:image -->\n<\/div>\n<p> <br \/>\n<\/p>\n<div id=\"\">\n<div class=\"content-infos\">\n<div class=\"texts\">\n<p class=\"author tooltip-comp\"> Da reda\u00e7\u00e3o<span class=\"icon-i\">i<\/span><span class=\"tooltiptext\"> <span class=\"author\"><span>Da reda\u00e7\u00e3o<\/span> <\/span><span class=\"desc\"\/> <\/span><\/p>\n<p>30\/12\/2023 &#8211; 10:01<\/p>\n<\/div>\n<div id=\"share-modal\" class=\"share-modal\"> <button class=\"box-close btn-share\"> <img decoding=\"async\" src=\"https:\/\/istoedinheiro.com.br\/wp-content\/themes\/dinheiro-wp-theme\/assets\/img\/svg\/closeIcon.svg?x46096\" alt=\"Close icon\" class=\"close-btn lazy\"\/> <\/button><\/div>\n<\/p><\/div>\n<p>Faltando 2 dias para o fim de 2023, quem est\u00e1 na procura por vaga no mercado de trabalho pode aproveitar as oportunidades abaixo. A Dinheiro listou pelo menos 14 empresas que est\u00e3o com inscri\u00e7\u00f5es abertas em processos seletivos em diversas regi\u00f5es do pa\u00eds.<\/p>\n<p><span style=\"font-weight: 400\">De acordo com um levantamento do <\/span><a href=\"https:\/\/www.infojobs.com.br\/\" rel=\"nofollow noopener\" target=\"_blank\"><span style=\"font-weight: 400\">Infojobs<\/span><\/a><span style=\"font-weight: 400\">, 2023 encerra ainda aquecido, principalmente para o setor Comercial, respons\u00e1vel por 38,5% dos an\u00fancios no jobsite, seguido pelos de Gastronomia e Log\u00edstica, com 6,5%. As \u00e1reas administrativa e de TI tamb\u00e9m est\u00e3o em evid\u00eancia, com 6,4% e 3,2%.\u00a0<\/span><\/p>\n<p><b>Mecanizou<\/b><\/p>\n<p><span style=\"font-weight: 400\">A <\/span><a href=\"https:\/\/www.mecanizou.com\/\" rel=\"nofollow noopener\" target=\"_blank\"><span style=\"font-weight: 400\">Mecanizou<\/span><\/a><span style=\"font-weight: 400\">, startup que conecta oficinas mec\u00e2nicas e revendedoras a fornecedores de pe\u00e7as automotivas, est\u00e1 com seis vagas abertas nas seguintes \u00e1reas: Tech, com os cargos Senior Software Engineer e Mid Frontend Software Engineer; Opera\u00e7\u00f5es, para Coordenadora de log\u00edstica (afirmativa para mulheres) e Comprador; E-commerce, Analista de cota\u00e7\u00e3o e Analista de atendimento ao cliente. Interessados podem enviar o curr\u00edculo para <\/span><a href=\"mailto:talentos@mecanizou.com\"><span style=\"font-weight: 400\">talentos@mecanizou.com<\/span><\/a><\/p>\n<p><b>Conta Azul<\/b><\/p>\n<p><span style=\"font-weight: 400\">A fintech <\/span><a href=\"https:\/\/ca.contaazul.com\/\" rel=\"nofollow noopener\" target=\"_blank\"><span style=\"font-weight: 400\">Conta Azul<\/span><\/a> <span style=\"font-weight: 400\">est\u00e1 com 14 vagas abertas nas \u00e1reas comercial, marketing e de suporte, com oportunidades para Engenheiro Backend S\u00eanior, Analista de Atendimento, Senior Product Marketing, entre outras. Interessados podem conferir todas as vagas e se inscrever no <\/span><a href=\"https:\/\/contaazul.com\/carreiras\/vagas\/\" rel=\"nofollow noopener\" target=\"_blank\"><span style=\"font-weight: 400\">link<\/span><\/a><span style=\"font-weight: 400\">.<\/span><\/p>\n<p><b>Intelligenza IT<\/b><\/p>\n<p><span style=\"font-weight: 400\">A <\/span><a href=\"https:\/\/intelligenzait.com\/\" rel=\"nofollow noopener\" target=\"_blank\"><span style=\"font-weight: 400\">Intelligenza IT<\/span><\/a><span style=\"font-weight: 400\">, consultoria especializada em tecnologias para RH, est\u00e1 com vagas abertas para consultor Pr\u00e9-Vendas, consultor SuccessFactors LMS, analista de Sucesso de Cliente e Especialista de Conte\u00fado. Interessados podem conferir todas as vagas e se inscrever no <\/span><a href=\"https:\/\/carreiras.intelligenzait.com\/search\/?searchby=location&amp;createNewAlert=false&amp;q=&amp;locationsearch=&amp;geolocation=\" rel=\"nofollow noopener\" target=\"_blank\"><span style=\"font-weight: 400\">link<\/span><\/a><span style=\"font-weight: 400\">.<\/span><\/p>\n<p><b>Klubi\u00a0<\/b><\/p>\n<p><span style=\"font-weight: 400\">A fintech <\/span><a href=\"https:\/\/www.klubi.com.br\/\" rel=\"nofollow noopener\" target=\"_blank\"><span style=\"font-weight: 400\">Klubi<\/span><\/a> <span style=\"font-weight: 400\">est\u00e1 com vagas abertas para seu time de vendas. Para participar do processo seletivo para uma das vagas, os interessados devem se inscrever <\/span><a href=\"https:\/\/klubi.breezy.hr\/\" rel=\"nofollow noopener\" target=\"_blank\"><span style=\"font-weight: 400\">neste link<\/span><\/a><span style=\"font-weight: 400\">.<\/span><\/p>\n<p><b>Turbi\u00a0<\/b><\/p>\n<p><span style=\"font-weight: 400\">A <\/span><a href=\"https:\/\/turbi.com.br\/\" rel=\"nofollow noopener\" target=\"_blank\"><span style=\"font-weight: 400\">Turbi<\/span><\/a><span style=\"font-weight: 400\">, empresa digital de loca\u00e7\u00e3o e assinatura de carros, tem vagas abertas em formato remoto, h\u00edbrido e presencial em oportunidades para as fun\u00e7\u00f5es de Analista de contas a pagar, Analista de m\u00eddia, Engenheiro de software, Analista e Gerente de CX, Psic\u00f3logo organizacional e Head de Opera\u00e7\u00f5es. Interessados podem conferir todas as vagas e se inscrever <\/span><a href=\"https:\/\/jobs.quickin.io\/turbi\/jobs?page=1\" rel=\"nofollow noopener\" target=\"_blank\"><span style=\"font-weight: 400\">neste link<\/span><\/a><span style=\"font-weight: 400\">.<\/span><\/p>\n<p><b>V4 Company<\/b><\/p>\n<p><span style=\"font-weight: 400\">A <\/span><a href=\"https:\/\/v4company.com\/\" rel=\"nofollow noopener\" target=\"_blank\"><span style=\"font-weight: 400\">V4 Company<\/span><\/a><span style=\"font-weight: 400\">, que atua com assessoria de marketing<\/span><span style=\"font-weight: 400\">, est\u00e1 com quase<\/span> 380 vagas abertas<span style=\"font-weight: 400\"> (presenciais, h\u00edbridas e remotas) em diversas partes do pa\u00eds, como S\u00e3o Paulo, Rio de Janeiro, Distrito Federal, Minas Gerais, Santa Catarina e outros. As pessoas interessadas podem acessar o site da V4 Company e procurar pelo campo <\/span><a href=\"https:\/\/franquiasv4.gupy.io\/\" rel=\"nofollow noopener\" target=\"_blank\"><span style=\"font-weight: 400\">Trabalhe Conosco<\/span><\/a><span style=\"font-weight: 400\"> ou acessar diretamente este link <\/span><a href=\"https:\/\/franquiasv4.gupy.io\/\" rel=\"nofollow noopener\" target=\"_blank\"><span style=\"font-weight: 400\">https:\/\/franquiasv4.gupy.io\/<\/span><\/a><span style=\"font-weight: 400\">, onde tamb\u00e9m \u00e9 poss\u00edvel obter detalhes, incluindo qualifica\u00e7\u00f5es e requisitos, al\u00e9m de benef\u00edcios.\u00a0<\/span><\/p>\n<p><b>SysMap<\/b><\/p>\n<p><span style=\"font-weight: 400\">A <\/span><a href=\"https:\/\/www.sysmap.com.br\/\" rel=\"nofollow noopener\" target=\"_blank\"><span style=\"font-weight: 400\">SysMap Solutions<\/span><\/a> <span style=\"font-weight: 400\">est\u00e1 com mais de <\/span>100 vagas abertas<span style=\"font-weight: 400\">, que abrangem \u00e1reas distintas, como: dados, desenvolvedores Full Stack, Back-end e Front-end, mobile, designers UX e UI, arquitetos de microsservi\u00e7os, al\u00e9m de diversas op\u00e7\u00f5es na \u00e1rea de Salesforce, para diversos perfis, como desenvolvedores, l\u00edderes t\u00e9cnicos e especialistas Vlocity. As vagas s\u00e3o, na maioria, para trabalhar remotamente, permitindo a candidatura de profissionais de qualquer lugar do Brasil e do mundo. Os profissionais podem consultar mais informa\u00e7\u00f5es sobre as vagas e se candidatar <\/span><a href=\"https:\/\/www.sysmap.com.br\/sejasysmap.php\" rel=\"nofollow noopener\" target=\"_blank\"><span style=\"font-weight: 400\">neste link<\/span><\/a><span style=\"font-weight: 400\">.<\/span><\/p>\n<p><b>Ease Labs<\/b><\/p>\n<p><span style=\"font-weight: 400\">A<\/span><a href=\"https:\/\/easelabspharma.com.br\/?utm_source=assessoria_dig&amp;utm_medium=assessoria_link&amp;utm_campaign=assessoria_ease&amp;utm_id=assessoria_ease\" rel=\"nofollow noopener\" target=\"_blank\"> <span style=\"font-weight: 400\">Ease Labs<\/span><\/a><span style=\"font-weight: 400\">, que fabrica produtos de Cannabis, est\u00e1 com sete vagas abertas, para atuar na sede da empresa, localizada em Belo Horizonte (MG), em cargos como Supervisor de Qualidade, Analista Fiscal, Analista de BI e Estagi\u00e1rio. As inscri\u00e7\u00f5es devem ser feitas <\/span><a href=\"https:\/\/atracaodetalentos.totvs.app\/easelabs\/extended#listJobOpportunities\" rel=\"nofollow noopener\" target=\"_blank\"><span style=\"font-weight: 400\">neste link<\/span><\/a><span style=\"font-weight: 400\">.\u00a0\u00a0\u00a0<\/span><\/p>\n<p><b>Hero Seguros<\/b><\/p>\n<p><span style=\"font-weight: 400\">A <\/span><a href=\"https:\/\/heroseguros.com.br\/\" rel=\"nofollow noopener\" target=\"_blank\"><span style=\"font-weight: 400\">Hero Seguros<\/span><\/a><span style=\"font-weight: 400\">, insurtech especializada no mercado digital de seguros de viagem, est\u00e1 com 7 vagas abertas para executivo de vendas em diferentes regi\u00f5es do pa\u00eds, como: Bahia, Mato Grosso, Santa Catarina, S\u00e3o Paulo e Rio de Janeiro. Interessados podem enviar o curr\u00edculo para <\/span><a href=\"mailto:People@heroseguros.com.br\"><span style=\"font-weight: 400\">People@heroseguros.com.br<\/span><\/a><span style=\"font-weight: 400\"> .<\/span><\/p>\n<p><b>Elsys<\/b><\/p>\n<p><span style=\"font-weight: 400\">A Elsys, empresa brasileira de solu\u00e7\u00f5es tecnol\u00f3gicas, tem 7 vagas abertas: Representante Comercial PJ, Operador de Telemarketing, Analista de Produtos e Servi\u00e7os Telecom Sr., Coordenador de Gest\u00e3o de Contratos, Product Owner \u2013 Novos Neg\u00f3cios (Tecnologia), Analista de Controles Internos\/Gest\u00e3o de Risco e Analista de SGQ PL (Sistema de Gest\u00e3o da Qualidade). As oportunidades s\u00e3o para Rio Grande do Sul, Grande S\u00e3o Paulo e Amazonas. Para mais informa\u00e7\u00f5es, clique no <\/span><a href=\"https:\/\/vagas.mindsight.com.br\/elsys\" rel=\"nofollow noopener\" target=\"_blank\"><span style=\"font-weight: 400\">link<\/span><\/a><span style=\"font-weight: 400\">.\u00a0<\/span><\/p>\n<p><b>Zup<\/b><\/p>\n<p><span style=\"font-weight: 400\">A Zup, empresa de tecnologia de Uberl\u00e2ndia (MG), tem 4 vagas abertas para: Pessoa Desenvolvedora Bakend Java\/Kotlin S\u00eanior, Pessoa Engenheira de Dados, Lead Cloud Engineer e Platform Staff Engineer. Para mais informa\u00e7\u00f5es, acesse o site de vagas: <\/span><a href=\"https:\/\/www.zup.com.br\/carreiras\" rel=\"nofollow noopener\" target=\"_blank\"><span style=\"font-weight: 400\">https:\/\/www.zup.com.br\/carreiras<\/span><\/a><span style=\"font-weight: 400\">.<\/span><\/p>\n<p><b>Athena Energia<\/b><\/p>\n<p><span style=\"font-weight: 400\">A <\/span><a href=\"https:\/\/athenaenergia.com.br\/\" rel=\"nofollow noopener\" target=\"_blank\"><span style=\"font-weight: 400\">Athena Energia<\/span><\/a><span style=\"font-weight: 400\">, comercializadora que oferece solu\u00e7\u00f5es de energia customizadas \u00e0s empresas, est\u00e1 com tr\u00eas vagas abertas na \u00e1rea de vendas: uma para <\/span><span style=\"font-weight: 400\">Coordenador de Vendas<\/span><span style=\"font-weight: 400\">, em Recife (PE), com experi\u00eancia anterior de, no m\u00ednimo, cinco anos em posi\u00e7\u00f5es de lideran\u00e7a em vendas, preferencialmente no setor de comercializa\u00e7\u00e3o de energia; e duas para <\/span><span style=\"font-weight: 400\">Representante de Vendas<\/span><span style=\"font-weight: 400\">, em Campinas (SP) e em Recife (PE), com atua\u00e7\u00e3o comprovada em vendas tamb\u00e9m no setor de energia, habilidades de comunica\u00e7\u00e3o e negocia\u00e7\u00e3o, e conhecimento do segmento. Os interessados em participar no processo de sele\u00e7\u00e3o, devem enviar seus curr\u00edculos, acompanhados de carta de apresenta\u00e7\u00e3o, para <\/span><a href=\"mailto:comunicacao@athenaenergia.com.br\"><span style=\"font-weight: 400\">comunicacao@athenaenergia.com.br<\/span><\/a><span style=\"font-weight: 400\">\u00a0 at\u00e9 5 de janeiro de 2024.<\/span><\/p>\n<p><b>YANMAR<\/b><\/p>\n<p><span style=\"font-weight: 400\">A <\/span><a href=\"https:\/\/www.yanmar.com\/br\/\" rel=\"nofollow noopener\" target=\"_blank\"><span style=\"font-weight: 400\">YANMAR<\/span><\/a><span style=\"font-weight: 400\">, multinacional japonesa fabricante de m\u00e1quinas compactas para os setores agr\u00edcola e de constru\u00e7\u00e3o civil, motores industriais e mar\u00edtimos, sistemas de energia e grupo geradores, tem 7 vagas abertas. Duas exclusivas para PCD\u2019s, na \u00e1rea Operacional e Administrativa; tr\u00eas vagas extensivas \u00e0 PDC\u2019s, uma para Assistente da Qualidade e duas para Consultor de Neg\u00f3cios; al\u00e9m de uma vaga para Assistente de Importa\u00e7\u00e3o e outra para Estagi\u00e1rio de Importa\u00e7\u00e3o. As oportunidades s\u00e3o para Indaiatuba (SP), Osasco (SP) e Manaus (AM). Os interessados podem se candidatar atrav\u00e9s do link: <\/span><a href=\"https:\/\/visualcargo.com.br\/yanmar\/trabalheconosco\" rel=\"nofollow noopener\" target=\"_blank\"><span style=\"font-weight: 400\">https:\/\/visualcargo.com.br\/yanmar\/trabalheconosco<\/span><\/a><span style=\"font-weight: 400\">.<\/span><\/p>\n<section data-hb-type=\"ads\" name=\"adsMateria\" data-hb-position=\"after-content\" data-hb-provider=\"\">\n<hr\/>\n<\/section>\n<div id=\"share-modal\" class=\"share-modal\"> <button class=\"box-close btn-share\"> <img decoding=\"async\" src=\"https:\/\/istoedinheiro.com.br\/wp-content\/themes\/dinheiro-wp-theme\/assets\/img\/svg\/closeIcon.svg?x46096\" alt=\"Close icon\" class=\"close-btn lazy\"\/> <\/button><\/div>\n<\/p><\/div>\n<p><script>!function(f,b,e,v,n,t,s){if(f.fbq)return;n=f.fbq=function(){n.callMethod?n.callMethod.apply(n,arguments):n.queue.push(arguments)};if(!f._fbq)f._fbq=n;n.push=n;n.loaded=!0;n.version='2.0';n.queue=[];t=b.createElement(e);t.async=!0;t.src=v;s=b.getElementsByTagName(e)[0];s.parentNode.insertBefore(t,s)}(window,document,'script','<\/script><br \/>\n<br \/><br \/>\n<br \/><a href=\"https:\/\/istoedinheiro.com.br\/para-comecar-2024-empregado-confira-vagas-abertas-em-diversas-regioes-do-brasil\/\">Source link <\/a><\/p>\n<!-- CONTENT END 1 -->\n","protected":false},"excerpt":{"rendered":"<p>Da reda\u00e7\u00e3oi Da reda\u00e7\u00e3o 30\/12\/2023 &#8211; 10:01 Faltando 2 dias para o fim de 2023, quem est\u00e1 na procura por vaga no mercado de trabalho&#8230;<\/p>\n","protected":false},"author":1,"featured_media":22575,"comment_status":"open","ping_status":"open","sticky":false,"template":"","format":"standard","meta":{"advanced_seo_description":"","jetpack_seo_html_title":"","jetpack_seo_noindex":false,"jetpack_post_was_ever_published":false,"_jetpack_newsletter_access":"","_jetpack_dont_email_post_to_subs":false,"_jetpack_newsletter_tier_id":0,"_jetpack_memberships_contains_paywalled_content":false,"_jetpack_memberships_contains_paid_content":false,"footnotes":"","jetpack_publicize_message":"","jetpack_publicize_feature_enabled":true,"jetpack_social_post_already_shared":true,"jetpack_social_options":{"image_generator_settings":{"template":"highway","default_image_id":0,"font":"","enabled":false},"version":2}},"categories":[7],"tags":[],"class_list":["post-22574","post","type-post","status-publish","format-standard","has-post-thumbnail","hentry","category-vagas-de-empregos-em-ribeirao-preto-regiao-brasil"],"jetpack_publicize_connections":[],"jetpack_featured_media_url":"https:\/\/i0.wp.com\/noticiasribeiraopreto.com.br\/wp-content\/uploads\/2023\/12\/clt.jpeg?fit=700%2C418&ssl=1","jetpack-related-posts":[{"id":17804,"url":"https:\/\/noticiasribeiraopreto.com.br\/index.php\/2023\/12\/19\/processos-seletivos-no-inss-sest-senat-e-empresas-renomadas-oferecem-34-mil-vagas-2\/","url_meta":{"origin":22574,"position":0},"title":"Processos seletivos no INSS, SEST SENAT e empresas renomadas oferecem 3,4 mil vagas","author":"noticiasribeiraopreto.com.br","date":"19 de December de 2023","format":false,"excerpt":"Aproximadamente 3.400 vagas est\u00e3o abertas para profissionais e estudantes de v\u00e1rias \u00e1reas. \u00c9 grande o n\u00famero de empresas que precisam contratar ou recolocar funcion\u00e1rios e\/ou estagi\u00e1rios em todas as regi\u00f5es do Brasil. Com intuito de auxiliar sua busca por uma oportunidade no mercado de trabalho, o JC Concursos preparou uma\u2026","rel":"","context":"In &quot;Vagas de Emprego em Ribeir\u00e3o Preto-SP&quot;","block_context":{"text":"Vagas de Emprego em Ribeir\u00e3o Preto-SP","link":"https:\/\/noticiasribeiraopreto.com.br\/index.php\/category\/empregos-classificados-vagas-trabalho\/vagas-de-empregos-em-ribeirao-preto-regiao-brasil\/"},"img":{"alt_text":"","src":"https:\/\/i0.wp.com\/noticiasribeiraopreto.com.br\/wp-content\/uploads\/2023\/12\/1702978724_vagas-abertas-agencia-brasil-novo3.jpg?fit=1200%2C675&ssl=1&resize=350%2C200","width":350,"height":200,"srcset":"https:\/\/i0.wp.com\/noticiasribeiraopreto.com.br\/wp-content\/uploads\/2023\/12\/1702978724_vagas-abertas-agencia-brasil-novo3.jpg?fit=1200%2C675&ssl=1&resize=350%2C200 1x, https:\/\/i0.wp.com\/noticiasribeiraopreto.com.br\/wp-content\/uploads\/2023\/12\/1702978724_vagas-abertas-agencia-brasil-novo3.jpg?fit=1200%2C675&ssl=1&resize=525%2C300 1.5x, https:\/\/i0.wp.com\/noticiasribeiraopreto.com.br\/wp-content\/uploads\/2023\/12\/1702978724_vagas-abertas-agencia-brasil-novo3.jpg?fit=1200%2C675&ssl=1&resize=700%2C400 2x, https:\/\/i0.wp.com\/noticiasribeiraopreto.com.br\/wp-content\/uploads\/2023\/12\/1702978724_vagas-abertas-agencia-brasil-novo3.jpg?fit=1200%2C675&ssl=1&resize=1050%2C600 3x"},"classes":[]},{"id":14554,"url":"https:\/\/noticiasribeiraopreto.com.br\/index.php\/2023\/12\/12\/processos-seletivos-no-sicredi-sest-senat-e-mais-empresas-somam-25-mil-vagas-abertas-2\/","url_meta":{"origin":22574,"position":1},"title":"Processos seletivos no Sicredi, SEST SENAT e mais empresas somam 2,5 mil vagas abertas","author":"noticiasribeiraopreto.com.br","date":"12 de December de 2023","format":false,"excerpt":"Aproximadamente 2.500 vagas est\u00e3o abertas para profissionais e estudantes de v\u00e1rias \u00e1reas. \u00c9 grande o n\u00famero de empresas que precisam contratar ou recolocar funcion\u00e1rios e\/ou estagi\u00e1rios em todas as regi\u00f5es do Brasil. Com intuito de auxiliar sua busca por uma oportunidade no mercado de trabalho, o JC Concursos preparou uma\u2026","rel":"","context":"In &quot;Vagas de Emprego em Ribeir\u00e3o Preto-SP&quot;","block_context":{"text":"Vagas de Emprego em Ribeir\u00e3o Preto-SP","link":"https:\/\/noticiasribeiraopreto.com.br\/index.php\/category\/empregos-classificados-vagas-trabalho\/vagas-de-empregos-em-ribeirao-preto-regiao-brasil\/"},"img":{"alt_text":"","src":"https:\/\/i0.wp.com\/noticiasribeiraopreto.com.br\/wp-content\/uploads\/2023\/12\/1702375726_vagas-abertas-agencia-brasil-novo3.jpg?fit=1200%2C675&ssl=1&resize=350%2C200","width":350,"height":200,"srcset":"https:\/\/i0.wp.com\/noticiasribeiraopreto.com.br\/wp-content\/uploads\/2023\/12\/1702375726_vagas-abertas-agencia-brasil-novo3.jpg?fit=1200%2C675&ssl=1&resize=350%2C200 1x, https:\/\/i0.wp.com\/noticiasribeiraopreto.com.br\/wp-content\/uploads\/2023\/12\/1702375726_vagas-abertas-agencia-brasil-novo3.jpg?fit=1200%2C675&ssl=1&resize=525%2C300 1.5x, https:\/\/i0.wp.com\/noticiasribeiraopreto.com.br\/wp-content\/uploads\/2023\/12\/1702375726_vagas-abertas-agencia-brasil-novo3.jpg?fit=1200%2C675&ssl=1&resize=700%2C400 2x, https:\/\/i0.wp.com\/noticiasribeiraopreto.com.br\/wp-content\/uploads\/2023\/12\/1702375726_vagas-abertas-agencia-brasil-novo3.jpg?fit=1200%2C675&ssl=1&resize=1050%2C600 3x"},"classes":[]},{"id":21987,"url":"https:\/\/noticiasribeiraopreto.com.br\/index.php\/2023\/12\/28\/natura-andrade-gutierrez-cyrela-taesa-veja-os-principais-processos-seletivos-desta-quinta-2\/","url_meta":{"origin":22574,"position":2},"title":"Natura, Andrade Gutierrez, Cyrela, Taesa! Veja os principais processos seletivos desta quinta","author":"noticiasribeiraopreto.com.br","date":"28 de December de 2023","format":false,"excerpt":"Se voc\u00ea est\u00e1 em busca de uma oportunidade profissional, esta quinta-feira (29) trouxe boas not\u00edcias. Os processos seletivos da Natura, Andrade Gutierrez, Cyrela e Taesa foram os mais acessados pelos leitores do JC Concursos, que oferecem vagas em diversas \u00e1reas e regi\u00f5es do Brasil. Al\u00e9m desses, outros processos seletivos tamb\u00e9m\u2026","rel":"","context":"In &quot;Vagas de Emprego em Ribeir\u00e3o Preto-SP&quot;","block_context":{"text":"Vagas de Emprego em Ribeir\u00e3o Preto-SP","link":"https:\/\/noticiasribeiraopreto.com.br\/index.php\/category\/empregos-classificados-vagas-trabalho\/vagas-de-empregos-em-ribeirao-preto-regiao-brasil\/"},"img":{"alt_text":"","src":"https:\/\/i0.wp.com\/noticiasribeiraopreto.com.br\/wp-content\/uploads\/2023\/12\/carteira_de_trabalho_freepik.jpg?fit=1200%2C675&ssl=1&resize=350%2C200","width":350,"height":200,"srcset":"https:\/\/i0.wp.com\/noticiasribeiraopreto.com.br\/wp-content\/uploads\/2023\/12\/carteira_de_trabalho_freepik.jpg?fit=1200%2C675&ssl=1&resize=350%2C200 1x, https:\/\/i0.wp.com\/noticiasribeiraopreto.com.br\/wp-content\/uploads\/2023\/12\/carteira_de_trabalho_freepik.jpg?fit=1200%2C675&ssl=1&resize=525%2C300 1.5x, https:\/\/i0.wp.com\/noticiasribeiraopreto.com.br\/wp-content\/uploads\/2023\/12\/carteira_de_trabalho_freepik.jpg?fit=1200%2C675&ssl=1&resize=700%2C400 2x, https:\/\/i0.wp.com\/noticiasribeiraopreto.com.br\/wp-content\/uploads\/2023\/12\/carteira_de_trabalho_freepik.jpg?fit=1200%2C675&ssl=1&resize=1050%2C600 3x"},"classes":[]},{"id":15685,"url":"https:\/\/noticiasribeiraopreto.com.br\/index.php\/2023\/12\/14\/processos-seletivos-na-trinity-lwsa-e-mais-empresas-somam-23-mil-vagas-abertas-2\/","url_meta":{"origin":22574,"position":3},"title":"Processos seletivos na Trinity, LWSA e mais empresas somam 2,3 mil vagas abertas","author":"noticiasribeiraopreto.com.br","date":"14 de December de 2023","format":false,"excerpt":"Aproximadamente 2.300 vagas est\u00e3o abertas para profissionais e estudantes de v\u00e1rias \u00e1reas. \u00c9 grande o n\u00famero de empresas que precisam contratar ou recolocar funcion\u00e1rios e\/ou estagi\u00e1rios em todas as regi\u00f5es do Brasil. Com intuito de auxiliar sua busca por uma oportunidade no mercado de trabalho, o JC Concursos preparou uma\u2026","rel":"","context":"In &quot;Vagas de Emprego em Ribeir\u00e3o Preto-SP&quot;","block_context":{"text":"Vagas de Emprego em Ribeir\u00e3o Preto-SP","link":"https:\/\/noticiasribeiraopreto.com.br\/index.php\/category\/empregos-classificados-vagas-trabalho\/vagas-de-empregos-em-ribeirao-preto-regiao-brasil\/"},"img":{"alt_text":"","src":"https:\/\/i0.wp.com\/noticiasribeiraopreto.com.br\/wp-content\/uploads\/2023\/12\/1702548083_vagas-abertas-agencia-brasil-novo3.jpg?fit=1200%2C675&ssl=1&resize=350%2C200","width":350,"height":200,"srcset":"https:\/\/i0.wp.com\/noticiasribeiraopreto.com.br\/wp-content\/uploads\/2023\/12\/1702548083_vagas-abertas-agencia-brasil-novo3.jpg?fit=1200%2C675&ssl=1&resize=350%2C200 1x, https:\/\/i0.wp.com\/noticiasribeiraopreto.com.br\/wp-content\/uploads\/2023\/12\/1702548083_vagas-abertas-agencia-brasil-novo3.jpg?fit=1200%2C675&ssl=1&resize=525%2C300 1.5x, https:\/\/i0.wp.com\/noticiasribeiraopreto.com.br\/wp-content\/uploads\/2023\/12\/1702548083_vagas-abertas-agencia-brasil-novo3.jpg?fit=1200%2C675&ssl=1&resize=700%2C400 2x, https:\/\/i0.wp.com\/noticiasribeiraopreto.com.br\/wp-content\/uploads\/2023\/12\/1702548083_vagas-abertas-agencia-brasil-novo3.jpg?fit=1200%2C675&ssl=1&resize=1050%2C600 3x"},"classes":[]},{"id":16202,"url":"https:\/\/noticiasribeiraopreto.com.br\/index.php\/2023\/12\/15\/processos-seletivos-no-magalu-cyrela-e-mais-empresas-somam-4-mil-vagas-abertas-2\/","url_meta":{"origin":22574,"position":4},"title":"Processos seletivos no Magalu, Cyrela e mais empresas somam 4 mil vagas abertas","author":"noticiasribeiraopreto.com.br","date":"15 de December de 2023","format":false,"excerpt":"Aproximadamente 4.000 vagas est\u00e3o abertas para profissionais e estudantes de v\u00e1rias \u00e1reas. \u00c9 grande o n\u00famero de empresas que precisam contratar ou recolocar funcion\u00e1rios e\/ou estagi\u00e1rios em todas as regi\u00f5es do Brasil. Com intuito de auxiliar sua busca por uma oportunidade no mercado de trabalho, o JC Concursos preparou uma\u2026","rel":"","context":"In &quot;Vagas de Emprego em Ribeir\u00e3o Preto-SP&quot;","block_context":{"text":"Vagas de Emprego em Ribeir\u00e3o Preto-SP","link":"https:\/\/noticiasribeiraopreto.com.br\/index.php\/category\/empregos-classificados-vagas-trabalho\/vagas-de-empregos-em-ribeirao-preto-regiao-brasil\/"},"img":{"alt_text":"","src":"https:\/\/i0.wp.com\/noticiasribeiraopreto.com.br\/wp-content\/uploads\/2023\/12\/1702633309_mercado-trabalho-carteira-freepik.jpg?fit=1200%2C675&ssl=1&resize=350%2C200","width":350,"height":200,"srcset":"https:\/\/i0.wp.com\/noticiasribeiraopreto.com.br\/wp-content\/uploads\/2023\/12\/1702633309_mercado-trabalho-carteira-freepik.jpg?fit=1200%2C675&ssl=1&resize=350%2C200 1x, https:\/\/i0.wp.com\/noticiasribeiraopreto.com.br\/wp-content\/uploads\/2023\/12\/1702633309_mercado-trabalho-carteira-freepik.jpg?fit=1200%2C675&ssl=1&resize=525%2C300 1.5x, https:\/\/i0.wp.com\/noticiasribeiraopreto.com.br\/wp-content\/uploads\/2023\/12\/1702633309_mercado-trabalho-carteira-freepik.jpg?fit=1200%2C675&ssl=1&resize=700%2C400 2x, https:\/\/i0.wp.com\/noticiasribeiraopreto.com.br\/wp-content\/uploads\/2023\/12\/1702633309_mercado-trabalho-carteira-freepik.jpg?fit=1200%2C675&ssl=1&resize=1050%2C600 3x"},"classes":[]},{"id":11435,"url":"https:\/\/noticiasribeiraopreto.com.br\/index.php\/2023\/12\/06\/processos-seletivos-na-fiocruz-samarco-e-empresas-privadas-oferecem-61-mil-vagas-2\/","url_meta":{"origin":22574,"position":5},"title":"Processos seletivos na Fiocruz, Samarco e empresas privadas oferecem 6,1 mil vagas","author":"noticiasribeiraopreto.com.br","date":"6 de December de 2023","format":false,"excerpt":"Cerca de 6.100 vagas est\u00e3o abertas para profissionais e estudantes de v\u00e1rias \u00e1reas. \u00c9 grande o n\u00famero de empresas que precisam contratar ou recolocar funcion\u00e1rios e\/ou estagi\u00e1rios em todas as regi\u00f5es do Brasil. Com intuito de auxiliar sua busca por uma oportunidade no mercado de trabalho, o JC Concursos preparou\u2026","rel":"","context":"In &quot;Vagas de Emprego em Ribeir\u00e3o Preto-SP&quot;","block_context":{"text":"Vagas de Emprego em Ribeir\u00e3o Preto-SP","link":"https:\/\/noticiasribeiraopreto.com.br\/index.php\/category\/empregos-classificados-vagas-trabalho\/vagas-de-empregos-em-ribeirao-preto-regiao-brasil\/"},"img":{"alt_text":"","src":"https:\/\/i0.wp.com\/noticiasribeiraopreto.com.br\/wp-content\/uploads\/2023\/12\/1701860272_carteira-de-trabalho-agencia-brasil.jpg?fit=1200%2C675&ssl=1&resize=350%2C200","width":350,"height":200,"srcset":"https:\/\/i0.wp.com\/noticiasribeiraopreto.com.br\/wp-content\/uploads\/2023\/12\/1701860272_carteira-de-trabalho-agencia-brasil.jpg?fit=1200%2C675&ssl=1&resize=350%2C200 1x, https:\/\/i0.wp.com\/noticiasribeiraopreto.com.br\/wp-content\/uploads\/2023\/12\/1701860272_carteira-de-trabalho-agencia-brasil.jpg?fit=1200%2C675&ssl=1&resize=525%2C300 1.5x, https:\/\/i0.wp.com\/noticiasribeiraopreto.com.br\/wp-content\/uploads\/2023\/12\/1701860272_carteira-de-trabalho-agencia-brasil.jpg?fit=1200%2C675&ssl=1&resize=700%2C400 2x, https:\/\/i0.wp.com\/noticiasribeiraopreto.com.br\/wp-content\/uploads\/2023\/12\/1701860272_carteira-de-trabalho-agencia-brasil.jpg?fit=1200%2C675&ssl=1&resize=1050%2C600 3x"},"classes":[]}],"jetpack_sharing_enabled":true,"jetpack_shortlink":"https:\/\/wp.me\/peQAOb-5S6","_links":{"self":[{"href":"https:\/\/noticiasribeiraopreto.com.br\/index.php\/wp-json\/wp\/v2\/posts\/22574","targetHints":{"allow":["GET"]}}],"collection":[{"href":"https:\/\/noticiasribeiraopreto.com.br\/index.php\/wp-json\/wp\/v2\/posts"}],"about":[{"href":"https:\/\/noticiasribeiraopreto.com.br\/index.php\/wp-json\/wp\/v2\/types\/post"}],"author":[{"embeddable":true,"href":"https:\/\/noticiasribeiraopreto.com.br\/index.php\/wp-json\/wp\/v2\/users\/1"}],"replies":[{"embeddable":true,"href":"https:\/\/noticiasribeiraopreto.com.br\/index.php\/wp-json\/wp\/v2\/comments?post=22574"}],"version-history":[{"count":0,"href":"https:\/\/noticiasribeiraopreto.com.br\/index.php\/wp-json\/wp\/v2\/posts\/22574\/revisions"}],"wp:featuredmedia":[{"embeddable":true,"href":"https:\/\/noticiasribeiraopreto.com.br\/index.php\/wp-json\/wp\/v2\/media\/22575"}],"wp:attachment":[{"href":"https:\/\/noticiasribeiraopreto.com.br\/index.php\/wp-json\/wp\/v2\/media?parent=22574"}],"wp:term":[{"taxonomy":"category","embeddable":true,"href":"https:\/\/noticiasribeiraopreto.com.br\/index.php\/wp-json\/wp\/v2\/categories?post=22574"},{"taxonomy":"post_tag","embeddable":true,"href":"https:\/\/noticiasribeiraopreto.com.br\/index.php\/wp-json\/wp\/v2\/tags?post=22574"}],"curies":[{"name":"wp","href":"https:\/\/api.w.org\/{rel}","templated":true}]}}