{"id":22592,"date":"2023-12-30T11:14:36","date_gmt":"2023-12-30T14:14:36","guid":{"rendered":"https:\/\/noticiasribeiraopreto.com.br\/index.php\/2023\/12\/30\/primeiros-colocados-avaliam-pesquisa-tribuna-ribeirao\/"},"modified":"2023-12-30T11:14:36","modified_gmt":"2023-12-30T14:14:36","slug":"primeiros-colocados-avaliam-pesquisa-tribuna-ribeirao","status":"publish","type":"post","link":"https:\/\/noticiasribeiraopreto.com.br\/index.php\/2023\/12\/30\/primeiros-colocados-avaliam-pesquisa-tribuna-ribeirao\/","title":{"rendered":"Primeiros colocados avaliam pesquisa Tribuna Ribeir\u00e3o\u00a0"},"content":{"rendered":"<div class='code-block code-block-1' style='margin: 8px 0 8px auto; text-align: right; display: block; clear: both;'>\n<p><a href=\"https:\/\/wa.link\/vpicfd\"><img data-recalc-dims=\"1\" class=\"wp-image-4922\" style=\"aspect-ratio: 2.0253164556962027; width: 561px; height: auto;\" src=\"https:\/\/i0.wp.com\/ismaelcolosi.com.br\/wp-content\/uploads\/2023\/11\/grupo-de-empregos-whatsapp-e-facebook-ismael-colosi-vagas.jpg?ssl=1\" alt=\"\" \/><\/a><\/p>\n<!-- \/wp:image -->\n<\/div>\n<p> <br \/>\n<\/p>\n<div id=\"\">\n<p> <span class=\"entry-meta-item penci-posted-on\"><i class=\"fa fa-clock-o\"\/><time class=\"entry-date published\" datetime=\"2023-12-30T11:00:03-03:00\">30 de dezembro de 2023 | 11:00<\/time><time class=\"updated\" datetime=\"2023-12-29T17:20:50-03:00\">29 de dezembro de 2023 | 17:20<\/time><\/span><\/p>\n<p> <span class=\"penci-social-buttons penci-social-share-footer\"><a href=\"#\" class=\"penci-post-like penci_post-meta_item  single-like-button penci-social-item like\" data-post_id=\"368786\" title=\"Like\" data-like=\"Like\" data-unlike=\"Unlike\"><i class=\"fa fa-thumbs-o-up\"\/><span class=\"penci-share-number\">0<\/span><\/a><i class=\"fa fa-facebook\"\/><a class=\"penci-social-item twitter\" target=\"_blank\" rel=\"noopener\" title=\"\" href=\"https:\/\/twitter.com\/intent\/tweet?text=Primeiros%20colocados%20avaliam%20pesquisa%20Tribuna%20Ribeir\u00e3o\u00a0%20-%20https:\/\/www.tribunaribeirao.com.br\/site\/primeiros-colocados-avaliam-pesquisa-tribuna-ribeirao\/\"><i class=\"fa fa-twitter\"\/><\/a><i class=\"fa fa-whatsapp\"\/><\/span><\/div>\n<div>\n<p><span data-contrast=\"auto\">O deputado federal Ricardo Silva (PSD) e os vereadores Lincoln Fernandes (PDT) e Igor Oliveira (MDB), primeiros colocados na pesquisa de inten\u00e7\u00e3o de votos para prefeito de Ribeir\u00e3o Preto, nas elei\u00e7\u00f5es marcadas para o pr\u00f3ximo ano, avaliaram suas performances no levantamento realizado pelo Tribuna Ribeir\u00e3o em parceria com o Instituto de Pesquisa Pol\u00edtica (Inpep). A pesquisa foi realizada nos dias 19 e 20 de dezembro e ouviu por telefone 600 eleitores obedecendo a estratifica\u00e7\u00e3o de g\u00eanero, faixa et\u00e1ria, renda domiciliar e divis\u00e3o territorial com base nos dados mais recentes do Censo do Instituto Brasileiro de Geografia e Estat\u00edstica (IBGE) realizado no ano passado. O grau de confian\u00e7a da pesquisa \u00e9 de 95% e a margem de erro de 4%.<\/span><span data-ccp-props=\"{&quot;201341983&quot;:0,&quot;335559739&quot;:0,&quot;335559740&quot;:240}\">\u00a0<\/span><\/p>\n<p><span data-contrast=\"auto\">A pergunta feita para os entrevistados foi \u201cse a elei\u00e7\u00e3o para prefeito fosse hoje, em quem voc\u00ea votaria\u201d. Eles responderam de forma espont\u00e2nea \u2013 quando n\u00e3o \u00e9 apresentado nenhum nome -, e de forma estimulada \u2013 quando s\u00e3o apresentados v\u00e1rios cen\u00e1rios com nomes de prov\u00e1veis candidatos a prefeito nas pr\u00f3ximas elei\u00e7\u00f5es.\u00a0<\/span><span data-ccp-props=\"{&quot;201341983&quot;:0,&quot;335559739&quot;:0,&quot;335559740&quot;:240}\">\u00a0<\/span><\/p>\n<p><span data-contrast=\"auto\">Na pesquisa Ricardo Silva ficou em primeiro lugar em todos os cen\u00e1rios. Em um deles teve 32% das inten\u00e7\u00f5es de votos, contra 17% do vereador Lincoln Fernandes (PDT). Em outro, estimulado, em que Lincoln n\u00e3o aparece e em seu lugar \u00e9 inclu\u00eddo o tamb\u00e9m vereador Igor Oliveira (MDB), Ricardo Silva aparece teve 28%. Igor teve 20%.<\/span><span data-ccp-props=\"{&quot;201341983&quot;:0,&quot;335559739&quot;:0,&quot;335559740&quot;:240}\">\u00a0<\/span><\/p>\n<p><b><span data-contrast=\"auto\">Eleitores indecisos<\/span><\/b><span data-ccp-props=\"{&quot;201341983&quot;:0,&quot;335559739&quot;:0,&quot;335559740&quot;:240}\">\u00a0<\/span><\/p>\n<p><span data-contrast=\"auto\">No levantamento espont\u00e2neo, sem a indica\u00e7\u00e3o de nomes, 61% dos entrevistados n\u00e3o souberam indicar ou n\u00e3o responderam em quem votariam e 14% afirmaram que votariam em branco. Entre os que responderam, o deputado federal Ricardo Silva foi lembrado por 7%, Igor Oliveira) por 3% e Lincoln Fernandes por 2%.<\/span><span data-ccp-props=\"{&quot;201341983&quot;:0,&quot;335559739&quot;:0,&quot;335559740&quot;:240}\">\u00a0<\/span><\/p>\n<p><b><span data-contrast=\"auto\">Ricardo Silva (PSD)<\/span><\/b><span data-ccp-props=\"{&quot;201341983&quot;:0,&quot;335559739&quot;:0,&quot;335559740&quot;:240}\">\u00a0<\/span><\/p>\n<figure id=\"attachment_368787\" aria-describedby=\"caption-attachment-368787\" style=\"width: 300px\" class=\"wp-caption alignleft\"><noscript><img data-recalc-dims=\"1\" loading=\"lazy\" decoding=\"async\" class=\"wp-image-368787 size-medium\" src=\"https:\/\/i0.wp.com\/www.tribunaribeirao.com.br\/site\/wp-content\/uploads\/2023\/12\/1-ELEICOES-2024-PESQUISA-RICARDO-SILVA-300x200.jpg?resize=300%2C200&#038;ssl=1\" alt=\"\" width=\"300\" height=\"200\" srcset=\"https:\/\/www.tribunaribeirao.com.br\/site\/wp-content\/uploads\/2023\/12\/1-ELEICOES-2024-PESQUISA-RICARDO-SILVA-300x200.jpg 300w, https:\/\/www.tribunaribeirao.com.br\/site\/wp-content\/uploads\/2023\/12\/1-ELEICOES-2024-PESQUISA-RICARDO-SILVA-1024x683.jpg 1024w, https:\/\/www.tribunaribeirao.com.br\/site\/wp-content\/uploads\/2023\/12\/1-ELEICOES-2024-PESQUISA-RICARDO-SILVA-768x512.jpg 768w, https:\/\/www.tribunaribeirao.com.br\/site\/wp-content\/uploads\/2023\/12\/1-ELEICOES-2024-PESQUISA-RICARDO-SILVA-1536x1024.jpg 1536w, https:\/\/www.tribunaribeirao.com.br\/site\/wp-content\/uploads\/2023\/12\/1-ELEICOES-2024-PESQUISA-RICARDO-SILVA-2048x1365.jpg 2048w, https:\/\/www.tribunaribeirao.com.br\/site\/wp-content\/uploads\/2023\/12\/1-ELEICOES-2024-PESQUISA-RICARDO-SILVA-480x320.jpg 480w, https:\/\/www.tribunaribeirao.com.br\/site\/wp-content\/uploads\/2023\/12\/1-ELEICOES-2024-PESQUISA-RICARDO-SILVA-280x186.jpg 280w, https:\/\/www.tribunaribeirao.com.br\/site\/wp-content\/uploads\/2023\/12\/1-ELEICOES-2024-PESQUISA-RICARDO-SILVA-1920x1280.jpg 1920w, https:\/\/www.tribunaribeirao.com.br\/site\/wp-content\/uploads\/2023\/12\/1-ELEICOES-2024-PESQUISA-RICARDO-SILVA-960x640.jpg 960w, https:\/\/www.tribunaribeirao.com.br\/site\/wp-content\/uploads\/2023\/12\/1-ELEICOES-2024-PESQUISA-RICARDO-SILVA-600x400.jpg 600w, https:\/\/www.tribunaribeirao.com.br\/site\/wp-content\/uploads\/2023\/12\/1-ELEICOES-2024-PESQUISA-RICARDO-SILVA-585x390.jpg 585w, https:\/\/www.tribunaribeirao.com.br\/site\/wp-content\/uploads\/2023\/12\/1-ELEICOES-2024-PESQUISA-RICARDO-SILVA-scaled.jpg 967w\" sizes=\"auto, (max-width: 300px) 100vw, 300px\"\/><\/noscript><figcaption id=\"caption-attachment-368787\" class=\"wp-caption-text\">Ricardo Silva (Alfredo Risk)<\/figcaption><\/figure>\n<p><span data-contrast=\"auto\">\u201cCom grande alegria recebo o carinho maravilhoso e a generosidade de minha amada Ribeir\u00e3o. E cabe a mim retribuir tudo isso com muito trabalho. Como estamos fazendo ao garantir uma nova unidade de emerg\u00eancia do Hospital das Cl\u00ednicas para Ribeir\u00e3o Preto. Ser\u00e3o R$ 30 milh\u00f5es de minhas emendas para a concretiza\u00e7\u00e3o deste sonho que vai salvar vidas. Da mesma forma, estamos trazendo a Delegacia de Defesa da Mulher 24 horas para a cidade, com mais R$ 2 milh\u00f5es do nosso mandato como deputado federal.\u00a0<\/span><span data-ccp-props=\"{&quot;201341983&quot;:0,&quot;335559739&quot;:0,&quot;335559740&quot;:240}\">\u00a0<\/span><\/p>\n<p><span data-contrast=\"auto\">Al\u00e9m disso, muitas s\u00e3o as a\u00e7\u00f5es em defesa das institui\u00e7\u00f5es filantr\u00f3picas e recursos essenciais para a sa\u00fade, como o que encaminhamos para zerar a fila de pr\u00f3teses do Hospital das Cl\u00ednicas. O reconhecimento \u00e9 certamente fruto do trabalho em benef\u00edcio da popula\u00e7\u00e3o de Ribeir\u00e3o Preto e isso serve de combust\u00edvel para que possamos seguir em frente com muito trabalho\u201d.<\/span><span data-ccp-props=\"{&quot;201341983&quot;:0,&quot;335559739&quot;:0,&quot;335559740&quot;:240}\">\u00a0<\/span><\/p>\n<p><b><span data-contrast=\"auto\">Igor Oliveira (MDB)<\/span><\/b><span data-ccp-props=\"{&quot;201341983&quot;:0,&quot;335559739&quot;:0,&quot;335559740&quot;:240}\">\u00a0<\/span><\/p>\n<figure id=\"attachment_368788\" aria-describedby=\"caption-attachment-368788\" style=\"width: 300px\" class=\"wp-caption alignleft\"><img data-recalc-dims=\"1\" loading=\"lazy\" decoding=\"async\" alt=\"\" width=\"300\" height=\"200\" srcset=\"https:\/\/www.tribunaribeirao.com.br\/site\/wp-content\/uploads\/2023\/12\/1-ELEICOES-2024-PESQUISA-IGOR-OLIVEIRA-300x200.jpg 300w, https:\/\/www.tribunaribeirao.com.br\/site\/wp-content\/uploads\/2023\/12\/1-ELEICOES-2024-PESQUISA-IGOR-OLIVEIRA-1024x683.jpg 1024w, https:\/\/www.tribunaribeirao.com.br\/site\/wp-content\/uploads\/2023\/12\/1-ELEICOES-2024-PESQUISA-IGOR-OLIVEIRA-768x512.jpg 768w, https:\/\/www.tribunaribeirao.com.br\/site\/wp-content\/uploads\/2023\/12\/1-ELEICOES-2024-PESQUISA-IGOR-OLIVEIRA-1536x1024.jpg 1536w, https:\/\/www.tribunaribeirao.com.br\/site\/wp-content\/uploads\/2023\/12\/1-ELEICOES-2024-PESQUISA-IGOR-OLIVEIRA-2048x1365.jpg 2048w, https:\/\/www.tribunaribeirao.com.br\/site\/wp-content\/uploads\/2023\/12\/1-ELEICOES-2024-PESQUISA-IGOR-OLIVEIRA-480x320.jpg 480w, https:\/\/www.tribunaribeirao.com.br\/site\/wp-content\/uploads\/2023\/12\/1-ELEICOES-2024-PESQUISA-IGOR-OLIVEIRA-280x186.jpg 280w, https:\/\/www.tribunaribeirao.com.br\/site\/wp-content\/uploads\/2023\/12\/1-ELEICOES-2024-PESQUISA-IGOR-OLIVEIRA-1920x1280.jpg 1920w, https:\/\/www.tribunaribeirao.com.br\/site\/wp-content\/uploads\/2023\/12\/1-ELEICOES-2024-PESQUISA-IGOR-OLIVEIRA-960x640.jpg 960w, https:\/\/www.tribunaribeirao.com.br\/site\/wp-content\/uploads\/2023\/12\/1-ELEICOES-2024-PESQUISA-IGOR-OLIVEIRA-600x400.jpg 600w, https:\/\/www.tribunaribeirao.com.br\/site\/wp-content\/uploads\/2023\/12\/1-ELEICOES-2024-PESQUISA-IGOR-OLIVEIRA-585x390.jpg 585w, https:\/\/www.tribunaribeirao.com.br\/site\/wp-content\/uploads\/2023\/12\/1-ELEICOES-2024-PESQUISA-IGOR-OLIVEIRA-scaled.jpg 967w\" src=\"https:\/\/i0.wp.com\/www.tribunaribeirao.com.br\/site\/wp-content\/uploads\/2023\/12\/1-ELEICOES-2024-PESQUISA-IGOR-OLIVEIRA-300x200.jpg?resize=300%2C200&#038;ssl=1\" data-sizes=\"(max-width: 300px) 100vw, 300px\" class=\"wp-image-368788 size-medium lazyload\"\/><noscript><img data-recalc-dims=\"1\" loading=\"lazy\" decoding=\"async\" class=\"wp-image-368788 size-medium\" src=\"https:\/\/i0.wp.com\/www.tribunaribeirao.com.br\/site\/wp-content\/uploads\/2023\/12\/1-ELEICOES-2024-PESQUISA-IGOR-OLIVEIRA-300x200.jpg?resize=300%2C200&#038;ssl=1\" alt=\"\" width=\"300\" height=\"200\" srcset=\"https:\/\/www.tribunaribeirao.com.br\/site\/wp-content\/uploads\/2023\/12\/1-ELEICOES-2024-PESQUISA-IGOR-OLIVEIRA-300x200.jpg 300w, https:\/\/www.tribunaribeirao.com.br\/site\/wp-content\/uploads\/2023\/12\/1-ELEICOES-2024-PESQUISA-IGOR-OLIVEIRA-1024x683.jpg 1024w, https:\/\/www.tribunaribeirao.com.br\/site\/wp-content\/uploads\/2023\/12\/1-ELEICOES-2024-PESQUISA-IGOR-OLIVEIRA-768x512.jpg 768w, https:\/\/www.tribunaribeirao.com.br\/site\/wp-content\/uploads\/2023\/12\/1-ELEICOES-2024-PESQUISA-IGOR-OLIVEIRA-1536x1024.jpg 1536w, https:\/\/www.tribunaribeirao.com.br\/site\/wp-content\/uploads\/2023\/12\/1-ELEICOES-2024-PESQUISA-IGOR-OLIVEIRA-2048x1365.jpg 2048w, https:\/\/www.tribunaribeirao.com.br\/site\/wp-content\/uploads\/2023\/12\/1-ELEICOES-2024-PESQUISA-IGOR-OLIVEIRA-480x320.jpg 480w, https:\/\/www.tribunaribeirao.com.br\/site\/wp-content\/uploads\/2023\/12\/1-ELEICOES-2024-PESQUISA-IGOR-OLIVEIRA-280x186.jpg 280w, https:\/\/www.tribunaribeirao.com.br\/site\/wp-content\/uploads\/2023\/12\/1-ELEICOES-2024-PESQUISA-IGOR-OLIVEIRA-1920x1280.jpg 1920w, https:\/\/www.tribunaribeirao.com.br\/site\/wp-content\/uploads\/2023\/12\/1-ELEICOES-2024-PESQUISA-IGOR-OLIVEIRA-960x640.jpg 960w, https:\/\/www.tribunaribeirao.com.br\/site\/wp-content\/uploads\/2023\/12\/1-ELEICOES-2024-PESQUISA-IGOR-OLIVEIRA-600x400.jpg 600w, https:\/\/www.tribunaribeirao.com.br\/site\/wp-content\/uploads\/2023\/12\/1-ELEICOES-2024-PESQUISA-IGOR-OLIVEIRA-585x390.jpg 585w, https:\/\/www.tribunaribeirao.com.br\/site\/wp-content\/uploads\/2023\/12\/1-ELEICOES-2024-PESQUISA-IGOR-OLIVEIRA-scaled.jpg 967w\" sizes=\"auto, (max-width: 300px) 100vw, 300px\"\/><\/noscript><figcaption id=\"caption-attachment-368788\" class=\"wp-caption-text\">Igor Oliveira (Alfredo Risk)<\/figcaption><\/figure>\n<p><span data-contrast=\"auto\">\u201cMais uma vez fico feliz com a aprova\u00e7\u00e3o de meu nome junto aos ribeir\u00e3o-pretanos. Agrade\u00e7o de cora\u00e7\u00e3o, \u00e9 motivo de honra. Sinto que \u00e9 um reconhecimento do trabalho s\u00e9rio e de resultados que apresentamos para Ribeir\u00e3o Preto. Sobre uma poss\u00edvel candidatura \u00e0 Prefeitura, \u00e9 decis\u00e3o partid\u00e1ria e de um grupo que tem como objetivo manter nossa cidade no trilho do desenvolvimento econ\u00f4mico e social.\u00a0<\/span><span data-ccp-props=\"{&quot;201341983&quot;:0,&quot;335559739&quot;:0,&quot;335559740&quot;:240}\">\u00a0<\/span><\/p>\n<p><span data-contrast=\"auto\">Meu nome est\u00e1 entre uma das op\u00e7\u00f5es nesse cen\u00e1rio, tenho orgulho disso e a decis\u00e3o tomada baseada na democracia ser\u00e1 absolutamente respeitada e apoiada. Que 2024 seja um ano incr\u00edvel e repleto de conquistas para a nossa amada Ribeir\u00e3o Preto. Esse \u00e9 o meu desejo\u201d.<\/span><span data-ccp-props=\"{&quot;201341983&quot;:0,&quot;335559739&quot;:0,&quot;335559740&quot;:240}\">\u00a0<\/span><\/p>\n<p><b><span data-contrast=\"auto\">Lincoln Fernandes (PDT)<\/span><\/b><span data-ccp-props=\"{&quot;201341983&quot;:0,&quot;335559739&quot;:0,&quot;335559740&quot;:240}\">\u00a0<\/span><\/p>\n<figure id=\"attachment_368789\" aria-describedby=\"caption-attachment-368789\" style=\"width: 300px\" class=\"wp-caption alignleft\"><img data-recalc-dims=\"1\" loading=\"lazy\" decoding=\"async\" alt=\"\" width=\"300\" height=\"200\" srcset=\"https:\/\/www.tribunaribeirao.com.br\/site\/wp-content\/uploads\/2023\/12\/1-ELEICOES-2024-PESQUISA-LINCOLN-3-300x200.jpg 300w, https:\/\/www.tribunaribeirao.com.br\/site\/wp-content\/uploads\/2023\/12\/1-ELEICOES-2024-PESQUISA-LINCOLN-3-1024x683.jpg 1024w, https:\/\/www.tribunaribeirao.com.br\/site\/wp-content\/uploads\/2023\/12\/1-ELEICOES-2024-PESQUISA-LINCOLN-3-768x512.jpg 768w, https:\/\/www.tribunaribeirao.com.br\/site\/wp-content\/uploads\/2023\/12\/1-ELEICOES-2024-PESQUISA-LINCOLN-3-1536x1024.jpg 1536w, https:\/\/www.tribunaribeirao.com.br\/site\/wp-content\/uploads\/2023\/12\/1-ELEICOES-2024-PESQUISA-LINCOLN-3-2048x1365.jpg 2048w, https:\/\/www.tribunaribeirao.com.br\/site\/wp-content\/uploads\/2023\/12\/1-ELEICOES-2024-PESQUISA-LINCOLN-3-480x320.jpg 480w, https:\/\/www.tribunaribeirao.com.br\/site\/wp-content\/uploads\/2023\/12\/1-ELEICOES-2024-PESQUISA-LINCOLN-3-280x186.jpg 280w, https:\/\/www.tribunaribeirao.com.br\/site\/wp-content\/uploads\/2023\/12\/1-ELEICOES-2024-PESQUISA-LINCOLN-3-1920x1280.jpg 1920w, https:\/\/www.tribunaribeirao.com.br\/site\/wp-content\/uploads\/2023\/12\/1-ELEICOES-2024-PESQUISA-LINCOLN-3-960x640.jpg 960w, https:\/\/www.tribunaribeirao.com.br\/site\/wp-content\/uploads\/2023\/12\/1-ELEICOES-2024-PESQUISA-LINCOLN-3-600x400.jpg 600w, https:\/\/www.tribunaribeirao.com.br\/site\/wp-content\/uploads\/2023\/12\/1-ELEICOES-2024-PESQUISA-LINCOLN-3-585x390.jpg 585w, https:\/\/www.tribunaribeirao.com.br\/site\/wp-content\/uploads\/2023\/12\/1-ELEICOES-2024-PESQUISA-LINCOLN-3-scaled.jpg 967w\" src=\"https:\/\/i0.wp.com\/www.tribunaribeirao.com.br\/site\/wp-content\/uploads\/2023\/12\/1-ELEICOES-2024-PESQUISA-LINCOLN-3-300x200.jpg?resize=300%2C200&#038;ssl=1\" data-sizes=\"(max-width: 300px) 100vw, 300px\" class=\"wp-image-368789 size-medium lazyload\"\/><noscript><img data-recalc-dims=\"1\" loading=\"lazy\" decoding=\"async\" class=\"wp-image-368789 size-medium\" src=\"https:\/\/i0.wp.com\/www.tribunaribeirao.com.br\/site\/wp-content\/uploads\/2023\/12\/1-ELEICOES-2024-PESQUISA-LINCOLN-3-300x200.jpg?resize=300%2C200&#038;ssl=1\" alt=\"\" width=\"300\" height=\"200\" srcset=\"https:\/\/www.tribunaribeirao.com.br\/site\/wp-content\/uploads\/2023\/12\/1-ELEICOES-2024-PESQUISA-LINCOLN-3-300x200.jpg 300w, https:\/\/www.tribunaribeirao.com.br\/site\/wp-content\/uploads\/2023\/12\/1-ELEICOES-2024-PESQUISA-LINCOLN-3-1024x683.jpg 1024w, https:\/\/www.tribunaribeirao.com.br\/site\/wp-content\/uploads\/2023\/12\/1-ELEICOES-2024-PESQUISA-LINCOLN-3-768x512.jpg 768w, https:\/\/www.tribunaribeirao.com.br\/site\/wp-content\/uploads\/2023\/12\/1-ELEICOES-2024-PESQUISA-LINCOLN-3-1536x1024.jpg 1536w, https:\/\/www.tribunaribeirao.com.br\/site\/wp-content\/uploads\/2023\/12\/1-ELEICOES-2024-PESQUISA-LINCOLN-3-2048x1365.jpg 2048w, https:\/\/www.tribunaribeirao.com.br\/site\/wp-content\/uploads\/2023\/12\/1-ELEICOES-2024-PESQUISA-LINCOLN-3-480x320.jpg 480w, https:\/\/www.tribunaribeirao.com.br\/site\/wp-content\/uploads\/2023\/12\/1-ELEICOES-2024-PESQUISA-LINCOLN-3-280x186.jpg 280w, https:\/\/www.tribunaribeirao.com.br\/site\/wp-content\/uploads\/2023\/12\/1-ELEICOES-2024-PESQUISA-LINCOLN-3-1920x1280.jpg 1920w, https:\/\/www.tribunaribeirao.com.br\/site\/wp-content\/uploads\/2023\/12\/1-ELEICOES-2024-PESQUISA-LINCOLN-3-960x640.jpg 960w, https:\/\/www.tribunaribeirao.com.br\/site\/wp-content\/uploads\/2023\/12\/1-ELEICOES-2024-PESQUISA-LINCOLN-3-600x400.jpg 600w, https:\/\/www.tribunaribeirao.com.br\/site\/wp-content\/uploads\/2023\/12\/1-ELEICOES-2024-PESQUISA-LINCOLN-3-585x390.jpg 585w, https:\/\/www.tribunaribeirao.com.br\/site\/wp-content\/uploads\/2023\/12\/1-ELEICOES-2024-PESQUISA-LINCOLN-3-scaled.jpg 967w\" sizes=\"auto, (max-width: 300px) 100vw, 300px\"\/><\/noscript><figcaption id=\"caption-attachment-368789\" class=\"wp-caption-text\">Lincoln Fernandes (Alfredo Risk)<\/figcaption><\/figure>\n<p><span data-contrast=\"auto\">\u201cEmbora ainda seja muito cedo para debater elei\u00e7\u00e3o, pois estou focado no meu trabalho e na minha cidade, n\u00e3o poderia terminar o ano sem expressar minha enorme gratid\u00e3o \u00e0 popula\u00e7\u00e3o que acredita e apoia o nosso trabalho\u201d.<\/span><span data-ccp-props=\"{&quot;201341983&quot;:0,&quot;335559739&quot;:0,&quot;335559740&quot;:240}\">\u00a0<\/span><\/p>\n<p>\u00a0<\/p>\n<p><span data-ccp-props=\"{&quot;201341983&quot;:0,&quot;335559739&quot;:0,&quot;335559740&quot;:240}\">\u00a0<\/span><\/p>\n<p>\u00a0<\/p>\n<\/div>\n<p><script async src=\"\/\/platform.twitter.com\/widgets.js\" charset=\"utf-8\"><\/script><br \/>\n<br \/><br \/>\n<br \/><a href=\"https:\/\/www.tribunaribeirao.com.br\/site\/primeiros-colocados-avaliam-pesquisa-tribuna-ribeirao\/\">Source link <\/a><\/p>\n<!-- CONTENT END 1 -->\n","protected":false},"excerpt":{"rendered":"<p>30 de dezembro de 2023 | 11:0029 de dezembro de 2023 | 17:20 0 O deputado federal Ricardo Silva (PSD) e os vereadores Lincoln Fernandes&#8230;<\/p>\n","protected":false},"author":1,"featured_media":22593,"comment_status":"open","ping_status":"open","sticky":false,"template":"","format":"standard","meta":{"advanced_seo_description":"","jetpack_seo_html_title":"","jetpack_seo_noindex":false,"jetpack_post_was_ever_published":false,"_jetpack_newsletter_access":"","_jetpack_dont_email_post_to_subs":false,"_jetpack_newsletter_tier_id":0,"_jetpack_memberships_contains_paywalled_content":false,"_jetpack_memberships_contains_paid_content":false,"footnotes":"","jetpack_publicize_message":"","jetpack_publicize_feature_enabled":true,"jetpack_social_post_already_shared":true,"jetpack_social_options":{"image_generator_settings":{"template":"highway","default_image_id":0,"font":"","enabled":false},"version":2}},"categories":[11],"tags":[2652,2821,99,2820,26,786],"class_list":["post-22592","post","type-post","status-publish","format-standard","has-post-thumbnail","hentry","category-noticias-de-ribeirao-preto-sp-e-regiao-ismael-colosi","tag-avaliam","tag-colocados","tag-pesquisa","tag-primeiros","tag-ribeirao","tag-tribuna"],"jetpack_publicize_connections":[],"jetpack_featured_media_url":"https:\/\/i0.wp.com\/noticiasribeiraopreto.com.br\/wp-content\/uploads\/2023\/12\/urna.jpg?fit=1000%2C590&ssl=1","jetpack-related-posts":[{"id":57279,"url":"https:\/\/noticiasribeiraopreto.com.br\/index.php\/2024\/08\/27\/como-os-ribeirao-pretanos-avaliam-a-gestao-do-presidente-lula-veja-o-que-diz-pesquisa\/","url_meta":{"origin":22592,"position":0},"title":"Como os ribeir\u00e3o-pretanos avaliam a gest\u00e3o do presidente Lula? Veja o que diz pesquisa","author":"noticiasribeiraopreto.com.br","date":"27 de August de 2024","format":false,"excerpt":"O instituto Quaest\/EPTV divulgou nesta ter\u00e7a-feira (27), a primeira pesquisa de inten\u00e7\u00e3o de voto \u00e0 Prefeitura de Ribeir\u00e3o Preto. Al\u00e9m da pesquisa eleitoral, o instituto tamb\u00e9m questionou os moradores de Ribeir\u00e3o Preto sobre a atual gest\u00e3o do presidente da Rep\u00fablica, Luiz In\u00e1cio Lula da Silva (PT). Confira o resultado da\u2026","rel":"","context":"In &quot;Not\u00edcias de Ribeir\u00e3o Preto-SP e Regi\u00e3o&quot;","block_context":{"text":"Not\u00edcias de Ribeir\u00e3o Preto-SP e Regi\u00e3o","link":"https:\/\/noticiasribeiraopreto.com.br\/index.php\/category\/noticias-de-ribeirao-preto-sp-e-regiao-ismael-colosi\/"},"img":{"alt_text":"","src":"https:\/\/i0.wp.com\/noticiasribeiraopreto.com.br\/wp-content\/uploads\/2024\/03\/AnyConv.com__lula.webp.webp?fit=1200%2C800&ssl=1&resize=350%2C200","width":350,"height":200,"srcset":"https:\/\/i0.wp.com\/noticiasribeiraopreto.com.br\/wp-content\/uploads\/2024\/03\/AnyConv.com__lula.webp.webp?fit=1200%2C800&ssl=1&resize=350%2C200 1x, https:\/\/i0.wp.com\/noticiasribeiraopreto.com.br\/wp-content\/uploads\/2024\/03\/AnyConv.com__lula.webp.webp?fit=1200%2C800&ssl=1&resize=525%2C300 1.5x, https:\/\/i0.wp.com\/noticiasribeiraopreto.com.br\/wp-content\/uploads\/2024\/03\/AnyConv.com__lula.webp.webp?fit=1200%2C800&ssl=1&resize=700%2C400 2x, https:\/\/i0.wp.com\/noticiasribeiraopreto.com.br\/wp-content\/uploads\/2024\/03\/AnyConv.com__lula.webp.webp?fit=1200%2C800&ssl=1&resize=1050%2C600 3x"},"classes":[]},{"id":57280,"url":"https:\/\/noticiasribeiraopreto.com.br\/index.php\/2024\/08\/27\/moradores-de-ribeirao-preto-avaliam-gestao-de-tarcisio-veja-os-numeros\/","url_meta":{"origin":22592,"position":1},"title":"Moradores de Ribeir\u00e3o Preto avaliam gest\u00e3o de Tarc\u00edsio; Veja os n\u00fameros","author":"noticiasribeiraopreto.com.br","date":"27 de August de 2024","format":false,"excerpt":"O instituto Quaest\/EPTV divulgou nesta ter\u00e7a-feira (27), a primeira pesquisa de inten\u00e7\u00e3o de voto \u00e0 Prefeitura de Ribeir\u00e3o Preto. Al\u00e9m da pesquisa eleitoral, o instituto tamb\u00e9m questionou os moradores de Ribeir\u00e3o Preto sobre a gest\u00e3o do atual governador de S\u00e3o Paulo, Tarc\u00edsio de Freitas (REP). Confira o resultado da pesquisa\u2026","rel":"","context":"In &quot;Not\u00edcias de Ribeir\u00e3o Preto-SP e Regi\u00e3o&quot;","block_context":{"text":"Not\u00edcias de Ribeir\u00e3o Preto-SP e Regi\u00e3o","link":"https:\/\/noticiasribeiraopreto.com.br\/index.php\/category\/noticias-de-ribeirao-preto-sp-e-regiao-ismael-colosi\/"},"img":{"alt_text":"","src":"https:\/\/i0.wp.com\/noticiasribeiraopreto.com.br\/wp-content\/uploads\/2024\/08\/AnyConv.com__tarcisio-de-freitas.webp.webp?fit=1200%2C800&ssl=1&resize=350%2C200","width":350,"height":200,"srcset":"https:\/\/i0.wp.com\/noticiasribeiraopreto.com.br\/wp-content\/uploads\/2024\/08\/AnyConv.com__tarcisio-de-freitas.webp.webp?fit=1200%2C800&ssl=1&resize=350%2C200 1x, https:\/\/i0.wp.com\/noticiasribeiraopreto.com.br\/wp-content\/uploads\/2024\/08\/AnyConv.com__tarcisio-de-freitas.webp.webp?fit=1200%2C800&ssl=1&resize=525%2C300 1.5x, https:\/\/i0.wp.com\/noticiasribeiraopreto.com.br\/wp-content\/uploads\/2024\/08\/AnyConv.com__tarcisio-de-freitas.webp.webp?fit=1200%2C800&ssl=1&resize=700%2C400 2x, https:\/\/i0.wp.com\/noticiasribeiraopreto.com.br\/wp-content\/uploads\/2024\/08\/AnyConv.com__tarcisio-de-freitas.webp.webp?fit=1200%2C800&ssl=1&resize=1050%2C600 3x"},"classes":[]},{"id":34430,"url":"https:\/\/noticiasribeiraopreto.com.br\/index.php\/2024\/02\/02\/viapaulista-s-a-ata-de-age-realizada-em-29-de-dezembro-de-2023\/","url_meta":{"origin":22592,"position":2},"title":"ViaPaulista S.A. \u2013 Ata de AGE realizada em 29 de dezembro de 2023","author":"noticiasribeiraopreto.com.br","date":"2 de February de 2024","format":false,"excerpt":"O post ViaPaulista S.A. \u2013 Ata de AGE realizada em 29 de dezembro de 2023 apareceu primeiro em Jornal Tribuna Ribeir\u00e3o. Source link","rel":"","context":"In &quot;Not\u00edcias de Ribeir\u00e3o Preto-SP e Regi\u00e3o&quot;","block_context":{"text":"Not\u00edcias de Ribeir\u00e3o Preto-SP e Regi\u00e3o","link":"https:\/\/noticiasribeiraopreto.com.br\/index.php\/category\/noticias-de-ribeirao-preto-sp-e-regiao-ismael-colosi\/"},"img":{"alt_text":"","src":"https:\/\/i0.wp.com\/noticiasribeiraopreto.com.br\/wp-content\/uploads\/2024\/02\/1706848546_publicidade-legal.png?fit=700%2C450&ssl=1&resize=350%2C200","width":350,"height":200,"srcset":"https:\/\/i0.wp.com\/noticiasribeiraopreto.com.br\/wp-content\/uploads\/2024\/02\/1706848546_publicidade-legal.png?fit=700%2C450&ssl=1&resize=350%2C200 1x, https:\/\/i0.wp.com\/noticiasribeiraopreto.com.br\/wp-content\/uploads\/2024\/02\/1706848546_publicidade-legal.png?fit=700%2C450&ssl=1&resize=525%2C300 1.5x, https:\/\/i0.wp.com\/noticiasribeiraopreto.com.br\/wp-content\/uploads\/2024\/02\/1706848546_publicidade-legal.png?fit=700%2C450&ssl=1&resize=700%2C400 2x"},"classes":[]},{"id":44496,"url":"https:\/\/noticiasribeiraopreto.com.br\/index.php\/2024\/03\/28\/basequimica-s-a-balancos-patrimoniais-em-31-de-dezembro-de-2023-e-de-2022\/","url_meta":{"origin":22592,"position":3},"title":"BASEQU\u00cdMICA S.A \u2013 Balan\u00e7os Patrimoniais em 31 de dezembro de 2023 e de 2022","author":"noticiasribeiraopreto.com.br","date":"28 de March de 2024","format":false,"excerpt":"O post BASEQU\u00cdMICA S.A \u2013 Balan\u00e7os Patrimoniais em 31 de dezembro de 2023 e de 2022 apareceu primeiro em Jornal Tribuna Ribeir\u00e3o. Source link","rel":"","context":"In &quot;Not\u00edcias de Ribeir\u00e3o Preto-SP e Regi\u00e3o&quot;","block_context":{"text":"Not\u00edcias de Ribeir\u00e3o Preto-SP e Regi\u00e3o","link":"https:\/\/noticiasribeiraopreto.com.br\/index.php\/category\/noticias-de-ribeirao-preto-sp-e-regiao-ismael-colosi\/"},"img":{"alt_text":"","src":"https:\/\/i0.wp.com\/noticiasribeiraopreto.com.br\/wp-content\/uploads\/2024\/03\/1711618345_publicidade-legal.png?fit=700%2C450&ssl=1&resize=350%2C200","width":350,"height":200,"srcset":"https:\/\/i0.wp.com\/noticiasribeiraopreto.com.br\/wp-content\/uploads\/2024\/03\/1711618345_publicidade-legal.png?fit=700%2C450&ssl=1&resize=350%2C200 1x, https:\/\/i0.wp.com\/noticiasribeiraopreto.com.br\/wp-content\/uploads\/2024\/03\/1711618345_publicidade-legal.png?fit=700%2C450&ssl=1&resize=525%2C300 1.5x, https:\/\/i0.wp.com\/noticiasribeiraopreto.com.br\/wp-content\/uploads\/2024\/03\/1711618345_publicidade-legal.png?fit=700%2C450&ssl=1&resize=700%2C400 2x"},"classes":[]},{"id":24729,"url":"https:\/\/noticiasribeiraopreto.com.br\/index.php\/2024\/01\/05\/ceramica-stefani-s-a-ata-da-age-realizada-em-12-de-dezembro-de-2023\/","url_meta":{"origin":22592,"position":4},"title":"CER\u00c2MICA ST\u00c9FANI S\/A \u2013 ATA DA AGE REALIZADA EM 12 DE DEZEMBRO DE 2023","author":"noticiasribeiraopreto.com.br","date":"5 de January de 2024","format":false,"excerpt":"O post CER\u00c2MICA ST\u00c9FANI S\/A \u2013 ATA DA AGE REALIZADA EM 12 DE DEZEMBRO DE 2023 apareceu primeiro em Jornal Tribuna Ribeir\u00e3o. Source link","rel":"","context":"In &quot;Not\u00edcias de Ribeir\u00e3o Preto-SP e Regi\u00e3o&quot;","block_context":{"text":"Not\u00edcias de Ribeir\u00e3o Preto-SP e Regi\u00e3o","link":"https:\/\/noticiasribeiraopreto.com.br\/index.php\/category\/noticias-de-ribeirao-preto-sp-e-regiao-ismael-colosi\/"},"img":{"alt_text":"","src":"https:\/\/i0.wp.com\/noticiasribeiraopreto.com.br\/wp-content\/uploads\/2024\/01\/1704424819_publicidade-legal.png?fit=700%2C450&ssl=1&resize=350%2C200","width":350,"height":200,"srcset":"https:\/\/i0.wp.com\/noticiasribeiraopreto.com.br\/wp-content\/uploads\/2024\/01\/1704424819_publicidade-legal.png?fit=700%2C450&ssl=1&resize=350%2C200 1x, https:\/\/i0.wp.com\/noticiasribeiraopreto.com.br\/wp-content\/uploads\/2024\/01\/1704424819_publicidade-legal.png?fit=700%2C450&ssl=1&resize=525%2C300 1.5x, https:\/\/i0.wp.com\/noticiasribeiraopreto.com.br\/wp-content\/uploads\/2024\/01\/1704424819_publicidade-legal.png?fit=700%2C450&ssl=1&resize=700%2C400 2x"},"classes":[]},{"id":40622,"url":"https:\/\/noticiasribeiraopreto.com.br\/index.php\/2024\/03\/05\/s-a-stefani-comercial-balanco-patrimonial-em-31-de-dezembro-de-2023-e-2022\/","url_meta":{"origin":22592,"position":5},"title":"S\/A ST\u00c9FANI COMERCIAL \u2013 Balan\u00e7o Patrimonial em 31 de Dezembro de 2023 e 2022","author":"noticiasribeiraopreto.com.br","date":"5 de March de 2024","format":false,"excerpt":"O post S\/A ST\u00c9FANI COMERCIAL \u2013 Balan\u00e7o Patrimonial em 31 de Dezembro de 2023 e 2022 apareceu primeiro em Jornal Tribuna Ribeir\u00e3o. Source link","rel":"","context":"In &quot;Not\u00edcias de Ribeir\u00e3o Preto-SP e Regi\u00e3o&quot;","block_context":{"text":"Not\u00edcias de Ribeir\u00e3o Preto-SP e Regi\u00e3o","link":"https:\/\/noticiasribeiraopreto.com.br\/index.php\/category\/noticias-de-ribeirao-preto-sp-e-regiao-ismael-colosi\/"},"img":{"alt_text":"","src":"https:\/\/i0.wp.com\/noticiasribeiraopreto.com.br\/wp-content\/uploads\/2024\/03\/1709629967_publicidade-legal.png?fit=700%2C450&ssl=1&resize=350%2C200","width":350,"height":200,"srcset":"https:\/\/i0.wp.com\/noticiasribeiraopreto.com.br\/wp-content\/uploads\/2024\/03\/1709629967_publicidade-legal.png?fit=700%2C450&ssl=1&resize=350%2C200 1x, https:\/\/i0.wp.com\/noticiasribeiraopreto.com.br\/wp-content\/uploads\/2024\/03\/1709629967_publicidade-legal.png?fit=700%2C450&ssl=1&resize=525%2C300 1.5x, https:\/\/i0.wp.com\/noticiasribeiraopreto.com.br\/wp-content\/uploads\/2024\/03\/1709629967_publicidade-legal.png?fit=700%2C450&ssl=1&resize=700%2C400 2x"},"classes":[]}],"jetpack_sharing_enabled":true,"jetpack_shortlink":"https:\/\/wp.me\/peQAOb-5So","_links":{"self":[{"href":"https:\/\/noticiasribeiraopreto.com.br\/index.php\/wp-json\/wp\/v2\/posts\/22592","targetHints":{"allow":["GET"]}}],"collection":[{"href":"https:\/\/noticiasribeiraopreto.com.br\/index.php\/wp-json\/wp\/v2\/posts"}],"about":[{"href":"https:\/\/noticiasribeiraopreto.com.br\/index.php\/wp-json\/wp\/v2\/types\/post"}],"author":[{"embeddable":true,"href":"https:\/\/noticiasribeiraopreto.com.br\/index.php\/wp-json\/wp\/v2\/users\/1"}],"replies":[{"embeddable":true,"href":"https:\/\/noticiasribeiraopreto.com.br\/index.php\/wp-json\/wp\/v2\/comments?post=22592"}],"version-history":[{"count":0,"href":"https:\/\/noticiasribeiraopreto.com.br\/index.php\/wp-json\/wp\/v2\/posts\/22592\/revisions"}],"wp:featuredmedia":[{"embeddable":true,"href":"https:\/\/noticiasribeiraopreto.com.br\/index.php\/wp-json\/wp\/v2\/media\/22593"}],"wp:attachment":[{"href":"https:\/\/noticiasribeiraopreto.com.br\/index.php\/wp-json\/wp\/v2\/media?parent=22592"}],"wp:term":[{"taxonomy":"category","embeddable":true,"href":"https:\/\/noticiasribeiraopreto.com.br\/index.php\/wp-json\/wp\/v2\/categories?post=22592"},{"taxonomy":"post_tag","embeddable":true,"href":"https:\/\/noticiasribeiraopreto.com.br\/index.php\/wp-json\/wp\/v2\/tags?post=22592"}],"curies":[{"name":"wp","href":"https:\/\/api.w.org\/{rel}","templated":true}]}}