{"id":22850,"date":"2023-12-31T09:27:45","date_gmt":"2023-12-31T12:27:45","guid":{"rendered":"https:\/\/noticiasribeiraopreto.com.br\/index.php\/2023\/12\/31\/rede-imobiliaria\/"},"modified":"2023-12-31T09:27:45","modified_gmt":"2023-12-31T12:27:45","slug":"rede-imobiliaria","status":"publish","type":"post","link":"https:\/\/noticiasribeiraopreto.com.br\/index.php\/2023\/12\/31\/rede-imobiliaria\/","title":{"rendered":"Rede Imobili\u00e1ria &#8211; Jornal Tribuna Ribeir\u00e3o"},"content":{"rendered":"<div class='code-block code-block-1' style='margin: 8px 0 8px auto; text-align: right; display: block; clear: both;'>\n<p><a href=\"https:\/\/wa.link\/vpicfd\"><img data-recalc-dims=\"1\" class=\"wp-image-4922\" style=\"aspect-ratio: 2.0253164556962027; width: 561px; height: auto;\" src=\"https:\/\/i0.wp.com\/ismaelcolosi.com.br\/wp-content\/uploads\/2023\/11\/grupo-de-empregos-whatsapp-e-facebook-ismael-colosi-vagas.jpg?ssl=1\" alt=\"\" \/><\/a><\/p>\n<!-- \/wp:image -->\n<\/div>\n<p> <br \/>\n<\/p>\n<div id=\"post-368546\">\n<header class=\"entry-header penci-entry-header penci-title-center\">\n<p> <span class=\"entry-meta-item penci-posted-on\"><i class=\"fa fa-clock-o\"\/><time class=\"entry-date published\" datetime=\"2023-12-31T09:03:32-03:00\">31 de dezembro de 2023 | 9:03<\/time><time class=\"updated\" datetime=\"2023-12-27T11:35:53-03:00\">27 de dezembro de 2023 | 11:35<\/time><\/span><\/p>\n<p> <span class=\"penci-social-buttons penci-social-share-footer\"><a href=\"#\" class=\"penci-post-like penci_post-meta_item  single-like-button penci-social-item like\" data-post_id=\"368546\" title=\"Like\" data-like=\"Like\" data-unlike=\"Unlike\"><i class=\"fa fa-thumbs-o-up\"\/><span class=\"penci-share-number\">0<\/span><\/a><i class=\"fa fa-facebook\"\/><a class=\"penci-social-item twitter\" target=\"_blank\" rel=\"noopener\" title=\"\" href=\"https:\/\/twitter.com\/intent\/tweet?text=Rede%20Imobili\u00e1ria%20-%20https:\/\/www.tribunaribeirao.com.br\/site\/rede-imobiliaria\/\"><i class=\"fa fa-twitter\"\/><\/a><i class=\"fa fa-whatsapp\"\/><\/span><\/header>\n<div class=\"penci-entry-content entry-content\">\n<p style=\"font-weight: 400\">A WAW! IMOB, que veio para revolucionar o setor imobili\u00e1rio, acaba de abrir as portas em Ribeir\u00e3o Preto, sob o comando local de Derchian Devietro, Roberto Vicente Junior e Carlos Dadasio, todos com vasta experi\u00eancia no ramo.<\/p>\n<p style=\"font-weight: 400\">O objetivo da marca \u00e9 construir uma rede imobili\u00e1ria nunca vista no mercado: A Imobili\u00e1ria do Futuro. Essa \u00e9 a terceira unidade da rede que j\u00e1 atende 15 cidades do Estado de S\u00e3o Paulo.<\/p>\n<\/div>\n<footer class=\"penci-entry-footer\"\/><\/div>\n<p><script async src=\"\/\/platform.twitter.com\/widgets.js\" charset=\"utf-8\"><\/script><br \/>\n<br \/><br \/>\n<br \/><a href=\"https:\/\/www.tribunaribeirao.com.br\/site\/rede-imobiliaria\/\">Source link <\/a><\/p>\n<!-- CONTENT END 1 -->\n","protected":false},"excerpt":{"rendered":"<p>31 de dezembro de 2023 | 9:0327 de dezembro de 2023 | 11:35 0 A WAW! IMOB, que veio para revolucionar o setor imobili\u00e1rio, acaba&#8230;<\/p>\n","protected":false},"author":1,"featured_media":22851,"comment_status":"open","ping_status":"open","sticky":false,"template":"","format":"standard","meta":{"advanced_seo_description":"","jetpack_seo_html_title":"","jetpack_seo_noindex":false,"jetpack_post_was_ever_published":false,"_jetpack_newsletter_access":"","_jetpack_dont_email_post_to_subs":false,"_jetpack_newsletter_tier_id":0,"_jetpack_memberships_contains_paywalled_content":false,"_jetpack_memberships_contains_paid_content":false,"footnotes":"","jetpack_publicize_message":"","jetpack_publicize_feature_enabled":true,"jetpack_social_post_already_shared":true,"jetpack_social_options":{"image_generator_settings":{"template":"highway","default_image_id":0,"font":"","enabled":false},"version":2}},"categories":[11],"tags":[2857,785,591,26,786],"class_list":["post-22850","post","type-post","status-publish","format-standard","has-post-thumbnail","hentry","category-noticias-de-ribeirao-preto-sp-e-regiao-ismael-colosi","tag-imobiliaria","tag-jornal","tag-rede","tag-ribeirao","tag-tribuna"],"jetpack_publicize_connections":[],"jetpack_featured_media_url":"https:\/\/i0.wp.com\/noticiasribeiraopreto.com.br\/wp-content\/uploads\/2023\/12\/Carlos-Dadasio-Derchian-Devietro-e-Roberto-Vicente-Jr-socios-da-Waw-Imob-scaled.jpg?fit=967%2C645&ssl=1","jetpack-related-posts":[{"id":75508,"url":"https:\/\/noticiasribeiraopreto.com.br\/index.php\/2025\/08\/10\/especiais-vao-contar-os-30-anos-do-tribuna-ribeirao\/","url_meta":{"origin":22850,"position":0},"title":"Especiais v\u00e3o contar os 30 Anos do Tribuna Ribeir\u00e3o","author":"noticiasribeiraopreto.com.br","date":"10 de August de 2025","format":false,"excerpt":"10 de agosto de 2025 10:0010 de agosto de 2025 00:0411 Compartilhar0 De setembro a dezembro deste ano, o jornalismo se debru\u00e7a sobre o que aconteceu na cidade que \u00e9 uma refer\u00eancia no pa\u00eds; Parceiros do projeto ganhar\u00e3o uma medalha personalizada com o Dino de Ribeir\u00e3o Material de apresenta\u00e7\u00e3o do\u2026","rel":"","context":"In &quot;Not\u00edcias de Ribeir\u00e3o Preto-SP e Regi\u00e3o&quot;","block_context":{"text":"Not\u00edcias de Ribeir\u00e3o Preto-SP e Regi\u00e3o","link":"https:\/\/noticiasribeiraopreto.com.br\/index.php\/category\/noticias-de-ribeirao-preto-sp-e-regiao-ismael-colosi\/"},"img":{"alt_text":"","src":"https:\/\/i0.wp.com\/noticiasribeiraopreto.com.br\/wp-content\/uploads\/2025\/08\/Tribuna30-scaled.jpg?fit=1200%2C650&ssl=1&resize=350%2C200","width":350,"height":200,"srcset":"https:\/\/i0.wp.com\/noticiasribeiraopreto.com.br\/wp-content\/uploads\/2025\/08\/Tribuna30-scaled.jpg?fit=1200%2C650&ssl=1&resize=350%2C200 1x, https:\/\/i0.wp.com\/noticiasribeiraopreto.com.br\/wp-content\/uploads\/2025\/08\/Tribuna30-scaled.jpg?fit=1200%2C650&ssl=1&resize=525%2C300 1.5x, https:\/\/i0.wp.com\/noticiasribeiraopreto.com.br\/wp-content\/uploads\/2025\/08\/Tribuna30-scaled.jpg?fit=1200%2C650&ssl=1&resize=700%2C400 2x, https:\/\/i0.wp.com\/noticiasribeiraopreto.com.br\/wp-content\/uploads\/2025\/08\/Tribuna30-scaled.jpg?fit=1200%2C650&ssl=1&resize=1050%2C600 3x"},"classes":[]},{"id":78307,"url":"https:\/\/noticiasribeiraopreto.com.br\/index.php\/2025\/10\/08\/tribuna-ribeirao-estreia-podcast-com-entrevista-do-prefeito-ricardo-silva\/","url_meta":{"origin":22850,"position":1},"title":"Tribuna Ribeir\u00e3o estreia PodCast com entrevista do prefeito Ricardo Silva","author":"noticiasribeiraopreto.com.br","date":"8 de October de 2025","format":false,"excerpt":"8 de outubro de 2025 12:132 Compartilhar0 O PodCast Tribuna Ribeir\u00e3o estreou oficialmente nesta ter\u00e7a-feira, 8 de outubro, entrevistando o prefeito de Ribeir\u00e3o Preto, Ricardo Silva. Conduzido pelos jornalistas Eduardo Ferrari e Fabiano Ribeiro, o programa vai ao ar toda ter\u00e7a-feira, \u00e0s 18 horas, no canal oficial do jornal no\u2026","rel":"","context":"In &quot;Not\u00edcias de Ribeir\u00e3o Preto-SP e Regi\u00e3o&quot;","block_context":{"text":"Not\u00edcias de Ribeir\u00e3o Preto-SP e Regi\u00e3o","link":"https:\/\/noticiasribeiraopreto.com.br\/index.php\/category\/noticias-de-ribeirao-preto-sp-e-regiao-ismael-colosi\/"},"img":{"alt_text":"","src":"https:\/\/i0.wp.com\/noticiasribeiraopreto.com.br\/wp-content\/uploads\/2025\/10\/capa-site.jpg?fit=800%2C533&ssl=1&resize=350%2C200","width":350,"height":200,"srcset":"https:\/\/i0.wp.com\/noticiasribeiraopreto.com.br\/wp-content\/uploads\/2025\/10\/capa-site.jpg?fit=800%2C533&ssl=1&resize=350%2C200 1x, https:\/\/i0.wp.com\/noticiasribeiraopreto.com.br\/wp-content\/uploads\/2025\/10\/capa-site.jpg?fit=800%2C533&ssl=1&resize=525%2C300 1.5x, https:\/\/i0.wp.com\/noticiasribeiraopreto.com.br\/wp-content\/uploads\/2025\/10\/capa-site.jpg?fit=800%2C533&ssl=1&resize=700%2C400 2x"},"classes":[]},{"id":15747,"url":"https:\/\/noticiasribeiraopreto.com.br\/index.php\/2023\/12\/14\/famoserrimo\/","url_meta":{"origin":22850,"position":2},"title":"Famos\u00e9rrimo &#8211; Jornal Tribuna Ribeir\u00e3o","author":"noticiasribeiraopreto.com.br","date":"14 de December de 2023","format":false,"excerpt":"14 de dezembro de 2023 | 9:0312 de dezembro de 2023 | 15:56 0O leonino e carioca\u00a0Alvaro Luiz Monteiro de Carvalho Garnero \u00e9 um empres\u00e1rio, apresentador de televis\u00e3o, investidor, administrador de empresas brasileiro, e um dos herdeiros do Grupo Monteiro Aranha, sempre passa uns dias pelo Estado de Pernambuco, sendo\u2026","rel":"","context":"In &quot;Not\u00edcias de Ribeir\u00e3o Preto-SP e Regi\u00e3o&quot;","block_context":{"text":"Not\u00edcias de Ribeir\u00e3o Preto-SP e Regi\u00e3o","link":"https:\/\/noticiasribeiraopreto.com.br\/index.php\/category\/noticias-de-ribeirao-preto-sp-e-regiao-ismael-colosi\/"},"img":{"alt_text":"","src":"https:\/\/i0.wp.com\/noticiasribeiraopreto.com.br\/wp-content\/uploads\/2023\/12\/12-7-scaled.jpg?fit=860%2C645&ssl=1&resize=350%2C200","width":350,"height":200,"srcset":"https:\/\/i0.wp.com\/noticiasribeiraopreto.com.br\/wp-content\/uploads\/2023\/12\/12-7-scaled.jpg?fit=860%2C645&ssl=1&resize=350%2C200 1x, https:\/\/i0.wp.com\/noticiasribeiraopreto.com.br\/wp-content\/uploads\/2023\/12\/12-7-scaled.jpg?fit=860%2C645&ssl=1&resize=525%2C300 1.5x, https:\/\/i0.wp.com\/noticiasribeiraopreto.com.br\/wp-content\/uploads\/2023\/12\/12-7-scaled.jpg?fit=860%2C645&ssl=1&resize=700%2C400 2x"},"classes":[]},{"id":75879,"url":"https:\/\/noticiasribeiraopreto.com.br\/index.php\/2025\/08\/17\/tribuna-ribeirao-lanca-podcast-para-celebrar-30-anos-de-historia\/","url_meta":{"origin":22850,"position":3},"title":"Tribuna Ribeir\u00e3o lan\u00e7a podcast para celebrar 30 anos de hist\u00f3ria","author":"noticiasribeiraopreto.com.br","date":"17 de August de 2025","format":false,"excerpt":"17 de agosto de 2025 13:0017 de agosto de 2025 03:086 Compartilhar0 O Tribuna Ribeir\u00e3o acaba de lan\u00e7ar mais uma novidade para marcar as comemora\u00e7\u00f5es de seus 30 anos:o Podcast Tribuna Ribeir\u00e3o. A atra\u00e7\u00e3o ser\u00e1 conduzida pelos jornalistas Eduardo Ferrarri e Fabiano Ribeiro, e promete trazer conversas com convidados dos\u2026","rel":"","context":"In &quot;Not\u00edcias de Ribeir\u00e3o Preto-SP e Regi\u00e3o&quot;","block_context":{"text":"Not\u00edcias de Ribeir\u00e3o Preto-SP e Regi\u00e3o","link":"https:\/\/noticiasribeiraopreto.com.br\/index.php\/category\/noticias-de-ribeirao-preto-sp-e-regiao-ismael-colosi\/"},"img":{"alt_text":"","src":"https:\/\/i0.wp.com\/noticiasribeiraopreto.com.br\/wp-content\/uploads\/2025\/08\/podcast-tribuna-scaled.jpg?fit=1130%2C780&ssl=1&resize=350%2C200","width":350,"height":200,"srcset":"https:\/\/i0.wp.com\/noticiasribeiraopreto.com.br\/wp-content\/uploads\/2025\/08\/podcast-tribuna-scaled.jpg?fit=1130%2C780&ssl=1&resize=350%2C200 1x, https:\/\/i0.wp.com\/noticiasribeiraopreto.com.br\/wp-content\/uploads\/2025\/08\/podcast-tribuna-scaled.jpg?fit=1130%2C780&ssl=1&resize=525%2C300 1.5x, https:\/\/i0.wp.com\/noticiasribeiraopreto.com.br\/wp-content\/uploads\/2025\/08\/podcast-tribuna-scaled.jpg?fit=1130%2C780&ssl=1&resize=700%2C400 2x, https:\/\/i0.wp.com\/noticiasribeiraopreto.com.br\/wp-content\/uploads\/2025\/08\/podcast-tribuna-scaled.jpg?fit=1130%2C780&ssl=1&resize=1050%2C600 3x"},"classes":[]},{"id":10662,"url":"https:\/\/noticiasribeiraopreto.com.br\/index.php\/2023\/12\/04\/botafogo-dispensa-15-jogadores\/","url_meta":{"origin":22850,"position":4},"title":"Botafogo dispensa 15 jogadores &#8211; Jornal Tribuna Ribeir\u00e3o","author":"noticiasribeiraopreto.com.br","date":"4 de December de 2023","format":false,"excerpt":"4 de dezembro de 2023 | 17:18 0O Botafogo Futebol SA comunicou pelas redes sociais, oficialmente, a sa\u00edda de 15 jogadores que fizeram parte do elenco em 2023.Os jogadores que n\u00e3o permanecem para a pr\u00f3xima temporada s\u00e3o os goleiros Matheus Albino, Gabriel Gasparotto e Levy, os zagueiros Diogo Silva, Marcio\u2026","rel":"","context":"In &quot;Not\u00edcias de Ribeir\u00e3o Preto-SP e Regi\u00e3o&quot;","block_context":{"text":"Not\u00edcias de Ribeir\u00e3o Preto-SP e Regi\u00e3o","link":"https:\/\/noticiasribeiraopreto.com.br\/index.php\/category\/noticias-de-ribeirao-preto-sp-e-regiao-ismael-colosi\/"},"img":{"alt_text":"","src":"https:\/\/i0.wp.com\/noticiasribeiraopreto.com.br\/wp-content\/uploads\/2023\/12\/osman.jpg?fit=640%2C400&ssl=1&resize=350%2C200","width":350,"height":200,"srcset":"https:\/\/i0.wp.com\/noticiasribeiraopreto.com.br\/wp-content\/uploads\/2023\/12\/osman.jpg?fit=640%2C400&ssl=1&resize=350%2C200 1x, https:\/\/i0.wp.com\/noticiasribeiraopreto.com.br\/wp-content\/uploads\/2023\/12\/osman.jpg?fit=640%2C400&ssl=1&resize=525%2C300 1.5x"},"classes":[]},{"id":23893,"url":"https:\/\/noticiasribeiraopreto.com.br\/index.php\/2024\/01\/03\/julieta-taranto-2\/","url_meta":{"origin":22850,"position":5},"title":"Julieta Taranto &#8211; Jornal Tribuna Ribeir\u00e3o","author":"noticiasribeiraopreto.com.br","date":"3 de January de 2024","format":false,"excerpt":"3 de janeiro de 2024 | 9:0327 de dezembro de 2023 | 15:03 0A Escola Estadual Julieta Fernanda Sousa Taranto, no Jardim Marchesi, promoveu uma homenagem a sua patrona, para que os alunos conhecessem um pouco da hist\u00f3ria desta portuguesa que ajudou por d\u00e9cadas milhares de crian\u00e7as nascidas em torno\u2026","rel":"","context":"In &quot;Not\u00edcias de Ribeir\u00e3o Preto-SP e Regi\u00e3o&quot;","block_context":{"text":"Not\u00edcias de Ribeir\u00e3o Preto-SP e Regi\u00e3o","link":"https:\/\/noticiasribeiraopreto.com.br\/index.php\/category\/noticias-de-ribeirao-preto-sp-e-regiao-ismael-colosi\/"},"img":{"alt_text":"","src":"https:\/\/i0.wp.com\/noticiasribeiraopreto.com.br\/wp-content\/uploads\/2024\/01\/20-scaled.jpg?fit=1000%2C563&ssl=1&resize=350%2C200","width":350,"height":200,"srcset":"https:\/\/i0.wp.com\/noticiasribeiraopreto.com.br\/wp-content\/uploads\/2024\/01\/20-scaled.jpg?fit=1000%2C563&ssl=1&resize=350%2C200 1x, https:\/\/i0.wp.com\/noticiasribeiraopreto.com.br\/wp-content\/uploads\/2024\/01\/20-scaled.jpg?fit=1000%2C563&ssl=1&resize=525%2C300 1.5x, https:\/\/i0.wp.com\/noticiasribeiraopreto.com.br\/wp-content\/uploads\/2024\/01\/20-scaled.jpg?fit=1000%2C563&ssl=1&resize=700%2C400 2x"},"classes":[]}],"jetpack_sharing_enabled":true,"jetpack_shortlink":"https:\/\/wp.me\/peQAOb-5Wy","_links":{"self":[{"href":"https:\/\/noticiasribeiraopreto.com.br\/index.php\/wp-json\/wp\/v2\/posts\/22850","targetHints":{"allow":["GET"]}}],"collection":[{"href":"https:\/\/noticiasribeiraopreto.com.br\/index.php\/wp-json\/wp\/v2\/posts"}],"about":[{"href":"https:\/\/noticiasribeiraopreto.com.br\/index.php\/wp-json\/wp\/v2\/types\/post"}],"author":[{"embeddable":true,"href":"https:\/\/noticiasribeiraopreto.com.br\/index.php\/wp-json\/wp\/v2\/users\/1"}],"replies":[{"embeddable":true,"href":"https:\/\/noticiasribeiraopreto.com.br\/index.php\/wp-json\/wp\/v2\/comments?post=22850"}],"version-history":[{"count":0,"href":"https:\/\/noticiasribeiraopreto.com.br\/index.php\/wp-json\/wp\/v2\/posts\/22850\/revisions"}],"wp:featuredmedia":[{"embeddable":true,"href":"https:\/\/noticiasribeiraopreto.com.br\/index.php\/wp-json\/wp\/v2\/media\/22851"}],"wp:attachment":[{"href":"https:\/\/noticiasribeiraopreto.com.br\/index.php\/wp-json\/wp\/v2\/media?parent=22850"}],"wp:term":[{"taxonomy":"category","embeddable":true,"href":"https:\/\/noticiasribeiraopreto.com.br\/index.php\/wp-json\/wp\/v2\/categories?post=22850"},{"taxonomy":"post_tag","embeddable":true,"href":"https:\/\/noticiasribeiraopreto.com.br\/index.php\/wp-json\/wp\/v2\/tags?post=22850"}],"curies":[{"name":"wp","href":"https:\/\/api.w.org\/{rel}","templated":true}]}}