{"id":22891,"date":"2023-12-31T12:37:36","date_gmt":"2023-12-31T15:37:36","guid":{"rendered":"https:\/\/noticiasribeiraopreto.com.br\/index.php\/2023\/12\/31\/sapore-oferece-mais-de-140-empregos-veja-a-lista\/"},"modified":"2023-12-31T12:37:36","modified_gmt":"2023-12-31T15:37:36","slug":"sapore-oferece-mais-de-140-empregos-veja-a-lista","status":"publish","type":"post","link":"https:\/\/noticiasribeiraopreto.com.br\/index.php\/2023\/12\/31\/sapore-oferece-mais-de-140-empregos-veja-a-lista\/","title":{"rendered":"Sapore OFERECE mais de 140 EMPREGOS; Veja a lista!"},"content":{"rendered":"<div class='code-block code-block-1' style='margin: 8px 0 8px auto; text-align: right; display: block; clear: both;'>\n<p><a href=\"https:\/\/wa.link\/vpicfd\"><img data-recalc-dims=\"1\" class=\"wp-image-4922\" style=\"aspect-ratio: 2.0253164556962027; width: 561px; height: auto;\" src=\"https:\/\/i0.wp.com\/ismaelcolosi.com.br\/wp-content\/uploads\/2023\/11\/grupo-de-empregos-whatsapp-e-facebook-ismael-colosi-vagas.jpg?ssl=1\" alt=\"\" \/><\/a><\/p>\n<!-- \/wp:image -->\n<\/div>\n<p> <br \/>\n<\/p>\n<div>\n<div>\n<p>A Sapore, empresa que \u00e9 primeira multinacional genuinamente brasileira de <a href=\"https:\/\/noticiasconcursos.com.br\/novita-restaurantes-abre-mais-de-50-vagas-saiba-mais\/\">restaurante<\/a> corporativo, est\u00e1 recrutando novos funcion\u00e1rios (as) para compor a sua equipe. Isto \u00e9, caso esteja buscando uma recoloca\u00e7\u00e3o no mercado profissional, verifique algumas das oportunidades na lista abaixo:<\/p>\n<ul>\n<li>Auxiliar de Vidraceiro \u2013 Campo Limpo Paulista \u2013 SP \u2013 Zeladoria;<\/li>\n<li>Encanador (a) Industrial \u2013 Campinas \u2013 SP \u2013 Instala\u00e7\u00f5es em Geral: <em>Instalar e reparar tubula\u00e7\u00f5es, v\u00e1lvulas e outros equipamentos de encanamento industrial de acordo com os projetos e especifica\u00e7\u00f5es estabelecidas. Realizar inspe\u00e7\u00f5es regulares em sistemas de encanamento para identificar e corrigir qualquer vazamento, obstru\u00e7\u00e3o ou dano;<\/em><\/li>\n<li>Mec\u00e2nico (a) de Manuten\u00e7\u00e3o \u2013 Jundia\u00ed \u2013 SP \u2013 Manuten\u00e7\u00e3o Mec\u00e2nica;<\/li>\n<li>Mec\u00e2nico (a) de Manuten\u00e7\u00e3o \u2013 Campo Limpo Paulista \u2013 SP \u2013 Manuten\u00e7\u00e3o Mec\u00e2nica;<\/li>\n<li>Gerente de Unidade \u2013 Nutricionista \u2013 Arapongas \u2013 PR \u2013 Cozinha;<\/li>\n<li>Oficial de Cozinha \u2013 Rio de Janeiro \u2013 RJ \u2013 Cozinha;<\/li>\n<li>Oficial de Cozinha \u2013 Jundia\u00ed, Cotia e Osasco \u2013 SP \u2013 Cozinha;<\/li>\n<li>Cozinheiro (a) -Vila Velha e Vit\u00f3ria \u2013 ES \u2013 Cozinha;<\/li>\n<li>Gerente de Unidade \u2013 Nutricionista \u2013 Rondon\u00f3polis \u2013 MT \u2013 Cozinha;<\/li>\n<li>Nutricionista \u2013 Cuiab\u00e1 \u2013 MT \u2013 Cozinha;<\/li>\n<li>Oficial de Servi\u00e7os \u2013 Arapongas \u2013 PR \u2013 Limpeza;<\/li>\n<li>Oficial de Cozinha \u2013 Arapongas \u2013 PR \u2013 Cozinha;<\/li>\n<li>A\u00e7ougueiro (a) \u2013 Hortol\u00e2ndia \u2013 SP \u2013 A\u00e7ougue;<\/li>\n<li>A\u00e7ougueiro (a) -Sumar\u00e9 \u2013 SP \u2013 A\u00e7ougue;<\/li>\n<li>Estoquista \u2013 Valinhos, Vinhedo e S\u00e3o Paulo \u2013 SP \u2013 Estoque, Armazenagem, Dep\u00f3sito;<\/li>\n<li>Auxiliar de Limpeza \u2013 S\u00e3o Paulo \u2013 SP \u2013 Limpeza;<\/li>\n<li>Chefe de Cozinha \u2013 Valinhos \u2013 SP \u2013 Cozinha;<\/li>\n<li>Auxiliar Administrativo \u2013 Osasco \u2013 SP \u2013 Efetivo;<\/li>\n<li>Operador (a) de Caixa \u2013 Bras\u00edlia \u2013 DF \u2013 Lojas \/ Shopping.<\/li>\n<\/ul>\n<figure id=\"attachment_783921\" aria-describedby=\"caption-attachment-783921\" style=\"width: 5262px\" class=\"wp-caption aligncenter\"><img data-recalc-dims=\"1\" fetchpriority=\"high\" decoding=\"async\" class=\"size-full wp-image-783921\" alt=\"Sapore OFERECE mais de 140 EMPREGOS; Veja a lista!\" width=\"5262\" height=\"3721\" srcset=\"https:\/\/noticiasconcursos.com.br\/wp-content\/uploads\/2023\/12\/noticiasconcursos.com.br-sapore-oferece-mais-de-140-empregos-veja-a-lista-logotipo-sapore-com-slogan-vermelho.png 5262w, https:\/\/noticiasconcursos.com.br\/wp-content\/uploads\/2023\/12\/noticiasconcursos.com.br-sapore-oferece-mais-de-140-empregos-veja-a-lista-logotipo-sapore-com-slogan-vermelho-300x212.png 300w, https:\/\/noticiasconcursos.com.br\/wp-content\/uploads\/2023\/12\/noticiasconcursos.com.br-sapore-oferece-mais-de-140-empregos-veja-a-lista-logotipo-sapore-com-slogan-vermelho-1131x800.png 1131w, https:\/\/noticiasconcursos.com.br\/wp-content\/uploads\/2023\/12\/noticiasconcursos.com.br-sapore-oferece-mais-de-140-empregos-veja-a-lista-logotipo-sapore-com-slogan-vermelho-768x543.png 768w, https:\/\/noticiasconcursos.com.br\/wp-content\/uploads\/2023\/12\/noticiasconcursos.com.br-sapore-oferece-mais-de-140-empregos-veja-a-lista-logotipo-sapore-com-slogan-vermelho-1536x1086.png 1536w, https:\/\/noticiasconcursos.com.br\/wp-content\/uploads\/2023\/12\/noticiasconcursos.com.br-sapore-oferece-mais-de-140-empregos-veja-a-lista-logotipo-sapore-com-slogan-vermelho-2048x1448.png 2048w\" data-lazy-sizes=\"(max-width: 5262px) 100vw, 5262px\" src=\"https:\/\/i0.wp.com\/noticiasconcursos.com.br\/wp-content\/uploads\/2023\/12\/noticiasconcursos.com.br-sapore-oferece-mais-de-140-empregos-veja-a-lista-logotipo-sapore-com-slogan-vermelho.png?resize=5262%2C3721&#038;ssl=1\"\/><noscript><img data-recalc-dims=\"1\" fetchpriority=\"high\" decoding=\"async\" class=\"size-full wp-image-783921\" src=\"https:\/\/i0.wp.com\/noticiasconcursos.com.br\/wp-content\/uploads\/2023\/12\/noticiasconcursos.com.br-sapore-oferece-mais-de-140-empregos-veja-a-lista-logotipo-sapore-com-slogan-vermelho.png?resize=5262%2C3721&#038;ssl=1\" alt=\"Sapore OFERECE mais de 140 EMPREGOS; Veja a lista!\" width=\"5262\" height=\"3721\" srcset=\"https:\/\/noticiasconcursos.com.br\/wp-content\/uploads\/2023\/12\/noticiasconcursos.com.br-sapore-oferece-mais-de-140-empregos-veja-a-lista-logotipo-sapore-com-slogan-vermelho.png 5262w, https:\/\/noticiasconcursos.com.br\/wp-content\/uploads\/2023\/12\/noticiasconcursos.com.br-sapore-oferece-mais-de-140-empregos-veja-a-lista-logotipo-sapore-com-slogan-vermelho-300x212.png 300w, https:\/\/noticiasconcursos.com.br\/wp-content\/uploads\/2023\/12\/noticiasconcursos.com.br-sapore-oferece-mais-de-140-empregos-veja-a-lista-logotipo-sapore-com-slogan-vermelho-1131x800.png 1131w, https:\/\/noticiasconcursos.com.br\/wp-content\/uploads\/2023\/12\/noticiasconcursos.com.br-sapore-oferece-mais-de-140-empregos-veja-a-lista-logotipo-sapore-com-slogan-vermelho-768x543.png 768w, https:\/\/noticiasconcursos.com.br\/wp-content\/uploads\/2023\/12\/noticiasconcursos.com.br-sapore-oferece-mais-de-140-empregos-veja-a-lista-logotipo-sapore-com-slogan-vermelho-1536x1086.png 1536w, https:\/\/noticiasconcursos.com.br\/wp-content\/uploads\/2023\/12\/noticiasconcursos.com.br-sapore-oferece-mais-de-140-empregos-veja-a-lista-logotipo-sapore-com-slogan-vermelho-2048x1448.png 2048w\" sizes=\"(max-width: 5262px) 100vw, 5262px\"\/><\/noscript><figcaption id=\"caption-attachment-783921\" class=\"wp-caption-text\">Sapore \u00e9 refer\u00eancia no seu ramo de atua\u00e7\u00e3o. Foto: Divulga\u00e7\u00e3o.<\/figcaption><\/figure>\n<h3><strong>Mais sobre a Sapore<\/strong><\/h3>\n<p>Contando mais informa\u00e7\u00f5es sobre a Sapore, \u00e9 v\u00e1lido frisar que a empresa foi fundada em 1992. Ao longo do tempo, transformou a alimenta\u00e7\u00e3o coletiva em restaurantes corporativos e segue inovando no segmento de <em>Food Service<\/em> com solu\u00e7\u00f5es para empresas, ind\u00fastrias, escolas, hospitais e eventos. Ao todo, s\u00e3o mais de 1.3 milh\u00e3o de refei\u00e7\u00f5es diariamente em todo Brasil, M\u00e9xico e <a href=\"https:\/\/noticiasconcursos.com.br\/civilizacoes-pre-colombianas-o-que-voce-precisa-saber\/\">Col\u00f4mbia.<\/a><\/p>\n<p>Al\u00e9m disso, com produtos inovadores, a marca atende grandes e reconhecidas empresas em todo o <a href=\"https:\/\/noticiasconcursos.com.br\/stellantis-contrata-funcionarios-em-solo-brasileiro\/\">Brasil<\/a>. Com mais de 16 mil colaboradores, um dos grandes diferenciais da Sapore \u00e9 maneira como \u00e9 vista pelo <a href=\"https:\/\/noticiasconcursos.com.br\/supermercado-violeta-contrata-para-diversos-setores-de-atuacao\/\">mercado<\/a>.<\/p>\n<h3><strong>Como enviar o seu curr\u00edculo?<\/strong><\/h3>\n<p>Como voc\u00ea j\u00e1 p\u00f4de verificar a lista de cargos da <strong>Sapore<\/strong>, a inscri\u00e7\u00e3o acontece de forma bastante intuitiva e r\u00e1pida. Voc\u00ea s\u00f3 precisa <strong><em><a href=\"https:\/\/www.infojobs.com.br\/sapore-sa\/vagas\" target=\"_blank\" rel=\"noopener\">ACESSAR ESSE LINK<\/a><\/em><\/strong> para ir automaticamente \u00e0 p\u00e1gina da <strong>InfoJobs<\/strong>.<\/p>\n<p>Por l\u00e1, \u00e9 s\u00f3 conferir todos os detalhes referentes \u00e0 vaga (requisitos, fun\u00e7\u00f5es, benef\u00edcios, hor\u00e1rio de trabalho, etc..) com aten\u00e7\u00e3o e se candidatar.<\/p>\n<div class=\"bs-irp left bs-irp-thumbnail-1\">\n<p>&#13;<br \/><span class=\"h-text heading-typo\">Voc\u00ea tamb\u00e9m pode gostar:<\/span>&#13; <\/p>\n<\/p><\/div>\n<p>Sendo assim, para n\u00e3o perder nada sobre as principais not\u00edcias e as vagas de empregos do nosso pa\u00eds, \u00e9 s\u00f3 acessar o <strong>Not\u00edcias Concursos!<\/strong><\/p>\n<\/p><\/div>\n<p><a href=\"https:\/\/noticiasconcursos.com.br\/sapore-oferece-mais-de-140-empregos-veja-a-lista\/\">Source link <\/a><\/p>\n<\/p><\/div>\n<p><br \/>\n<br \/><a href=\"https:\/\/ismaelcolosi.com.br\/sapore-oferece-mais-de-140-empregos-veja-a-lista\/\">Source link <\/a><\/p>\n<!-- CONTENT END 1 -->\n","protected":false},"excerpt":{"rendered":"<p>A Sapore, empresa que \u00e9 primeira multinacional genuinamente brasileira de restaurante corporativo, est\u00e1 recrutando novos funcion\u00e1rios (as) para compor a sua equipe. Isto \u00e9, caso&#8230;<\/p>\n","protected":false},"author":1,"featured_media":22892,"comment_status":"open","ping_status":"open","sticky":false,"template":"","format":"standard","meta":{"advanced_seo_description":"","jetpack_seo_html_title":"","jetpack_seo_noindex":false,"jetpack_post_was_ever_published":false,"_jetpack_newsletter_access":"","_jetpack_dont_email_post_to_subs":false,"_jetpack_newsletter_tier_id":0,"_jetpack_memberships_contains_paywalled_content":false,"_jetpack_memberships_contains_paid_content":false,"footnotes":"","jetpack_publicize_message":"","jetpack_publicize_feature_enabled":true,"jetpack_social_post_already_shared":true,"jetpack_social_options":{"image_generator_settings":{"template":"highway","default_image_id":0,"font":"","enabled":false},"version":2}},"categories":[7],"tags":[],"class_list":["post-22891","post","type-post","status-publish","format-standard","has-post-thumbnail","hentry","category-vagas-de-empregos-em-ribeirao-preto-regiao-brasil"],"jetpack_publicize_connections":[],"jetpack_featured_media_url":"https:\/\/i0.wp.com\/noticiasribeiraopreto.com.br\/wp-content\/uploads\/2023\/12\/noticiasconcursos.com_.br-sapore-oferece-mais-de-140-empregos-veja-a-lista-logotipo-sapore-com-slogan-vermelho.png?fit=5262%2C3721&ssl=1","jetpack-related-posts":[{"id":41811,"url":"https:\/\/noticiasribeiraopreto.com.br\/index.php\/2024\/03\/11\/ribeirao-preto-conta-com-40-vagas-de-emprego-abertas-confira-as-oportunidades\/","url_meta":{"origin":22891,"position":0},"title":"Ribeir\u00e3o Preto conta com 40 vagas de emprego abertas; Confira as oportunidades","author":"noticiasribeiraopreto.com.br","date":"11 de March de 2024","format":false,"excerpt":"O Caterp (Centro de Apoio ao Trabalhador e Empreendedor de Ribeir\u00e3o Preto) est\u00e1 com 40 vagas de emprego nesta segunda-feira (11). Entre as vagas dispon\u00edveis est\u00e3o para carpinteiro, estoquista, jardineiro, motorista e vendedor. Os interessados devem comparecer ao Caterp, que fica na avenida Francisco Junqueira, 2.625, Jardim Macedo. O Centro\u2026","rel":"","context":"In &quot;Not\u00edcias de Ribeir\u00e3o Preto-SP e Regi\u00e3o&quot;","block_context":{"text":"Not\u00edcias de Ribeir\u00e3o Preto-SP e Regi\u00e3o","link":"https:\/\/noticiasribeiraopreto.com.br\/index.php\/category\/noticias-de-ribeirao-preto-sp-e-regiao-ismael-colosi\/"},"img":{"alt_text":"","src":"https:\/\/i0.wp.com\/noticiasribeiraopreto.com.br\/wp-content\/uploads\/2024\/03\/AnyConv.com__emprego-ribeirao-preto.webp.webp?fit=1200%2C799&ssl=1&resize=350%2C200","width":350,"height":200,"srcset":"https:\/\/i0.wp.com\/noticiasribeiraopreto.com.br\/wp-content\/uploads\/2024\/03\/AnyConv.com__emprego-ribeirao-preto.webp.webp?fit=1200%2C799&ssl=1&resize=350%2C200 1x, https:\/\/i0.wp.com\/noticiasribeiraopreto.com.br\/wp-content\/uploads\/2024\/03\/AnyConv.com__emprego-ribeirao-preto.webp.webp?fit=1200%2C799&ssl=1&resize=525%2C300 1.5x, https:\/\/i0.wp.com\/noticiasribeiraopreto.com.br\/wp-content\/uploads\/2024\/03\/AnyConv.com__emprego-ribeirao-preto.webp.webp?fit=1200%2C799&ssl=1&resize=700%2C400 2x, https:\/\/i0.wp.com\/noticiasribeiraopreto.com.br\/wp-content\/uploads\/2024\/03\/AnyConv.com__emprego-ribeirao-preto.webp.webp?fit=1200%2C799&ssl=1&resize=1050%2C600 3x"},"classes":[]},{"id":20437,"url":"https:\/\/noticiasribeiraopreto.com.br\/index.php\/2023\/12\/25\/quer-trabalhar-na-alamo-veja-os-cargos-locais-e-mais\/","url_meta":{"origin":22891,"position":1},"title":"Quer trabalhar na \u00c1lamo? Veja os cargos, locais e mais!","author":"noticiasribeiraopreto.com.br","date":"25 de December de 2023","format":false,"excerpt":"A \u00c1lamo Engenharia, empresa que tem como miss\u00e3o prestar servi\u00e7os de engenharia otimizando a opera\u00e7\u00e3o e custos nas instala\u00e7\u00f5es dos clientes, com alto padr\u00e3o de qualidade, efici\u00eancia, compatibilidade, seguran\u00e7a e conforto, est\u00e1 com \u00f3timas op\u00e7\u00f5es de empregos dispon\u00edveis. Isto \u00e9, vale a pena conferir quais s\u00e3o os principais cargos abertos:\u2026","rel":"","context":"In &quot;Vagas de Emprego em Ribeir\u00e3o Preto-SP&quot;","block_context":{"text":"Vagas de Emprego em Ribeir\u00e3o Preto-SP","link":"https:\/\/noticiasribeiraopreto.com.br\/index.php\/category\/empregos-classificados-vagas-trabalho\/vagas-de-empregos-em-ribeirao-preto-regiao-brasil\/"},"img":{"alt_text":"","src":"https:\/\/i0.wp.com\/noticiasribeiraopreto.com.br\/wp-content\/uploads\/2023\/12\/noticiasconcursos.com_.br-alamo-oferece-empregos-em-sp-rj-e-mg-345279852-550315267174431-2603113073698612353-n-e1684427940276.jpg?fit=1200%2C923&ssl=1&resize=350%2C200","width":350,"height":200,"srcset":"https:\/\/i0.wp.com\/noticiasribeiraopreto.com.br\/wp-content\/uploads\/2023\/12\/noticiasconcursos.com_.br-alamo-oferece-empregos-em-sp-rj-e-mg-345279852-550315267174431-2603113073698612353-n-e1684427940276.jpg?fit=1200%2C923&ssl=1&resize=350%2C200 1x, https:\/\/i0.wp.com\/noticiasribeiraopreto.com.br\/wp-content\/uploads\/2023\/12\/noticiasconcursos.com_.br-alamo-oferece-empregos-em-sp-rj-e-mg-345279852-550315267174431-2603113073698612353-n-e1684427940276.jpg?fit=1200%2C923&ssl=1&resize=525%2C300 1.5x, https:\/\/i0.wp.com\/noticiasribeiraopreto.com.br\/wp-content\/uploads\/2023\/12\/noticiasconcursos.com_.br-alamo-oferece-empregos-em-sp-rj-e-mg-345279852-550315267174431-2603113073698612353-n-e1684427940276.jpg?fit=1200%2C923&ssl=1&resize=700%2C400 2x, https:\/\/i0.wp.com\/noticiasribeiraopreto.com.br\/wp-content\/uploads\/2023\/12\/noticiasconcursos.com_.br-alamo-oferece-empregos-em-sp-rj-e-mg-345279852-550315267174431-2603113073698612353-n-e1684427940276.jpg?fit=1200%2C923&ssl=1&resize=1050%2C600 3x"},"classes":[]},{"id":32509,"url":"https:\/\/noticiasribeiraopreto.com.br\/index.php\/2024\/01\/25\/contrata-se-mecanico-de-manutencao\/","url_meta":{"origin":22891,"position":2},"title":"CONTRATA-SE MEC\u00c2NICO DE MANUTEN\u00c7\u00c3O","author":"noticiasribeiraopreto.com.br","date":"25 de January de 2024","format":false,"excerpt":"An\u00fancios CONTRATA-SE MEC\u00c2NICO DE MANUTEN\u00c7\u00c3O Empregos - - 23\/01\/2024 mpresa de reciclagem contrata mec\u00e2nico de manuten\u00e7\u00e3o, com experi\u00eancia de manuten\u00e7\u00e3o mec\u00e2nica em geral (manuten\u00e7\u00e3o de moinhos de moer pl\u00e1sticos, trocar rolamentos, conhecimento el\u00e9trico, solda, e demais atividades pertinentes a fun\u00e7\u00e3o. interessados, e... CONTRATA-SE JARDINEIRO Empregos - - 22\/01\/2024 Acima 18\u2026","rel":"","context":"In &quot;Vagas de Emprego em Ribeir\u00e3o Preto-SP&quot;","block_context":{"text":"Vagas de Emprego em Ribeir\u00e3o Preto-SP","link":"https:\/\/noticiasribeiraopreto.com.br\/index.php\/category\/empregos-classificados-vagas-trabalho\/vagas-de-empregos-em-ribeirao-preto-regiao-brasil\/"},"img":{"alt_text":"CONTRATA-SE MEC\u00c2NICO DE MANUTEN\u00c7\u00c3O","src":"https:\/\/i0.wp.com\/www.tribunaribeirao.com.br\/classificadostribuna\/oc-content\/uploads\/33\/3857_thumbnail.jpg?resize=350%2C200&ssl=1","width":350,"height":200},"classes":[]},{"id":13498,"url":"https:\/\/noticiasribeiraopreto.com.br\/index.php\/2023\/12\/10\/multinacional-az-armaturen-abre-cargos-pelo-brasil\/","url_meta":{"origin":22891,"position":3},"title":"MULTINACIONAL: AZ Armaturen ABRE CARGOS pelo Brasil","author":"noticiasribeiraopreto.com.br","date":"10 de December de 2023","format":false,"excerpt":"A AZ Armaturen, empresa que \u00e9 um dos principais fabricantes de V\u00e1lvulas Especiais tipo Macho e Sistemas de Amostragem, est\u00e1 contratando novas pessoas no estado de S\u00e3o Paulo. Sendo assim, confira quais s\u00e3o as vagas abertas na lista abaixo: Almoxarife \u2013 Itatiba \u2013 SP \u2013 Efetivo; Analista de Compras \u2013\u2026","rel":"","context":"In &quot;Vagas de Emprego em Ribeir\u00e3o Preto-SP&quot;","block_context":{"text":"Vagas de Emprego em Ribeir\u00e3o Preto-SP","link":"https:\/\/noticiasribeiraopreto.com.br\/index.php\/category\/empregos-classificados-vagas-trabalho\/vagas-de-empregos-em-ribeirao-preto-regiao-brasil\/"},"img":{"alt_text":"","src":"https:\/\/i0.wp.com\/noticiasribeiraopreto.com.br\/wp-content\/uploads\/2023\/12\/noticiasconcursos.com_.br-multinacional-az-armaturen-abre-cargos-pelo-brasil-309271924-502139378586905-8117859634467714612-n-e1702219666472.jpg?fit=1200%2C802&ssl=1&resize=350%2C200","width":350,"height":200,"srcset":"https:\/\/i0.wp.com\/noticiasribeiraopreto.com.br\/wp-content\/uploads\/2023\/12\/noticiasconcursos.com_.br-multinacional-az-armaturen-abre-cargos-pelo-brasil-309271924-502139378586905-8117859634467714612-n-e1702219666472.jpg?fit=1200%2C802&ssl=1&resize=350%2C200 1x, https:\/\/i0.wp.com\/noticiasribeiraopreto.com.br\/wp-content\/uploads\/2023\/12\/noticiasconcursos.com_.br-multinacional-az-armaturen-abre-cargos-pelo-brasil-309271924-502139378586905-8117859634467714612-n-e1702219666472.jpg?fit=1200%2C802&ssl=1&resize=525%2C300 1.5x, https:\/\/i0.wp.com\/noticiasribeiraopreto.com.br\/wp-content\/uploads\/2023\/12\/noticiasconcursos.com_.br-multinacional-az-armaturen-abre-cargos-pelo-brasil-309271924-502139378586905-8117859634467714612-n-e1702219666472.jpg?fit=1200%2C802&ssl=1&resize=700%2C400 2x, https:\/\/i0.wp.com\/noticiasribeiraopreto.com.br\/wp-content\/uploads\/2023\/12\/noticiasconcursos.com_.br-multinacional-az-armaturen-abre-cargos-pelo-brasil-309271924-502139378586905-8117859634467714612-n-e1702219666472.jpg?fit=1200%2C802&ssl=1&resize=1050%2C600 3x"},"classes":[]},{"id":42155,"url":"https:\/\/noticiasribeiraopreto.com.br\/index.php\/2024\/03\/13\/em-busca-de-emprego-ribeirao-preto-e-regiao-tem-803-vagas-abertas-veja-como-se-candidatar-ribeirao-preto-e-franca-g1-4\/","url_meta":{"origin":22891,"position":4},"title":"Em busca de emprego? Ribeir\u00e3o Preto e regi\u00e3o t\u00eam 803 vagas abertas; veja como se candidatar | Ribeir\u00e3o Preto e Franca | G1","author":"noticiasribeiraopreto.com.br","date":"13 de March de 2024","format":false,"excerpt":"Em busca de emprego? Ribeir\u00e3o Preto e regi\u00e3o t\u00eam 803 vagas abertas; veja como se candidatar 1 de 1 Carteira de Trabalho \u2014 Foto: Divulga\u00e7\u00e3o Seteq Carteira de Trabalho \u2014 Foto: Divulga\u00e7\u00e3o Seteq Dez cidades das regi\u00f5es de Ribeir\u00e3o Preto (SP) e Franca (SP) est\u00e3o com 803 vagas de emprego\u2026","rel":"","context":"In &quot;Vagas de Emprego em Ribeir\u00e3o Preto-SP&quot;","block_context":{"text":"Vagas de Emprego em Ribeir\u00e3o Preto-SP","link":"https:\/\/noticiasribeiraopreto.com.br\/index.php\/category\/empregos-classificados-vagas-trabalho\/vagas-de-empregos-em-ribeirao-preto-regiao-brasil\/"},"img":{"alt_text":"","src":"","width":0,"height":0},"classes":[]},{"id":41842,"url":"https:\/\/noticiasribeiraopreto.com.br\/index.php\/2024\/03\/11\/em-busca-de-emprego-ribeirao-preto-e-regiao-tem-803-vagas-abertas-veja-como-se-candidatar-ribeirao-preto-e-franca-g1-2\/","url_meta":{"origin":22891,"position":5},"title":"Em busca de emprego? Ribeir\u00e3o Preto e regi\u00e3o t\u00eam 803 vagas abertas; veja como se candidatar | Ribeir\u00e3o Preto e Franca | G1","author":"noticiasribeiraopreto.com.br","date":"11 de March de 2024","format":false,"excerpt":"Em busca de emprego? Ribeir\u00e3o Preto e regi\u00e3o t\u00eam 803 vagas abertas; veja como se candidatar 1 de 1 Carteira de Trabalho \u2014 Foto: Divulga\u00e7\u00e3o Seteq Carteira de Trabalho \u2014 Foto: Divulga\u00e7\u00e3o Seteq Dez cidades das regi\u00f5es de Ribeir\u00e3o Preto (SP) e Franca (SP) est\u00e3o com 803 vagas de emprego\u2026","rel":"","context":"In &quot;Vagas de Emprego em Ribeir\u00e3o Preto-SP&quot;","block_context":{"text":"Vagas de Emprego em Ribeir\u00e3o Preto-SP","link":"https:\/\/noticiasribeiraopreto.com.br\/index.php\/category\/empregos-classificados-vagas-trabalho\/vagas-de-empregos-em-ribeirao-preto-regiao-brasil\/"},"img":{"alt_text":"","src":"","width":0,"height":0},"classes":[]}],"jetpack_sharing_enabled":true,"jetpack_shortlink":"https:\/\/wp.me\/peQAOb-5Xd","_links":{"self":[{"href":"https:\/\/noticiasribeiraopreto.com.br\/index.php\/wp-json\/wp\/v2\/posts\/22891","targetHints":{"allow":["GET"]}}],"collection":[{"href":"https:\/\/noticiasribeiraopreto.com.br\/index.php\/wp-json\/wp\/v2\/posts"}],"about":[{"href":"https:\/\/noticiasribeiraopreto.com.br\/index.php\/wp-json\/wp\/v2\/types\/post"}],"author":[{"embeddable":true,"href":"https:\/\/noticiasribeiraopreto.com.br\/index.php\/wp-json\/wp\/v2\/users\/1"}],"replies":[{"embeddable":true,"href":"https:\/\/noticiasribeiraopreto.com.br\/index.php\/wp-json\/wp\/v2\/comments?post=22891"}],"version-history":[{"count":0,"href":"https:\/\/noticiasribeiraopreto.com.br\/index.php\/wp-json\/wp\/v2\/posts\/22891\/revisions"}],"wp:featuredmedia":[{"embeddable":true,"href":"https:\/\/noticiasribeiraopreto.com.br\/index.php\/wp-json\/wp\/v2\/media\/22892"}],"wp:attachment":[{"href":"https:\/\/noticiasribeiraopreto.com.br\/index.php\/wp-json\/wp\/v2\/media?parent=22891"}],"wp:term":[{"taxonomy":"category","embeddable":true,"href":"https:\/\/noticiasribeiraopreto.com.br\/index.php\/wp-json\/wp\/v2\/categories?post=22891"},{"taxonomy":"post_tag","embeddable":true,"href":"https:\/\/noticiasribeiraopreto.com.br\/index.php\/wp-json\/wp\/v2\/tags?post=22891"}],"curies":[{"name":"wp","href":"https:\/\/api.w.org\/{rel}","templated":true}]}}