{"id":22944,"date":"2023-12-31T15:47:41","date_gmt":"2023-12-31T18:47:41","guid":{"rendered":"https:\/\/noticiasribeiraopreto.com.br\/index.php\/2023\/12\/31\/brasil-bate-recorde-de-consumo-de-energia-eletrica-pelo-segundo-mes-consecutivo-em-novembro\/"},"modified":"2023-12-31T15:47:41","modified_gmt":"2023-12-31T18:47:41","slug":"brasil-bate-recorde-de-consumo-de-energia-eletrica-pelo-segundo-mes-consecutivo-em-novembro","status":"publish","type":"post","link":"https:\/\/noticiasribeiraopreto.com.br\/index.php\/2023\/12\/31\/brasil-bate-recorde-de-consumo-de-energia-eletrica-pelo-segundo-mes-consecutivo-em-novembro\/","title":{"rendered":"Brasil bate recorde de consumo de energia el\u00e9trica pelo segundo m\u00eas consecutivo em novembro"},"content":{"rendered":"<div class='code-block code-block-1' style='margin: 8px 0 8px auto; text-align: right; display: block; clear: both;'>\n<p><a href=\"https:\/\/wa.link\/vpicfd\"><img data-recalc-dims=\"1\" class=\"wp-image-4922\" style=\"aspect-ratio: 2.0253164556962027; width: 561px; height: auto;\" src=\"https:\/\/i0.wp.com\/ismaelcolosi.com.br\/wp-content\/uploads\/2023\/11\/grupo-de-empregos-whatsapp-e-facebook-ismael-colosi-vagas.jpg?ssl=1\" alt=\"\" \/><\/a><\/p>\n<!-- \/wp:image -->\n<\/div>\n<p> <br \/>\n<\/p>\n<div id=\"\">\n<p> <span class=\"entry-meta-item penci-posted-on\"><i class=\"fa fa-clock-o\"\/><time class=\"entry-date published\" datetime=\"2023-12-31T15:00:15-03:00\">31 de dezembro de 2023 | 15:00<\/time><time class=\"updated\" datetime=\"2023-12-30T17:07:02-03:00\">30 de dezembro de 2023 | 17:07<\/time><\/span><\/p>\n<p> <span class=\"penci-social-buttons penci-social-share-footer\"><a href=\"#\" class=\"penci-post-like penci_post-meta_item  single-like-button penci-social-item like\" data-post_id=\"368888\" title=\"Like\" data-like=\"Like\" data-unlike=\"Unlike\"><i class=\"fa fa-thumbs-o-up\"\/><span class=\"penci-share-number\">0<\/span><\/a><i class=\"fa fa-facebook\"\/><a class=\"penci-social-item twitter\" target=\"_blank\" rel=\"noopener\" title=\"\" href=\"https:\/\/twitter.com\/intent\/tweet?text=Brasil%20bate%20recorde%20de%20consumo%20de%20energia%20el\u00e9trica%20pelo%20segundo%20m\u00eas%20consecutivo%20em%20novembro%20-%20https:\/\/www.tribunaribeirao.com.br\/site\/brasil-bate-recorde-de-consumo-de-energia-eletrica-pelo-segundo-mes-consecutivo-em-novembro\/\"><i class=\"fa fa-twitter\"\/><\/a><i class=\"fa fa-whatsapp\"\/><\/span><\/div>\n<div>\n<p>O Brasil bateu o segundo recorde consecutivo de consumo de energia el\u00e9trica em novembro, atingindo 46.407 gigawatts-hora (GWh), alta de 8,5% em compara\u00e7\u00e3o com novembro de 2022, informou a Empresa de Pesquisa Energ\u00e9tica (EPE). Segundo a autarquia, \u00e9 o maior consumo de toda a s\u00e9rie hist\u00f3rica desde 2004.<\/p>\n<p>\u201cAssim como em outubro, impulsionado pelas ondas de calor, as classes residencial e comercial registraram taxas de expans\u00e3o de dois d\u00edgitos. O consumo industrial tamb\u00e9m avan\u00e7a e contribui para a alta. No acumulado em 12 meses, o consumo nacional registrou 527.073 GWh, alta de 7,5% em compara\u00e7\u00e3o ao per\u00edodo imediatamente anterior\u201d, informou a EPE.<\/p>\n<p>Quanto ao ambiente de contrata\u00e7\u00e3o, com 18.482 GWh, o mercado livre respondeu por 39,8% do consumo nacional de energia el\u00e9trica em novembro, registrando crescimento de 9% no consumo e de 22% no n\u00famero de consumidores, na compara\u00e7\u00e3o com novembro de 2022.<\/p>\n<p>J\u00e1 o mercado regulado das distribuidoras, com 27.925 GWh, respondeu por 60,2% do consumo nacional de eletricidade em novembro, alta de 8,1% na compara\u00e7\u00e3o com 2022, enquanto o n\u00famero de unidades consumidoras aumentou 2,3% no per\u00edodo.<\/p>\n<\/div>\n<p><script async src=\"\/\/platform.twitter.com\/widgets.js\" charset=\"utf-8\"><\/script><br \/>\n<br \/><br \/>\n<br \/><a href=\"https:\/\/www.tribunaribeirao.com.br\/site\/brasil-bate-recorde-de-consumo-de-energia-eletrica-pelo-segundo-mes-consecutivo-em-novembro\/\">Source link <\/a><\/p>\n<!-- CONTENT END 1 -->\n","protected":false},"excerpt":{"rendered":"<p>31 de dezembro de 2023 | 15:0030 de dezembro de 2023 | 17:07 0 O Brasil bateu o segundo recorde consecutivo de consumo de energia&#8230;<\/p>\n","protected":false},"author":1,"featured_media":22945,"comment_status":"open","ping_status":"open","sticky":false,"template":"","format":"standard","meta":{"advanced_seo_description":"","jetpack_seo_html_title":"","jetpack_seo_noindex":false,"jetpack_post_was_ever_published":false,"_jetpack_newsletter_access":"","_jetpack_dont_email_post_to_subs":false,"_jetpack_newsletter_tier_id":0,"_jetpack_memberships_contains_paywalled_content":false,"_jetpack_memberships_contains_paid_content":false,"footnotes":"","jetpack_publicize_message":"","jetpack_publicize_feature_enabled":true,"jetpack_social_post_already_shared":true,"jetpack_social_options":{"image_generator_settings":{"template":"highway","default_image_id":0,"font":"","enabled":false},"version":2}},"categories":[11],"tags":[916,137,1669,31,724,723,670,1293,885,241,1019],"class_list":["post-22944","post","type-post","status-publish","format-standard","has-post-thumbnail","hentry","category-noticias-de-ribeirao-preto-sp-e-regiao-ismael-colosi","tag-bate","tag-brasil","tag-consecutivo","tag-consumo","tag-eletrica","tag-energia","tag-mes","tag-novembro","tag-pelo","tag-recorde","tag-segundo"],"jetpack_publicize_connections":[],"jetpack_featured_media_url":"https:\/\/i0.wp.com\/noticiasribeiraopreto.com.br\/wp-content\/uploads\/2023\/12\/35353960-6181-460a-bf82-25eb45dff665-1.jpg?fit=684%2C460&ssl=1","jetpack-related-posts":[{"id":6619,"url":"https:\/\/noticiasribeiraopreto.com.br\/index.php\/2023\/11\/26\/otima-noticia-aos-consumidores-no-mes-de-dezembro\/","url_meta":{"origin":22944,"position":0},"title":"\u00d3TIMA not\u00edcia aos consumidores no m\u00eas de dezembro","author":"noticiasribeiraopreto.com.br","date":"26 de November de 2023","format":false,"excerpt":"A Ag\u00eancia Nacional de Energia El\u00e9trica (Aneel) garantiu a aus\u00eancia de custos adicionais nas tarifas de energia el\u00e9trica ao consumidor em dezembro -a bandeira tarif\u00e1ria permanecer\u00e1 verde durante este m\u00eas. Cr\u00e9ditos: Caio\/PexelsAg\u00eancia Nacional de Energia El\u00e9trica comunica a continuidade da bandeira tarif\u00e1ria verde no pr\u00f3ximo m\u00eas A representa\u00e7\u00e3o da bandeira\u2026","rel":"","context":"In &quot;Variedades&quot;","block_context":{"text":"Variedades","link":"https:\/\/noticiasribeiraopreto.com.br\/index.php\/category\/variedades\/"},"img":{"alt_text":"","src":"https:\/\/i0.wp.com\/noticiasribeiraopreto.com.br\/wp-content\/uploads\/2023\/11\/pexels-caio-45917.jpg?fit=1200%2C638&ssl=1&resize=350%2C200","width":350,"height":200,"srcset":"https:\/\/i0.wp.com\/noticiasribeiraopreto.com.br\/wp-content\/uploads\/2023\/11\/pexels-caio-45917.jpg?fit=1200%2C638&ssl=1&resize=350%2C200 1x, https:\/\/i0.wp.com\/noticiasribeiraopreto.com.br\/wp-content\/uploads\/2023\/11\/pexels-caio-45917.jpg?fit=1200%2C638&ssl=1&resize=525%2C300 1.5x, https:\/\/i0.wp.com\/noticiasribeiraopreto.com.br\/wp-content\/uploads\/2023\/11\/pexels-caio-45917.jpg?fit=1200%2C638&ssl=1&resize=700%2C400 2x, https:\/\/i0.wp.com\/noticiasribeiraopreto.com.br\/wp-content\/uploads\/2023\/11\/pexels-caio-45917.jpg?fit=1200%2C638&ssl=1&resize=1050%2C600 3x"},"classes":[]},{"id":27603,"url":"https:\/\/noticiasribeiraopreto.com.br\/index.php\/2024\/01\/12\/inflacao-fecha-2023-em-462\/","url_meta":{"origin":22944,"position":1},"title":"Infla\u00e7\u00e3o fecha 2023 em 4,62% \u00a0","author":"noticiasribeiraopreto.com.br","date":"12 de January de 2024","format":false,"excerpt":"A infla\u00e7\u00e3o medida pelo \u00cdndice Nacional de Pre\u00e7os ao Consumidor Amplo \u2013 indexador oficial \u2013 fechou dezembro com alta de 0,56%, ante 0,28% de novembro, avan\u00e7o de 0,24%, em outubro, de 0,26% em setembro, de 0,23% em agosto e 0,12% em julho, ap\u00f3s defla\u00e7\u00e3o de 0,08% em junho, eleva\u00e7\u00e3o de\u2026","rel":"","context":"In &quot;Not\u00edcias de Ribeir\u00e3o Preto-SP e Regi\u00e3o&quot;","block_context":{"text":"Not\u00edcias de Ribeir\u00e3o Preto-SP e Regi\u00e3o","link":"https:\/\/noticiasribeiraopreto.com.br\/index.php\/category\/noticias-de-ribeirao-preto-sp-e-regiao-ismael-colosi\/"},"img":{"alt_text":"","src":"https:\/\/i0.wp.com\/noticiasribeiraopreto.com.br\/wp-content\/uploads\/2024\/01\/InflaIPCA-Aro-Marcelo-Camargo-Ag.Br_-scaled.jpg?fit=967%2C645&ssl=1&resize=350%2C200","width":350,"height":200,"srcset":"https:\/\/i0.wp.com\/noticiasribeiraopreto.com.br\/wp-content\/uploads\/2024\/01\/InflaIPCA-Aro-Marcelo-Camargo-Ag.Br_-scaled.jpg?fit=967%2C645&ssl=1&resize=350%2C200 1x, https:\/\/i0.wp.com\/noticiasribeiraopreto.com.br\/wp-content\/uploads\/2024\/01\/InflaIPCA-Aro-Marcelo-Camargo-Ag.Br_-scaled.jpg?fit=967%2C645&ssl=1&resize=525%2C300 1.5x, https:\/\/i0.wp.com\/noticiasribeiraopreto.com.br\/wp-content\/uploads\/2024\/01\/InflaIPCA-Aro-Marcelo-Camargo-Ag.Br_-scaled.jpg?fit=967%2C645&ssl=1&resize=700%2C400 2x"},"classes":[]},{"id":34642,"url":"https:\/\/noticiasribeiraopreto.com.br\/index.php\/2024\/02\/02\/precos-caem-na-porta-da-fabrica-para-o-produtor\/","url_meta":{"origin":22944,"position":2},"title":"Pre\u00e7os caem na porta da f\u00e1brica\u00a0para o produtor","author":"noticiasribeiraopreto.com.br","date":"2 de February de 2024","format":false,"excerpt":"O \u00cdndice de Pre\u00e7os ao Produtor (IPP), que inclui pre\u00e7os da ind\u00fastria extrativa e de transforma\u00e7\u00e3o, registrou baixa de 0,18% em dezembro ante recuo de 0,34% em novembro, informou nesta quinta-feira, 1\u00ba de fevereiro, o Instituto Brasileiro de Geografia e Estat\u00edstica (IBGE). O IPP mede a evolu\u00e7\u00e3o dos pre\u00e7os de\u2026","rel":"","context":"In &quot;Not\u00edcias de Ribeir\u00e3o Preto-SP e Regi\u00e3o&quot;","block_context":{"text":"Not\u00edcias de Ribeir\u00e3o Preto-SP e Regi\u00e3o","link":"https:\/\/noticiasribeiraopreto.com.br\/index.php\/category\/noticias-de-ribeirao-preto-sp-e-regiao-ismael-colosi\/"},"img":{"alt_text":"","src":"https:\/\/i0.wp.com\/noticiasribeiraopreto.com.br\/wp-content\/uploads\/2024\/02\/Perspectivas-setor-de-refino-de-petroleo-no-Brasil.jpg?fit=600%2C300&ssl=1&resize=350%2C200","width":350,"height":200,"srcset":"https:\/\/i0.wp.com\/noticiasribeiraopreto.com.br\/wp-content\/uploads\/2024\/02\/Perspectivas-setor-de-refino-de-petroleo-no-Brasil.jpg?fit=600%2C300&ssl=1&resize=350%2C200 1x, https:\/\/i0.wp.com\/noticiasribeiraopreto.com.br\/wp-content\/uploads\/2024\/02\/Perspectivas-setor-de-refino-de-petroleo-no-Brasil.jpg?fit=600%2C300&ssl=1&resize=525%2C300 1.5x"},"classes":[]},{"id":15689,"url":"https:\/\/noticiasribeiraopreto.com.br\/index.php\/2023\/12\/14\/rede-de-mercado-da-regiao-e-flagrada-furtando-energia\/","url_meta":{"origin":22944,"position":3},"title":"Rede de mercado da regi\u00e3o \u00e9 flagrada furtando energia","author":"noticiasribeiraopreto.com.br","date":"14 de December de 2023","format":false,"excerpt":"Tr\u00eas lojas da rede de supermercados foram autuadas por furto de energia el\u00e9trica, o popular gato 14 de dezembro de 2023 | 7:0614 de dezembro de 2023 | 7:04 1Por: Adalberto LuqueUma opera\u00e7\u00e3o da Pol\u00edcia Civil, em parceria com a CPFL Paulista (distribuidora de energia el\u00e9trica na regi\u00e3o) flagrou, nesta\u2026","rel":"","context":"In &quot;Not\u00edcias de Ribeir\u00e3o Preto-SP e Regi\u00e3o&quot;","block_context":{"text":"Not\u00edcias de Ribeir\u00e3o Preto-SP e Regi\u00e3o","link":"https:\/\/noticiasribeiraopreto.com.br\/index.php\/category\/noticias-de-ribeirao-preto-sp-e-regiao-ismael-colosi\/"},"img":{"alt_text":"","src":"https:\/\/i0.wp.com\/noticiasribeiraopreto.com.br\/wp-content\/uploads\/2023\/12\/00-14-dez-2023-gato-cajuru-foto-cpfl-divulgacao-scaled.jpg?fit=963%2C645&ssl=1&resize=350%2C200","width":350,"height":200,"srcset":"https:\/\/i0.wp.com\/noticiasribeiraopreto.com.br\/wp-content\/uploads\/2023\/12\/00-14-dez-2023-gato-cajuru-foto-cpfl-divulgacao-scaled.jpg?fit=963%2C645&ssl=1&resize=350%2C200 1x, https:\/\/i0.wp.com\/noticiasribeiraopreto.com.br\/wp-content\/uploads\/2023\/12\/00-14-dez-2023-gato-cajuru-foto-cpfl-divulgacao-scaled.jpg?fit=963%2C645&ssl=1&resize=525%2C300 1.5x, https:\/\/i0.wp.com\/noticiasribeiraopreto.com.br\/wp-content\/uploads\/2023\/12\/00-14-dez-2023-gato-cajuru-foto-cpfl-divulgacao-scaled.jpg?fit=963%2C645&ssl=1&resize=700%2C400 2x"},"classes":[]},{"id":13185,"url":"https:\/\/noticiasribeiraopreto.com.br\/index.php\/2023\/12\/09\/esta-autorizada-conta-de-energia-gratuita-entenda\/","url_meta":{"origin":22944,"position":4},"title":"Est\u00e1 autorizada conta de energia gratuita; entenda","author":"noticiasribeiraopreto.com.br","date":"9 de December de 2023","format":false,"excerpt":"Cr\u00e9ditos: Istock\/tifonimagesGoverno d\u00e1 EXCELENTE not\u00edcia sobre pre\u00e7o da energiaA Enel, presente em 23 munic\u00edpios do estado de S\u00e3o Paulo, anunciou a autoriza\u00e7\u00e3o para isentar do pagamento da conta de energia por tr\u00eas meses os clientes cadastrados no programa Tarifa Social. A iniciativa visa amparar aqueles que enfrentaram a interrup\u00e7\u00e3o do\u2026","rel":"","context":"In &quot;Variedades&quot;","block_context":{"text":"Variedades","link":"https:\/\/noticiasribeiraopreto.com.br\/index.php\/category\/variedades\/"},"img":{"alt_text":"","src":"https:\/\/i0.wp.com\/noticiasribeiraopreto.com.br\/wp-content\/uploads\/2023\/12\/1702137623_istock-1146686584.jpg?fit=1200%2C638&ssl=1&resize=350%2C200","width":350,"height":200,"srcset":"https:\/\/i0.wp.com\/noticiasribeiraopreto.com.br\/wp-content\/uploads\/2023\/12\/1702137623_istock-1146686584.jpg?fit=1200%2C638&ssl=1&resize=350%2C200 1x, https:\/\/i0.wp.com\/noticiasribeiraopreto.com.br\/wp-content\/uploads\/2023\/12\/1702137623_istock-1146686584.jpg?fit=1200%2C638&ssl=1&resize=525%2C300 1.5x, https:\/\/i0.wp.com\/noticiasribeiraopreto.com.br\/wp-content\/uploads\/2023\/12\/1702137623_istock-1146686584.jpg?fit=1200%2C638&ssl=1&resize=700%2C400 2x, https:\/\/i0.wp.com\/noticiasribeiraopreto.com.br\/wp-content\/uploads\/2023\/12\/1702137623_istock-1146686584.jpg?fit=1200%2C638&ssl=1&resize=1050%2C600 3x"},"classes":[]},{"id":29584,"url":"https:\/\/noticiasribeiraopreto.com.br\/index.php\/2024\/01\/18\/dolar-bate-recorde-e-bancao-bate-palmas-para-milei\/","url_meta":{"origin":22944,"position":5},"title":"d\u00f3lar bate recorde e banc\u00e3o bate palmas para Milei","author":"noticiasribeiraopreto.com.br","date":"18 de January de 2024","format":false,"excerpt":"Quando a Argentina foi \u00e0s urnas no final do ano passado para escolher o novo presidente, os analistas diziam, em un\u00edssono, que qualquer um que vencesse as elei\u00e7\u00f5es no pa\u00eds teria um come\u00e7o de governo dif\u00edcil.\u00a0 Um m\u00eas depois da posse de Javier Milei, a hist\u00f3ria n\u00e3o parece t\u00e3o catastr\u00f3fica\u2026","rel":"","context":"In &quot;Dinheiro e Investimento&quot;","block_context":{"text":"Dinheiro e Investimento","link":"https:\/\/noticiasribeiraopreto.com.br\/index.php\/category\/dinheiro-e-investimento-como-fazer-como-ganhar\/"},"img":{"alt_text":"","src":"https:\/\/i0.wp.com\/noticiasribeiraopreto.com.br\/wp-content\/uploads\/2024\/01\/Javier-Miler-Argentina-715x402.jpg?fit=715%2C402&ssl=1&resize=350%2C200","width":350,"height":200,"srcset":"https:\/\/i0.wp.com\/noticiasribeiraopreto.com.br\/wp-content\/uploads\/2024\/01\/Javier-Miler-Argentina-715x402.jpg?fit=715%2C402&ssl=1&resize=350%2C200 1x, https:\/\/i0.wp.com\/noticiasribeiraopreto.com.br\/wp-content\/uploads\/2024\/01\/Javier-Miler-Argentina-715x402.jpg?fit=715%2C402&ssl=1&resize=525%2C300 1.5x, https:\/\/i0.wp.com\/noticiasribeiraopreto.com.br\/wp-content\/uploads\/2024\/01\/Javier-Miler-Argentina-715x402.jpg?fit=715%2C402&ssl=1&resize=700%2C400 2x"},"classes":[]}],"jetpack_sharing_enabled":true,"jetpack_shortlink":"https:\/\/wp.me\/peQAOb-5Y4","_links":{"self":[{"href":"https:\/\/noticiasribeiraopreto.com.br\/index.php\/wp-json\/wp\/v2\/posts\/22944","targetHints":{"allow":["GET"]}}],"collection":[{"href":"https:\/\/noticiasribeiraopreto.com.br\/index.php\/wp-json\/wp\/v2\/posts"}],"about":[{"href":"https:\/\/noticiasribeiraopreto.com.br\/index.php\/wp-json\/wp\/v2\/types\/post"}],"author":[{"embeddable":true,"href":"https:\/\/noticiasribeiraopreto.com.br\/index.php\/wp-json\/wp\/v2\/users\/1"}],"replies":[{"embeddable":true,"href":"https:\/\/noticiasribeiraopreto.com.br\/index.php\/wp-json\/wp\/v2\/comments?post=22944"}],"version-history":[{"count":0,"href":"https:\/\/noticiasribeiraopreto.com.br\/index.php\/wp-json\/wp\/v2\/posts\/22944\/revisions"}],"wp:featuredmedia":[{"embeddable":true,"href":"https:\/\/noticiasribeiraopreto.com.br\/index.php\/wp-json\/wp\/v2\/media\/22945"}],"wp:attachment":[{"href":"https:\/\/noticiasribeiraopreto.com.br\/index.php\/wp-json\/wp\/v2\/media?parent=22944"}],"wp:term":[{"taxonomy":"category","embeddable":true,"href":"https:\/\/noticiasribeiraopreto.com.br\/index.php\/wp-json\/wp\/v2\/categories?post=22944"},{"taxonomy":"post_tag","embeddable":true,"href":"https:\/\/noticiasribeiraopreto.com.br\/index.php\/wp-json\/wp\/v2\/tags?post=22944"}],"curies":[{"name":"wp","href":"https:\/\/api.w.org\/{rel}","templated":true}]}}