{"id":23170,"date":"2024-01-01T14:28:19","date_gmt":"2024-01-01T17:28:19","guid":{"rendered":"https:\/\/noticiasribeiraopreto.com.br\/index.php\/2024\/01\/01\/veja-o-calendario-de-feriados-de-ribeirao-preto-em-2024\/"},"modified":"2024-01-01T14:28:19","modified_gmt":"2024-01-01T17:28:19","slug":"veja-o-calendario-de-feriados-de-ribeirao-preto-em-2024","status":"publish","type":"post","link":"https:\/\/noticiasribeiraopreto.com.br\/index.php\/2024\/01\/01\/veja-o-calendario-de-feriados-de-ribeirao-preto-em-2024\/","title":{"rendered":"Veja o calend\u00e1rio de feriados de Ribeir\u00e3o Preto em 2024"},"content":{"rendered":"<div class='code-block code-block-1' style='margin: 8px 0 8px auto; text-align: right; display: block; clear: both;'>\n<p><a href=\"https:\/\/wa.link\/vpicfd\"><img data-recalc-dims=\"1\" class=\"wp-image-4922\" style=\"aspect-ratio: 2.0253164556962027; width: 561px; height: auto;\" src=\"https:\/\/i0.wp.com\/ismaelcolosi.com.br\/wp-content\/uploads\/2023\/11\/grupo-de-empregos-whatsapp-e-facebook-ismael-colosi-vagas.jpg?ssl=1\" alt=\"\" \/><\/a><\/p>\n<!-- \/wp:image -->\n<\/div>\n<p> <br \/>\n<\/p>\n<div data-td-block-uid=\"tdi_104\">\n<div class=\"tdb-block-inner td-fix-index\">\n<p><strong>Ribeir\u00e3o Preto ter\u00e1 14 feriados e 10 pontos facultativos em 2024, de acordo com o calend\u00e1rio da Prefeitura Municipal da cidade.<\/strong><\/p>\n<p><mark style=\"background-color:#fcb900\" class=\"has-inline-color\">Ao todo, ser\u00e3o <strong>seis datas que ir\u00e3o emendar com os feriados prolongados<\/strong>, al\u00e9m do <strong>Carnaval <\/strong>e do <strong>Dia do Servidor P\u00fablico<\/strong>, comemorado no dia 28 de outubro.<\/mark><\/p>\n<p>O expediente das reparti\u00e7\u00f5es p\u00fablicas municipais, relativos aos dias 2 de janeiro e 14 de fevereiro \u2013 Quarta-feira de cinzas e 26 de dezembro de 2024, ser\u00e3o das 12h \u00e0s 18h. Servidores que cumprem a jornada de 4h horas di\u00e1rias encerrar\u00e3o suas atividades \u00e0s 16h.<\/p>\n<p><strong>As horas correspondentes aos pontos facultativos, com exce\u00e7\u00e3o do dia 13 de fevereiro e do dia 28 de outubro dever\u00e3o ser compensadas<\/strong>, conforme determina\u00e7\u00e3o de cada Secret\u00e1rio Municipal ou chefia equivalente.<\/p>\n<h4 class=\"wp-block-heading\"><strong>Confira os feriados e pontos facultativos de Ribeir\u00e3o Preto em 2024<\/strong><\/h4>\n<figure class=\"wp-block-table is-style-stripes\">\n<table class=\"has-white-background-color has-background\">\n<tbody>\n<tr>\n<th>Data<\/th>\n<th>Dia da Semana<\/th>\n<th>Feriado<\/th>\n<\/tr>\n<tr>\n<td>01\/01\/2024<\/td>\n<td>Segunda-feira<\/td>\n<td><strong>Ano Novo<\/strong><\/td>\n<\/tr>\n<tr>\n<td>02\/01\/2024<\/td>\n<td>Ter\u00e7a-feira<br \/>expediente a partir das 12h<\/td>\n<td>Ponto Facultativo<\/td>\n<\/tr>\n<tr>\n<td>20\/01\/2024<\/td>\n<td>S\u00e1bado<\/td>\n<td><strong>S\u00e3o Sebasti\u00e3o<\/strong>\u00a0(Padroeiro de Ribeir\u00e3o Preto)<br \/>Feriado Municipal<\/td>\n<\/tr>\n<tr>\n<td>12\/02\/2024<\/td>\n<td>Segunda-feira<\/td>\n<td><strong>Carnaval<\/strong><br \/>Ponto Facultativo<\/td>\n<\/tr>\n<tr>\n<td>13\/02\/2024<\/td>\n<td>Ter\u00e7a-feira<\/td>\n<td><strong>Carnaval<\/strong><br \/>Ponto Facultativo<\/td>\n<\/tr>\n<tr>\n<td>14\/02\/2024<\/td>\n<td>Quarta-feira,<br \/>expediente a partir das 12h<\/td>\n<td><strong>Quarta-feira de Cinzas<\/strong><br \/>Ponto Facultativo<\/td>\n<\/tr>\n<tr>\n<td>29\/03\/2024<\/td>\n<td>Sexta-feira<\/td>\n<td><strong>Sexta-feira Santa\u00a0\u2013 Paix\u00e3o de Cristo<\/strong><\/td>\n<\/tr>\n<tr>\n<td>21\/04\/2024<\/td>\n<td>Domingo<\/td>\n<td><strong>Tiradentes<\/strong><\/td>\n<\/tr>\n<tr>\n<td>01\/05\/2024<\/td>\n<td>Quarta-feira<\/td>\n<td><strong>Dia do Trabalho<\/strong><\/td>\n<\/tr>\n<tr>\n<td>30\/05\/2024<\/td>\n<td>Quinta-feira<\/td>\n<td><strong>Corpus Christi<\/strong><br \/>Feriado Municipal<\/td>\n<\/tr>\n<tr>\n<td>31\/05\/2024<\/td>\n<td>Sexta-feira<\/td>\n<td>Ponto Facultativo<\/td>\n<\/tr>\n<tr>\n<td>19\/06\/2024<\/td>\n<td>Quarta-feira<\/td>\n<td><strong>Anivers\u00e1rio da Cidade<\/strong><br \/>Feriado Municipal<\/td>\n<\/tr>\n<tr>\n<td>08\/07\/2024<\/td>\n<td>Segunda-feira<\/td>\n<td>Ponto Facultativo<\/td>\n<\/tr>\n<tr>\n<td>09\/07\/2024<\/td>\n<td>Ter\u00e7a-feira<\/td>\n<td><strong>Revolu\u00e7\u00e3o Constitucionalista<\/strong><\/td>\n<\/tr>\n<tr>\n<td>07\/09\/2024<\/td>\n<td>S\u00e1bado<\/td>\n<td><strong>Independ\u00eancia do Brasil<\/strong><\/td>\n<\/tr>\n<tr>\n<td>12\/10\/2024<\/td>\n<td>S\u00e1bado<\/td>\n<td><strong>Nossa Senhora Aparecida<\/strong><\/td>\n<\/tr>\n<tr>\n<td>28\/10\/2024<\/td>\n<td>Segunda-feira<\/td>\n<td><strong>Dia do Servidor P\u00fablico<br \/><\/strong>Ponto Facultativo<\/td>\n<\/tr>\n<tr>\n<td>02\/11\/2024<\/td>\n<td>S\u00e1bado<\/td>\n<td><strong>Finados<\/strong><\/td>\n<\/tr>\n<tr>\n<td>15\/11\/2024<\/td>\n<td>Sexta-feira<\/td>\n<td><strong>Proclama\u00e7\u00e3o da Rep\u00fablica<\/strong><\/td>\n<\/tr>\n<tr>\n<td>20\/11\/2024<\/td>\n<td>Quarta-feira;<\/td>\n<td><strong>Dia Estadual da Consci\u00eancia Negra<\/strong><br \/>Feriado Estadual<\/td>\n<\/tr>\n<tr>\n<td>24\/12\/2024<\/td>\n<td>Ter\u00e7a-feira<br \/>expediente at\u00e9 as 14h<\/td>\n<td>Ponto Facultativo\u00a0<\/td>\n<\/tr>\n<tr>\n<td>25\/12\/2024<\/td>\n<td>Quarta-feira<\/td>\n<td><strong>Natal<\/strong><\/td>\n<\/tr>\n<tr>\n<td>26\/12\/2024<\/td>\n<td>Quinta-feira<br \/>expediente a partir das 12h<\/td>\n<td>Ponto Facultativo<\/td>\n<\/tr>\n<tr>\n<td>31\/12\/2024<\/td>\n<td>Ter\u00e7a-feira<br \/>expediente\u00a0 at\u00e9 as 14h<\/td>\n<td>Ponto Facultativo<\/td>\n<\/tr>\n<\/tbody>\n<\/table><figcaption class=\"wp-element-caption\"><strong>Fonte<\/strong>: Prefeitura de Ribeir\u00e3o Preto<\/figcaption><\/figure>\n<p>VEJA TAMB\u00c9M<\/p>\n<p>Sal\u00e1rio m\u00ednimo reajustado come\u00e7a a valer nesta segunda-feira; Veja o valor<\/p>\n<h4 class=\"wp-block-heading\"><strong>FIQUE ON<\/strong><\/h4>\n<p>Fique ligado em tudo que acontece em Ribeir\u00e3o Preto e regi\u00e3o. Siga os perfis do\u00a0<strong>acidade on<\/strong>\u00a0no\u00a0<a href=\"https:\/\/www.instagram.com\/acidadeonribeirao\" target=\"_blank\" rel=\"noreferrer noopener\">Instagram<\/a>\u00a0e no\u00a0<a href=\"https:\/\/www.facebook.com\/acidadeonribeirao\" target=\"_blank\" rel=\"noreferrer noopener\">Facebook.<\/a><\/p>\n<p>Receba not\u00edcias do\u00a0<strong>acidade on<\/strong>\u00a0no WhatsApp.\u00a0<a href=\"https:\/\/chat.whatsapp.com\/Bnv2w66ZT4VDyZW3oiZ69n\" target=\"_blank\" rel=\"noreferrer noopener\">Para entrar no grupo, basta clicar aqui.<\/a><\/p>\n<p>Fa\u00e7a uma den\u00fancia ou sugira uma reportagem sobre a Ribeir\u00e3o Preto e regi\u00e3o pelo WhatsApp: (16) 99117 7802.<\/p>\n<p>LEIA MAIS<\/p>\n<p><a href=\"https:\/\/www.tudoep.com\/tudo-receitas\/noticias\/NOT,0,0,1869091,bolo-de-aveia-sem-gluten-da-ana-maria-braga-veja-como-fazer.aspx\" target=\"_blank\" rel=\"noreferrer noopener\">Bolo de aveia sem gl\u00faten da Ana Maria Braga; veja como fazer<\/a><\/p>\n<p><!-- AI CONTENT END 1 -->\n<\/div>\n<\/div>\n<p><script async src=\"\/\/www.instagram.com\/embed.js\"><\/script><br \/>\n<br \/><br \/>\n<br \/><a href=\"https:\/\/www.acidadeon.com\/ribeiraopreto\/cotidiano\/veja-o-calendario-de-feriados-de-ribeirao-preto-em-2024\/\">Source link <\/a><\/p>\n<!-- CONTENT END 1 -->\n","protected":false},"excerpt":{"rendered":"<p>Ribeir\u00e3o Preto ter\u00e1 14 feriados e 10 pontos facultativos em 2024, de acordo com o calend\u00e1rio da Prefeitura Municipal da cidade. Ao todo, ser\u00e3o seis&#8230;<\/p>\n","protected":false},"author":1,"featured_media":23171,"comment_status":"open","ping_status":"open","sticky":false,"template":"","format":"standard","meta":{"advanced_seo_description":"","jetpack_seo_html_title":"","jetpack_seo_noindex":false,"jetpack_post_was_ever_published":false,"_jetpack_newsletter_access":"","_jetpack_dont_email_post_to_subs":false,"_jetpack_newsletter_tier_id":0,"_jetpack_memberships_contains_paywalled_content":false,"_jetpack_memberships_contains_paid_content":false,"footnotes":"","jetpack_publicize_message":"","jetpack_publicize_feature_enabled":true,"jetpack_social_post_already_shared":true,"jetpack_social_options":{"image_generator_settings":{"template":"highway","default_image_id":0,"font":"","enabled":false},"version":2}},"categories":[11],"tags":[2895,303,27,26,48],"class_list":["post-23170","post","type-post","status-publish","format-standard","has-post-thumbnail","hentry","category-noticias-de-ribeirao-preto-sp-e-regiao-ismael-colosi","tag-calendario","tag-feriados","tag-preto","tag-ribeirao","tag-veja"],"jetpack_publicize_connections":[],"jetpack_featured_media_url":"https:\/\/i0.wp.com\/noticiasribeiraopreto.com.br\/wp-content\/uploads\/2024\/01\/ribeirao-preto-prefeitura.jpg?fit=1200%2C900&ssl=1","jetpack-related-posts":[{"id":60581,"url":"https:\/\/noticiasribeiraopreto.com.br\/index.php\/2024\/11\/18\/confira-o-calendario-de-feriados-de-ribeirao-preto-em-2025\/","url_meta":{"origin":23170,"position":0},"title":"Confira o calend\u00e1rio de feriados de Ribeir\u00e3o Preto em 2025","author":"noticiasribeiraopreto.com.br","date":"18 de November de 2024","format":false,"excerpt":"Ribeir\u00e3o Preto ter\u00e1 12 feriados em 2025, de acordo com o calend\u00e1rio da Prefeitura Municipal da cidade. O expediente das reparti\u00e7\u00f5es p\u00fablicas municipais, relativos aos dias 2 de janeiro e 5 de mar\u00e7o, quarta-feira de cinzas, ser\u00e3o das 12h \u00e0s 18h. Servidores que cumprem a jornada de 4h horas di\u00e1rias\u2026","rel":"","context":"In &quot;Not\u00edcias de Ribeir\u00e3o Preto-SP e Regi\u00e3o&quot;","block_context":{"text":"Not\u00edcias de Ribeir\u00e3o Preto-SP e Regi\u00e3o","link":"https:\/\/noticiasribeiraopreto.com.br\/index.php\/category\/noticias-de-ribeirao-preto-sp-e-regiao-ismael-colosi\/"},"img":{"alt_text":"","src":"https:\/\/i0.wp.com\/noticiasribeiraopreto.com.br\/wp-content\/uploads\/2024\/10\/Copia-de-Copia-de-Copia-de-TAMANHO-EXATO-PARA-FOTOS-NO-SISTEMA-NOVO-21_2024-09-15_20-45-28_png_2024-09-15_20-45-28.webp.webp?fit=1200%2C675&ssl=1&resize=350%2C200","width":350,"height":200,"srcset":"https:\/\/i0.wp.com\/noticiasribeiraopreto.com.br\/wp-content\/uploads\/2024\/10\/Copia-de-Copia-de-Copia-de-TAMANHO-EXATO-PARA-FOTOS-NO-SISTEMA-NOVO-21_2024-09-15_20-45-28_png_2024-09-15_20-45-28.webp.webp?fit=1200%2C675&ssl=1&resize=350%2C200 1x, https:\/\/i0.wp.com\/noticiasribeiraopreto.com.br\/wp-content\/uploads\/2024\/10\/Copia-de-Copia-de-Copia-de-TAMANHO-EXATO-PARA-FOTOS-NO-SISTEMA-NOVO-21_2024-09-15_20-45-28_png_2024-09-15_20-45-28.webp.webp?fit=1200%2C675&ssl=1&resize=525%2C300 1.5x, https:\/\/i0.wp.com\/noticiasribeiraopreto.com.br\/wp-content\/uploads\/2024\/10\/Copia-de-Copia-de-Copia-de-TAMANHO-EXATO-PARA-FOTOS-NO-SISTEMA-NOVO-21_2024-09-15_20-45-28_png_2024-09-15_20-45-28.webp.webp?fit=1200%2C675&ssl=1&resize=700%2C400 2x, https:\/\/i0.wp.com\/noticiasribeiraopreto.com.br\/wp-content\/uploads\/2024\/10\/Copia-de-Copia-de-Copia-de-TAMANHO-EXATO-PARA-FOTOS-NO-SISTEMA-NOVO-21_2024-09-15_20-45-28_png_2024-09-15_20-45-28.webp.webp?fit=1200%2C675&ssl=1&resize=1050%2C600 3x"},"classes":[]},{"id":3437,"url":"https:\/\/noticiasribeiraopreto.com.br\/index.php\/2023\/11\/18\/feriados-prolongados-ribeirao-preto-define-pontos-facultativos-para-2024\/","url_meta":{"origin":23170,"position":1},"title":"Feriados prolongados? Ribeir\u00e3o Preto define pontos facultativos para 2024","author":"noticiasribeiraopreto.com.br","date":"18 de November de 2023","format":false,"excerpt":"O prefeito de Ribeir\u00e3o Preto, Duarte Nogueira (PSDB), publicou na \u00faltima sexta-feira (17) decreto que estipula os pontos facultativos para os servi\u00e7os p\u00fablicos municipais em 2024. Ao todo, ser\u00e3o seis datas que v\u00e3o emendar com os feriados prolongados, al\u00e9m do Carnaval e do Dia do Servidor P\u00fablico, comemorado no dia\u2026","rel":"","context":"In &quot;Not\u00edcias de Ribeir\u00e3o Preto-SP e Regi\u00e3o&quot;","block_context":{"text":"Not\u00edcias de Ribeir\u00e3o Preto-SP e Regi\u00e3o","link":"https:\/\/noticiasribeiraopreto.com.br\/index.php\/category\/noticias-de-ribeirao-preto-sp-e-regiao-ismael-colosi\/"},"img":{"alt_text":"","src":"https:\/\/i0.wp.com\/noticiasribeiraopreto.com.br\/wp-content\/uploads\/2023\/11\/feriado-prolongado.jpg?fit=1200%2C800&ssl=1&resize=350%2C200","width":350,"height":200,"srcset":"https:\/\/i0.wp.com\/noticiasribeiraopreto.com.br\/wp-content\/uploads\/2023\/11\/feriado-prolongado.jpg?fit=1200%2C800&ssl=1&resize=350%2C200 1x, https:\/\/i0.wp.com\/noticiasribeiraopreto.com.br\/wp-content\/uploads\/2023\/11\/feriado-prolongado.jpg?fit=1200%2C800&ssl=1&resize=525%2C300 1.5x, https:\/\/i0.wp.com\/noticiasribeiraopreto.com.br\/wp-content\/uploads\/2023\/11\/feriado-prolongado.jpg?fit=1200%2C800&ssl=1&resize=700%2C400 2x, https:\/\/i0.wp.com\/noticiasribeiraopreto.com.br\/wp-content\/uploads\/2023\/11\/feriado-prolongado.jpg?fit=1200%2C800&ssl=1&resize=1050%2C600 3x"},"classes":[]},{"id":62132,"url":"https:\/\/noticiasribeiraopreto.com.br\/index.php\/2025\/01\/04\/ribeirao-preto-perde-um-feriado-em-2025-veja-o-calendario-municipal\/","url_meta":{"origin":23170,"position":2},"title":"Ribeir\u00e3o Preto &#8216;perde um feriado&#8217; em 2025; Veja o calend\u00e1rio municipal","author":"noticiasribeiraopreto.com.br","date":"4 de January de 2025","format":false,"excerpt":"Ribeir\u00e3o Preto \u201cperdeu um feriado\u201d em 2025. Isso porque, de acordo com o calend\u00e1rio da Prefeitura Municipal, as celebra\u00e7\u00f5es de Corpus Christi e do anivers\u00e1rio da cidade acontecem no mesmo dia neste ano, 19 de junho. Conforme publicado, ser\u00e3o 14 feriados e 12 pontos facultativos. Embora o n\u00famero de feriados\u2026","rel":"","context":"In &quot;Not\u00edcias de Ribeir\u00e3o Preto-SP e Regi\u00e3o&quot;","block_context":{"text":"Not\u00edcias de Ribeir\u00e3o Preto-SP e Regi\u00e3o","link":"https:\/\/noticiasribeiraopreto.com.br\/index.php\/category\/noticias-de-ribeirao-preto-sp-e-regiao-ismael-colosi\/"},"img":{"alt_text":"","src":"https:\/\/i0.wp.com\/noticiasribeiraopreto.com.br\/wp-content\/uploads\/2025\/01\/calendar-gad829f90c_1920.jpg?fit=1200%2C900&ssl=1&resize=350%2C200","width":350,"height":200,"srcset":"https:\/\/i0.wp.com\/noticiasribeiraopreto.com.br\/wp-content\/uploads\/2025\/01\/calendar-gad829f90c_1920.jpg?fit=1200%2C900&ssl=1&resize=350%2C200 1x, https:\/\/i0.wp.com\/noticiasribeiraopreto.com.br\/wp-content\/uploads\/2025\/01\/calendar-gad829f90c_1920.jpg?fit=1200%2C900&ssl=1&resize=525%2C300 1.5x, https:\/\/i0.wp.com\/noticiasribeiraopreto.com.br\/wp-content\/uploads\/2025\/01\/calendar-gad829f90c_1920.jpg?fit=1200%2C900&ssl=1&resize=700%2C400 2x, https:\/\/i0.wp.com\/noticiasribeiraopreto.com.br\/wp-content\/uploads\/2025\/01\/calendar-gad829f90c_1920.jpg?fit=1200%2C900&ssl=1&resize=1050%2C600 3x"},"classes":[]},{"id":79128,"url":"https:\/\/noticiasribeiraopreto.com.br\/index.php\/2025\/10\/24\/confira-os-feriados-de-2026-em-ribeirao-preto\/","url_meta":{"origin":23170,"position":3},"title":"Confira os feriados de 2026 em Ribeir\u00e3o Preto","author":"noticiasribeiraopreto.com.br","date":"24 de October de 2025","format":false,"excerpt":"A Prefeitura de Ribeir\u00e3o Preto divulgou nesta sexta-feira (24) o calend\u00e1rio de feriados e pontos facultativos do munic\u00edpio para o ano de 2026. Segundo publica\u00e7\u00e3o no Di\u00e1rio Oficial, a cidade ter\u00e1 14 feriados e 10 pontos facultativos ao longo do pr\u00f3ximo ano. O expediente das reparti\u00e7\u00f5es p\u00fablicas, relativo ao dia\u2026","rel":"","context":"In &quot;Not\u00edcias de Ribeir\u00e3o Preto-SP e Regi\u00e3o&quot;","block_context":{"text":"Not\u00edcias de Ribeir\u00e3o Preto-SP e Regi\u00e3o","link":"https:\/\/noticiasribeiraopreto.com.br\/index.php\/category\/noticias-de-ribeirao-preto-sp-e-regiao-ismael-colosi\/"},"img":{"alt_text":"","src":"https:\/\/i0.wp.com\/noticiasribeiraopreto.com.br\/wp-content\/uploads\/2025\/10\/Copia-de-Copia-de-Copia-de-TAMANHO-EXATO-PARA-FOTOS-NO-SISTEMA-NOVO-2025-10-24T180452.289_2025-10-24_21-04-57.webp.webp?fit=1200%2C675&ssl=1&resize=350%2C200","width":350,"height":200,"srcset":"https:\/\/i0.wp.com\/noticiasribeiraopreto.com.br\/wp-content\/uploads\/2025\/10\/Copia-de-Copia-de-Copia-de-TAMANHO-EXATO-PARA-FOTOS-NO-SISTEMA-NOVO-2025-10-24T180452.289_2025-10-24_21-04-57.webp.webp?fit=1200%2C675&ssl=1&resize=350%2C200 1x, https:\/\/i0.wp.com\/noticiasribeiraopreto.com.br\/wp-content\/uploads\/2025\/10\/Copia-de-Copia-de-Copia-de-TAMANHO-EXATO-PARA-FOTOS-NO-SISTEMA-NOVO-2025-10-24T180452.289_2025-10-24_21-04-57.webp.webp?fit=1200%2C675&ssl=1&resize=525%2C300 1.5x, https:\/\/i0.wp.com\/noticiasribeiraopreto.com.br\/wp-content\/uploads\/2025\/10\/Copia-de-Copia-de-Copia-de-TAMANHO-EXATO-PARA-FOTOS-NO-SISTEMA-NOVO-2025-10-24T180452.289_2025-10-24_21-04-57.webp.webp?fit=1200%2C675&ssl=1&resize=700%2C400 2x, https:\/\/i0.wp.com\/noticiasribeiraopreto.com.br\/wp-content\/uploads\/2025\/10\/Copia-de-Copia-de-Copia-de-TAMANHO-EXATO-PARA-FOTOS-NO-SISTEMA-NOVO-2025-10-24T180452.289_2025-10-24_21-04-57.webp.webp?fit=1200%2C675&ssl=1&resize=1050%2C600 3x"},"classes":[]},{"id":24679,"url":"https:\/\/noticiasribeiraopreto.com.br\/index.php\/2024\/01\/04\/ribeirao-tera-14-feriados-este-ano\/","url_meta":{"origin":23170,"position":4},"title":"Ribeir\u00e3o ter\u00e1 14 feriados este ano\u00a0","author":"noticiasribeiraopreto.com.br","date":"4 de January de 2024","format":false,"excerpt":"4 de janeiro de 2024 | 17:004 de janeiro de 2024 | 11:10 0Ribeir\u00e3o Preto ter\u00e1 14 feriados e 10 pontos facultativos em 2024, de acordo com o calend\u00e1rio da Prefeitura publicado no Di\u00e1rio Oficial do Munic\u00edpio (DOM). Em seis datas haver\u00e1 feriados prolongados, al\u00e9m do Carnaval e do Dia\u2026","rel":"","context":"In &quot;Not\u00edcias de Ribeir\u00e3o Preto-SP e Regi\u00e3o&quot;","block_context":{"text":"Not\u00edcias de Ribeir\u00e3o Preto-SP e Regi\u00e3o","link":"https:\/\/noticiasribeiraopreto.com.br\/index.php\/category\/noticias-de-ribeirao-preto-sp-e-regiao-ismael-colosi\/"},"img":{"alt_text":"","src":"https:\/\/i0.wp.com\/noticiasribeiraopreto.com.br\/wp-content\/uploads\/2024\/01\/2-feriados-carnaval-max-scaled.jpg?fit=967%2C645&ssl=1&resize=350%2C200","width":350,"height":200,"srcset":"https:\/\/i0.wp.com\/noticiasribeiraopreto.com.br\/wp-content\/uploads\/2024\/01\/2-feriados-carnaval-max-scaled.jpg?fit=967%2C645&ssl=1&resize=350%2C200 1x, https:\/\/i0.wp.com\/noticiasribeiraopreto.com.br\/wp-content\/uploads\/2024\/01\/2-feriados-carnaval-max-scaled.jpg?fit=967%2C645&ssl=1&resize=525%2C300 1.5x, https:\/\/i0.wp.com\/noticiasribeiraopreto.com.br\/wp-content\/uploads\/2024\/01\/2-feriados-carnaval-max-scaled.jpg?fit=967%2C645&ssl=1&resize=700%2C400 2x"},"classes":[]},{"id":61979,"url":"https:\/\/noticiasribeiraopreto.com.br\/index.php\/2024\/12\/30\/calendario-oficial-de-feriados-de-2025-e-divulgado-saiba-quando-tem-folga-prolongada\/","url_meta":{"origin":23170,"position":5},"title":"Calend\u00e1rio oficial de feriados de 2025 \u00e9 divulgado; Saiba quando tem folga prolongada","author":"noticiasribeiraopreto.com.br","date":"30 de December de 2024","format":false,"excerpt":"O Governo Federal publicou na edi\u00e7\u00e3o desta segunda-feira (30) o calend\u00e1rio oficial de feriados nacionais para 2025. Segundo a portaria, publicada pelo Minist\u00e9rio da Gest\u00e3o e da Inova\u00e7\u00e3o em Servi\u00e7os P\u00fablicos, ser\u00e3o quatro folgas prolongas no pr\u00f3ximo ano. O calend\u00e1rio estabelece os dias de ponto facultativo, al\u00e9m dos feriados, para\u2026","rel":"","context":"In &quot;Not\u00edcias de Ribeir\u00e3o Preto-SP e Regi\u00e3o&quot;","block_context":{"text":"Not\u00edcias de Ribeir\u00e3o Preto-SP e Regi\u00e3o","link":"https:\/\/noticiasribeiraopreto.com.br\/index.php\/category\/noticias-de-ribeirao-preto-sp-e-regiao-ismael-colosi\/"},"img":{"alt_text":"","src":"https:\/\/i0.wp.com\/noticiasribeiraopreto.com.br\/wp-content\/uploads\/2024\/12\/feriado-prolongado.jpg?fit=1200%2C800&ssl=1&resize=350%2C200","width":350,"height":200,"srcset":"https:\/\/i0.wp.com\/noticiasribeiraopreto.com.br\/wp-content\/uploads\/2024\/12\/feriado-prolongado.jpg?fit=1200%2C800&ssl=1&resize=350%2C200 1x, https:\/\/i0.wp.com\/noticiasribeiraopreto.com.br\/wp-content\/uploads\/2024\/12\/feriado-prolongado.jpg?fit=1200%2C800&ssl=1&resize=525%2C300 1.5x, https:\/\/i0.wp.com\/noticiasribeiraopreto.com.br\/wp-content\/uploads\/2024\/12\/feriado-prolongado.jpg?fit=1200%2C800&ssl=1&resize=700%2C400 2x, https:\/\/i0.wp.com\/noticiasribeiraopreto.com.br\/wp-content\/uploads\/2024\/12\/feriado-prolongado.jpg?fit=1200%2C800&ssl=1&resize=1050%2C600 3x"},"classes":[]}],"jetpack_sharing_enabled":true,"jetpack_shortlink":"https:\/\/wp.me\/peQAOb-61I","_links":{"self":[{"href":"https:\/\/noticiasribeiraopreto.com.br\/index.php\/wp-json\/wp\/v2\/posts\/23170","targetHints":{"allow":["GET"]}}],"collection":[{"href":"https:\/\/noticiasribeiraopreto.com.br\/index.php\/wp-json\/wp\/v2\/posts"}],"about":[{"href":"https:\/\/noticiasribeiraopreto.com.br\/index.php\/wp-json\/wp\/v2\/types\/post"}],"author":[{"embeddable":true,"href":"https:\/\/noticiasribeiraopreto.com.br\/index.php\/wp-json\/wp\/v2\/users\/1"}],"replies":[{"embeddable":true,"href":"https:\/\/noticiasribeiraopreto.com.br\/index.php\/wp-json\/wp\/v2\/comments?post=23170"}],"version-history":[{"count":0,"href":"https:\/\/noticiasribeiraopreto.com.br\/index.php\/wp-json\/wp\/v2\/posts\/23170\/revisions"}],"wp:featuredmedia":[{"embeddable":true,"href":"https:\/\/noticiasribeiraopreto.com.br\/index.php\/wp-json\/wp\/v2\/media\/23171"}],"wp:attachment":[{"href":"https:\/\/noticiasribeiraopreto.com.br\/index.php\/wp-json\/wp\/v2\/media?parent=23170"}],"wp:term":[{"taxonomy":"category","embeddable":true,"href":"https:\/\/noticiasribeiraopreto.com.br\/index.php\/wp-json\/wp\/v2\/categories?post=23170"},{"taxonomy":"post_tag","embeddable":true,"href":"https:\/\/noticiasribeiraopreto.com.br\/index.php\/wp-json\/wp\/v2\/tags?post=23170"}],"curies":[{"name":"wp","href":"https:\/\/api.w.org\/{rel}","templated":true}]}}