{"id":23174,"date":"2024-01-01T14:44:04","date_gmt":"2024-01-01T17:44:04","guid":{"rendered":"https:\/\/noticiasribeiraopreto.com.br\/index.php\/2024\/01\/01\/novo-programa-governamental-e-iniciado-para-promocao-dos-direitos-das-pessoas-com-deficiencia-confira\/"},"modified":"2024-01-01T14:44:04","modified_gmt":"2024-01-01T17:44:04","slug":"novo-programa-governamental-e-iniciado-para-promocao-dos-direitos-das-pessoas-com-deficiencia-confira","status":"publish","type":"post","link":"https:\/\/noticiasribeiraopreto.com.br\/index.php\/2024\/01\/01\/novo-programa-governamental-e-iniciado-para-promocao-dos-direitos-das-pessoas-com-deficiencia-confira\/","title":{"rendered":"Novo programa governamental \u00e9 iniciado para promo\u00e7\u00e3o dos direitos das pessoas com defici\u00eancia; confira"},"content":{"rendered":"<div class='code-block code-block-1' style='margin: 8px 0 8px auto; text-align: right; display: block; clear: both;'>\n<p><a href=\"https:\/\/wa.link\/vpicfd\"><img data-recalc-dims=\"1\" class=\"wp-image-4922\" style=\"aspect-ratio: 2.0253164556962027; width: 561px; height: auto;\" src=\"https:\/\/i0.wp.com\/ismaelcolosi.com.br\/wp-content\/uploads\/2023\/11\/grupo-de-empregos-whatsapp-e-facebook-ismael-colosi-vagas.jpg?ssl=1\" alt=\"\" \/><\/a><\/p>\n<!-- \/wp:image -->\n<\/div>\n<p> <br \/>\n<\/p>\n<div>\n<p>O governo federal anuncia um investimento significativo de aproximadamente R$ 6,5 bilh\u00f5es em um programa abrangente para ampliar o acesso e melhorar a qualidade de vida das <strong>pessoas com defici\u00eancia no Brasil.<\/strong><\/p>\n<p>Denominado <strong>Plano Nacional dos Direitos da Pessoa com Defici\u00eancia<\/strong>, ou tamb\u00e9m conhecido como Novo Viver Sem Limite, o projeto foi oficialmente lan\u00e7ado nesta quinta-feira, 23 de novembro de 2023.<\/p>\n<p>Este ambicioso programa abra\u00e7ar\u00e1 95 a\u00e7\u00f5es estrategicamente desenvolvidas a partir de quatro eixos fundamentais:<\/p>\n<ol>\n<li>Gest\u00e3o e Participa\u00e7\u00e3o Social: Uma abordagem centrada na participa\u00e7\u00e3o ativa da sociedade, promovendo a inclus\u00e3o efetiva das <strong>pessoas com defici\u00eancia<\/strong>;<\/li>\n<li>Enfrentamento ao Capacitismo e \u00e0 Viol\u00eancia: Busca-se eliminar preconceitos e atitudes discriminat\u00f3rias, al\u00e9m de combater qualquer forma de viol\u00eancia dirigida \u00e0s <strong>pessoas com defici\u00eancia<\/strong>;<\/li>\n<li>Acessibilidade e Tecnologia Assistiva: A implementa\u00e7\u00e3o de medidas concretas para tornar o ambiente mais acess\u00edvel. Bem como, a incorpora\u00e7\u00e3o de tecnologias assistivas que facilitem o cotidiano dessas pessoas;<\/li>\n<li>Promo\u00e7\u00e3o do Direito \u00e0 Educa\u00e7\u00e3o, Assist\u00eancia Social, Sa\u00fade e Outros Direitos: Foco na garantia plena dos direitos econ\u00f4micos, sociais, culturais e ambientais. Tudo isso com \u00eanfase na educa\u00e7\u00e3o, assist\u00eancia social e sa\u00fade.<\/li>\n<\/ol>\n<p>Este plano, com dura\u00e7\u00e3o prevista de quatro anos, ser\u00e1 submetido a revis\u00f5es anuais. Garantindo, dessa forma, adapta\u00e7\u00f5es conforme a din\u00e2mica das necessidades e desafios enfrentados pela comunidade de <strong>pessoas com defici\u00eancia<\/strong>.<\/p>\n<p>\u00c9 importante destacar que a elabora\u00e7\u00e3o da segunda fase do Plano Viver Sem Limite contou com uma participa\u00e7\u00e3o ativa da sociedade civil, por meio do <strong>Conade (Conselho Nacional dos Direitos das Pessoas com Defici\u00eancia)<\/strong>, 27 minist\u00e9rios e diversos \u00f3rg\u00e3os p\u00fablicos.<\/p>\n<p>Foram realizadas reuni\u00f5es em 12 capitais, abrangendo todas as regi\u00f5es do pa\u00eds, al\u00e9m de duas consultas p\u00fablicas que resultaram em mais de 2.500 contribui\u00e7\u00f5es valiosas.<\/p>\n<p>Enfim, continue a leitura para explorar mais detalhes sobre essa iniciativa transformadora.<\/p>\n<h2>Posicionamento do governo sobre a inclus\u00e3o de pessoas com defici\u00eancia<\/h2>\n<div class=\"bs-irp left bs-irp-thumbnail-1\">\n<p>&#13;<br \/><span class=\"h-text heading-typo\">Voc\u00ea tamb\u00e9m pode gostar:<\/span>&#13; <\/p>\n<\/p><\/div>\n<figure id=\"attachment_784091\" aria-describedby=\"caption-attachment-784091\" style=\"width: 837px\" class=\"wp-caption aligncenter\"><img data-recalc-dims=\"1\" fetchpriority=\"high\" decoding=\"async\" class=\"size-full wp-image-784091\" alt=\"Pessoas com defici\u00eancia\" width=\"837\" height=\"467\" srcset=\"https:\/\/noticiasconcursos.com.br\/wp-content\/uploads\/2024\/01\/noticiasconcursos.com.br-programa-governamental-e-iniciado-para-promocao-dos-direitos-das-pessoas-com-deficiencia-confira-pessoas-com-deficiencia.jpg 837w, https:\/\/noticiasconcursos.com.br\/wp-content\/uploads\/2024\/01\/noticiasconcursos.com.br-programa-governamental-e-iniciado-para-promocao-dos-direitos-das-pessoas-com-deficiencia-confira-pessoas-com-deficiencia-300x167.jpg 300w, https:\/\/noticiasconcursos.com.br\/wp-content\/uploads\/2024\/01\/noticiasconcursos.com.br-programa-governamental-e-iniciado-para-promocao-dos-direitos-das-pessoas-com-deficiencia-confira-pessoas-com-deficiencia-768x429.jpg 768w\" data-lazy-sizes=\"(max-width: 837px) 100vw, 837px\" src=\"https:\/\/i0.wp.com\/noticiasconcursos.com.br\/wp-content\/uploads\/2024\/01\/noticiasconcursos.com.br-programa-governamental-e-iniciado-para-promocao-dos-direitos-das-pessoas-com-deficiencia-confira-pessoas-com-deficiencia.jpg?resize=837%2C467&#038;ssl=1\"\/><noscript><img data-recalc-dims=\"1\" fetchpriority=\"high\" decoding=\"async\" class=\"size-full wp-image-784091\" src=\"https:\/\/i0.wp.com\/noticiasconcursos.com.br\/wp-content\/uploads\/2024\/01\/noticiasconcursos.com.br-programa-governamental-e-iniciado-para-promocao-dos-direitos-das-pessoas-com-deficiencia-confira-pessoas-com-deficiencia.jpg?resize=837%2C467&#038;ssl=1\" alt=\"Pessoas com defici\u00eancia\" width=\"837\" height=\"467\" srcset=\"https:\/\/noticiasconcursos.com.br\/wp-content\/uploads\/2024\/01\/noticiasconcursos.com.br-programa-governamental-e-iniciado-para-promocao-dos-direitos-das-pessoas-com-deficiencia-confira-pessoas-com-deficiencia.jpg 837w, https:\/\/noticiasconcursos.com.br\/wp-content\/uploads\/2024\/01\/noticiasconcursos.com.br-programa-governamental-e-iniciado-para-promocao-dos-direitos-das-pessoas-com-deficiencia-confira-pessoas-com-deficiencia-300x167.jpg 300w, https:\/\/noticiasconcursos.com.br\/wp-content\/uploads\/2024\/01\/noticiasconcursos.com.br-programa-governamental-e-iniciado-para-promocao-dos-direitos-das-pessoas-com-deficiencia-confira-pessoas-com-deficiencia-768x429.jpg 768w\" sizes=\"(max-width: 837px) 100vw, 837px\"\/><\/noscript><figcaption id=\"caption-attachment-784091\" class=\"wp-caption-text\">Governo anuncia novo programa social para pessoas com defici\u00eancia. Imagem: Jornalista Inclusivo.<\/figcaption><\/figure>\n<p>Durante a solene cerim\u00f4nia de lan\u00e7amento, o presidente <a href=\"https:\/\/noticiasconcursos.com.br\/anuncio-imediato-presidente-lula-oficializa-valor-final-do-salario-minimo-de-2024\/\">Luiz In\u00e1cio Lula da Silva<\/a>, filiado ao Partido dos Trabalhadores (PT), expressou de maneira enf\u00e1tica que a iniciativa em quest\u00e3o n\u00e3o apenas simboliza, mas tamb\u00e9m fortalece o firme compromisso do governo em assegurar que nenhum cidad\u00e3o seja negligenciado.<\/p>\n<blockquote>\n<p>\u201cSabemos que as pessoas com defici\u00eancia, e tamb\u00e9m as suas fam\u00edlias, encontram barreiras de v\u00e1rias dimens\u00f5es para terem a cidadania plena\u201d, disse.<\/p>\n<\/blockquote>\n<p>Da mesma forma, a Secret\u00e1ria Nacional dos Direitos da Pessoa com Defici\u00eancia do Minist\u00e9rio dos Direitos Humanos e da Cidadania, Anna Paula Feminella, se pronunciou.<\/p>\n<p>Nesse sentido, destacou que o Plano Viver Sem Limite representa um marco significativo no \u00e2mbito das pol\u00edticas p\u00fablicas para garantir os direitos das <strong>pessoas com defici\u00eancia no Brasil.<\/strong><\/p>\n<p>Em suas palavras, ela enfatizou que o plano \u00e9 considerado o mais abrangente e ambicioso conjunto interinstitucional com esse prop\u00f3sito.<\/p>\n<p>Al\u00e9m disso, ala ressaltou a import\u00e2ncia de construir uma comunidade interdependente. Isto \u00e9, onde todos os membros se apoiam mutuamente em busca de uma conviv\u00eancia plena e sem barreiras.<\/p>\n<p>O Ministro dos Direitos Humanos e da Cidadania, Silvio Almeida, complementou as declara\u00e7\u00f5es de Feminella, enfatizando que o Plano Viver Sem Limite n\u00e3o se resume a medidas pontuais, mas representa um processo cont\u00ednuo.<\/p>\n<p>Segundo ele, o compromisso assumido transcende o evento atual e implica em a\u00e7\u00f5es futuras que ser\u00e3o apresentadas nos pr\u00f3ximos meses.<\/p>\n<p>O ministro salientou a natureza evolutiva do plano, destacando que este n\u00e3o se inicia nem termina hoje, mas \u00e9 parte de um compromisso cont\u00ednuo para promover a inclus\u00e3o e garantir direitos \u00e0s <strong>pessoas com defici\u00eancia<\/strong>.<\/p>\n<p>Vale pontuar que, o lan\u00e7amento inicial do programa Viver Sem Limite ocorreu em 2011.<\/p>\n<p><strong>Voc\u00ea pode se interessar em ler tamb\u00e9m:<\/strong><\/p>\n<h2>Entenda mais as nuances do \u201cNovo Viver Sem Limite\u201d<\/h2>\n<p>Como mencionamos anteriormente, o Programa \u201c<strong>Novo Viver Sem Limite<\/strong>\u201d apresenta uma proposta abrangente para melhorar a qualidade de vida das <strong>pessoas com defici\u00eancia no Brasil.<\/strong><\/p>\n<p>Entre as inova\u00e7\u00f5es propostas, destaca-se a cria\u00e7\u00e3o do <strong>Sistema Nacional de Avalia\u00e7\u00e3o Unificada da Defici\u00eancia. <\/strong>Em resumo, se trata de uma iniciativa que se prop\u00f5e aprimorar a avalia\u00e7\u00e3o e acompanhamento das necessidades espec\u00edficas de cada indiv\u00edduo.<\/p>\n<p>Al\u00e9m disso, o programa prev\u00ea o estabelecimento da Central Nacional de Interpreta\u00e7\u00e3o da L\u00edngua Brasileira de Sinais (Libras).<\/p>\n<p>Assim, o objetivo dessa faceta \u00e9 fornecer servi\u00e7os cont\u00ednuos de tradu\u00e7\u00e3o e interpreta\u00e7\u00e3o, operando 24 horas por dia.<\/p>\n<p>Um outro ponto importante do \u201cNovo Viver Sem Limite\u201d reside na capacita\u00e7\u00e3o de profissionais de diversas \u00e1reas, professores e gestores, com foco na constru\u00e7\u00e3o de um ambiente educacional verdadeiramente inclusivo.<\/p>\n<p>Para impulsionar ainda mais a inclus\u00e3o no mercado de trabalho, o programa estabelece uma meta ambiciosa de promover 120 mil novos contratos de trabalho para <strong>pessoas com defici\u00eancia<\/strong> em empresas sujeitas \u00e0 <a href=\"https:\/\/noticiasconcursos.com.br\/nova-lei-de-cotas-o-que-deve-mudar-no-sisu\/\">Lei de Cotas<\/a>.<\/p>\n<\/p><\/div>\n<p><br \/>\n<br \/><a href=\"https:\/\/ismaelcolosi.com.br\/novo-programa-governamental-e-iniciado-para-promocao-dos-direitos-das-pessoas-com-deficiencia-confira\/\">Source link <\/a><\/p>\n<!-- CONTENT END 1 -->\n","protected":false},"excerpt":{"rendered":"<p>O governo federal anuncia um investimento significativo de aproximadamente R$ 6,5 bilh\u00f5es em um programa abrangente para ampliar o acesso e melhorar a qualidade de&#8230;<\/p>\n","protected":false},"author":1,"featured_media":23175,"comment_status":"open","ping_status":"open","sticky":false,"template":"","format":"standard","meta":{"advanced_seo_description":"","jetpack_seo_html_title":"","jetpack_seo_noindex":false,"jetpack_post_was_ever_published":false,"_jetpack_newsletter_access":"","_jetpack_dont_email_post_to_subs":false,"_jetpack_newsletter_tier_id":0,"_jetpack_memberships_contains_paywalled_content":false,"_jetpack_memberships_contains_paid_content":false,"footnotes":"","jetpack_publicize_message":"","jetpack_publicize_feature_enabled":true,"jetpack_social_post_already_shared":true,"jetpack_social_options":{"image_generator_settings":{"template":"highway","default_image_id":0,"font":"","enabled":false},"version":2}},"categories":[7],"tags":[],"class_list":["post-23174","post","type-post","status-publish","format-standard","has-post-thumbnail","hentry","category-vagas-de-empregos-em-ribeirao-preto-regiao-brasil"],"jetpack_publicize_connections":[],"jetpack_featured_media_url":"https:\/\/i0.wp.com\/noticiasribeiraopreto.com.br\/wp-content\/uploads\/2024\/01\/noticiasconcursos.com_.br-programa-governamental-e-iniciado-para-promocao-dos-direitos-das-pessoas-com-deficiencia-confira-pessoas-com-deficiencia.jpg?fit=837%2C467&ssl=1","jetpack-related-posts":[{"id":79466,"url":"https:\/\/noticiasribeiraopreto.com.br\/index.php\/2025\/11\/02\/mercado-de-trabalho-e-fechado-para-pcds-em-ribeirao\/","url_meta":{"origin":23174,"position":0},"title":"Mercado de trabalho \u00e9 \u2018fechado\u2019 para PcDs em Ribeir\u00e3o","author":"noticiasribeiraopreto.com.br","date":"2 de November de 2025","format":false,"excerpt":"Levantamento do Observat\u00f3rio dos Direitos da Pessoa com Defici\u00eancia, plataforma criada pela Secretaria de Estado dos Direitos da Pessoa com Defici\u00eancia, em parceria com a Funda\u00e7\u00e3o Seade, revela que Ribeir\u00e3o Preto empregou entre 2020 e julho de 2025, 3.312 pessoas com algum tipo de defici\u00eancia. No mesmo per\u00edodo foram demitidas\u2026","rel":"","context":"In &quot;Not\u00edcias de Ribeir\u00e3o Preto-SP e Regi\u00e3o&quot;","block_context":{"text":"Not\u00edcias de Ribeir\u00e3o Preto-SP e Regi\u00e3o","link":"https:\/\/noticiasribeiraopreto.com.br\/index.php\/category\/noticias-de-ribeirao-preto-sp-e-regiao-ismael-colosi\/"},"img":{"alt_text":"","src":"https:\/\/i0.wp.com\/noticiasribeiraopreto.com.br\/wp-content\/uploads\/2025\/11\/pcd-1.jpg?fit=800%2C500&ssl=1&resize=350%2C200","width":350,"height":200,"srcset":"https:\/\/i0.wp.com\/noticiasribeiraopreto.com.br\/wp-content\/uploads\/2025\/11\/pcd-1.jpg?fit=800%2C500&ssl=1&resize=350%2C200 1x, https:\/\/i0.wp.com\/noticiasribeiraopreto.com.br\/wp-content\/uploads\/2025\/11\/pcd-1.jpg?fit=800%2C500&ssl=1&resize=525%2C300 1.5x, https:\/\/i0.wp.com\/noticiasribeiraopreto.com.br\/wp-content\/uploads\/2025\/11\/pcd-1.jpg?fit=800%2C500&ssl=1&resize=700%2C400 2x"},"classes":[]},{"id":31325,"url":"https:\/\/noticiasribeiraopreto.com.br\/index.php\/2024\/01\/21\/governo-lanca-observatorio-dos-direitos-da-pessoa-com-deficiencia\/","url_meta":{"origin":23174,"position":1},"title":"Governo lan\u00e7a Observat\u00f3rio dos Direitos da Pessoa com Defici\u00eancia\u00a0","author":"noticiasribeiraopreto.com.br","date":"21 de January de 2024","format":false,"excerpt":"O Governo do Estado de S\u00e3o Paulo lan\u00e7ou o novo \u201cObservat\u00f3rio dos Direitos da Pessoa com Defici\u00eancia\u201d, uma iniciativa da Secretaria de Estado dos Direitos da Pessoa com Defici\u00eancia (SEDPcD) em parceria com a Funda\u00e7\u00e3o Sistema Estadual de An\u00e1lise de Dados (Seade). A plataforma centraliza dados demogr\u00e1ficos, educacionais, de emprego\u2026","rel":"","context":"In &quot;Not\u00edcias de Ribeir\u00e3o Preto-SP e Regi\u00e3o&quot;","block_context":{"text":"Not\u00edcias de Ribeir\u00e3o Preto-SP e Regi\u00e3o","link":"https:\/\/noticiasribeiraopreto.com.br\/index.php\/category\/noticias-de-ribeirao-preto-sp-e-regiao-ismael-colosi\/"},"img":{"alt_text":"","src":"https:\/\/i0.wp.com\/noticiasribeiraopreto.com.br\/wp-content\/uploads\/2024\/01\/1-deficientes-1.png?fit=974%2C645&ssl=1&resize=350%2C200","width":350,"height":200,"srcset":"https:\/\/i0.wp.com\/noticiasribeiraopreto.com.br\/wp-content\/uploads\/2024\/01\/1-deficientes-1.png?fit=974%2C645&ssl=1&resize=350%2C200 1x, https:\/\/i0.wp.com\/noticiasribeiraopreto.com.br\/wp-content\/uploads\/2024\/01\/1-deficientes-1.png?fit=974%2C645&ssl=1&resize=525%2C300 1.5x, https:\/\/i0.wp.com\/noticiasribeiraopreto.com.br\/wp-content\/uploads\/2024\/01\/1-deficientes-1.png?fit=974%2C645&ssl=1&resize=700%2C400 2x"},"classes":[]},{"id":53973,"url":"https:\/\/noticiasribeiraopreto.com.br\/index.php\/2024\/06\/26\/estrategias-de-busca-de-vaga-de-emprego-para-pcd\/","url_meta":{"origin":23174,"position":2},"title":"Estrat\u00e9gias de busca de vaga de emprego para PcD","author":"noticiasribeiraopreto.com.br","date":"26 de June de 2024","format":false,"excerpt":"A Catho realizou mais uma edi\u00e7\u00e3o do Mutir\u00e3o de Empregos PcD, visando incentivar a contrata\u00e7\u00e3o de pessoas com defici\u00eancia nas empresas e, para falar mais sobre o tema, convidamos a jornalista J\u00e9ssica Paula, para contar sua experi\u00eancia como PcD e trazer dicas para quem busca um novo emprego. Ol\u00e1! Meu\u2026","rel":"","context":"In &quot;Blog&quot;","block_context":{"text":"Blog","link":"https:\/\/noticiasribeiraopreto.com.br\/index.php\/category\/blog\/"},"img":{"alt_text":"","src":"https:\/\/i0.wp.com\/noticiasribeiraopreto.com.br\/wp-content\/uploads\/2024\/06\/Jessica-Paula_pcd.jpg?fit=850%2C566&ssl=1&resize=350%2C200","width":350,"height":200,"srcset":"https:\/\/i0.wp.com\/noticiasribeiraopreto.com.br\/wp-content\/uploads\/2024\/06\/Jessica-Paula_pcd.jpg?fit=850%2C566&ssl=1&resize=350%2C200 1x, https:\/\/i0.wp.com\/noticiasribeiraopreto.com.br\/wp-content\/uploads\/2024\/06\/Jessica-Paula_pcd.jpg?fit=850%2C566&ssl=1&resize=525%2C300 1.5x, https:\/\/i0.wp.com\/noticiasribeiraopreto.com.br\/wp-content\/uploads\/2024\/06\/Jessica-Paula_pcd.jpg?fit=850%2C566&ssl=1&resize=700%2C400 2x"},"classes":[]},{"id":63982,"url":"https:\/\/noticiasribeiraopreto.com.br\/index.php\/2025\/02\/26\/ribeirao-sera-sede-de-encontro-para-inclusao-profissional-de-pessoas-com-deficiencia-visual\/","url_meta":{"origin":23174,"position":3},"title":"Ribeir\u00e3o ser\u00e1 sede de encontro para inclus\u00e3o profissional de pessoas com defici\u00eancia\u00a0visual","author":"noticiasribeiraopreto.com.br","date":"26 de February de 2025","format":false,"excerpt":"Nesta quinta-feira (27), a Associa\u00e7\u00e3o dos Deficientes Visuais de Ribeir\u00e3o Preto (Adevirp) ser\u00e1 sede do Programa \u00c1gora, uma iniciativa focada na inclus\u00e3o profissional de pessoas com defici\u00eancia visual em mais de 14 pa\u00edses da Am\u00e9rica Latina. O programa, que busca facilitar a entrada de pessoas com defici\u00eancia visual, seja cegueira\u2026","rel":"","context":"In &quot;Not\u00edcias de Ribeir\u00e3o Preto-SP e Regi\u00e3o&quot;","block_context":{"text":"Not\u00edcias de Ribeir\u00e3o Preto-SP e Regi\u00e3o","link":"https:\/\/noticiasribeiraopreto.com.br\/index.php\/category\/noticias-de-ribeirao-preto-sp-e-regiao-ismael-colosi\/"},"img":{"alt_text":"","src":"https:\/\/i0.wp.com\/noticiasribeiraopreto.com.br\/wp-content\/uploads\/2025\/02\/IMG_8697-1152x576-1_2025-02-26_19-51-43_jpg_2025-02-26_19-51-43.webp.webp?fit=1152%2C576&ssl=1&resize=350%2C200","width":350,"height":200,"srcset":"https:\/\/i0.wp.com\/noticiasribeiraopreto.com.br\/wp-content\/uploads\/2025\/02\/IMG_8697-1152x576-1_2025-02-26_19-51-43_jpg_2025-02-26_19-51-43.webp.webp?fit=1152%2C576&ssl=1&resize=350%2C200 1x, https:\/\/i0.wp.com\/noticiasribeiraopreto.com.br\/wp-content\/uploads\/2025\/02\/IMG_8697-1152x576-1_2025-02-26_19-51-43_jpg_2025-02-26_19-51-43.webp.webp?fit=1152%2C576&ssl=1&resize=525%2C300 1.5x, https:\/\/i0.wp.com\/noticiasribeiraopreto.com.br\/wp-content\/uploads\/2025\/02\/IMG_8697-1152x576-1_2025-02-26_19-51-43_jpg_2025-02-26_19-51-43.webp.webp?fit=1152%2C576&ssl=1&resize=700%2C400 2x, https:\/\/i0.wp.com\/noticiasribeiraopreto.com.br\/wp-content\/uploads\/2025\/02\/IMG_8697-1152x576-1_2025-02-26_19-51-43_jpg_2025-02-26_19-51-43.webp.webp?fit=1152%2C576&ssl=1&resize=1050%2C600 3x"},"classes":[]},{"id":46549,"url":"https:\/\/noticiasribeiraopreto.com.br\/index.php\/2024\/04\/12\/conheca-em-detalhes-o-que-e-a-lei-brasileira-de-inclusao\/","url_meta":{"origin":23174,"position":4},"title":"Conhe\u00e7a em detalhes o que \u00e9 a Lei Brasileira de Inclus\u00e3o","author":"noticiasribeiraopreto.com.br","date":"12 de April de 2024","format":false,"excerpt":"Voc\u00ea sabe como funciona a Lei Brasileira de Inclus\u00e3o? Criada em confer\u00eancia da ONU para promover a dignidade e incorpora\u00e7\u00e3o de pessoas com defici\u00eancia na sociedade,\u00a0a LBI impacta setores da cidadania, educa\u00e7\u00e3o, mercado de trabalho, entre outros, sendo um pilar fundamental da democracia. Adotar medidas e fomentar pol\u00edticas p\u00fablicas para\u2026","rel":"","context":"In &quot;Blog&quot;","block_context":{"text":"Blog","link":"https:\/\/noticiasribeiraopreto.com.br\/index.php\/category\/blog\/"},"img":{"alt_text":"","src":"https:\/\/i0.wp.com\/noticiasribeiraopreto.com.br\/wp-content\/uploads\/2024\/04\/Copia-de-CATHO_Lei-Brasileira-de-Inclus%E2%94%9Cuo.png?fit=1201%2C628&ssl=1&resize=350%2C200","width":350,"height":200,"srcset":"https:\/\/i0.wp.com\/noticiasribeiraopreto.com.br\/wp-content\/uploads\/2024\/04\/Copia-de-CATHO_Lei-Brasileira-de-Inclus%E2%94%9Cuo.png?fit=1201%2C628&ssl=1&resize=350%2C200 1x, https:\/\/i0.wp.com\/noticiasribeiraopreto.com.br\/wp-content\/uploads\/2024\/04\/Copia-de-CATHO_Lei-Brasileira-de-Inclus%E2%94%9Cuo.png?fit=1201%2C628&ssl=1&resize=525%2C300 1.5x, https:\/\/i0.wp.com\/noticiasribeiraopreto.com.br\/wp-content\/uploads\/2024\/04\/Copia-de-CATHO_Lei-Brasileira-de-Inclus%E2%94%9Cuo.png?fit=1201%2C628&ssl=1&resize=700%2C400 2x, https:\/\/i0.wp.com\/noticiasribeiraopreto.com.br\/wp-content\/uploads\/2024\/04\/Copia-de-CATHO_Lei-Brasileira-de-Inclus%E2%94%9Cuo.png?fit=1201%2C628&ssl=1&resize=1050%2C600 3x"},"classes":[]},{"id":9939,"url":"https:\/\/noticiasribeiraopreto.com.br\/index.php\/2023\/12\/03\/sao-48-512-pessoas-com-deficiencia-em-rp\/","url_meta":{"origin":23174,"position":5},"title":"S\u00e3o 48.512 pessoas com defici\u00eancia em RP\u00a0","author":"noticiasribeiraopreto.com.br","date":"3 de December de 2023","format":false,"excerpt":"Dados do Observat\u00f3rio do Trabalho e Pessoa com Defici\u00eancia, uma ferramenta digital criada recentemente pelo Centro de Estudos Sindicais e de Economia do Trabalho da Universidade de Campinas (Unicamp) e o Minist\u00e9rio P\u00fablico do Trabalho (MPT), revelou que Ribeir\u00e3o Preto tinha no ano passado 48.512 pessoas com defici\u00eancia. Deste total,\u2026","rel":"","context":"In &quot;Not\u00edcias de Ribeir\u00e3o Preto-SP e Regi\u00e3o&quot;","block_context":{"text":"Not\u00edcias de Ribeir\u00e3o Preto-SP e Regi\u00e3o","link":"https:\/\/noticiasribeiraopreto.com.br\/index.php\/category\/noticias-de-ribeirao-preto-sp-e-regiao-ismael-colosi\/"},"img":{"alt_text":"","src":"https:\/\/i0.wp.com\/noticiasribeiraopreto.com.br\/wp-content\/uploads\/2023\/12\/def.png?fit=1000%2C526&ssl=1&resize=350%2C200","width":350,"height":200,"srcset":"https:\/\/i0.wp.com\/noticiasribeiraopreto.com.br\/wp-content\/uploads\/2023\/12\/def.png?fit=1000%2C526&ssl=1&resize=350%2C200 1x, https:\/\/i0.wp.com\/noticiasribeiraopreto.com.br\/wp-content\/uploads\/2023\/12\/def.png?fit=1000%2C526&ssl=1&resize=525%2C300 1.5x, https:\/\/i0.wp.com\/noticiasribeiraopreto.com.br\/wp-content\/uploads\/2023\/12\/def.png?fit=1000%2C526&ssl=1&resize=700%2C400 2x"},"classes":[]}],"jetpack_sharing_enabled":true,"jetpack_shortlink":"https:\/\/wp.me\/peQAOb-61M","_links":{"self":[{"href":"https:\/\/noticiasribeiraopreto.com.br\/index.php\/wp-json\/wp\/v2\/posts\/23174","targetHints":{"allow":["GET"]}}],"collection":[{"href":"https:\/\/noticiasribeiraopreto.com.br\/index.php\/wp-json\/wp\/v2\/posts"}],"about":[{"href":"https:\/\/noticiasribeiraopreto.com.br\/index.php\/wp-json\/wp\/v2\/types\/post"}],"author":[{"embeddable":true,"href":"https:\/\/noticiasribeiraopreto.com.br\/index.php\/wp-json\/wp\/v2\/users\/1"}],"replies":[{"embeddable":true,"href":"https:\/\/noticiasribeiraopreto.com.br\/index.php\/wp-json\/wp\/v2\/comments?post=23174"}],"version-history":[{"count":0,"href":"https:\/\/noticiasribeiraopreto.com.br\/index.php\/wp-json\/wp\/v2\/posts\/23174\/revisions"}],"wp:featuredmedia":[{"embeddable":true,"href":"https:\/\/noticiasribeiraopreto.com.br\/index.php\/wp-json\/wp\/v2\/media\/23175"}],"wp:attachment":[{"href":"https:\/\/noticiasribeiraopreto.com.br\/index.php\/wp-json\/wp\/v2\/media?parent=23174"}],"wp:term":[{"taxonomy":"category","embeddable":true,"href":"https:\/\/noticiasribeiraopreto.com.br\/index.php\/wp-json\/wp\/v2\/categories?post=23174"},{"taxonomy":"post_tag","embeddable":true,"href":"https:\/\/noticiasribeiraopreto.com.br\/index.php\/wp-json\/wp\/v2\/tags?post=23174"}],"curies":[{"name":"wp","href":"https:\/\/api.w.org\/{rel}","templated":true}]}}