{"id":23372,"date":"2024-01-02T07:27:58","date_gmt":"2024-01-02T10:27:58","guid":{"rendered":"https:\/\/noticiasribeiraopreto.com.br\/index.php\/2024\/01\/02\/inscricoes-para-o-processo-seletivo-inter-vao-ate-a-proxima-segunda-8-2\/"},"modified":"2024-01-02T07:27:58","modified_gmt":"2024-01-02T10:27:58","slug":"inscricoes-para-o-processo-seletivo-inter-vao-ate-a-proxima-segunda-8-2","status":"publish","type":"post","link":"https:\/\/noticiasribeiraopreto.com.br\/index.php\/2024\/01\/02\/inscricoes-para-o-processo-seletivo-inter-vao-ate-a-proxima-segunda-8-2\/","title":{"rendered":"Inscri\u00e7\u00f5es para o processo seletivo Inter v\u00e3o at\u00e9 a pr\u00f3xima segunda (8)"},"content":{"rendered":"<div class='code-block code-block-1' style='margin: 8px 0 8px auto; text-align: right; display: block; clear: both;'>\n<p><a href=\"https:\/\/wa.link\/vpicfd\"><img data-recalc-dims=\"1\" class=\"wp-image-4922\" style=\"aspect-ratio: 2.0253164556962027; width: 561px; height: auto;\" src=\"https:\/\/i0.wp.com\/ismaelcolosi.com.br\/wp-content\/uploads\/2023\/11\/grupo-de-empregos-whatsapp-e-facebook-ismael-colosi-vagas.jpg?ssl=1\" alt=\"\" \/><\/a><\/p>\n<!-- \/wp:image -->\n<\/div>\n<p> <br \/>\n<\/p>\n<div>\n<p>\u00daltima semana para participar do processo seletivo do banco digital <a href=\"https:\/\/jcconcursos.com.br\/noticia\/empregos\/processo-seletivo-do-banco-inter-oferta-150-vagas-oportunidade-para-varias-areas-120351\" rel=\"noopener\" target=\"_blank\">Inter<\/a>. S\u00e3o 150 vagas ofertadas no programa de est\u00e1gio Go Tech, com atua\u00e7\u00e3o no modelo presencial na localidade de Belo Horizonte\/MG. Interessados podem se inscrever at\u00e9 a pr\u00f3xima segunda-feira, 8 de janeiro.<\/p>\n<p>O programa de <a href=\"https:\/\/jcconcursos.com.br\/noticia\/empregos\/comecou-estagiar-saiba-todos-os-seus-direitos-102225\" rel=\"noopener\" target=\"_blank\">est\u00e1gio<\/a> ter\u00e1 uma dura\u00e7\u00e3o de 12 meses, visando atrair 150 jovens talentos para oportunidades de trabalho presencial em <a href=\"https:\/\/jcconcursos.com.br\/concursos\/mg\" rel=\"noopener\" target=\"_blank\">Belo Horizonte\/MG<\/a> e na regi\u00e3o metropolitana. Durante esse per\u00edodo, os estagi\u00e1rios ter\u00e3o a oportunidade de participar de um projeto de inova\u00e7\u00e3o, trabalhar com as tecnologias mais avan\u00e7adas do mercado e receber orienta\u00e7\u00e3o do time de profissionais do Inter.<\/p>\n<p>As \u00e1reas contempladas no processo seletivo incluem Tecnologia da Informa\u00e7\u00e3o, Growth e UX\/UI, Dados, Seguran\u00e7a da Informa\u00e7\u00e3o, Finance e People Analytics.<\/p>\n<p>Os requisitos para participa\u00e7\u00e3o compreendem estar cursando o ensino superior com previs\u00e3o de gradua\u00e7\u00e3o entre junho de 2025 e junho de 2026, disponibilidade para trabalhar presencialmente na capital mineira, conhecimento intermedi\u00e1rio de ingl\u00eas e habilidade para dedicar seis horas di\u00e1rias ao trabalho.<\/p>\n<p>Estudantes de cursos como Engenharia de Software, Ci\u00eancia da Computa\u00e7\u00e3o, Sistemas de Informa\u00e7\u00e3o, Engenharia da Computa\u00e7\u00e3o, Design Gr\u00e1fico, Design, Direito, Economia, Engenharia de Automa\u00e7\u00e3o, Engenharia de Produ\u00e7\u00e3o, Jornalismo, Marketing, Publicidade e Propaganda, e \u00e1reas correlatas s\u00e3o eleg\u00edveis para participar do processo seletivo.<\/p>\n<p>Os <a href=\"https:\/\/jcconcursos.com.br\/noticia\/empregos\/4-beneficios-que-todo-funcionario-sonha-receber-da-empresa-104509\" rel=\"noopener\" target=\"_blank\">benef\u00edcios<\/a> oferecidos pelo Inter englobam bolsa-aux\u00edlio de est\u00e1gio, vale-transporte, seguro de vida e a possibilidade de efetiva\u00e7\u00e3o ao t\u00e9rmino do programa.<\/p>\n<h2>Como participar do processo seletivo Inter<\/h2>\n<p>Os interessados podem realizar suas inscri\u00e7\u00f5es at\u00e9 a pr\u00f3xima segunda-feira, 8 de janeiro, acessando o Programa de Est\u00e1gio \u2013 Go Tech Inter por meio do <a href=\"https:\/\/carreiras.inter.co\/go-tech\/\" rel=\"noopener\" target=\"_blank\">link fornecido<\/a>. O processo seletivo compreende etapas como inscri\u00e7\u00f5es, entrevistas e din\u00e2micas, e est\u00e1 previsto para iniciar em abril do pr\u00f3ximo ano.<\/p>\n<p><a id=\"gnews_btn\" href=\"https:\/\/news.google.com\/publications\/CAAqBwgKMOixlQswuZWrAw\" target=\"_blank\" class=\"border_jc_blue link_hover_bg_jc_blue font_85 d-block d-md-inline-block px-2 py-1 mr-0 mr-md-2 mb-3 w-100 text-center\" rel=\"noopener\"><span class=\"text_jc_blue\">Siga o <strong>JC Concursos no Google News<\/strong><\/span><\/a><span id=\"resumo\" class=\"anchor_link\"\/><\/p>\n<\/div>\n<p><br \/>\n<br \/><a href=\"https:\/\/ismaelcolosi.com.br\/inscricoes-para-o-processo-seletivo-inter-vao-ate-a-proxima-segunda-8\/\">Source link <\/a><\/p>\n<!-- CONTENT END 1 -->\n","protected":false},"excerpt":{"rendered":"<p>\u00daltima semana para participar do processo seletivo do banco digital Inter. S\u00e3o 150 vagas ofertadas no programa de est\u00e1gio Go Tech, com atua\u00e7\u00e3o no modelo&#8230;<\/p>\n","protected":false},"author":1,"featured_media":23373,"comment_status":"open","ping_status":"open","sticky":false,"template":"","format":"standard","meta":{"advanced_seo_description":"","jetpack_seo_html_title":"","jetpack_seo_noindex":false,"jetpack_post_was_ever_published":false,"_jetpack_newsletter_access":"","_jetpack_dont_email_post_to_subs":false,"_jetpack_newsletter_tier_id":0,"_jetpack_memberships_contains_paywalled_content":false,"_jetpack_memberships_contains_paid_content":false,"footnotes":"","jetpack_publicize_message":"","jetpack_publicize_feature_enabled":true,"jetpack_social_post_already_shared":true,"jetpack_social_options":{"image_generator_settings":{"template":"highway","default_image_id":0,"font":"","enabled":false},"version":2}},"categories":[7],"tags":[],"class_list":["post-23372","post","type-post","status-publish","format-standard","has-post-thumbnail","hentry","category-vagas-de-empregos-em-ribeirao-preto-regiao-brasil"],"jetpack_publicize_connections":[],"jetpack_featured_media_url":"https:\/\/i0.wp.com\/noticiasribeiraopreto.com.br\/wp-content\/uploads\/2024\/01\/banco-inter-divulgacao.jpg?fit=1920%2C1080&ssl=1","jetpack-related-posts":[{"id":13976,"url":"https:\/\/noticiasribeiraopreto.com.br\/index.php\/2023\/12\/11\/novo-processo-seletivo-inter-oferta-150-vagas-saiba-como-participar\/","url_meta":{"origin":23372,"position":0},"title":"Novo processo seletivo Inter oferta 150 vagas; saiba como participar","author":"noticiasribeiraopreto.com.br","date":"11 de December de 2023","format":false,"excerpt":"Est\u00e3o abertas as inscri\u00e7\u00f5es para o mais recente processo seletivo do Inter. A oportunidade oferecida pelo banco digital \u00e9 para atua\u00e7\u00e3o na capital mineira e oferece 150 oportunidades para o modelo de trabalho presencial. Interessados podem se inscrever at\u00e9 o dia 8 de janeiro do pr\u00f3ximo ano.\u00a0 O novo programa\u2026","rel":"","context":"In &quot;Vagas de Emprego em Ribeir\u00e3o Preto-SP&quot;","block_context":{"text":"Vagas de Emprego em Ribeir\u00e3o Preto-SP","link":"https:\/\/noticiasribeiraopreto.com.br\/index.php\/category\/empregos-classificados-vagas-trabalho\/vagas-de-empregos-em-ribeirao-preto-regiao-brasil\/"},"img":{"alt_text":"","src":"https:\/\/i0.wp.com\/noticiasribeiraopreto.com.br\/wp-content\/uploads\/2023\/12\/banco-inter-divulgacao.jpg?fit=1200%2C675&ssl=1&resize=350%2C200","width":350,"height":200,"srcset":"https:\/\/i0.wp.com\/noticiasribeiraopreto.com.br\/wp-content\/uploads\/2023\/12\/banco-inter-divulgacao.jpg?fit=1200%2C675&ssl=1&resize=350%2C200 1x, https:\/\/i0.wp.com\/noticiasribeiraopreto.com.br\/wp-content\/uploads\/2023\/12\/banco-inter-divulgacao.jpg?fit=1200%2C675&ssl=1&resize=525%2C300 1.5x, https:\/\/i0.wp.com\/noticiasribeiraopreto.com.br\/wp-content\/uploads\/2023\/12\/banco-inter-divulgacao.jpg?fit=1200%2C675&ssl=1&resize=700%2C400 2x, https:\/\/i0.wp.com\/noticiasribeiraopreto.com.br\/wp-content\/uploads\/2023\/12\/banco-inter-divulgacao.jpg?fit=1200%2C675&ssl=1&resize=1050%2C600 3x"},"classes":[]},{"id":22170,"url":"https:\/\/noticiasribeiraopreto.com.br\/index.php\/2023\/12\/29\/inscricoes-para-o-processo-seletivo-ligga-vao-ate-a-proxima-sexta-5-2\/","url_meta":{"origin":23372,"position":1},"title":"Inscri\u00e7\u00f5es para o processo seletivo Ligga v\u00e3o at\u00e9 a pr\u00f3xima sexta (5)","author":"noticiasribeiraopreto.com.br","date":"29 de December de 2023","format":false,"excerpt":"\u00daltima semana para participar do processo seletivo da empresa Ligga, que oferece oportunidades de emprego em Curitiba\/PR. Os candidatos podem se inscrever at\u00e9 a pr\u00f3xima sexta-feira, dia 5 de janeiro. A Ligga est\u00e1 promovendo a segunda edi\u00e7\u00e3o de seu programa de est\u00e1gio em busca de talentos interessados em tecnologia e\u2026","rel":"","context":"In &quot;Vagas de Emprego em Ribeir\u00e3o Preto-SP&quot;","block_context":{"text":"Vagas de Emprego em Ribeir\u00e3o Preto-SP","link":"https:\/\/noticiasribeiraopreto.com.br\/index.php\/category\/empregos-classificados-vagas-trabalho\/vagas-de-empregos-em-ribeirao-preto-regiao-brasil\/"},"img":{"alt_text":"","src":"https:\/\/i0.wp.com\/noticiasribeiraopreto.com.br\/wp-content\/uploads\/2023\/12\/1703857129_ligga.jpg?fit=1200%2C675&ssl=1&resize=350%2C200","width":350,"height":200,"srcset":"https:\/\/i0.wp.com\/noticiasribeiraopreto.com.br\/wp-content\/uploads\/2023\/12\/1703857129_ligga.jpg?fit=1200%2C675&ssl=1&resize=350%2C200 1x, https:\/\/i0.wp.com\/noticiasribeiraopreto.com.br\/wp-content\/uploads\/2023\/12\/1703857129_ligga.jpg?fit=1200%2C675&ssl=1&resize=525%2C300 1.5x, https:\/\/i0.wp.com\/noticiasribeiraopreto.com.br\/wp-content\/uploads\/2023\/12\/1703857129_ligga.jpg?fit=1200%2C675&ssl=1&resize=700%2C400 2x, https:\/\/i0.wp.com\/noticiasribeiraopreto.com.br\/wp-content\/uploads\/2023\/12\/1703857129_ligga.jpg?fit=1200%2C675&ssl=1&resize=1050%2C600 3x"},"classes":[]},{"id":21682,"url":"https:\/\/noticiasribeiraopreto.com.br\/index.php\/2023\/12\/28\/inscricoes-para-o-processo-seletivo-da-andrade-gutierrez-vao-ate-meados-de-janeiro-2\/","url_meta":{"origin":23372,"position":2},"title":"Inscri\u00e7\u00f5es para o processo seletivo da Andrade Gutierrez v\u00e3o at\u00e9 meados de janeiro","author":"noticiasribeiraopreto.com.br","date":"28 de December de 2023","format":false,"excerpt":"Est\u00e3o dispon\u00edveis as inscri\u00e7\u00f5es para o mais recente processo seletivo promovido pela Andrade Gutierrez (AG). A oportunidade refere-se ao modelo de trabalho presencial nas regi\u00f5es de S\u00e3o Paulo\/SP e Belo Horizonte\/MG, com prazo de inscri\u00e7\u00e3o at\u00e9 14 de janeiro. O programa de est\u00e1gio da Andrade Gutierrez, com in\u00edcio programado para\u2026","rel":"","context":"In &quot;Vagas de Emprego em Ribeir\u00e3o Preto-SP&quot;","block_context":{"text":"Vagas de Emprego em Ribeir\u00e3o Preto-SP","link":"https:\/\/noticiasribeiraopreto.com.br\/index.php\/category\/empregos-classificados-vagas-trabalho\/vagas-de-empregos-em-ribeirao-preto-regiao-brasil\/"},"img":{"alt_text":"","src":"https:\/\/i0.wp.com\/noticiasribeiraopreto.com.br\/wp-content\/uploads\/2023\/12\/andrade-gutierrez-divulgacao.jpg?fit=1200%2C675&ssl=1&resize=350%2C200","width":350,"height":200,"srcset":"https:\/\/i0.wp.com\/noticiasribeiraopreto.com.br\/wp-content\/uploads\/2023\/12\/andrade-gutierrez-divulgacao.jpg?fit=1200%2C675&ssl=1&resize=350%2C200 1x, https:\/\/i0.wp.com\/noticiasribeiraopreto.com.br\/wp-content\/uploads\/2023\/12\/andrade-gutierrez-divulgacao.jpg?fit=1200%2C675&ssl=1&resize=525%2C300 1.5x, https:\/\/i0.wp.com\/noticiasribeiraopreto.com.br\/wp-content\/uploads\/2023\/12\/andrade-gutierrez-divulgacao.jpg?fit=1200%2C675&ssl=1&resize=700%2C400 2x, https:\/\/i0.wp.com\/noticiasribeiraopreto.com.br\/wp-content\/uploads\/2023\/12\/andrade-gutierrez-divulgacao.jpg?fit=1200%2C675&ssl=1&resize=1050%2C600 3x"},"classes":[]},{"id":15235,"url":"https:\/\/noticiasribeiraopreto.com.br\/index.php\/2023\/12\/13\/inscricoes-para-o-processo-seletivo-arteris-vao-ate-a-proxima-segunda-18\/","url_meta":{"origin":23372,"position":3},"title":"Inscri\u00e7\u00f5es para o processo seletivo Arteris v\u00e3o at\u00e9 a pr\u00f3xima segunda (18)","author":"noticiasribeiraopreto.com.br","date":"13 de December de 2023","format":false,"excerpt":"A Arteris est\u00e1 aceitando inscri\u00e7\u00f5es para o seu mais recente processo seletivo at\u00e9 a pr\u00f3xima segunda-feira, dia 18 de dezembro. S\u00e3o oferecidas 11 vagas exclusivas para candidatos negros interessados em integrar a equipe respons\u00e1vel pela infraestrutura rodovi\u00e1ria. As oportunidades est\u00e3o distribu\u00eddas nos estados de S\u00e3o Paulo, Minas Gerais, Paran\u00e1 e\u2026","rel":"","context":"In &quot;Vagas de Emprego em Ribeir\u00e3o Preto-SP&quot;","block_context":{"text":"Vagas de Emprego em Ribeir\u00e3o Preto-SP","link":"https:\/\/noticiasribeiraopreto.com.br\/index.php\/category\/empregos-classificados-vagas-trabalho\/vagas-de-empregos-em-ribeirao-preto-regiao-brasil\/"},"img":{"alt_text":"Adicionar no Google Agenda","src":"https:\/\/i0.wp.com\/jcconcursos.com.br\/static\/img\/google_calendar_v2.jpg?resize=350%2C200&ssl=1","width":350,"height":200},"classes":[]},{"id":22271,"url":"https:\/\/noticiasribeiraopreto.com.br\/index.php\/2023\/12\/29\/processo-seletivo-stellantis-oferece-vagas-para-tres-estados\/","url_meta":{"origin":23372,"position":4},"title":"Processo seletivo Stellantis oferece vagas para tr\u00eas estados","author":"noticiasribeiraopreto.com.br","date":"29 de December de 2023","format":false,"excerpt":"As inscri\u00e7\u00f5es para o processo seletivo da Stellantis est\u00e3o abertas, oferecendo oportunidades de est\u00e1gio nas regi\u00f5es de Minas Gerais, S\u00e3o Paulo e Paran\u00e1. Os interessados t\u00eam at\u00e9 janeiro do pr\u00f3ximo ano para realizar suas inscri\u00e7\u00f5es. O programa de est\u00e1gio da Stellantis tem como objetivo atrair estudantes universit\u00e1rios com 40 anos\u2026","rel":"","context":"In &quot;Vagas de Emprego em Ribeir\u00e3o Preto-SP&quot;","block_context":{"text":"Vagas de Emprego em Ribeir\u00e3o Preto-SP","link":"https:\/\/noticiasribeiraopreto.com.br\/index.php\/category\/empregos-classificados-vagas-trabalho\/vagas-de-empregos-em-ribeirao-preto-regiao-brasil\/"},"img":{"alt_text":"","src":"https:\/\/i0.wp.com\/noticiasribeiraopreto.com.br\/wp-content\/uploads\/2023\/12\/1703871392_stellantis-divulgacao.jpg?fit=1200%2C675&ssl=1&resize=350%2C200","width":350,"height":200,"srcset":"https:\/\/i0.wp.com\/noticiasribeiraopreto.com.br\/wp-content\/uploads\/2023\/12\/1703871392_stellantis-divulgacao.jpg?fit=1200%2C675&ssl=1&resize=350%2C200 1x, https:\/\/i0.wp.com\/noticiasribeiraopreto.com.br\/wp-content\/uploads\/2023\/12\/1703871392_stellantis-divulgacao.jpg?fit=1200%2C675&ssl=1&resize=525%2C300 1.5x, https:\/\/i0.wp.com\/noticiasribeiraopreto.com.br\/wp-content\/uploads\/2023\/12\/1703871392_stellantis-divulgacao.jpg?fit=1200%2C675&ssl=1&resize=700%2C400 2x, https:\/\/i0.wp.com\/noticiasribeiraopreto.com.br\/wp-content\/uploads\/2023\/12\/1703871392_stellantis-divulgacao.jpg?fit=1200%2C675&ssl=1&resize=1050%2C600 3x"},"classes":[]},{"id":16202,"url":"https:\/\/noticiasribeiraopreto.com.br\/index.php\/2023\/12\/15\/processos-seletivos-no-magalu-cyrela-e-mais-empresas-somam-4-mil-vagas-abertas-2\/","url_meta":{"origin":23372,"position":5},"title":"Processos seletivos no Magalu, Cyrela e mais empresas somam 4 mil vagas abertas","author":"noticiasribeiraopreto.com.br","date":"15 de December de 2023","format":false,"excerpt":"Aproximadamente 4.000 vagas est\u00e3o abertas para profissionais e estudantes de v\u00e1rias \u00e1reas. \u00c9 grande o n\u00famero de empresas que precisam contratar ou recolocar funcion\u00e1rios e\/ou estagi\u00e1rios em todas as regi\u00f5es do Brasil. Com intuito de auxiliar sua busca por uma oportunidade no mercado de trabalho, o JC Concursos preparou uma\u2026","rel":"","context":"In &quot;Vagas de Emprego em Ribeir\u00e3o Preto-SP&quot;","block_context":{"text":"Vagas de Emprego em Ribeir\u00e3o Preto-SP","link":"https:\/\/noticiasribeiraopreto.com.br\/index.php\/category\/empregos-classificados-vagas-trabalho\/vagas-de-empregos-em-ribeirao-preto-regiao-brasil\/"},"img":{"alt_text":"","src":"https:\/\/i0.wp.com\/noticiasribeiraopreto.com.br\/wp-content\/uploads\/2023\/12\/1702633309_mercado-trabalho-carteira-freepik.jpg?fit=1200%2C675&ssl=1&resize=350%2C200","width":350,"height":200,"srcset":"https:\/\/i0.wp.com\/noticiasribeiraopreto.com.br\/wp-content\/uploads\/2023\/12\/1702633309_mercado-trabalho-carteira-freepik.jpg?fit=1200%2C675&ssl=1&resize=350%2C200 1x, https:\/\/i0.wp.com\/noticiasribeiraopreto.com.br\/wp-content\/uploads\/2023\/12\/1702633309_mercado-trabalho-carteira-freepik.jpg?fit=1200%2C675&ssl=1&resize=525%2C300 1.5x, https:\/\/i0.wp.com\/noticiasribeiraopreto.com.br\/wp-content\/uploads\/2023\/12\/1702633309_mercado-trabalho-carteira-freepik.jpg?fit=1200%2C675&ssl=1&resize=700%2C400 2x, https:\/\/i0.wp.com\/noticiasribeiraopreto.com.br\/wp-content\/uploads\/2023\/12\/1702633309_mercado-trabalho-carteira-freepik.jpg?fit=1200%2C675&ssl=1&resize=1050%2C600 3x"},"classes":[]}],"jetpack_sharing_enabled":true,"jetpack_shortlink":"https:\/\/wp.me\/peQAOb-64Y","_links":{"self":[{"href":"https:\/\/noticiasribeiraopreto.com.br\/index.php\/wp-json\/wp\/v2\/posts\/23372","targetHints":{"allow":["GET"]}}],"collection":[{"href":"https:\/\/noticiasribeiraopreto.com.br\/index.php\/wp-json\/wp\/v2\/posts"}],"about":[{"href":"https:\/\/noticiasribeiraopreto.com.br\/index.php\/wp-json\/wp\/v2\/types\/post"}],"author":[{"embeddable":true,"href":"https:\/\/noticiasribeiraopreto.com.br\/index.php\/wp-json\/wp\/v2\/users\/1"}],"replies":[{"embeddable":true,"href":"https:\/\/noticiasribeiraopreto.com.br\/index.php\/wp-json\/wp\/v2\/comments?post=23372"}],"version-history":[{"count":0,"href":"https:\/\/noticiasribeiraopreto.com.br\/index.php\/wp-json\/wp\/v2\/posts\/23372\/revisions"}],"wp:featuredmedia":[{"embeddable":true,"href":"https:\/\/noticiasribeiraopreto.com.br\/index.php\/wp-json\/wp\/v2\/media\/23373"}],"wp:attachment":[{"href":"https:\/\/noticiasribeiraopreto.com.br\/index.php\/wp-json\/wp\/v2\/media?parent=23372"}],"wp:term":[{"taxonomy":"category","embeddable":true,"href":"https:\/\/noticiasribeiraopreto.com.br\/index.php\/wp-json\/wp\/v2\/categories?post=23372"},{"taxonomy":"post_tag","embeddable":true,"href":"https:\/\/noticiasribeiraopreto.com.br\/index.php\/wp-json\/wp\/v2\/tags?post=23372"}],"curies":[{"name":"wp","href":"https:\/\/api.w.org\/{rel}","templated":true}]}}