{"id":23376,"date":"2024-01-02T07:42:48","date_gmt":"2024-01-02T10:42:48","guid":{"rendered":"https:\/\/noticiasribeiraopreto.com.br\/index.php\/2024\/01\/02\/concurso-ministerio-da-pesca-e-aquicultura-e-autorizado-para-264-vagas-2\/"},"modified":"2024-01-02T07:42:48","modified_gmt":"2024-01-02T10:42:48","slug":"concurso-ministerio-da-pesca-e-aquicultura-e-autorizado-para-264-vagas-2","status":"publish","type":"post","link":"https:\/\/noticiasribeiraopreto.com.br\/index.php\/2024\/01\/02\/concurso-ministerio-da-pesca-e-aquicultura-e-autorizado-para-264-vagas-2\/","title":{"rendered":"Concurso Minist\u00e9rio da Pesca e Aquicultura \u00e9 autorizado para 264 vagas"},"content":{"rendered":"<div class='code-block code-block-1' style='margin: 8px 0 8px auto; text-align: right; display: block; clear: both;'>\n<p><a href=\"https:\/\/wa.link\/vpicfd\"><img data-recalc-dims=\"1\" class=\"wp-image-4922\" style=\"aspect-ratio: 2.0253164556962027; width: 561px; height: auto;\" src=\"https:\/\/i0.wp.com\/ismaelcolosi.com.br\/wp-content\/uploads\/2023\/11\/grupo-de-empregos-whatsapp-e-facebook-ismael-colosi-vagas.jpg?ssl=1\" alt=\"\" \/><\/a><\/p>\n<!-- \/wp:image -->\n<\/div>\n<p> <br \/>\n<\/p>\n<div>\n<p>Um novo <a href=\"https:\/\/jcconcursos.com.br\/concurso\/concurso-ministerio-da-pesca-e-aquicultura-79135\" rel=\"noopener\" target=\"_blank\">concurso Minist\u00e9rio da Pesca e Aquicultura<\/a> (MPA) acaba de ser autorizado, nesta ter\u00e7a-feira, 2 de janeiro, por meio de portaria conjunta, publicada no di\u00e1rio oficial da Uni\u00e3o, pela ministra interina da Gest\u00e3o e da Inova\u00e7\u00e3o dos Servi\u00e7os P\u00fablicos, Cristima Kiomi Mori, e pelo ministro da Pesca, Carlos Cesar de Mello Junior. A sele\u00e7\u00e3o ser\u00e1 para o preenchimento de 264 vagas, em car\u00e1ter tempor\u00e1rio, para diversos cargos de <a href=\"https:\/\/jcconcursos.com.br\/concursos\/nivel-escolar\/superior\" rel=\"noopener\" target=\"_blank\">n\u00edvel superior<\/a>. De acordo com o documento, a publica\u00e7\u00e3o do edital deve ocorrer dentro de um prazo de at\u00e9 seis meses, ou seja, at\u00e9 2 de julho.<\/p>\n<p>As oportunidades que ser\u00e3o oferecidas pelo <a href=\"https:\/\/www.gov.br\/mpa\/pt-br\" rel=\"noopener\" target=\"_blank\">MPA<\/a> est\u00e3o distribu\u00eddas da seguinte forma:<\/p>\n<ul>\n<li>Profissional da \u00e1rea de Direito \u2013 16<\/li>\n<li>Profissional da \u00e1rea de Economia \u2013 8<\/li>\n<li>Profissional da \u00e1rea de Contabilidade \u2013 2<\/li>\n<li>Profissional da \u00e1rea de Tecnologia de Informa\u00e7\u00e3o \u2013 17<\/li>\n<li>Profissional da \u00e1rea de Jornalismo\/Comunica\u00e7\u00e3o \u2013 7<\/li>\n<li>Profissional da \u00e1rea de Marketing \u2013 1<\/li>\n<li>Profissional da \u00e1rea de Engenharia de Pesca\/Ocean\u00f3grafo\/Bi\u00f3logo \u2013 73<\/li>\n<li>Profissional da \u00e1rea de Estat\u00edstica\/Matem\u00e1tica \u2013 4<\/li>\n<li>Profissional da \u00e1rea de Administra\u00e7\u00e3o\/Gest\u00e3o P\u00fablica \u2013 20<\/li>\n<li>Profissional da \u00e1rea de Recursos Humanos \u2013 7<\/li>\n<li>Profissional da \u00e1rea de Assist\u00eancia Social\/Sociologia \u2013 6<\/li>\n<li>Profissional da \u00e1rea de Design Gr\u00e1fico \u2013 2<\/li>\n<li>Profissional da \u00e1rea de Engenharia Civil \u2013 3<\/li>\n<li>Profissional da \u00e1rea de Arquitetura \u2013 1<\/li>\n<li>Profissional t\u00e9cnico de N\u00edvel Superior \u2013 97<\/li>\n<\/ul>\n<p>As contrata\u00e7\u00f5es ser\u00e3o realizadas para desenvolver atividades de cunho t\u00e9cnico para atendimento das demandas administrativas, judiciais e gerenciais relacionadas ao setor pesqueiro nacional. As remunera\u00e7\u00f5es iniciais ainda devem ser confirmadas pelo \u00f3rg\u00e3o.<\/p>\n<p>A dura\u00e7\u00e3o dos contratos ser\u00e1 pelo per\u00edodo de quatro anos, com possibilidade de prorroga\u00e7\u00e3o, de acordo com as necessidades.<\/p>\n<h2>Concurso Minist\u00e9rio da Pesca e Aquicultura: veja autoriza\u00e7\u00e3o oficial\u00a0\u00a0<\/h2>\n<p>PORTARIA CONJUNTA MGI\/MPA N\u00ba 66, DE 29 DE DEZEMBRO DE 2023<\/p>\n<p>A MINISTRA DE ESTADO DA GEST\u00c3O E DA INOVA\u00c7\u00c3O EM SERVI\u00c7OS P\u00daBLICOS SUBSTITUTA E O MINISTRO DE ESTADO DA PESCA E AQUICULTURA SUBSTITUTO, no uso de suas atribui\u00e7\u00f5es, e em conformidade com o disposto no art. 5\u00ba da Lei n\u00ba 8.745, de 9 de dezembro de 1993, e na Instru\u00e7\u00e3o Normativa n\u00ba 1, de 27 de agosto de 2019, da extinta Secretaria Especial de Desburocratiza\u00e7\u00e3o, Gest\u00e3o e Governo Digital do Minist\u00e9rio da Economia, e conforme as informa\u00e7\u00f5es do Processo n\u00ba 14021.147566\/2023-65, resolvem:<\/p>\n<p>Art. 1\u00ba Autorizar o Minist\u00e9rio da Pesca e Aquicultura (MPA) contratar, por tempo determinado, o quantitativo m\u00e1ximo de 264 (duzentos e sessenta e quatro) pessoas, para atender necessidade tempor\u00e1ria de excepcional interesse p\u00fablico, na forma do art. 2\u00ba, inciso VI, al\u00ednea \u201ci\u201d, da Lei n\u00ba 8.745, de 9 de dezembro de 1993, conforme Anexo.<\/p>\n<p>Par\u00e1grafo \u00fanico. As pessoas de que trata o caput ser\u00e3o contratados para desenvolver atividades de cunho t\u00e9cnico para atendimento das demandas administrativas, judiciais e gerenciais relacionadas ao setor pesqueiro nacional.<\/p>\n<p>Art. 2\u00ba O recrutamento das pessoas de que trata esta Portaria depender\u00e1 de pr\u00e9via aprova\u00e7\u00e3o das candidatas e candidatos em processo seletivo simplificado sujeito a ampla divulga\u00e7\u00e3o, nos termos do art. 3\u00ba da Lei n\u00ba 8.745, de 1993.<\/p>\n<p>Par\u00e1grafo \u00fanico. Caber\u00e1 ao Minist\u00e9rio da Pesca e Aquicultura observar as leis e os regulamentos que tratem sobre pol\u00edticas de reserva de vagas em processos seletivos simplificados e assegurar que as a\u00e7\u00f5es e procedimentos previstos no certame estejam alinhados ao alcance da efetividade de tais pol\u00edticas.<\/p>\n<p>Art. 3\u00ba O prazo de dura\u00e7\u00e3o dos contratos ser\u00e1 de at\u00e9 4 (quatro) anos, prorrog\u00e1vel conforme o previsto no inciso IV do par\u00e1grafo \u00fanico do art. 4\u00ba da Lei n\u00ba 8.745, de 1993, desde que a prorroga\u00e7\u00e3o seja devidamente justificada com base nas necessidades de conclus\u00e3o das atividades de que trata o par\u00e1grafo \u00fanico do art. 1\u00ba desta Portaria.<\/p>\n<p>Art. 4\u00ba O Minist\u00e9rio da Pesca e Aquicultura definir\u00e1 a remunera\u00e7\u00e3o das pessoas a serem contratados em conformidade com a import\u00e2ncia de que tratam o inciso II do art. 7\u00ba da Lei n\u00ba 8.745, de 1993, e do Decreto n\u00ba 6.479, de 11 de junho de 2008.<\/p>\n<p>Art. 5\u00ba O prazo para publica\u00e7\u00e3o do edital de abertura de inscri\u00e7\u00f5es para o processo seletivo simplificado ser\u00e1 de at\u00e9 6 (seis) meses, contado a partir da publica\u00e7\u00e3o desta Portaria.<\/p>\n<p>Art. 6\u00ba As despesas com as contrata\u00e7\u00f5es autorizadas por esta Portaria correr\u00e3o \u00e0 conta das dota\u00e7\u00f5es or\u00e7ament\u00e1rias consignadas no Grupo de Natureza de Despesa \u2013 GND \u201c1 \u2013 Pessoal e Encargos Sociais\u201d, tendo em vista que visam \u00e0 substitui\u00e7\u00e3o de servidores e empregados p\u00fablicos, nos termos do \u00a7 2\u00ba do art. 122 da Lei de Diretrizes Or\u00e7ament\u00e1rias de 2023, LDO 2023, Lei n\u00ba 14.436, de 9 de agosto de 2022.<\/p>\n<p>Art. 7\u00ba Esta Portaria entra em vigor na data de sua publica\u00e7\u00e3o.<\/p>\n<p>CRISTINA KIOMI MORI<\/p>\n<p>Mnistra de Estado da Gest\u00e3o e da Inova\u00e7\u00e3o em Servi\u00e7os P\u00fablicos<\/p>\n<p>Substituta<\/p>\n<p>CARLOS CESAR DE MELLO JUNIOR<\/p>\n<p>Ministro de Estado da Pesca e Aquicultura<\/p>\n<p>Substituto<\/p>\n<p>ANEXO<\/p>\n<p>Fun\u00e7\u00e3o\u00a0Qtd<\/p>\n<ul>\n<li>Profissional da \u00e1rea de Direito \u2013 16<\/li>\n<li>Profissional da \u00e1rea de Economia \u2013 8<\/li>\n<li>Profissional da \u00e1rea de Contabilidade \u2013 2<\/li>\n<li>Profissional da \u00e1rea de Tecnologia de Informa\u00e7\u00e3o \u2013 17<\/li>\n<li>Profissional da \u00e1rea de Jornalismo\/Comunica\u00e7\u00e3o \u2013 7<\/li>\n<li>Profissional da \u00e1rea de Marketing \u2013 1<\/li>\n<li>Profissional da \u00e1rea de Engenharia de Pesca\/Ocean\u00f3grafo\/Bi\u00f3logo \u2013 73<\/li>\n<li>Profissional da \u00e1rea de Estat\u00edstica\/Matem\u00e1tica \u2013 4<\/li>\n<li>Profissional da \u00e1rea de Administra\u00e7\u00e3o\/Gest\u00e3o P\u00fablica \u2013 20<\/li>\n<li>Profissional da \u00e1rea de Recursos Humanos \u2013 7<\/li>\n<li>Profissional da \u00e1rea de Assist\u00eancia Social\/Sociologia \u2013 6<\/li>\n<li>Profissional da \u00e1rea de Design Gr\u00e1fico \u2013 2<\/li>\n<li>Profissional da \u00e1rea de Engenharia Civil \u2013 3<\/li>\n<li>Profissional da \u00e1rea de Arquitetura \u2013 1<\/li>\n<li>Profissional t\u00e9cnico de N\u00edvel Superior \u2013 97<\/li>\n<\/ul>\n<h2>Saiba como foi a \u00faltima sele\u00e7\u00e3o<\/h2>\n<p>O \u00faltimo <strong>concurso Minist\u00e9rio da Pesca e Aquicultura<\/strong> ocorreu em 2010, quando foram oferecidas 100 vagas, para cargos de n\u00edveis m\u00e9dio e superior em todo o pa\u00eds.\u00a0 A banca organizadora foi a UFF.<\/p>\n<p>No caso de ensino m\u00e9dio, as oportunidades foram para o seguinte cargo:<\/p>\n<ul>\n<li>agente administrativo \u2013 30 vagas<\/li>\n<\/ul>\n<p>Para n\u00edvel superior:<\/p>\n<ul>\n<li>analista t\u00e9cnico administrativo \u2013 40 vagas<\/li>\n<li>engenheiro \u2013 30 vagas<\/li>\n<\/ul>\n<p><a id=\"gnews_btn\" href=\"https:\/\/news.google.com\/publications\/CAAqBwgKMOixlQswuZWrAw\" target=\"_blank\" class=\"border_jc_blue link_hover_bg_jc_blue font_85 d-block d-md-inline-block px-2 py-1 mr-0 mr-md-2 mb-3 w-100 text-center\" rel=\"noopener\"><span class=\"text_jc_blue\">Siga o <strong>JC Concursos no Google News<\/strong><\/span><\/a><span id=\"resumo\" class=\"anchor_link\"\/><a href=\"https:\/\/jcconcursos.com.br\/\" class=\"badge badge-light\">concursos<\/a><a href=\"https:\/\/jcconcursos.com.br\/concursos\/nacional\" class=\"badge badge-light\">concursos federais<\/a><a href=\"https:\/\/jcconcursos.com.br\/concursos\/previstos\" class=\"badge badge-light\">concursos 2023<\/a><a href=\"https:\/\/jcconcursos.com.br\/provas\/por-orgao\" class=\"badge badge-light\">provas anteriores<\/a><\/p>\n<\/div>\n<p><br \/>\n<br \/><a href=\"https:\/\/ismaelcolosi.com.br\/concurso-ministerio-da-pesca-e-aquicultura-e-autorizado-para-264-vagas\/\">Source link <\/a><\/p>\n<!-- CONTENT END 1 -->\n","protected":false},"excerpt":{"rendered":"<p>Um novo concurso Minist\u00e9rio da Pesca e Aquicultura (MPA) acaba de ser autorizado, nesta ter\u00e7a-feira, 2 de janeiro, por meio de portaria conjunta, publicada no&#8230;<\/p>\n","protected":false},"author":1,"featured_media":23377,"comment_status":"open","ping_status":"open","sticky":false,"template":"","format":"standard","meta":{"advanced_seo_description":"","jetpack_seo_html_title":"","jetpack_seo_noindex":false,"jetpack_post_was_ever_published":false,"_jetpack_newsletter_access":"","_jetpack_dont_email_post_to_subs":false,"_jetpack_newsletter_tier_id":0,"_jetpack_memberships_contains_paywalled_content":false,"_jetpack_memberships_contains_paid_content":false,"footnotes":"","jetpack_publicize_message":"","jetpack_publicize_feature_enabled":true,"jetpack_social_post_already_shared":true,"jetpack_social_options":{"image_generator_settings":{"template":"highway","default_image_id":0,"font":"","enabled":false},"version":2}},"categories":[7],"tags":[],"class_list":["post-23376","post","type-post","status-publish","format-standard","has-post-thumbnail","hentry","category-vagas-de-empregos-em-ribeirao-preto-regiao-brasil"],"jetpack_publicize_connections":[],"jetpack_featured_media_url":"https:\/\/i0.wp.com\/noticiasribeiraopreto.com.br\/wp-content\/uploads\/2024\/01\/ministerio_da_pesca_e_aquicultura.jpg?fit=1920%2C1080&ssl=1","jetpack-related-posts":[{"id":23615,"url":"https:\/\/noticiasribeiraopreto.com.br\/index.php\/2024\/01\/02\/concurso-publico-ministerio-de-pesca-e-aquicultura-vai-abrir-inscricoes-para-mais-de-200-vagas-em-breve-confira\/","url_meta":{"origin":23376,"position":0},"title":"Concurso p\u00fablico: Minist\u00e9rio de Pesca e Aquicultura vai abrir inscri\u00e7\u00f5es para mais de 200 vagas em breve; confira","author":"noticiasribeiraopreto.com.br","date":"2 de January de 2024","format":false,"excerpt":"Ano novo, emprego novo. O Minist\u00e9rio da Pesca e Aquicultura (MPA) foi autorizado a realizar concurso p\u00fablico para a contrata\u00e7\u00e3o de 264 tempor\u00e1rios em\u00a0cargos de n\u00edvel superior. As vagas s\u00e3o para atender as demandas administrativas, judiciais e gerenciais relacionadas ao setor pesqueiro no pa\u00eds. Os selecionados ser\u00e3o contratados por quatro\u2026","rel":"","context":"In &quot;Dinheiro e Investimento&quot;","block_context":{"text":"Dinheiro e Investimento","link":"https:\/\/noticiasribeiraopreto.com.br\/index.php\/category\/dinheiro-e-investimento-como-fazer-como-ganhar\/"},"img":{"alt_text":"","src":"https:\/\/i0.wp.com\/noticiasribeiraopreto.com.br\/wp-content\/uploads\/2024\/01\/concursos_abertos-715x402.jpg?fit=715%2C402&ssl=1&resize=350%2C200","width":350,"height":200,"srcset":"https:\/\/i0.wp.com\/noticiasribeiraopreto.com.br\/wp-content\/uploads\/2024\/01\/concursos_abertos-715x402.jpg?fit=715%2C402&ssl=1&resize=350%2C200 1x, https:\/\/i0.wp.com\/noticiasribeiraopreto.com.br\/wp-content\/uploads\/2024\/01\/concursos_abertos-715x402.jpg?fit=715%2C402&ssl=1&resize=525%2C300 1.5x, https:\/\/i0.wp.com\/noticiasribeiraopreto.com.br\/wp-content\/uploads\/2024\/01\/concursos_abertos-715x402.jpg?fit=715%2C402&ssl=1&resize=700%2C400 2x"},"classes":[]},{"id":71306,"url":"https:\/\/noticiasribeiraopreto.com.br\/index.php\/2025\/06\/04\/veja-as-vagas-disponiveis-na-2a-edicao-do-concurso-publico-nacional-unificado\/","url_meta":{"origin":23376,"position":1},"title":"Veja as vagas dispon\u00edveis na 2\u00aa edi\u00e7\u00e3o do Concurso P\u00fablico Nacional Unificado","author":"noticiasribeiraopreto.com.br","date":"4 de June de 2025","format":false,"excerpt":"O Governo Federal autorizou 2.021 vagas para a segunda edi\u00e7\u00e3o do Concurso P\u00fablico Nacional Unificado. O certame prev\u00ea 3.652 vagas distribu\u00eddas entre 36 \u00f3rg\u00e3os da administra\u00e7\u00e3o p\u00fablica. Ao todo, foram autorizadas pelo governo 300 vagas para o cargo de Analista do Seguro Social no INSS (Instituto Nacional do Seguro Social),\u2026","rel":"","context":"In &quot;Not\u00edcias de Ribeir\u00e3o Preto-SP e Regi\u00e3o&quot;","block_context":{"text":"Not\u00edcias de Ribeir\u00e3o Preto-SP e Regi\u00e3o","link":"https:\/\/noticiasribeiraopreto.com.br\/index.php\/category\/noticias-de-ribeirao-preto-sp-e-regiao-ismael-colosi\/"},"img":{"alt_text":"","src":"https:\/\/i0.wp.com\/noticiasribeiraopreto.com.br\/wp-content\/uploads\/2025\/01\/concurso_2025-01-07_18-14-44_jpg_2025-01-07_18-14-45.webp.webp?fit=1200%2C800&ssl=1&resize=350%2C200","width":350,"height":200,"srcset":"https:\/\/i0.wp.com\/noticiasribeiraopreto.com.br\/wp-content\/uploads\/2025\/01\/concurso_2025-01-07_18-14-44_jpg_2025-01-07_18-14-45.webp.webp?fit=1200%2C800&ssl=1&resize=350%2C200 1x, https:\/\/i0.wp.com\/noticiasribeiraopreto.com.br\/wp-content\/uploads\/2025\/01\/concurso_2025-01-07_18-14-44_jpg_2025-01-07_18-14-45.webp.webp?fit=1200%2C800&ssl=1&resize=525%2C300 1.5x, https:\/\/i0.wp.com\/noticiasribeiraopreto.com.br\/wp-content\/uploads\/2025\/01\/concurso_2025-01-07_18-14-44_jpg_2025-01-07_18-14-45.webp.webp?fit=1200%2C800&ssl=1&resize=700%2C400 2x, https:\/\/i0.wp.com\/noticiasribeiraopreto.com.br\/wp-content\/uploads\/2025\/01\/concurso_2025-01-07_18-14-44_jpg_2025-01-07_18-14-45.webp.webp?fit=1200%2C800&ssl=1&resize=1050%2C600 3x"},"classes":[]},{"id":50074,"url":"https:\/\/noticiasribeiraopreto.com.br\/index.php\/2024\/05\/14\/governo-federal-abre-concurso-publico-com-61-vagas-e-salarios-de-r-9-mil\/","url_meta":{"origin":23376,"position":2},"title":"Governo Federal abre concurso p\u00fablico com 61 vagas e sal\u00e1rios de R$ 9 mil","author":"noticiasribeiraopreto.com.br","date":"14 de May de 2024","format":false,"excerpt":"A Codevasf, \u00f3rg\u00e3o vinculado ao Governo Federal, abriu concurso p\u00fablico com 61 vagas e sal\u00e1rios de R$ 9.065,95. O edital, que tamb\u00e9m conta com vagas para o cadastro de reserva, foi publicado nesta ter\u00e7a-feira (14) no Di\u00e1rio Oficial da Uni\u00e3o. As inscri\u00e7\u00f5es devem ser realizadas no site do Cebraspe (clique\u2026","rel":"","context":"In &quot;Not\u00edcias de Ribeir\u00e3o Preto-SP e Regi\u00e3o&quot;","block_context":{"text":"Not\u00edcias de Ribeir\u00e3o Preto-SP e Regi\u00e3o","link":"https:\/\/noticiasribeiraopreto.com.br\/index.php\/category\/noticias-de-ribeirao-preto-sp-e-regiao-ismael-colosi\/"},"img":{"alt_text":"","src":"https:\/\/i0.wp.com\/noticiasribeiraopreto.com.br\/wp-content\/uploads\/2024\/05\/1715713766_prova-concurso-publico-3.jpg?fit=1200%2C800&ssl=1&resize=350%2C200","width":350,"height":200,"srcset":"https:\/\/i0.wp.com\/noticiasribeiraopreto.com.br\/wp-content\/uploads\/2024\/05\/1715713766_prova-concurso-publico-3.jpg?fit=1200%2C800&ssl=1&resize=350%2C200 1x, https:\/\/i0.wp.com\/noticiasribeiraopreto.com.br\/wp-content\/uploads\/2024\/05\/1715713766_prova-concurso-publico-3.jpg?fit=1200%2C800&ssl=1&resize=525%2C300 1.5x, https:\/\/i0.wp.com\/noticiasribeiraopreto.com.br\/wp-content\/uploads\/2024\/05\/1715713766_prova-concurso-publico-3.jpg?fit=1200%2C800&ssl=1&resize=700%2C400 2x, https:\/\/i0.wp.com\/noticiasribeiraopreto.com.br\/wp-content\/uploads\/2024\/05\/1715713766_prova-concurso-publico-3.jpg?fit=1200%2C800&ssl=1&resize=1050%2C600 3x"},"classes":[]},{"id":14127,"url":"https:\/\/noticiasribeiraopreto.com.br\/index.php\/2023\/12\/11\/com-salarios-acima-de-r18-mil-concurso-trt-autorizado-pode-sair-em-breve\/","url_meta":{"origin":23376,"position":3},"title":"Com sal\u00e1rios acima de R$18 mil, concurso TRT autorizado pode sair em breve","author":"noticiasribeiraopreto.com.br","date":"11 de December de 2023","format":false,"excerpt":"Veja mais detalhes do concurso TRT O concurso TRT \u2013 Tribunal Regional do Trabalho- foi autorizado e pode sair em breve. O edital pode ser considerado um dos mais esperados at\u00e9 o momento. Confira maiores esclarecimentos. Concurso TRT PE\u00a0 O Tribunal Regional do Trabalho da 6\u00aa Regi\u00e3o (TRT PE) est\u00e1\u2026","rel":"","context":"In &quot;Vagas de Emprego em Ribeir\u00e3o Preto-SP&quot;","block_context":{"text":"Vagas de Emprego em Ribeir\u00e3o Preto-SP","link":"https:\/\/noticiasribeiraopreto.com.br\/index.php\/category\/empregos-classificados-vagas-trabalho\/vagas-de-empregos-em-ribeirao-preto-regiao-brasil\/"},"img":{"alt_text":"","src":"https:\/\/i0.wp.com\/noticiasribeiraopreto.com.br\/wp-content\/uploads\/2023\/12\/noticiasconcursos.com_.br-com-salarios-acima-de-r-18-mil-concurso-trt-autorizado-pode-sair-em-breve-trt-pe.jpg?fit=1200%2C659&ssl=1&resize=350%2C200","width":350,"height":200,"srcset":"https:\/\/i0.wp.com\/noticiasribeiraopreto.com.br\/wp-content\/uploads\/2023\/12\/noticiasconcursos.com_.br-com-salarios-acima-de-r-18-mil-concurso-trt-autorizado-pode-sair-em-breve-trt-pe.jpg?fit=1200%2C659&ssl=1&resize=350%2C200 1x, https:\/\/i0.wp.com\/noticiasribeiraopreto.com.br\/wp-content\/uploads\/2023\/12\/noticiasconcursos.com_.br-com-salarios-acima-de-r-18-mil-concurso-trt-autorizado-pode-sair-em-breve-trt-pe.jpg?fit=1200%2C659&ssl=1&resize=525%2C300 1.5x, https:\/\/i0.wp.com\/noticiasribeiraopreto.com.br\/wp-content\/uploads\/2023\/12\/noticiasconcursos.com_.br-com-salarios-acima-de-r-18-mil-concurso-trt-autorizado-pode-sair-em-breve-trt-pe.jpg?fit=1200%2C659&ssl=1&resize=700%2C400 2x, https:\/\/i0.wp.com\/noticiasribeiraopreto.com.br\/wp-content\/uploads\/2023\/12\/noticiasconcursos.com_.br-com-salarios-acima-de-r-18-mil-concurso-trt-autorizado-pode-sair-em-breve-trt-pe.jpg?fit=1200%2C659&ssl=1&resize=1050%2C600 3x"},"classes":[]},{"id":18024,"url":"https:\/\/noticiasribeiraopreto.com.br\/index.php\/2023\/12\/19\/universidade-federal-abre-concurso-publico-com-55-vagas-para-nivel-medio\/","url_meta":{"origin":23376,"position":4},"title":"Universidade Federal abre CONCURSO P\u00daBLICO com 55 vagas para n\u00edvel m\u00e9dio","author":"noticiasribeiraopreto.com.br","date":"19 de December de 2023","format":false,"excerpt":"Inscreva-se neste concurso p\u00fablico O concurso p\u00fablico anuncia vagas para n\u00edvel m\u00e9dio. Ao todo s\u00e3o 55 oportunidades. Ficou interessado? Veja como se inscrever e n\u00e3o perca. A Acess \u00e9 a banca organizadora. Oportunidades para T\u00e9cnico-Administrativos em Educa\u00e7\u00e3o O edital da Universidade Federal do Agreste do Pernambuco (UFAPE) foi divulgado, oferecendo\u2026","rel":"","context":"In &quot;Vagas de Emprego em Ribeir\u00e3o Preto-SP&quot;","block_context":{"text":"Vagas de Emprego em Ribeir\u00e3o Preto-SP","link":"https:\/\/noticiasribeiraopreto.com.br\/index.php\/category\/empregos-classificados-vagas-trabalho\/vagas-de-empregos-em-ribeirao-preto-regiao-brasil\/"},"img":{"alt_text":"","src":"https:\/\/i0.wp.com\/noticiasribeiraopreto.com.br\/wp-content\/uploads\/2023\/12\/noticiasconcursos.com_.br-universidade-federal-abre-concurso-publico-com-55-vagas-para-nivel-medio-pexels-fauxels-3184464-1.jpg?fit=1200%2C800&ssl=1&resize=350%2C200","width":350,"height":200,"srcset":"https:\/\/i0.wp.com\/noticiasribeiraopreto.com.br\/wp-content\/uploads\/2023\/12\/noticiasconcursos.com_.br-universidade-federal-abre-concurso-publico-com-55-vagas-para-nivel-medio-pexels-fauxels-3184464-1.jpg?fit=1200%2C800&ssl=1&resize=350%2C200 1x, https:\/\/i0.wp.com\/noticiasribeiraopreto.com.br\/wp-content\/uploads\/2023\/12\/noticiasconcursos.com_.br-universidade-federal-abre-concurso-publico-com-55-vagas-para-nivel-medio-pexels-fauxels-3184464-1.jpg?fit=1200%2C800&ssl=1&resize=525%2C300 1.5x, https:\/\/i0.wp.com\/noticiasribeiraopreto.com.br\/wp-content\/uploads\/2023\/12\/noticiasconcursos.com_.br-universidade-federal-abre-concurso-publico-com-55-vagas-para-nivel-medio-pexels-fauxels-3184464-1.jpg?fit=1200%2C800&ssl=1&resize=700%2C400 2x, https:\/\/i0.wp.com\/noticiasribeiraopreto.com.br\/wp-content\/uploads\/2023\/12\/noticiasconcursos.com_.br-universidade-federal-abre-concurso-publico-com-55-vagas-para-nivel-medio-pexels-fauxels-3184464-1.jpg?fit=1200%2C800&ssl=1&resize=1050%2C600 3x"},"classes":[]},{"id":16062,"url":"https:\/\/noticiasribeiraopreto.com.br\/index.php\/2023\/12\/14\/edital-para-auditor-previsto-para-sair-em-janeiro\/","url_meta":{"origin":23376,"position":5},"title":"edital para auditor previsto para sair em janeiro","author":"noticiasribeiraopreto.com.br","date":"14 de December de 2023","format":false,"excerpt":"O concurso Minist\u00e9rio da Fazenda, autorizado em 19 de julho, pela ministra da Gest\u00e3o e da Inova\u00e7\u00e3o dos Servi\u00e7os P\u00fablicos Esther Dweck, est\u00e1 em fase de defini\u00e7\u00e3o da banca organizadora, que deve ser anunciada no decorrer dos pr\u00f3ximos dias. Acontece que, de acordo com o aval, a publica\u00e7\u00e3o do edital\u2026","rel":"","context":"In &quot;Vagas de Emprego em Ribeir\u00e3o Preto-SP&quot;","block_context":{"text":"Vagas de Emprego em Ribeir\u00e3o Preto-SP","link":"https:\/\/noticiasribeiraopreto.com.br\/index.php\/category\/empregos-classificados-vagas-trabalho\/vagas-de-empregos-em-ribeirao-preto-regiao-brasil\/"},"img":{"alt_text":"","src":"https:\/\/i0.wp.com\/noticiasribeiraopreto.com.br\/wp-content\/uploads\/2023\/12\/ministerio_da_fazenda_novoo.jpg?fit=1200%2C675&ssl=1&resize=350%2C200","width":350,"height":200,"srcset":"https:\/\/i0.wp.com\/noticiasribeiraopreto.com.br\/wp-content\/uploads\/2023\/12\/ministerio_da_fazenda_novoo.jpg?fit=1200%2C675&ssl=1&resize=350%2C200 1x, https:\/\/i0.wp.com\/noticiasribeiraopreto.com.br\/wp-content\/uploads\/2023\/12\/ministerio_da_fazenda_novoo.jpg?fit=1200%2C675&ssl=1&resize=525%2C300 1.5x, https:\/\/i0.wp.com\/noticiasribeiraopreto.com.br\/wp-content\/uploads\/2023\/12\/ministerio_da_fazenda_novoo.jpg?fit=1200%2C675&ssl=1&resize=700%2C400 2x, https:\/\/i0.wp.com\/noticiasribeiraopreto.com.br\/wp-content\/uploads\/2023\/12\/ministerio_da_fazenda_novoo.jpg?fit=1200%2C675&ssl=1&resize=1050%2C600 3x"},"classes":[]}],"jetpack_sharing_enabled":true,"jetpack_shortlink":"https:\/\/wp.me\/peQAOb-652","_links":{"self":[{"href":"https:\/\/noticiasribeiraopreto.com.br\/index.php\/wp-json\/wp\/v2\/posts\/23376","targetHints":{"allow":["GET"]}}],"collection":[{"href":"https:\/\/noticiasribeiraopreto.com.br\/index.php\/wp-json\/wp\/v2\/posts"}],"about":[{"href":"https:\/\/noticiasribeiraopreto.com.br\/index.php\/wp-json\/wp\/v2\/types\/post"}],"author":[{"embeddable":true,"href":"https:\/\/noticiasribeiraopreto.com.br\/index.php\/wp-json\/wp\/v2\/users\/1"}],"replies":[{"embeddable":true,"href":"https:\/\/noticiasribeiraopreto.com.br\/index.php\/wp-json\/wp\/v2\/comments?post=23376"}],"version-history":[{"count":0,"href":"https:\/\/noticiasribeiraopreto.com.br\/index.php\/wp-json\/wp\/v2\/posts\/23376\/revisions"}],"wp:featuredmedia":[{"embeddable":true,"href":"https:\/\/noticiasribeiraopreto.com.br\/index.php\/wp-json\/wp\/v2\/media\/23377"}],"wp:attachment":[{"href":"https:\/\/noticiasribeiraopreto.com.br\/index.php\/wp-json\/wp\/v2\/media?parent=23376"}],"wp:term":[{"taxonomy":"category","embeddable":true,"href":"https:\/\/noticiasribeiraopreto.com.br\/index.php\/wp-json\/wp\/v2\/categories?post=23376"},{"taxonomy":"post_tag","embeddable":true,"href":"https:\/\/noticiasribeiraopreto.com.br\/index.php\/wp-json\/wp\/v2\/tags?post=23376"}],"curies":[{"name":"wp","href":"https:\/\/api.w.org\/{rel}","templated":true}]}}