{"id":23378,"date":"2024-01-02T07:44:39","date_gmt":"2024-01-02T10:44:39","guid":{"rendered":"https:\/\/noticiasribeiraopreto.com.br\/index.php\/2024\/01\/02\/executivo-dos-eua-e-encontrado-morto-em-rp\/"},"modified":"2024-01-02T07:44:39","modified_gmt":"2024-01-02T10:44:39","slug":"executivo-dos-eua-e-encontrado-morto-em-rp","status":"publish","type":"post","link":"https:\/\/noticiasribeiraopreto.com.br\/index.php\/2024\/01\/02\/executivo-dos-eua-e-encontrado-morto-em-rp\/","title":{"rendered":"Executivo dos EUA \u00e9 encontrado morto em RP"},"content":{"rendered":"<div class='code-block code-block-1' style='margin: 8px 0 8px auto; text-align: right; display: block; clear: both;'>\n<p><a href=\"https:\/\/wa.link\/vpicfd\"><img data-recalc-dims=\"1\" class=\"wp-image-4922\" style=\"aspect-ratio: 2.0253164556962027; width: 561px; height: auto;\" src=\"https:\/\/i0.wp.com\/ismaelcolosi.com.br\/wp-content\/uploads\/2023\/11\/grupo-de-empregos-whatsapp-e-facebook-ismael-colosi-vagas.jpg?ssl=1\" alt=\"\" \/><\/a><\/p>\n<!-- \/wp:image -->\n<\/div>\n<p> <br \/>\n<\/p>\n<div id=\"post-368960\">\n<header class=\"entry-header penci-entry-header penci-title-center\">\n<h2 class=\"penci-post-subtitle\">Homem veio passar o final de ano com a fam\u00edlia e estava desaparecido desde a quinta-feira (28); caso \u00e9 investigado como latroc\u00ednio<\/h2>\n<p> <span class=\"entry-meta-item penci-posted-on\"><i class=\"fa fa-clock-o\"\/><time class=\"entry-date published\" datetime=\"2024-01-02T07:21:56-03:00\">2 de janeiro de 2024 | 7:21<\/time><time class=\"updated\" datetime=\"2024-01-01T20:22:39-03:00\">1 de janeiro de 2024 | 20:22<\/time><\/span><\/p>\n<p> <span class=\"penci-social-buttons penci-social-share-footer\"><a href=\"#\" class=\"penci-post-like penci_post-meta_item  single-like-button penci-social-item like\" data-post_id=\"368960\" title=\"Like\" data-like=\"Like\" data-unlike=\"Unlike\"><i class=\"fa fa-thumbs-o-up\"\/><span class=\"penci-share-number\">1<\/span><\/a><i class=\"fa fa-facebook\"\/><a class=\"penci-social-item twitter\" target=\"_blank\" rel=\"noopener\" title=\"\" href=\"https:\/\/twitter.com\/intent\/tweet?text=Executivo%20dos%20EUA%20\u00e9%20encontrado%20morto%20em%20RP%20-%20https:\/\/www.tribunaribeirao.com.br\/site\/executivo-dos-eua-e-encontrado-morto-em-rp\/\"><i class=\"fa fa-twitter\"\/><\/a><i class=\"fa fa-whatsapp\"\/><\/span><\/header>\n<div class=\"penci-entry-content entry-content\">\n<p>Por: Adalberto Luque<\/p>\n<p>O corpo de um homem de 34 anos foi encontrado, na noite deste s\u00e1bado (30), em um hotel na Avenida do Caf\u00e9, Vila Am\u00e9lia, zona Oeste da cidade. Paulo Roberto Carvalho Pena Braga Filho era executivo de uma multinacional dos Estados Unidos e morava em San Diego, Calif\u00f3rnia.<\/p>\n<p>Segundo informa\u00e7\u00f5es, ele teria vindo ao Brasil para passar o Natal e o Ano Novo com a fam\u00edlia, que mora em Ribeir\u00e3o Preto. Braga Filho estava desaparecido desde a noite de quinta-feira (28). A fam\u00edlia chegou a divulgar foto e fazer apelo nas redes sociais, mas o desfecho foi tr\u00e1gico.<\/p>\n<p>O executivo estava no quarto de uma esp\u00e9cie de pens\u00e3o, um sobrado com quartos normalmente alugados por acompanhantes para encontros. Seu corpo apresentava marcas de que teria sido estrangulado com aux\u00edlio de um pano. Ele teria sido levado at\u00e9 l\u00e1 por um motorista de aplicativo. O corpo foi encaminhado para o Instituto M\u00e9dico Legal (IML) de Ribeir\u00e3o Preto.<\/p>\n<p>De acordo com o boletim de ocorr\u00eancia, Braga Filho disse aos pais que estava indo se encontrar com amigos quando saiu. O celular da v\u00edtima desapareceu e v\u00e1rias transa\u00e7\u00f5es de PIX foram efetuadas. Os valores n\u00e3o foram informados.<\/p>\n<p>Um homem chegou a entrar em contato com a fam\u00edlia dizendo que havia encontrado o celular e que queria devolver. Mas o celular n\u00e3o foi devolvido. Ainda n\u00e3o h\u00e1 suspeitos identificados. A suspeita \u00e9 que a v\u00edtima tenha sido atra\u00edda ao local atrav\u00e9s de um encontro marcado por aplicativo e teria ca\u00eddo em uma emboscada. A Pol\u00edcia Civil est\u00e1 investigando o caso como latroc\u00ednio.<\/p>\n<\/div>\n<footer class=\"penci-entry-footer\"\/><\/div>\n<p><script async src=\"\/\/platform.twitter.com\/widgets.js\" charset=\"utf-8\"><\/script><br \/>\n<br \/><br \/>\n<br \/><a href=\"https:\/\/www.tribunaribeirao.com.br\/site\/executivo-dos-eua-e-encontrado-morto-em-rp\/\">Source link <\/a><\/p>\n<!-- CONTENT END 1 -->\n","protected":false},"excerpt":{"rendered":"<p>Homem veio passar o final de ano com a fam\u00edlia e estava desaparecido desde a quinta-feira (28); caso \u00e9 investigado como latroc\u00ednio 2 de janeiro&#8230;<\/p>\n","protected":false},"author":1,"featured_media":23379,"comment_status":"open","ping_status":"open","sticky":false,"template":"","format":"standard","meta":{"advanced_seo_description":"","jetpack_seo_html_title":"","jetpack_seo_noindex":false,"jetpack_post_was_ever_published":false,"_jetpack_newsletter_access":"","_jetpack_dont_email_post_to_subs":false,"_jetpack_newsletter_tier_id":0,"_jetpack_memberships_contains_paywalled_content":false,"_jetpack_memberships_contains_paid_content":false,"footnotes":"","jetpack_publicize_message":"","jetpack_publicize_feature_enabled":true,"jetpack_social_post_already_shared":true,"jetpack_social_options":{"image_generator_settings":{"template":"highway","default_image_id":0,"font":"","enabled":false},"version":2}},"categories":[11],"tags":[470,404,2844,1006,405],"class_list":["post-23378","post","type-post","status-publish","format-standard","has-post-thumbnail","hentry","category-noticias-de-ribeirao-preto-sp-e-regiao-ismael-colosi","tag-dos","tag-encontrado","tag-eua","tag-executivo","tag-morto"],"jetpack_publicize_connections":[],"jetpack_featured_media_url":"https:\/\/i0.wp.com\/noticiasribeiraopreto.com.br\/wp-content\/uploads\/2024\/01\/00-02-jan-2024-executivo-morto-01-foto-redes-sociais.jpg?fit=598%2C598&ssl=1","jetpack-related-posts":[{"id":32623,"url":"https:\/\/noticiasribeiraopreto.com.br\/index.php\/2024\/01\/25\/segundo-suspeito-na-morte-de-executivo-dos-eua-chega-a-ribeirao-preto\/","url_meta":{"origin":23378,"position":0},"title":"Segundo suspeito na morte de executivo dos EUA chega a Ribeir\u00e3o Preto","author":"noticiasribeiraopreto.com.br","date":"25 de January de 2024","format":false,"excerpt":"Homem admite que participou do crime, mas garante ter sido fatalidade, que n\u00e3o houve a inten\u00e7\u00e3o de matar 25 de janeiro de 2024 | 17:4825 de janeiro de 2024 | 17:50 2Por: Alfredo Risk e Adalberto LuqueO homem apontado como a segunda pessoa presente ao local onde Paulo Roberto Carvalho\u2026","rel":"","context":"In &quot;Not\u00edcias de Ribeir\u00e3o Preto-SP e Regi\u00e3o&quot;","block_context":{"text":"Not\u00edcias de Ribeir\u00e3o Preto-SP e Regi\u00e3o","link":"https:\/\/noticiasribeiraopreto.com.br\/index.php\/category\/noticias-de-ribeirao-preto-sp-e-regiao-ismael-colosi\/"},"img":{"alt_text":"","src":"https:\/\/i0.wp.com\/noticiasribeiraopreto.com.br\/wp-content\/uploads\/2024\/01\/00-25-jan-2024-chegada-marcelo-01-foto-alfredo-risk-scaled.jpg?fit=967%2C645&ssl=1&resize=350%2C200","width":350,"height":200,"srcset":"https:\/\/i0.wp.com\/noticiasribeiraopreto.com.br\/wp-content\/uploads\/2024\/01\/00-25-jan-2024-chegada-marcelo-01-foto-alfredo-risk-scaled.jpg?fit=967%2C645&ssl=1&resize=350%2C200 1x, https:\/\/i0.wp.com\/noticiasribeiraopreto.com.br\/wp-content\/uploads\/2024\/01\/00-25-jan-2024-chegada-marcelo-01-foto-alfredo-risk-scaled.jpg?fit=967%2C645&ssl=1&resize=525%2C300 1.5x, https:\/\/i0.wp.com\/noticiasribeiraopreto.com.br\/wp-content\/uploads\/2024\/01\/00-25-jan-2024-chegada-marcelo-01-foto-alfredo-risk-scaled.jpg?fit=967%2C645&ssl=1&resize=700%2C400 2x"},"classes":[]},{"id":22835,"url":"https:\/\/noticiasribeiraopreto.com.br\/index.php\/2023\/12\/31\/homem-que-veio-dos-eua-para-visitar-a-familia-em-ribeirao-e-encontrado-morto\/","url_meta":{"origin":23378,"position":1},"title":"Homem que veio dos EUA para visitar a fam\u00edlia em Ribeir\u00e3o \u00e9 encontrado morto","author":"noticiasribeiraopreto.com.br","date":"31 de December de 2023","format":false,"excerpt":"O brasileiro que veio dos Estados Unidos passar as festas de final de ano com a fam\u00edlia em Ribeir\u00e3o Preto foi encontrado morto na noite do \u00faltimo s\u00e1bado (30). Ele estava desaparecido desde a \u00faltima quinta-feira (28). De acordo com apura\u00e7\u00e3o da EPTV, o corpo de Paulo Roberto Carvalho Pena\u2026","rel":"","context":"In &quot;Not\u00edcias de Ribeir\u00e3o Preto-SP e Regi\u00e3o&quot;","block_context":{"text":"Not\u00edcias de Ribeir\u00e3o Preto-SP e Regi\u00e3o","link":"https:\/\/noticiasribeiraopreto.com.br\/index.php\/category\/noticias-de-ribeirao-preto-sp-e-regiao-ismael-colosi\/"},"img":{"alt_text":"","src":"https:\/\/i0.wp.com\/noticiasribeiraopreto.com.br\/wp-content\/uploads\/2023\/12\/1704022609_Copia-de-Copia-de-TAMANHO-EXATO-PARA-FOTOS-NO-SISTEMA-NOVO-28.png?fit=1200%2C675&ssl=1&resize=350%2C200","width":350,"height":200,"srcset":"https:\/\/i0.wp.com\/noticiasribeiraopreto.com.br\/wp-content\/uploads\/2023\/12\/1704022609_Copia-de-Copia-de-TAMANHO-EXATO-PARA-FOTOS-NO-SISTEMA-NOVO-28.png?fit=1200%2C675&ssl=1&resize=350%2C200 1x, https:\/\/i0.wp.com\/noticiasribeiraopreto.com.br\/wp-content\/uploads\/2023\/12\/1704022609_Copia-de-Copia-de-TAMANHO-EXATO-PARA-FOTOS-NO-SISTEMA-NOVO-28.png?fit=1200%2C675&ssl=1&resize=525%2C300 1.5x, https:\/\/i0.wp.com\/noticiasribeiraopreto.com.br\/wp-content\/uploads\/2023\/12\/1704022609_Copia-de-Copia-de-TAMANHO-EXATO-PARA-FOTOS-NO-SISTEMA-NOVO-28.png?fit=1200%2C675&ssl=1&resize=700%2C400 2x, https:\/\/i0.wp.com\/noticiasribeiraopreto.com.br\/wp-content\/uploads\/2023\/12\/1704022609_Copia-de-Copia-de-TAMANHO-EXATO-PARA-FOTOS-NO-SISTEMA-NOVO-28.png?fit=1200%2C675&ssl=1&resize=1050%2C600 3x"},"classes":[]},{"id":23958,"url":"https:\/\/noticiasribeiraopreto.com.br\/index.php\/2024\/01\/03\/familia-encontra-nos-eua-cachorro-de-engenheiro-morto-em-ribeirao-preto\/","url_meta":{"origin":23378,"position":2},"title":"Fam\u00edlia encontra nos EUA cachorro de engenheiro morto em Ribeir\u00e3o Preto","author":"noticiasribeiraopreto.com.br","date":"3 de January de 2024","format":false,"excerpt":"A fam\u00edlia do engenheiro Paulo Roberto Carvalho Braga Pena Filho, de 34 anos, que foi encontrado morto em Ribeir\u00e3o Preto na noite do \u00faltimo s\u00e1bado (30), encontrou nos Estados Unidos o cachorro da v\u00edtima. O animal foi encontrado ap\u00f3s um apelo da irm\u00e3 de Paulo, Ana Paula Braga, publicado nas\u2026","rel":"","context":"In &quot;Not\u00edcias de Ribeir\u00e3o Preto-SP e Regi\u00e3o&quot;","block_context":{"text":"Not\u00edcias de Ribeir\u00e3o Preto-SP e Regi\u00e3o","link":"https:\/\/noticiasribeiraopreto.com.br\/index.php\/category\/noticias-de-ribeirao-preto-sp-e-regiao-ismael-colosi\/"},"img":{"alt_text":"","src":"https:\/\/i0.wp.com\/noticiasribeiraopreto.com.br\/wp-content\/uploads\/2024\/01\/paulo-e-o-cachorro-loki.jpg?fit=981%2C613&ssl=1&resize=350%2C200","width":350,"height":200,"srcset":"https:\/\/i0.wp.com\/noticiasribeiraopreto.com.br\/wp-content\/uploads\/2024\/01\/paulo-e-o-cachorro-loki.jpg?fit=981%2C613&ssl=1&resize=350%2C200 1x, https:\/\/i0.wp.com\/noticiasribeiraopreto.com.br\/wp-content\/uploads\/2024\/01\/paulo-e-o-cachorro-loki.jpg?fit=981%2C613&ssl=1&resize=525%2C300 1.5x, https:\/\/i0.wp.com\/noticiasribeiraopreto.com.br\/wp-content\/uploads\/2024\/01\/paulo-e-o-cachorro-loki.jpg?fit=981%2C613&ssl=1&resize=700%2C400 2x"},"classes":[]},{"id":31696,"url":"https:\/\/noticiasribeiraopreto.com.br\/index.php\/2024\/01\/23\/homem-confessa-ter-matado-executivo-e-e-ouvido-em-rp\/","url_meta":{"origin":23378,"position":3},"title":"Homem confessa ter matado executivo e \u00e9 ouvido em RP","author":"noticiasribeiraopreto.com.br","date":"23 de January de 2024","format":false,"excerpt":"Gabriel Souza Brito \u00e9 ouvido na sede da DEIC em Ribeir\u00e3o Preto e teria admitido ser o autor da morte de Paulo Roberto Carvalho Pena Braga Filho 22 de janeiro de 2024 | 13:02 2Por: Adalberto LuqueO homem preso por policiais civis de Ribeir\u00e3o Preto no estado do Rio de\u2026","rel":"","context":"In &quot;Not\u00edcias de Ribeir\u00e3o Preto-SP e Regi\u00e3o&quot;","block_context":{"text":"Not\u00edcias de Ribeir\u00e3o Preto-SP e Regi\u00e3o","link":"https:\/\/noticiasribeiraopreto.com.br\/index.php\/category\/noticias-de-ribeirao-preto-sp-e-regiao-ismael-colosi\/"},"img":{"alt_text":"","src":"https:\/\/i0.wp.com\/noticiasribeiraopreto.com.br\/wp-content\/uploads\/2024\/01\/00-22-jan-2024-executivo-latrocinio-01-foto-divulgacao-scaled.jpg?fit=582%2C645&ssl=1&resize=350%2C200","width":350,"height":200,"srcset":"https:\/\/i0.wp.com\/noticiasribeiraopreto.com.br\/wp-content\/uploads\/2024\/01\/00-22-jan-2024-executivo-latrocinio-01-foto-divulgacao-scaled.jpg?fit=582%2C645&ssl=1&resize=350%2C200 1x, https:\/\/i0.wp.com\/noticiasribeiraopreto.com.br\/wp-content\/uploads\/2024\/01\/00-22-jan-2024-executivo-latrocinio-01-foto-divulgacao-scaled.jpg?fit=582%2C645&ssl=1&resize=525%2C300 1.5x"},"classes":[]},{"id":23196,"url":"https:\/\/noticiasribeiraopreto.com.br\/index.php\/2024\/01\/01\/o-que-se-sabe-sobre-homem-que-veio-dos-eua-visitar-a-familia-e-foi-encontrado-morto-no-interior-de-sp\/","url_meta":{"origin":23378,"position":4},"title":"O que se sabe sobre homem que veio dos EUA visitar a fam\u00edlia e foi encontrado morto no interior de SP","author":"noticiasribeiraopreto.com.br","date":"1 de January de 2024","format":false,"excerpt":"A Pol\u00edcia Civil de Ribeir\u00e3o investiga a morte de Paulo Roberto Carvalho Braga Pena Filho, de 34 anos. O brasileiro que veio dos Estados Unidos passar as festas de final de ano com a fam\u00edlia em Ribeir\u00e3o Preto, interior de S\u00e3o Paulo, foi encontrado morto na noite do \u00faltimo s\u00e1bado\u2026","rel":"","context":"In &quot;Not\u00edcias de Ribeir\u00e3o Preto-SP e Regi\u00e3o&quot;","block_context":{"text":"Not\u00edcias de Ribeir\u00e3o Preto-SP e Regi\u00e3o","link":"https:\/\/noticiasribeiraopreto.com.br\/index.php\/category\/noticias-de-ribeirao-preto-sp-e-regiao-ismael-colosi\/"},"img":{"alt_text":"","src":"https:\/\/i0.wp.com\/noticiasribeiraopreto.com.br\/wp-content\/uploads\/2024\/01\/Copia-de-Copia-de-TAMANHO-EXATO-PARA-FOTOS-NO-SISTEMA-NOVO-28.png?fit=1200%2C675&ssl=1&resize=350%2C200","width":350,"height":200,"srcset":"https:\/\/i0.wp.com\/noticiasribeiraopreto.com.br\/wp-content\/uploads\/2024\/01\/Copia-de-Copia-de-TAMANHO-EXATO-PARA-FOTOS-NO-SISTEMA-NOVO-28.png?fit=1200%2C675&ssl=1&resize=350%2C200 1x, https:\/\/i0.wp.com\/noticiasribeiraopreto.com.br\/wp-content\/uploads\/2024\/01\/Copia-de-Copia-de-TAMANHO-EXATO-PARA-FOTOS-NO-SISTEMA-NOVO-28.png?fit=1200%2C675&ssl=1&resize=525%2C300 1.5x, https:\/\/i0.wp.com\/noticiasribeiraopreto.com.br\/wp-content\/uploads\/2024\/01\/Copia-de-Copia-de-TAMANHO-EXATO-PARA-FOTOS-NO-SISTEMA-NOVO-28.png?fit=1200%2C675&ssl=1&resize=700%2C400 2x, https:\/\/i0.wp.com\/noticiasribeiraopreto.com.br\/wp-content\/uploads\/2024\/01\/Copia-de-Copia-de-TAMANHO-EXATO-PARA-FOTOS-NO-SISTEMA-NOVO-28.png?fit=1200%2C675&ssl=1&resize=1050%2C600 3x"},"classes":[]},{"id":81898,"url":"https:\/\/noticiasribeiraopreto.com.br\/index.php\/2026\/01\/29\/homem-e-encontrado-morto-no-centro\/","url_meta":{"origin":23378,"position":5},"title":"Homem \u00e9 encontrado morto no Centro","author":"noticiasribeiraopreto.com.br","date":"29 de January de 2026","format":false,"excerpt":"\r \r \r V\u00edtima, que era diab\u00e9tica e hipertensa, foi encontrada ca\u00edda dentro de um pr\u00e9dio, pr\u00f3ximo a seu apartamento\r \r 29 de janeiro de 2026 10:2129 de janeiro de 2026 10:55 \r Compartilhar2 \r Por: Adalberto Luque Um homem de 61 anos foi encontrado morto, nesta quarta-feira (28). O\u2026","rel":"","context":"In &quot;Not\u00edcias de Ribeir\u00e3o Preto-SP e Regi\u00e3o&quot;","block_context":{"text":"Not\u00edcias de Ribeir\u00e3o Preto-SP e Regi\u00e3o","link":"https:\/\/noticiasribeiraopreto.com.br\/index.php\/category\/noticias-de-ribeirao-preto-sp-e-regiao-ismael-colosi\/"},"img":{"alt_text":"","src":"https:\/\/i0.wp.com\/noticiasribeiraopreto.com.br\/wp-content\/uploads\/2026\/01\/samuluque1fotorisk-e1756483668231.jpg?fit=1200%2C800&ssl=1&resize=350%2C200","width":350,"height":200,"srcset":"https:\/\/i0.wp.com\/noticiasribeiraopreto.com.br\/wp-content\/uploads\/2026\/01\/samuluque1fotorisk-e1756483668231.jpg?fit=1200%2C800&ssl=1&resize=350%2C200 1x, https:\/\/i0.wp.com\/noticiasribeiraopreto.com.br\/wp-content\/uploads\/2026\/01\/samuluque1fotorisk-e1756483668231.jpg?fit=1200%2C800&ssl=1&resize=525%2C300 1.5x, https:\/\/i0.wp.com\/noticiasribeiraopreto.com.br\/wp-content\/uploads\/2026\/01\/samuluque1fotorisk-e1756483668231.jpg?fit=1200%2C800&ssl=1&resize=700%2C400 2x, https:\/\/i0.wp.com\/noticiasribeiraopreto.com.br\/wp-content\/uploads\/2026\/01\/samuluque1fotorisk-e1756483668231.jpg?fit=1200%2C800&ssl=1&resize=1050%2C600 3x"},"classes":[]}],"jetpack_sharing_enabled":true,"jetpack_shortlink":"https:\/\/wp.me\/peQAOb-654","_links":{"self":[{"href":"https:\/\/noticiasribeiraopreto.com.br\/index.php\/wp-json\/wp\/v2\/posts\/23378","targetHints":{"allow":["GET"]}}],"collection":[{"href":"https:\/\/noticiasribeiraopreto.com.br\/index.php\/wp-json\/wp\/v2\/posts"}],"about":[{"href":"https:\/\/noticiasribeiraopreto.com.br\/index.php\/wp-json\/wp\/v2\/types\/post"}],"author":[{"embeddable":true,"href":"https:\/\/noticiasribeiraopreto.com.br\/index.php\/wp-json\/wp\/v2\/users\/1"}],"replies":[{"embeddable":true,"href":"https:\/\/noticiasribeiraopreto.com.br\/index.php\/wp-json\/wp\/v2\/comments?post=23378"}],"version-history":[{"count":0,"href":"https:\/\/noticiasribeiraopreto.com.br\/index.php\/wp-json\/wp\/v2\/posts\/23378\/revisions"}],"wp:featuredmedia":[{"embeddable":true,"href":"https:\/\/noticiasribeiraopreto.com.br\/index.php\/wp-json\/wp\/v2\/media\/23379"}],"wp:attachment":[{"href":"https:\/\/noticiasribeiraopreto.com.br\/index.php\/wp-json\/wp\/v2\/media?parent=23378"}],"wp:term":[{"taxonomy":"category","embeddable":true,"href":"https:\/\/noticiasribeiraopreto.com.br\/index.php\/wp-json\/wp\/v2\/categories?post=23378"},{"taxonomy":"post_tag","embeddable":true,"href":"https:\/\/noticiasribeiraopreto.com.br\/index.php\/wp-json\/wp\/v2\/tags?post=23378"}],"curies":[{"name":"wp","href":"https:\/\/api.w.org\/{rel}","templated":true}]}}