{"id":23382,"date":"2024-01-02T07:59:11","date_gmt":"2024-01-02T10:59:11","guid":{"rendered":"https:\/\/noticiasribeiraopreto.com.br\/index.php\/2024\/01\/02\/zona-de-convergencia-pode-provocar-chuvas-no-interior-de-sp-entenda\/"},"modified":"2024-01-02T07:59:11","modified_gmt":"2024-01-02T10:59:11","slug":"zona-de-convergencia-pode-provocar-chuvas-no-interior-de-sp-entenda","status":"publish","type":"post","link":"https:\/\/noticiasribeiraopreto.com.br\/index.php\/2024\/01\/02\/zona-de-convergencia-pode-provocar-chuvas-no-interior-de-sp-entenda\/","title":{"rendered":"Zona de Converg\u00eancia pode provocar chuvas no interior de SP; Entenda"},"content":{"rendered":"<div class='code-block code-block-1' style='margin: 8px 0 8px auto; text-align: right; display: block; clear: both;'>\n<p><a href=\"https:\/\/wa.link\/vpicfd\"><img data-recalc-dims=\"1\" class=\"wp-image-4922\" style=\"aspect-ratio: 2.0253164556962027; width: 561px; height: auto;\" src=\"https:\/\/i0.wp.com\/ismaelcolosi.com.br\/wp-content\/uploads\/2023\/11\/grupo-de-empregos-whatsapp-e-facebook-ismael-colosi-vagas.jpg?ssl=1\" alt=\"\" \/><\/a><\/p>\n<!-- \/wp:image -->\n<\/div>\n<p> <br \/>\n<\/p>\n<div data-td-block-uid=\"tdi_104\">\n<div class=\"tdb-block-inner td-fix-index\">\n<p>A forma\u00e7\u00e3o de uma <strong>zona de converg\u00eancia do Atl\u00e2ntico Sul <\/strong>pode provocar<strong> chuvas<\/strong> frequentes no<strong> interior de S\u00e3o Paulo<\/strong> nesta ter\u00e7a-feira (2). Segundo a <strong><a href=\"https:\/\/www.climatempo.com.br\/\" target=\"_blank\" rel=\"noreferrer noopener nofollow\">Climatempo<\/a><\/strong>, <mark style=\"background-color:#fcb900\" class=\"has-inline-color has-black-color\">o<strong> Sol <\/strong>deve aparecer na maior parte do dia, mas tem previs\u00e3o de pancadas de chuva \u00e0 tarde e \u00e0 noite.<\/mark><\/p>\n<p>\u201cH\u00e1 risco de chuva forte nestas \u00e1reas e tamb\u00e9m na Grande BH, no Tri\u00e2ngulo Mineiro e no norte de S\u00e3o Paulo\u201d, informam os meteorologistas.<\/p>\n<p>A Climatempo aponta que em <strong>Ribeir\u00e3o Preto<\/strong> existem 80% de chances do chover, o acumulado de at\u00e9 8 mil\u00edmetros. As temperaturas na cidade devem ficar entre 19\u00b0C e 32\u00b0C.<\/p>\n<p>Em <strong>Franca<\/strong>, as chances de chuva aumentam um pouco, chegando a 90%, com acumulado previsto de at\u00e9 10 mil\u00edmetros. As temperaturas devem ficar entre 20\u00b0C e 28\u00b0C.<\/p>\n<p>J\u00e1 em <strong>Barretos<\/strong>, tamb\u00e9m h\u00e1 90% de possibilidade de chuva, com acumulado de 10 mil\u00edmetros e temperaturas entre 22\u00b0C e 31\u00b0C.<\/p>\n<p>VEJA TAMB\u00c9M<\/p>\n<p>Veja o calend\u00e1rio de feriados de Ribeir\u00e3o Preto em 2024<\/p>\n<h4 class=\"wp-block-heading\"><strong>FIQUE ON<\/strong><\/h4>\n<p>Fique ligado em tudo que acontece em Ribeir\u00e3o Preto e regi\u00e3o. Siga os perfis do<strong> acidade on<\/strong> no <a href=\"https:\/\/www.instagram.com\/acidadeonribeirao\" target=\"_blank\" rel=\"noreferrer noopener nofollow\">Instagram<\/a> e no <a href=\"https:\/\/www.facebook.com\/acidadeonribeirao\" target=\"_blank\" rel=\"noreferrer noopener nofollow\">Facebook.<\/a><\/p>\n<p>Receba not\u00edcias do <strong>acidade on <\/strong>no WhatsApp. <a href=\"https:\/\/chat.whatsapp.com\/Bnv2w66ZT4VDyZW3oiZ69n\" target=\"_blank\" rel=\"noreferrer noopener nofollow\">Para entrar no grupo, basta clicar aqui.<\/a><\/p>\n<p>Fa\u00e7a uma den\u00fancia ou sugira uma reportagem sobre a Ribeir\u00e3o Preto e regi\u00e3o pelo WhatsApp: (16) 99117 7802.<\/p>\n<p>LEIA MAIS<\/p>\n<p>Android: Microsoft Copilot lan\u00e7a app oficial na Play Store<\/p>\n<p><!-- AI CONTENT END 1 -->\n<\/div>\n<\/div>\n<p><script async src=\"\/\/www.instagram.com\/embed.js\"><\/script><br \/>\n<br \/><br \/>\n<br \/><a href=\"https:\/\/www.acidadeon.com\/ribeiraopreto\/cotidiano\/zona-de-convergencia-pode-provocar-chuvas-no-interior-de-sp-entenda\/\">Source link <\/a><\/p>\n<!-- CONTENT END 1 -->\n","protected":false},"excerpt":{"rendered":"<p>A forma\u00e7\u00e3o de uma zona de converg\u00eancia do Atl\u00e2ntico Sul pode provocar chuvas frequentes no interior de S\u00e3o Paulo nesta ter\u00e7a-feira (2). Segundo a Climatempo,&#8230;<\/p>\n","protected":false},"author":1,"featured_media":23383,"comment_status":"open","ping_status":"open","sticky":false,"template":"","format":"standard","meta":{"advanced_seo_description":"","jetpack_seo_html_title":"","jetpack_seo_noindex":false,"jetpack_post_was_ever_published":false,"_jetpack_newsletter_access":"","_jetpack_dont_email_post_to_subs":false,"_jetpack_newsletter_tier_id":0,"_jetpack_memberships_contains_paywalled_content":false,"_jetpack_memberships_contains_paid_content":false,"footnotes":"","jetpack_publicize_message":"","jetpack_publicize_feature_enabled":true,"jetpack_social_post_already_shared":true,"jetpack_social_options":{"image_generator_settings":{"template":"highway","default_image_id":0,"font":"","enabled":false},"version":2}},"categories":[11],"tags":[164,2898,33,237,217,2214,340],"class_list":["post-23382","post","type-post","status-publish","format-standard","has-post-thumbnail","hentry","category-noticias-de-ribeirao-preto-sp-e-regiao-ismael-colosi","tag-chuvas","tag-convergencia","tag-entenda","tag-interior","tag-pode","tag-provocar","tag-zona"],"jetpack_publicize_connections":[],"jetpack_featured_media_url":"https:\/\/i0.wp.com\/noticiasribeiraopreto.com.br\/wp-content\/uploads\/2024\/01\/chuva_tempo_1200x675_24092021181335-2.jpg?fit=1200%2C675&ssl=1","jetpack-related-posts":[{"id":61782,"url":"https:\/\/noticiasribeiraopreto.com.br\/index.php\/2024\/12\/21\/verao-comeca-com-alerta-de-perigo-para-chuva-no-interior-de-sp-veja-regioes\/","url_meta":{"origin":23382,"position":0},"title":"Ver\u00e3o come\u00e7a com alerta de perigo para chuva no interior de SP; Veja regi\u00f5es","author":"noticiasribeiraopreto.com.br","date":"21 de December de 2024","format":false,"excerpt":"O ver\u00e3o come\u00e7ou oficialmente neste s\u00e1bado (21), contudo, os meteorologistas alertam para a forma\u00e7\u00e3o de uma ZCAS (Zona de Converg\u00eancia do Atl\u00e2ntico Sul) que deve provocar muita chuva no Sudeste nos pr\u00f3ximos dias. De acordo com a Climatempo, os acumulados de chuva podem ultrapassar 150 mil\u00edmetros em algumas regi\u00f5es. Por\u2026","rel":"","context":"In &quot;Not\u00edcias de Ribeir\u00e3o Preto-SP e Regi\u00e3o&quot;","block_context":{"text":"Not\u00edcias de Ribeir\u00e3o Preto-SP e Regi\u00e3o","link":"https:\/\/noticiasribeiraopreto.com.br\/index.php\/category\/noticias-de-ribeirao-preto-sp-e-regiao-ismael-colosi\/"},"img":{"alt_text":"","src":"https:\/\/i0.wp.com\/noticiasribeiraopreto.com.br\/wp-content\/uploads\/2024\/12\/WhatsApp-Image-2024-12-03-at-09.16.43_2024-12-03_12-22-10_jpeg_2024-12-03_12-22-10.webp.webp?fit=1200%2C540&ssl=1&resize=350%2C200","width":350,"height":200,"srcset":"https:\/\/i0.wp.com\/noticiasribeiraopreto.com.br\/wp-content\/uploads\/2024\/12\/WhatsApp-Image-2024-12-03-at-09.16.43_2024-12-03_12-22-10_jpeg_2024-12-03_12-22-10.webp.webp?fit=1200%2C540&ssl=1&resize=350%2C200 1x, https:\/\/i0.wp.com\/noticiasribeiraopreto.com.br\/wp-content\/uploads\/2024\/12\/WhatsApp-Image-2024-12-03-at-09.16.43_2024-12-03_12-22-10_jpeg_2024-12-03_12-22-10.webp.webp?fit=1200%2C540&ssl=1&resize=525%2C300 1.5x, https:\/\/i0.wp.com\/noticiasribeiraopreto.com.br\/wp-content\/uploads\/2024\/12\/WhatsApp-Image-2024-12-03-at-09.16.43_2024-12-03_12-22-10_jpeg_2024-12-03_12-22-10.webp.webp?fit=1200%2C540&ssl=1&resize=700%2C400 2x, https:\/\/i0.wp.com\/noticiasribeiraopreto.com.br\/wp-content\/uploads\/2024\/12\/WhatsApp-Image-2024-12-03-at-09.16.43_2024-12-03_12-22-10_jpeg_2024-12-03_12-22-10.webp.webp?fit=1200%2C540&ssl=1&resize=1050%2C600 3x"},"classes":[]},{"id":57849,"url":"https:\/\/noticiasribeiraopreto.com.br\/index.php\/2024\/09\/11\/entenda-o-que-e-a-chuva-preta-que-pode-atingir-o-interior-de-sp\/","url_meta":{"origin":23382,"position":1},"title":"Entenda o que \u00e9 a chuva preta que pode atingir o interior de SP","author":"noticiasribeiraopreto.com.br","date":"11 de September de 2024","format":false,"excerpt":"Uma nova frente fria chegou ao Rio Grande do Sul nesta quarta-feira (11) e, conforme os meteorologistas, deve atingir o estado de SP nos pr\u00f3ximos dias. Isso pode provocar um al\u00edvio tempor\u00e1rio nas altas temperaturas e chuva preta \u2013 entenda baixo. Os ventos ganham um pouco mais de intensidade devido\u2026","rel":"","context":"In &quot;Not\u00edcias de Ribeir\u00e3o Preto-SP e Regi\u00e3o&quot;","block_context":{"text":"Not\u00edcias de Ribeir\u00e3o Preto-SP e Regi\u00e3o","link":"https:\/\/noticiasribeiraopreto.com.br\/index.php\/category\/noticias-de-ribeirao-preto-sp-e-regiao-ismael-colosi\/"},"img":{"alt_text":"","src":"https:\/\/i0.wp.com\/noticiasribeiraopreto.com.br\/wp-content\/uploads\/2024\/09\/chuva_guardachuva_500x320_12022019150254.jpg?fit=500%2C322&ssl=1&resize=350%2C200","width":350,"height":200},"classes":[]},{"id":21140,"url":"https:\/\/noticiasribeiraopreto.com.br\/index.php\/2023\/12\/27\/frente-fria-veja-se-ha-previsao-de-chuva-no-interior-de-sp\/","url_meta":{"origin":23382,"position":2},"title":"Frente fria? Veja se h\u00e1 previs\u00e3o de chuva no interior de SP","author":"noticiasribeiraopreto.com.br","date":"27 de December de 2023","format":false,"excerpt":"A frente fria que chegou no in\u00edcio da semana come\u00e7ou a se afastar para alto mar, segundo a Climatempo. Por\u00e9m, a frente fria ainda pode provocar pancadas de chuva no interior de S\u00e3o Paulo nesta quarta-feira (27). De acordo com os meteorologistas, o dia come\u00e7a nublado em S\u00e3o Paulo, com\u2026","rel":"","context":"In &quot;Not\u00edcias de Ribeir\u00e3o Preto-SP e Regi\u00e3o&quot;","block_context":{"text":"Not\u00edcias de Ribeir\u00e3o Preto-SP e Regi\u00e3o","link":"https:\/\/noticiasribeiraopreto.com.br\/index.php\/category\/noticias-de-ribeirao-preto-sp-e-regiao-ismael-colosi\/"},"img":{"alt_text":"","src":"https:\/\/i0.wp.com\/noticiasribeiraopreto.com.br\/wp-content\/uploads\/2023\/12\/1703674916_WhatsApp-Image-2023-11-24-at-11.08.54.jpeg?fit=1200%2C523&ssl=1&resize=350%2C200","width":350,"height":200,"srcset":"https:\/\/i0.wp.com\/noticiasribeiraopreto.com.br\/wp-content\/uploads\/2023\/12\/1703674916_WhatsApp-Image-2023-11-24-at-11.08.54.jpeg?fit=1200%2C523&ssl=1&resize=350%2C200 1x, https:\/\/i0.wp.com\/noticiasribeiraopreto.com.br\/wp-content\/uploads\/2023\/12\/1703674916_WhatsApp-Image-2023-11-24-at-11.08.54.jpeg?fit=1200%2C523&ssl=1&resize=525%2C300 1.5x, https:\/\/i0.wp.com\/noticiasribeiraopreto.com.br\/wp-content\/uploads\/2023\/12\/1703674916_WhatsApp-Image-2023-11-24-at-11.08.54.jpeg?fit=1200%2C523&ssl=1&resize=700%2C400 2x, https:\/\/i0.wp.com\/noticiasribeiraopreto.com.br\/wp-content\/uploads\/2023\/12\/1703674916_WhatsApp-Image-2023-11-24-at-11.08.54.jpeg?fit=1200%2C523&ssl=1&resize=1050%2C600 3x"},"classes":[]},{"id":27567,"url":"https:\/\/noticiasribeiraopreto.com.br\/index.php\/2024\/01\/12\/grandes-volumes-de-chuva-podem-chegar-ao-sudeste-nos-proximos-dias\/","url_meta":{"origin":23382,"position":3},"title":"Grandes volumes de chuva podem chegar ao Sudeste nos pr\u00f3ximos dias \u2013 Folha de Ribeir\u00e3o","author":"noticiasribeiraopreto.com.br","date":"12 de January de 2024","format":false,"excerpt":"O Instituto Nacional de Meteorologia (Inmet) alerta para a ocorr\u00eancia de grandes volumes de chuva nos pr\u00f3ximos dias em \u00e1reas do Sudeste, devido ao aumento da converg\u00eancia de umidade sobre a regi\u00e3o.\u00a0 Nesta sexta-feira (12), de acordo com a previs\u00e3o do Inmet, a combina\u00e7\u00e3o de calor, alta umidade do ar\u2026","rel":"","context":"In &quot;Not\u00edcias de Ribeir\u00e3o Preto-SP e Regi\u00e3o&quot;","block_context":{"text":"Not\u00edcias de Ribeir\u00e3o Preto-SP e Regi\u00e3o","link":"https:\/\/noticiasribeiraopreto.com.br\/index.php\/category\/noticias-de-ribeirao-preto-sp-e-regiao-ismael-colosi\/"},"img":{"alt_text":"","src":"","width":0,"height":0},"classes":[]},{"id":59388,"url":"https:\/\/noticiasribeiraopreto.com.br\/index.php\/2024\/10\/22\/primeiro-periodo-chuvoso-do-ano-pode-acontecer-nesta-semana-no-estado-de-sp\/","url_meta":{"origin":23382,"position":4},"title":"Primeiro per\u00edodo chuvoso do ano pode acontecer nesta semana no Estado de SP","author":"noticiasribeiraopreto.com.br","date":"22 de October de 2024","format":false,"excerpt":"Uma nova frente fria avan\u00e7a pelo Oceano Atl\u00e2ntico e deve atingir as regi\u00f5es Sul e Sudeste do pa\u00eds, entre quinta-feira (24) e s\u00e1bado (26), de acordo com previs\u00e3o do Inmet (Instituto Nacional de Meteorologia). Esse sistema, junto com o comportamento dos ventos na coluna atmosf\u00e9rica, deve favorecer a forma\u00e7\u00e3o de\u2026","rel":"","context":"In &quot;Not\u00edcias de Ribeir\u00e3o Preto-SP e Regi\u00e3o&quot;","block_context":{"text":"Not\u00edcias de Ribeir\u00e3o Preto-SP e Regi\u00e3o","link":"https:\/\/noticiasribeiraopreto.com.br\/index.php\/category\/noticias-de-ribeirao-preto-sp-e-regiao-ismael-colosi\/"},"img":{"alt_text":"","src":"https:\/\/i0.wp.com\/noticiasribeiraopreto.com.br\/wp-content\/uploads\/2024\/09\/Copia-de-Copia-de-Copia-de-TAMANHO-EXATO-PARA-FOTOS-NO-SISTEMA-NOVO-51_2024-09-16_20-04-40_png_2024-09-16_20-04-40.webp.webp?fit=1200%2C675&ssl=1&resize=350%2C200","width":350,"height":200,"srcset":"https:\/\/i0.wp.com\/noticiasribeiraopreto.com.br\/wp-content\/uploads\/2024\/09\/Copia-de-Copia-de-Copia-de-TAMANHO-EXATO-PARA-FOTOS-NO-SISTEMA-NOVO-51_2024-09-16_20-04-40_png_2024-09-16_20-04-40.webp.webp?fit=1200%2C675&ssl=1&resize=350%2C200 1x, https:\/\/i0.wp.com\/noticiasribeiraopreto.com.br\/wp-content\/uploads\/2024\/09\/Copia-de-Copia-de-Copia-de-TAMANHO-EXATO-PARA-FOTOS-NO-SISTEMA-NOVO-51_2024-09-16_20-04-40_png_2024-09-16_20-04-40.webp.webp?fit=1200%2C675&ssl=1&resize=525%2C300 1.5x, https:\/\/i0.wp.com\/noticiasribeiraopreto.com.br\/wp-content\/uploads\/2024\/09\/Copia-de-Copia-de-Copia-de-TAMANHO-EXATO-PARA-FOTOS-NO-SISTEMA-NOVO-51_2024-09-16_20-04-40_png_2024-09-16_20-04-40.webp.webp?fit=1200%2C675&ssl=1&resize=700%2C400 2x, https:\/\/i0.wp.com\/noticiasribeiraopreto.com.br\/wp-content\/uploads\/2024\/09\/Copia-de-Copia-de-Copia-de-TAMANHO-EXATO-PARA-FOTOS-NO-SISTEMA-NOVO-51_2024-09-16_20-04-40_png_2024-09-16_20-04-40.webp.webp?fit=1200%2C675&ssl=1&resize=1050%2C600 3x"},"classes":[]},{"id":46472,"url":"https:\/\/noticiasribeiraopreto.com.br\/index.php\/2024\/04\/11\/frente-fria-nao-derruba-temperatura-no-interior-de-sp-mas-pode-trazer-chuva-entenda\/","url_meta":{"origin":23382,"position":5},"title":"Frente fria n\u00e3o derruba temperatura no interior de SP mas pode trazer chuva; Entenda","author":"noticiasribeiraopreto.com.br","date":"11 de April de 2024","format":false,"excerpt":"A frente fria que avan\u00e7ou da Argentina, se deslocou pelo alto mar em dire\u00e7\u00e3o ao Sudeste brasileiro, nesta quinta-feira (11), e causou chuva em algumas cidades do estado de S\u00e3o Paulo. No interior paulista, a chegada desse sistema n\u00e3o vai causar queda nas temperaturas, contudo, vai aumentar a umidade e\u2026","rel":"","context":"In &quot;Not\u00edcias de Ribeir\u00e3o Preto-SP e Regi\u00e3o&quot;","block_context":{"text":"Not\u00edcias de Ribeir\u00e3o Preto-SP e Regi\u00e3o","link":"https:\/\/noticiasribeiraopreto.com.br\/index.php\/category\/noticias-de-ribeirao-preto-sp-e-regiao-ismael-colosi\/"},"img":{"alt_text":"","src":"https:\/\/i0.wp.com\/noticiasribeiraopreto.com.br\/wp-content\/uploads\/2024\/04\/chuva.jpeg?fit=1200%2C903&ssl=1&resize=350%2C200","width":350,"height":200,"srcset":"https:\/\/i0.wp.com\/noticiasribeiraopreto.com.br\/wp-content\/uploads\/2024\/04\/chuva.jpeg?fit=1200%2C903&ssl=1&resize=350%2C200 1x, https:\/\/i0.wp.com\/noticiasribeiraopreto.com.br\/wp-content\/uploads\/2024\/04\/chuva.jpeg?fit=1200%2C903&ssl=1&resize=525%2C300 1.5x, https:\/\/i0.wp.com\/noticiasribeiraopreto.com.br\/wp-content\/uploads\/2024\/04\/chuva.jpeg?fit=1200%2C903&ssl=1&resize=700%2C400 2x, https:\/\/i0.wp.com\/noticiasribeiraopreto.com.br\/wp-content\/uploads\/2024\/04\/chuva.jpeg?fit=1200%2C903&ssl=1&resize=1050%2C600 3x"},"classes":[]}],"jetpack_sharing_enabled":true,"jetpack_shortlink":"https:\/\/wp.me\/peQAOb-658","_links":{"self":[{"href":"https:\/\/noticiasribeiraopreto.com.br\/index.php\/wp-json\/wp\/v2\/posts\/23382","targetHints":{"allow":["GET"]}}],"collection":[{"href":"https:\/\/noticiasribeiraopreto.com.br\/index.php\/wp-json\/wp\/v2\/posts"}],"about":[{"href":"https:\/\/noticiasribeiraopreto.com.br\/index.php\/wp-json\/wp\/v2\/types\/post"}],"author":[{"embeddable":true,"href":"https:\/\/noticiasribeiraopreto.com.br\/index.php\/wp-json\/wp\/v2\/users\/1"}],"replies":[{"embeddable":true,"href":"https:\/\/noticiasribeiraopreto.com.br\/index.php\/wp-json\/wp\/v2\/comments?post=23382"}],"version-history":[{"count":0,"href":"https:\/\/noticiasribeiraopreto.com.br\/index.php\/wp-json\/wp\/v2\/posts\/23382\/revisions"}],"wp:featuredmedia":[{"embeddable":true,"href":"https:\/\/noticiasribeiraopreto.com.br\/index.php\/wp-json\/wp\/v2\/media\/23383"}],"wp:attachment":[{"href":"https:\/\/noticiasribeiraopreto.com.br\/index.php\/wp-json\/wp\/v2\/media?parent=23382"}],"wp:term":[{"taxonomy":"category","embeddable":true,"href":"https:\/\/noticiasribeiraopreto.com.br\/index.php\/wp-json\/wp\/v2\/categories?post=23382"},{"taxonomy":"post_tag","embeddable":true,"href":"https:\/\/noticiasribeiraopreto.com.br\/index.php\/wp-json\/wp\/v2\/tags?post=23382"}],"curies":[{"name":"wp","href":"https:\/\/api.w.org\/{rel}","templated":true}]}}