{"id":23386,"date":"2024-01-02T08:22:07","date_gmt":"2024-01-02T11:22:07","guid":{"rendered":"https:\/\/noticiasribeiraopreto.com.br\/index.php\/2024\/01\/02\/10-faculdades-que-nao-compensam-mais-comecar-em-2024-meu-valor-digital\/"},"modified":"2024-01-02T08:22:07","modified_gmt":"2024-01-02T11:22:07","slug":"10-faculdades-que-nao-compensam-mais-comecar-em-2024-meu-valor-digital","status":"publish","type":"post","link":"https:\/\/noticiasribeiraopreto.com.br\/index.php\/2024\/01\/02\/10-faculdades-que-nao-compensam-mais-comecar-em-2024-meu-valor-digital\/","title":{"rendered":"10 faculdades que n\u00e3o compensam mais come\u00e7ar em 2024 &#8211; Meu Valor Digital"},"content":{"rendered":"<div class='code-block code-block-1' style='margin: 8px 0 8px auto; text-align: right; display: block; clear: both;'>\n<p><a href=\"https:\/\/wa.link\/vpicfd\"><img data-recalc-dims=\"1\" class=\"wp-image-4922\" style=\"aspect-ratio: 2.0253164556962027; width: 561px; height: auto;\" src=\"https:\/\/i0.wp.com\/ismaelcolosi.com.br\/wp-content\/uploads\/2023\/11\/grupo-de-empregos-whatsapp-e-facebook-ismael-colosi-vagas.jpg?ssl=1\" alt=\"\" \/><\/a><\/p>\n<!-- \/wp:image -->\n<\/div>\n<p> <br \/>\n<\/p>\n<div>\n<p>Falar sobre faculdades que n\u00e3o valem mais a pena come\u00e7ar \u00e9 um assunto extremamente complexo, isso porque, muitos dos profissionais formados nestas \u00e1reas acabam se sentindo ofendidos ou at\u00e9 mesmo desvalorizados diante desse tipo de informa\u00e7\u00e3o.<\/p>\n<p>No entanto, a informa\u00e7\u00e3o que traremos a seguir n\u00e3o \u00e9 relacionada aos profissionais que j\u00e1 exercem atividade, mas sim, para aqueles que v\u00e3o come\u00e7ar a trilhar suas carreiras agora, onde, muitas das pessoas que optarem por esses cursos poder\u00e3o enfrentar problemas no futuro como a falta de oportunidades no mercado e consequente desvaloriza\u00e7\u00e3o.<\/p>\n<p>Escolher o curso certo a seguir n\u00e3o \u00e9 uma tarefa nada f\u00e1cil. Na verdade, super estressante, no entanto, \u00e9 fundamental se atentar as demandas do mercado de trabalho, que est\u00e3o mudando e, com isso, algumas profiss\u00f5es podem n\u00e3o valer mais tanto a pena come\u00e7ar logo agora, mesmo que seja uma \u00e1rea da qual voc\u00ea goste muito.<\/p>\n<p>\u00c9 importante olhar para diferentes cursos, entender o mercado e as perspectivas do futuro, para garantir que voc\u00ea trilhe o caminho mais adequado para lhe garantir uma estabilidade no futuro. Pensando nisso, hoje n\u00f3s traremos os dez cursos de n\u00edvel superior que pode n\u00e3o valer mais tanto a pena assim e entender o porqu\u00ea disso. N\u00e3o perca tempo, bora conferir agora!<\/p>\n<h2 class=\"wp-block-heading\" id=\"h-1-publicidade\"><strong>1. Publicidade<\/strong><\/h2>\n<p>A publicidade, embora ainda seja amplamente utilizada, passou por uma transforma\u00e7\u00e3o significativa com o advento de m\u00eddias sociais e an\u00fancios online. Antigamente, outdoors e displays eram predominantes, mas agora a publicidade se concentra em canais online. Al\u00e9m disso, a entrada nesse campo n\u00e3o exige mais forma\u00e7\u00e3o espec\u00edfica. A an\u00e1lise online permitiu que os consumidores influenciem as tend\u00eancias de marketing, direcionando a publicidade para atender \u00e0s suas necessidades.<\/p>\n<h2 class=\"wp-block-heading\" id=\"h-2-antropologia-e-arqueologia\"><strong>2. Antropologia e arqueologia<\/strong><\/h2>\n<p>Embora muitas pessoas associem antropologia e arqueologia a personagens de fic\u00e7\u00e3o como Indiana Jones e Lara Croft, as carreiras nesses campos s\u00e3o desafiadoras e dependentes de oportunidades escassas. Para tornar essas \u00e1reas mais vi\u00e1veis, op\u00e7\u00f5es como empreendedorismo, blogs de arqueologia ou canais no YouTube podem ser exploradas. No entanto, uma carreira mais segura muitas vezes exige mestrado e doutorado, proporcionando mais oportunidades de pesquisa.<\/p>\n<h2 class=\"wp-block-heading\" id=\"h-3-design-de-moda\"><strong>3. Design de moda<\/strong><\/h2>\n<p>A competi\u00e7\u00e3o acirrada entre designers de moda e a recorr\u00eancia de designs e tend\u00eancias limitam as oportunidades de inova\u00e7\u00e3o na \u00e1rea. Ingressar nesse campo exigir\u00e1 um portf\u00f3lio excepcional, envolvimento em atividades como blogs de moda e habilidades aprimoradas, como costura. Explorar \u00e1reas relacionadas, como Belas Artes ou Design Gr\u00e1fico, e estabelecer conex\u00f5es s\u00e3o estrat\u00e9gias importantes para superar os desafios de quem ainda sim optar por esta carreira.<\/p>\n<h2 class=\"wp-block-heading\" id=\"h-4-turismo-e-hotelaria\"><strong>4. Turismo e hotelaria<\/strong><\/h2>\n<p>Apesar da popularidade do nicho de viagens, a instabilidade crescente no setor torna o turismo e a hotelaria menos confi\u00e1veis como fonte de renda. Investir em administra\u00e7\u00e3o, marketing ou \u00e1reas afins, com especializa\u00e7\u00e3o em viagens e turismo, oferece uma abordagem mais s\u00f3lida. A busca por trabalhos mais s\u00e9rios e melhorias cont\u00ednuas tamb\u00e9m \u00e9 super importante.<\/p>\n<p>Leia tamb\u00e9m | <a href=\"https:\/\/meuvalordigital.com.br\/6-faculdades-que-podem-deixar-de-existir-nos-proximos-anos\/\">6 faculdades que podem deixar de existir nos pr\u00f3ximos anos<\/a><\/p>\n<h2 class=\"wp-block-heading\" id=\"h-5-comunicacoes\"><strong>5. Comunica\u00e7\u00f5es<\/strong><\/h2>\n<p>As comunica\u00e7\u00f5es, embora amplas, enfrentam a quest\u00e3o da acessibilidade, j\u00e1 que muitas habilidades necess\u00e1rias est\u00e3o dispon\u00edveis em diversos cursos populares e especializa\u00e7\u00f5es menores. Fun\u00e7\u00f5es tradicionais, como gerenciamento de rela\u00e7\u00f5es p\u00fablicas ou jornalismo, n\u00e3o exigem mais exclusivamente um diploma universit\u00e1rio. A crescente presen\u00e7a de trabalhadores remotos e o uso extensivo das redes sociais tamb\u00e9m impactam a relev\u00e2ncia de diplomas nesse campo.<\/p>\n<h2 class=\"wp-block-heading\" id=\"h-6-artes\"><strong>6. Artes<\/strong><\/h2>\n<p>As artes teatrais, consideradas saturadas e altamente competitivas, apresentam desafios significativos para ingressar. Alternativas incluem a constru\u00e7\u00e3o de uma presen\u00e7a online atrav\u00e9s de redes sociais ou YouTube, onde talentos podem ser descobertos por empresas. Embora n\u00e3o haja uma alternativa acad\u00eamica direta para as artes teatrais, estudar outras \u00e1reas de interesse enquanto constr\u00f3i uma presen\u00e7a online \u00e9 uma abordagem pr\u00e1tica.<\/p>\n<h2 class=\"wp-block-heading\" id=\"h-7-musica\"><strong>7. M\u00fasica<\/strong><\/h2>\n<p>Participar de cursos relacionados a m\u00fasica \u00e9 uma experi\u00eancia maravilhosa, mas transformar uma carreira musical em fonte sustent\u00e1vel de renda para cobrir os custos de um diploma na \u00e1rea pode ser desafiador. Em vez disso, voc\u00ea pode considerar obter de um diploma em uma \u00e1rea potencialmente mais lucrativa e reservar o tempo livre para a pr\u00e1tica musical \u00e9 uma abordagem realista. A m\u00fasica pode, inclusive, ser explorada como uma fonte secund\u00e1ria de renda enquanto se mant\u00e9m um emprego principal.<\/p>\n<h2 class=\"wp-block-heading\" id=\"h-8-jornalismo\"><strong>8. Jornalismo<\/strong><\/h2>\n<p>O jornal vem enfrentando cada vez mais desafios, e as publica\u00e7\u00f5es online competem intensamente com blogueiros, escritores especializados e as pr\u00f3prias redes sociais. Ingressar no campo jornal\u00edstico tornou-se desafiador, dada a abund\u00e2ncia de graduados em compara\u00e7\u00e3o com as oportunidades dispon\u00edveis. Uma alternativa estrat\u00e9gica \u00e9 adquirir habilidades de escrita e obter um diploma em uma \u00e1rea espec\u00edfica, como economia, direito ou ci\u00eancias pol\u00edticas, permitindo a especializa\u00e7\u00e3o e reportagem em nichos espec\u00edficos.<\/p>\n<h2 class=\"wp-block-heading\" id=\"h-9-filosofia\"><strong>9. Filosofia<\/strong><\/h2>\n<p>A filosofia \u00e9 um curso fabuloso, mas como escolha de carreira pode ser uma decis\u00e3o desafiadora, dada a dificuldade em garantir empregos est\u00e1veis e uma renda sustent\u00e1vel relacionada \u00e0 filosofia. Embora possa ser uma excelente op\u00e7\u00e3o como curso independente ou como especializa\u00e7\u00e3o secund\u00e1ria, optar pela filosofia como curso principal pode limitar as perspectivas de carreira ap\u00f3s a formatura.<\/p>\n<h2 class=\"wp-block-heading\" id=\"h-10-pedagogia\"><strong>10. Pedagogia<\/strong><\/h2>\n<p>Obter um diploma para dar aulas para crian\u00e7as pode resultar em op\u00e7\u00f5es de trabalho limitadas. Embora seja um curso fundamental para a forma\u00e7\u00e3o de base de nossas crian\u00e7as, as pessoas que se formam em pedagogia possuem alternativas limitantes da \u00e1rea, al\u00e9m de ser uma profiss\u00e3o naturalmente conhecida por n\u00e3o ganhar bem. Uma alternativa pode ser cursar psicologia, proporcionando habilidades mais amplas e oportunidades de carreira mais bem remuneradas.<\/p>\n<\/div>\n<p><br \/>\n<br \/><a href=\"https:\/\/meuvalordigital.com.br\/10-faculdades-que-nao-compensam-mais-comecar-em-2024\/\">Source link <\/a><\/p>\n<!-- CONTENT END 1 -->\n","protected":false},"excerpt":{"rendered":"<p>Falar sobre faculdades que n\u00e3o valem mais a pena come\u00e7ar \u00e9 um assunto extremamente complexo, isso porque, muitos dos profissionais formados nestas \u00e1reas acabam se&#8230;<\/p>\n","protected":false},"author":1,"featured_media":23387,"comment_status":"open","ping_status":"open","sticky":false,"template":"","format":"standard","meta":{"advanced_seo_description":"","jetpack_seo_html_title":"","jetpack_seo_noindex":false,"jetpack_post_was_ever_published":false,"_jetpack_newsletter_access":"","_jetpack_dont_email_post_to_subs":false,"_jetpack_newsletter_tier_id":0,"_jetpack_memberships_contains_paywalled_content":false,"_jetpack_memberships_contains_paid_content":false,"footnotes":"","jetpack_publicize_message":"","jetpack_publicize_feature_enabled":true,"jetpack_social_post_already_shared":true,"jetpack_social_options":{"image_generator_settings":{"template":"highway","default_image_id":0,"font":"","enabled":false},"version":2}},"categories":[7],"tags":[],"class_list":["post-23386","post","type-post","status-publish","format-standard","has-post-thumbnail","hentry","category-vagas-de-empregos-em-ribeirao-preto-regiao-brasil"],"jetpack_publicize_connections":[],"jetpack_featured_media_url":"https:\/\/i0.wp.com\/noticiasribeiraopreto.com.br\/wp-content\/uploads\/2024\/01\/universitaria-triste.jpg?fit=1207%2C805&ssl=1","jetpack-related-posts":[{"id":24798,"url":"https:\/\/noticiasribeiraopreto.com.br\/index.php\/2024\/01\/05\/30-faculdades-em-alta-para-pessoas-com-mais-de-40-anos-meu-valor-digital\/","url_meta":{"origin":23386,"position":0},"title":"30 faculdades em alta para pessoas com mais de 40 anos &#8211; Meu Valor Digital","author":"noticiasribeiraopreto.com.br","date":"5 de January de 2024","format":false,"excerpt":"Muitas pessoas acima dos 40 anos ficam receosas de come\u00e7ar uma faculdade, principalmente pelo tempo m\u00e9dio de forma\u00e7\u00e3o que varia de 4 a 5 anos, o que \u00e9 um tempo consider\u00e1vel, ainda mais quando se tem uma outra vida, cuidado dos filhos, cuidado de casa, do trabalho e ainda ter\u2026","rel":"","context":"In &quot;Vagas de Emprego em Ribeir\u00e3o Preto-SP&quot;","block_context":{"text":"Vagas de Emprego em Ribeir\u00e3o Preto-SP","link":"https:\/\/noticiasribeiraopreto.com.br\/index.php\/category\/empregos-classificados-vagas-trabalho\/vagas-de-empregos-em-ribeirao-preto-regiao-brasil\/"},"img":{"alt_text":"","src":"https:\/\/i0.wp.com\/noticiasribeiraopreto.com.br\/wp-content\/uploads\/2024\/01\/homem-com-mais-de-40-anos-fazendo-faculdade.jpg?fit=1200%2C800&ssl=1&resize=350%2C200","width":350,"height":200,"srcset":"https:\/\/i0.wp.com\/noticiasribeiraopreto.com.br\/wp-content\/uploads\/2024\/01\/homem-com-mais-de-40-anos-fazendo-faculdade.jpg?fit=1200%2C800&ssl=1&resize=350%2C200 1x, https:\/\/i0.wp.com\/noticiasribeiraopreto.com.br\/wp-content\/uploads\/2024\/01\/homem-com-mais-de-40-anos-fazendo-faculdade.jpg?fit=1200%2C800&ssl=1&resize=525%2C300 1.5x, https:\/\/i0.wp.com\/noticiasribeiraopreto.com.br\/wp-content\/uploads\/2024\/01\/homem-com-mais-de-40-anos-fazendo-faculdade.jpg?fit=1200%2C800&ssl=1&resize=700%2C400 2x, https:\/\/i0.wp.com\/noticiasribeiraopreto.com.br\/wp-content\/uploads\/2024\/01\/homem-com-mais-de-40-anos-fazendo-faculdade.jpg?fit=1200%2C800&ssl=1&resize=1050%2C600 3x"},"classes":[]},{"id":20352,"url":"https:\/\/noticiasribeiraopreto.com.br\/index.php\/2023\/12\/25\/10-faculdades-onde-os-alunos-ja-saem-com-bons-empregos-meu-valor-digital\/","url_meta":{"origin":23386,"position":1},"title":"10 faculdades onde os alunos j\u00e1 saem com bons empregos &#8211; Meu Valor Digital","author":"noticiasribeiraopreto.com.br","date":"25 de December de 2023","format":false,"excerpt":"Fazer uma faculdade envolve muitas preocupa\u00e7\u00f5es por parte dos alunos, seja com rela\u00e7\u00e3o ao in\u00edcio da jornada, na hora de tomar a decis\u00e3o sobre qual curso escolher, os desafios durante o processo de aprendizado at\u00e9 a forma\u00e7\u00e3o, e consequentemente a busca pelo emprego ap\u00f3s se formar. Durante a faculdade eu\u2026","rel":"","context":"In &quot;Vagas de Emprego em Ribeir\u00e3o Preto-SP&quot;","block_context":{"text":"Vagas de Emprego em Ribeir\u00e3o Preto-SP","link":"https:\/\/noticiasribeiraopreto.com.br\/index.php\/category\/empregos-classificados-vagas-trabalho\/vagas-de-empregos-em-ribeirao-preto-regiao-brasil\/"},"img":{"alt_text":"","src":"https:\/\/i0.wp.com\/noticiasribeiraopreto.com.br\/wp-content\/uploads\/2023\/12\/jovem-rapaz-trabalhando.jpg?fit=1200%2C801&ssl=1&resize=350%2C200","width":350,"height":200,"srcset":"https:\/\/i0.wp.com\/noticiasribeiraopreto.com.br\/wp-content\/uploads\/2023\/12\/jovem-rapaz-trabalhando.jpg?fit=1200%2C801&ssl=1&resize=350%2C200 1x, https:\/\/i0.wp.com\/noticiasribeiraopreto.com.br\/wp-content\/uploads\/2023\/12\/jovem-rapaz-trabalhando.jpg?fit=1200%2C801&ssl=1&resize=525%2C300 1.5x, https:\/\/i0.wp.com\/noticiasribeiraopreto.com.br\/wp-content\/uploads\/2023\/12\/jovem-rapaz-trabalhando.jpg?fit=1200%2C801&ssl=1&resize=700%2C400 2x, https:\/\/i0.wp.com\/noticiasribeiraopreto.com.br\/wp-content\/uploads\/2023\/12\/jovem-rapaz-trabalhando.jpg?fit=1200%2C801&ssl=1&resize=1050%2C600 3x"},"classes":[]},{"id":33733,"url":"https:\/\/noticiasribeiraopreto.com.br\/index.php\/2024\/01\/30\/faca-e-teste-e-descubra-qual-carreira-seguir\/","url_meta":{"origin":23386,"position":2},"title":"fa\u00e7a e teste e descubra qual carreira seguir","author":"noticiasribeiraopreto.com.br","date":"30 de January de 2024","format":false,"excerpt":"Descobrir qual faculdade fazer n\u00e3o \u00e9 uma tarefa f\u00e1cil para ningu\u00e9m, milhares de estudantes passam por isso na hora de escolher o curso que ir\u00e3o realizar. Afinal de contas, decidir a profiss\u00e3o a seguir em sua vida \u00e9 uma decis\u00e3o muito importante. Para ajudar nessa tarefa, muitas pessoas recorrem ao\u2026","rel":"","context":"In &quot;Blog&quot;","block_context":{"text":"Blog","link":"https:\/\/noticiasribeiraopreto.com.br\/index.php\/category\/blog\/"},"img":{"alt_text":"","src":"https:\/\/i0.wp.com\/noticiasribeiraopreto.com.br\/wp-content\/uploads\/2024\/01\/faculdade-de-turismo.jpg?fit=1200%2C675&ssl=1&resize=350%2C200","width":350,"height":200,"srcset":"https:\/\/i0.wp.com\/noticiasribeiraopreto.com.br\/wp-content\/uploads\/2024\/01\/faculdade-de-turismo.jpg?fit=1200%2C675&ssl=1&resize=350%2C200 1x, https:\/\/i0.wp.com\/noticiasribeiraopreto.com.br\/wp-content\/uploads\/2024\/01\/faculdade-de-turismo.jpg?fit=1200%2C675&ssl=1&resize=525%2C300 1.5x, https:\/\/i0.wp.com\/noticiasribeiraopreto.com.br\/wp-content\/uploads\/2024\/01\/faculdade-de-turismo.jpg?fit=1200%2C675&ssl=1&resize=700%2C400 2x, https:\/\/i0.wp.com\/noticiasribeiraopreto.com.br\/wp-content\/uploads\/2024\/01\/faculdade-de-turismo.jpg?fit=1200%2C675&ssl=1&resize=1050%2C600 3x"},"classes":[]},{"id":23209,"url":"https:\/\/noticiasribeiraopreto.com.br\/index.php\/2024\/01\/01\/o-que-voce-precisa-saber-sobre-ia-para-se-destacar-no-mercado-de-trabalho-em-2024\/","url_meta":{"origin":23386,"position":3},"title":"O que voc\u00ea precisa saber sobre IA para se destacar no mercado de trabalho em 2024","author":"noticiasribeiraopreto.com.br","date":"1 de January de 2024","format":false,"excerpt":"Bruno Pavani Bruno Pavan 01\/01\/2024 - 15:00 A Intelig\u00eancia Artificial entrou de vez no vocabul\u00e1rio das empresas em 2023 e muitas delas j\u00e1 est\u00e3o adotando essas ferramentas em diversas \u00e1reas. Para n\u00e3o ficar para tr\u00e1s, os trabalhadores devem buscar uma especializa\u00e7\u00e3o cada vez maior sobre as ferramentas de IA mais\u2026","rel":"","context":"In &quot;Vagas de Emprego em Ribeir\u00e3o Preto-SP&quot;","block_context":{"text":"Vagas de Emprego em Ribeir\u00e3o Preto-SP","link":"https:\/\/noticiasribeiraopreto.com.br\/index.php\/category\/empregos-classificados-vagas-trabalho\/vagas-de-empregos-em-ribeirao-preto-regiao-brasil\/"},"img":{"alt_text":"","src":"https:\/\/i0.wp.com\/noticiasribeiraopreto.com.br\/wp-content\/uploads\/2024\/01\/pessoa-que-usa-a-ferramenta-ai-no-trabalho-scaled.jpg?fit=1200%2C801&ssl=1&resize=350%2C200","width":350,"height":200,"srcset":"https:\/\/i0.wp.com\/noticiasribeiraopreto.com.br\/wp-content\/uploads\/2024\/01\/pessoa-que-usa-a-ferramenta-ai-no-trabalho-scaled.jpg?fit=1200%2C801&ssl=1&resize=350%2C200 1x, https:\/\/i0.wp.com\/noticiasribeiraopreto.com.br\/wp-content\/uploads\/2024\/01\/pessoa-que-usa-a-ferramenta-ai-no-trabalho-scaled.jpg?fit=1200%2C801&ssl=1&resize=525%2C300 1.5x, https:\/\/i0.wp.com\/noticiasribeiraopreto.com.br\/wp-content\/uploads\/2024\/01\/pessoa-que-usa-a-ferramenta-ai-no-trabalho-scaled.jpg?fit=1200%2C801&ssl=1&resize=700%2C400 2x, https:\/\/i0.wp.com\/noticiasribeiraopreto.com.br\/wp-content\/uploads\/2024\/01\/pessoa-que-usa-a-ferramenta-ai-no-trabalho-scaled.jpg?fit=1200%2C801&ssl=1&resize=1050%2C600 3x"},"classes":[]},{"id":21212,"url":"https:\/\/noticiasribeiraopreto.com.br\/index.php\/2023\/12\/27\/6-faculdades-que-podem-deixar-de-existir-nos-proximos-anos-meu-valor-digital\/","url_meta":{"origin":23386,"position":4},"title":"6 faculdades que podem deixar de existir nos pr\u00f3ximos anos &#8211; Meu Valor Digital","author":"noticiasribeiraopreto.com.br","date":"27 de December de 2023","format":false,"excerpt":"Com as intelig\u00eancias artificiais (IAs) vem evoluindo com o passar do tempo e desempenhando diversas fun\u00e7\u00f5es que antes s\u00f3 eram feitas por humanos, muitas faculdades (cursos superiores) podem estar amea\u00e7ados pelo avan\u00e7o das IAs e de outras tecnologias. Uma coisa \u00e9 fato: \u00e9 preciso que alguns cursos superiores atualizem urgentemente\u2026","rel":"","context":"In &quot;Vagas de Emprego em Ribeir\u00e3o Preto-SP&quot;","block_context":{"text":"Vagas de Emprego em Ribeir\u00e3o Preto-SP","link":"https:\/\/noticiasribeiraopreto.com.br\/index.php\/category\/empregos-classificados-vagas-trabalho\/vagas-de-empregos-em-ribeirao-preto-regiao-brasil\/"},"img":{"alt_text":"","src":"https:\/\/i0.wp.com\/noticiasribeiraopreto.com.br\/wp-content\/uploads\/2023\/12\/estudante-de-faculdade-na-duvida.jpg?fit=1200%2C800&ssl=1&resize=350%2C200","width":350,"height":200,"srcset":"https:\/\/i0.wp.com\/noticiasribeiraopreto.com.br\/wp-content\/uploads\/2023\/12\/estudante-de-faculdade-na-duvida.jpg?fit=1200%2C800&ssl=1&resize=350%2C200 1x, https:\/\/i0.wp.com\/noticiasribeiraopreto.com.br\/wp-content\/uploads\/2023\/12\/estudante-de-faculdade-na-duvida.jpg?fit=1200%2C800&ssl=1&resize=525%2C300 1.5x, https:\/\/i0.wp.com\/noticiasribeiraopreto.com.br\/wp-content\/uploads\/2023\/12\/estudante-de-faculdade-na-duvida.jpg?fit=1200%2C800&ssl=1&resize=700%2C400 2x, https:\/\/i0.wp.com\/noticiasribeiraopreto.com.br\/wp-content\/uploads\/2023\/12\/estudante-de-faculdade-na-duvida.jpg?fit=1200%2C800&ssl=1&resize=1050%2C600 3x"},"classes":[]},{"id":34064,"url":"https:\/\/noticiasribeiraopreto.com.br\/index.php\/2024\/01\/31\/o-que-e-e-como-solicitar\/","url_meta":{"origin":23386,"position":5},"title":"o que \u00e9 e como solicitar?","author":"noticiasribeiraopreto.com.br","date":"31 de January de 2024","format":false,"excerpt":"Ingressar em uma faculdade \u00e9 o verdadeiro sonho de muitas pessoas, n\u00e3o \u00e9? No entanto, infelizmente, por conta da alta concorr\u00eancia ou das mensalidades caras, esse sonho pode ficar mais distante. Mas existe um meio de tornar tudo isso mais f\u00e1cil: o empr\u00e9stimo estudantil. Esse tipo de cr\u00e9dito \u00e9 uma\u2026","rel":"","context":"In &quot;Dinheiro e Investimento&quot;","block_context":{"text":"Dinheiro e Investimento","link":"https:\/\/noticiasribeiraopreto.com.br\/index.php\/category\/dinheiro-e-investimento-como-fazer-como-ganhar\/"},"img":{"alt_text":"","src":"https:\/\/i0.wp.com\/noticiasribeiraopreto.com.br\/wp-content\/uploads\/2024\/01\/emprestimo-estudantil.jpg?fit=900%2C526&ssl=1&resize=350%2C200","width":350,"height":200,"srcset":"https:\/\/i0.wp.com\/noticiasribeiraopreto.com.br\/wp-content\/uploads\/2024\/01\/emprestimo-estudantil.jpg?fit=900%2C526&ssl=1&resize=350%2C200 1x, https:\/\/i0.wp.com\/noticiasribeiraopreto.com.br\/wp-content\/uploads\/2024\/01\/emprestimo-estudantil.jpg?fit=900%2C526&ssl=1&resize=525%2C300 1.5x, https:\/\/i0.wp.com\/noticiasribeiraopreto.com.br\/wp-content\/uploads\/2024\/01\/emprestimo-estudantil.jpg?fit=900%2C526&ssl=1&resize=700%2C400 2x"},"classes":[]}],"jetpack_sharing_enabled":true,"jetpack_shortlink":"https:\/\/wp.me\/peQAOb-65c","_links":{"self":[{"href":"https:\/\/noticiasribeiraopreto.com.br\/index.php\/wp-json\/wp\/v2\/posts\/23386","targetHints":{"allow":["GET"]}}],"collection":[{"href":"https:\/\/noticiasribeiraopreto.com.br\/index.php\/wp-json\/wp\/v2\/posts"}],"about":[{"href":"https:\/\/noticiasribeiraopreto.com.br\/index.php\/wp-json\/wp\/v2\/types\/post"}],"author":[{"embeddable":true,"href":"https:\/\/noticiasribeiraopreto.com.br\/index.php\/wp-json\/wp\/v2\/users\/1"}],"replies":[{"embeddable":true,"href":"https:\/\/noticiasribeiraopreto.com.br\/index.php\/wp-json\/wp\/v2\/comments?post=23386"}],"version-history":[{"count":0,"href":"https:\/\/noticiasribeiraopreto.com.br\/index.php\/wp-json\/wp\/v2\/posts\/23386\/revisions"}],"wp:featuredmedia":[{"embeddable":true,"href":"https:\/\/noticiasribeiraopreto.com.br\/index.php\/wp-json\/wp\/v2\/media\/23387"}],"wp:attachment":[{"href":"https:\/\/noticiasribeiraopreto.com.br\/index.php\/wp-json\/wp\/v2\/media?parent=23386"}],"wp:term":[{"taxonomy":"category","embeddable":true,"href":"https:\/\/noticiasribeiraopreto.com.br\/index.php\/wp-json\/wp\/v2\/categories?post=23386"},{"taxonomy":"post_tag","embeddable":true,"href":"https:\/\/noticiasribeiraopreto.com.br\/index.php\/wp-json\/wp\/v2\/tags?post=23386"}],"curies":[{"name":"wp","href":"https:\/\/api.w.org\/{rel}","templated":true}]}}