{"id":23536,"date":"2024-01-02T15:05:03","date_gmt":"2024-01-02T18:05:03","guid":{"rendered":"https:\/\/noticiasribeiraopreto.com.br\/index.php\/2024\/01\/02\/concurso-cetem-inscricoes-abertas-com-salarios-de-r-78-mil-nao-perca\/"},"modified":"2024-01-02T15:05:03","modified_gmt":"2024-01-02T18:05:03","slug":"concurso-cetem-inscricoes-abertas-com-salarios-de-r-78-mil-nao-perca","status":"publish","type":"post","link":"https:\/\/noticiasribeiraopreto.com.br\/index.php\/2024\/01\/02\/concurso-cetem-inscricoes-abertas-com-salarios-de-r-78-mil-nao-perca\/","title":{"rendered":"Concurso CETEM: INSCRI\u00c7\u00d5ES ABERTAS com sal\u00e1rios de R$ 7,8 MIL; N\u00e3o perca!"},"content":{"rendered":"<div class='code-block code-block-1' style='margin: 8px 0 8px auto; text-align: right; display: block; clear: both;'>\n<p><a href=\"https:\/\/wa.link\/vpicfd\"><img data-recalc-dims=\"1\" class=\"wp-image-4922\" style=\"aspect-ratio: 2.0253164556962027; width: 561px; height: auto;\" src=\"https:\/\/i0.wp.com\/ismaelcolosi.com.br\/wp-content\/uploads\/2023\/11\/grupo-de-empregos-whatsapp-e-facebook-ismael-colosi-vagas.jpg?ssl=1\" alt=\"\" \/><\/a><\/p>\n<!-- \/wp:image -->\n<\/div>\n<p> <br \/>\n<\/p>\n<div>\n<h2><strong>Concurso CETEM oferta 21 vagas<\/strong><\/h2>\n<p>Com inscri\u00e7\u00f5es abertas, o concurso CETEM- Centro de Tecnologia Mineral- \u00e9 uma oportunidade para mudar de vida.<\/p>\n<p>Veja maiores esclarecimentos e saiba quem pode se inscrever.<\/p>\n<h2><strong>Abertura de Inscri\u00e7\u00f5es para o Concurso CETEM<\/strong><\/h2>\n<p>Com sal\u00e1rios iniciais de R$ 7.860,57, mais titula\u00e7\u00e3o, o concurso p\u00fablico do Centro de Tecnologia Mineral (CETEM) est\u00e1 com inscri\u00e7\u00f5es abertas at\u00e9 o dia 23 de fevereiro de 2024.<\/p>\n<p>Essa \u00e9 uma oportunidade valiosa para profissionais interessados em integrar uma institui\u00e7\u00e3o renomada.<\/p>\n<h2><strong>Sobre o CETEM<\/strong><\/h2>\n<p>O CETEM, uma das unidades de pesquisa do MCTI, tem uma trajet\u00f3ria desde o in\u00edcio de suas atividades em 18 de abril de 1978. Sua miss\u00e3o central \u00e9 o desenvolvimento de tecnologias voltadas para o uso sustent\u00e1vel dos recursos minerais brasileiros, enfocando especialmente a inova\u00e7\u00e3o tecnol\u00f3gica para o setor mineral.<\/p>\n<p><strong>Contribui\u00e7\u00e3o<\/strong><\/p>\n<div class=\"bs-irp left bs-irp-thumbnail-1\">\n<p>&#13;<br \/><span class=\"h-text heading-typo\">Voc\u00ea tamb\u00e9m pode gostar:<\/span>&#13; <\/p>\n<\/p><\/div>\n<p>As pesquisas realizadas no CETEM t\u00eam impacto direto no desenvolvimento econ\u00f4mico e social do Brasil. Ao concentrar-se em solu\u00e7\u00f5es tecnol\u00f3gicas para o setor mineral, a institui\u00e7\u00e3o desempenha um papel crucial na promo\u00e7\u00e3o da sustentabilidade e no aproveitamento eficiente desses recursos.<\/p>\n<p><strong>Institui\u00e7\u00e3o de Refer\u00eancia<\/strong><\/p>\n<p>O CETEM destaca-se como a \u00fanica institui\u00e7\u00e3o p\u00fablica de pesquisa dedicada exclusivamente \u00e0 tecnologia mineral e quest\u00f5es ambientais relacionadas. Seu corpo t\u00e9cnico qualificado \u00e9 um ativo valioso que responde de forma eficaz \u00e0s demandas do setor mineral em constante evolu\u00e7\u00e3o.<\/p>\n<h2><strong>Datas Importantes\u00a0<\/strong><\/h2>\n<p>Para os interessados em fazer parte desse ambiente inovador, as inscri\u00e7\u00f5es est\u00e3o abertas desde 02 de janeiro e seguem at\u00e9 23 de fevereiro de 2024. \u00c9 crucial estar atento ao per\u00edodo no boleto para pagamento da taxa de inscri\u00e7\u00e3o. A prova est\u00e1 programada para ocorrer entre 10 e 28 de junho de 2024.<\/p>\n<h2><strong>Cargos e Remunera\u00e7\u00e3o do concurso CETEM<\/strong><\/h2>\n<p>Os cargos dispon\u00edveis s\u00e3o de Pesquisador Assistente de Pesquisa, com 11 vagas, e Tecnologista Pleno I, com 10 vagas. A remunera\u00e7\u00e3o inicial para ambos os cargos \u00e9 de R$ 7.860,57, com a possibilidade de acr\u00e9scimos conforme a titula\u00e7\u00e3o do candidato.<\/p>\n<figure id=\"attachment_784374\" aria-describedby=\"caption-attachment-784374\" style=\"width: 1200px\" class=\"wp-caption aligncenter\"><img data-recalc-dims=\"1\" fetchpriority=\"high\" decoding=\"async\" class=\"wp-image-784374 size-full\" http=\"\" alt=\"Concurso CETEM: INSCRI\u00c7\u00d5ES ABERTAS com sal\u00e1rios de R$ 7,8 MIL; N\u00e3o perca!\" width=\"1200\" height=\"800\" srcset=\"https:\/\/noticiasconcursos.com.br\/wp-content\/uploads\/2024\/01\/noticiasconcursos.com.br-concurso-cetem-inscricoes-abertas-com-salarios-de-r-78-mil-nao-perca-pexels-andrea-piacquadio-927022.jpg 1200w, https:\/\/noticiasconcursos.com.br\/wp-content\/uploads\/2024\/01\/noticiasconcursos.com.br-concurso-cetem-inscricoes-abertas-com-salarios-de-r-78-mil-nao-perca-pexels-andrea-piacquadio-927022-300x200.jpg 300w, https:\/\/noticiasconcursos.com.br\/wp-content\/uploads\/2024\/01\/noticiasconcursos.com.br-concurso-cetem-inscricoes-abertas-com-salarios-de-r-78-mil-nao-perca-pexels-andrea-piacquadio-927022-768x512.jpg 768w\" data-lazy-sizes=\"(max-width: 1200px) 100vw, 1200px\" src=\"https:\/\/i0.wp.com\/noticiasconcursos.com.br\/wp-content\/uploads\/2024\/01\/noticiasconcursos.com.br-concurso-cetem-inscricoes-abertas-com-salarios-de-r-78-mil-nao-perca-pexels-andrea-piacquadio-927022.jpg?resize=1200%2C800&#038;ssl=1\"\/><noscript><img data-recalc-dims=\"1\" fetchpriority=\"high\" decoding=\"async\" class=\"wp-image-784374 size-full\" src=\"https:\/\/i0.wp.com\/noticiasconcursos.com.br\/wp-content\/uploads\/2024\/01\/noticiasconcursos.com.br-concurso-cetem-inscricoes-abertas-com-salarios-de-r-78-mil-nao-perca-pexels-andrea-piacquadio-927022.jpg?resize=1200%2C800&#038;ssl=1\" alt=\"Concurso CETEM: INSCRI\u00c7\u00d5ES ABERTAS com sal\u00e1rios de R$ 7,8 MIL; N\u00e3o perca!\" width=\"1200\" height=\"800\" srcset=\"https:\/\/noticiasconcursos.com.br\/wp-content\/uploads\/2024\/01\/noticiasconcursos.com.br-concurso-cetem-inscricoes-abertas-com-salarios-de-r-78-mil-nao-perca-pexels-andrea-piacquadio-927022.jpg 1200w, https:\/\/noticiasconcursos.com.br\/wp-content\/uploads\/2024\/01\/noticiasconcursos.com.br-concurso-cetem-inscricoes-abertas-com-salarios-de-r-78-mil-nao-perca-pexels-andrea-piacquadio-927022-300x200.jpg 300w, https:\/\/noticiasconcursos.com.br\/wp-content\/uploads\/2024\/01\/noticiasconcursos.com.br-concurso-cetem-inscricoes-abertas-com-salarios-de-r-78-mil-nao-perca-pexels-andrea-piacquadio-927022-768x512.jpg 768w\" sizes=\"(max-width: 1200px) 100vw, 1200px\"\/><\/noscript><figcaption id=\"caption-attachment-784374\" class=\"wp-caption-text\">Concurso CETEM: INSCRI\u00c7\u00d5ES ABERTAS com sal\u00e1rios de R$ 7,8 MIL; N\u00e3o perca! Imagem: Reprodu\u00e7\u00e3o<\/figcaption><\/figure>\n<h2><strong>Etapas Detalhadas do concurso CETEM<\/strong><\/h2>\n<p>O processo seletivo para os cargos de Pesquisador e Tecnologista consistir\u00e1 em diversas etapas. A prova escrita, de car\u00e1ter eliminat\u00f3rio e classificat\u00f3rio, ser\u00e1 realizada na cidade do Rio de Janeiro, com quest\u00f5es objetivas e discursivas. A defesa de memorial permitir\u00e1 aos candidatos apresentar seus trabalhos e atividades nas \u00e1reas de pesquisa e desenvolvimento.<\/p>\n<p>A an\u00e1lise de t\u00edtulos, de car\u00e1ter classificat\u00f3rio, ser\u00e1 uma etapa crucial, considerando a forma\u00e7\u00e3o e experi\u00eancia dos candidatos. A pontua\u00e7\u00e3o seguir\u00e1 crit\u00e9rios espec\u00edficos, destacando a relev\u00e2ncia de cada item.<\/p>\n<p>Diante disso, o<a href=\"https:\/\/noticiasconcursos.com.br\/concursos-publicos\/concursos-abertos\/\"> concurso<\/a> CETEM \u00e9 uma oportunidade \u00fanica. As etapas bem definidas do processo seletivo refletem a seriedade da institui\u00e7\u00e3o em selecionar profissionais qualificados e comprometidos com a miss\u00e3o do CETEM<\/p>\n<h2><strong>Inscri\u00e7\u00f5es e Provas<\/strong><\/h2>\n<p>Vale lembrar que o passo inicial para participar do concurso CETEM \u00e9 realizar as inscri\u00e7\u00f5es por meio do site da banca organizadora, o Instituto ACCESS. Esse processo \u00e9 crucial para garantir a participa\u00e7\u00e3o no certame. Ressalta-se que o valor da taxa de inscri\u00e7\u00e3o \u00e9 de R$ 125,00.<\/p>\n<p>O per\u00edodo previsto para a realiza\u00e7\u00e3o das provas foi ajustado, passando a ocorrer entre os dias 10 de junho a 28 de junho. \u00c9 essencial que os candidatos estejam atentos a essa janela de tempo para se prepararem adequadamente. Al\u00e9m disso, \u00e9 importante destacar que todas as etapas do processo seletivo ser\u00e3o realizadas na cidade do Rio de Janeiro.<\/p>\n<p>Para aqueles que desejam participar desse desafio, as inscri\u00e7\u00f5es permanecer\u00e3o abertas at\u00e9 o dia 23 de fevereiro. \u00c9 fundamental respeitar esse prazo para garantir a regularidade da participa\u00e7\u00e3o no<a href=\"https:\/\/noticiasconcursos.com.br\/concursos-publicos\/concurso-federal\/\"> concurso<\/a>.<\/p>\n<p>Essas informa\u00e7\u00f5es adicionais visam proporcionar clareza e orienta\u00e7\u00e3o aos candidatos interessados em fazer parte do concurso CETEM, refor\u00e7ando a import\u00e2ncia de seguir o procedimento de inscri\u00e7\u00e3o estabelecido pela banca organizadora e estar atento aos detalhes do cronograma.<\/p>\n<p> <noscript><iframe loading=\"lazy\" title=\"Conhe\u00e7a os principais requisitos para ingresso no servi\u00e7o p\u00fablico!\" width=\"500\" height=\"281\" src=\"https:\/\/www.youtube.com\/embed\/SkAYwHIBoVk?feature=oembed\" frameborder=\"0\" allow=\"accelerometer; autoplay; clipboard-write; encrypted-media; gyroscope; picture-in-picture; web-share\" referrerpolicy=\"strict-origin-when-cross-origin\" allowfullscreen><\/iframe><\/noscript> <\/p>\n<\/div>\n<p><br \/>\n<br \/><a href=\"https:\/\/ismaelcolosi.com.br\/concurso-cetem-inscricoes-abertas-com-salarios-de-r-78-mil-nao-perca\/\">Source link <\/a><\/p>\n<!-- CONTENT END 1 -->\n","protected":false},"excerpt":{"rendered":"<p>Concurso CETEM oferta 21 vagas Com inscri\u00e7\u00f5es abertas, o concurso CETEM- Centro de Tecnologia Mineral- \u00e9 uma oportunidade para mudar de vida. Veja maiores esclarecimentos&#8230;<\/p>\n","protected":false},"author":1,"featured_media":23537,"comment_status":"open","ping_status":"open","sticky":false,"template":"","format":"standard","meta":{"advanced_seo_description":"","jetpack_seo_html_title":"","jetpack_seo_noindex":false,"jetpack_post_was_ever_published":false,"_jetpack_newsletter_access":"","_jetpack_dont_email_post_to_subs":false,"_jetpack_newsletter_tier_id":0,"_jetpack_memberships_contains_paywalled_content":false,"_jetpack_memberships_contains_paid_content":false,"footnotes":"","jetpack_publicize_message":"","jetpack_publicize_feature_enabled":true,"jetpack_social_post_already_shared":true,"jetpack_social_options":{"image_generator_settings":{"template":"highway","default_image_id":0,"font":"","enabled":false},"version":2}},"categories":[7],"tags":[],"class_list":["post-23536","post","type-post","status-publish","format-standard","has-post-thumbnail","hentry","category-vagas-de-empregos-em-ribeirao-preto-regiao-brasil"],"jetpack_publicize_connections":[],"jetpack_featured_media_url":"https:\/\/i0.wp.com\/noticiasribeiraopreto.com.br\/wp-content\/uploads\/2024\/01\/noticiasconcursos.com_.br-concurso-cetem-inscricoes-abertas-com-salarios-de-r-78-mil-nao-perca-pexels-andrea-piacquadio-927022.jpg?fit=1200%2C800&ssl=1","jetpack-related-posts":[{"id":8742,"url":"https:\/\/noticiasribeiraopreto.com.br\/index.php\/2023\/11\/30\/cetem-do-rio-de-janeiro-oferece-remuneracoes-de-ate-r-126-mil-em-concurso-publico\/","url_meta":{"origin":23536,"position":0},"title":"CETEM do Rio de Janeiro oferece remunera\u00e7\u00f5es de at\u00e9 R$ 12,6 mil em concurso p\u00fablico","author":"noticiasribeiraopreto.com.br","date":"30 de November de 2023","format":false,"excerpt":"30 de novembro de 2023 \u00e0s 19:14 Por: Reda\u00e7\u00e3o Cr\u00e9ditos: IStockConcurso P\u00fablico CETEM O Centro de Tecnologia Mineral (CETEM), no estado do Rio de janeiro, anuncia edital de n\u00ba 2\/2023 para concurso p\u00fablico, para preencher 21 vagas imediatas. Todas as oportunidades s\u00e3o para n\u00edvel superior. O quantitativo autorizado faz parte\u2026","rel":"","context":"In &quot;Variedades&quot;","block_context":{"text":"Variedades","link":"https:\/\/noticiasribeiraopreto.com.br\/index.php\/category\/variedades\/"},"img":{"alt_text":"","src":"https:\/\/i0.wp.com\/noticiasribeiraopreto.com.br\/wp-content\/uploads\/2023\/11\/istock-968826342.jpg?fit=1200%2C638&ssl=1&resize=350%2C200","width":350,"height":200,"srcset":"https:\/\/i0.wp.com\/noticiasribeiraopreto.com.br\/wp-content\/uploads\/2023\/11\/istock-968826342.jpg?fit=1200%2C638&ssl=1&resize=350%2C200 1x, https:\/\/i0.wp.com\/noticiasribeiraopreto.com.br\/wp-content\/uploads\/2023\/11\/istock-968826342.jpg?fit=1200%2C638&ssl=1&resize=525%2C300 1.5x, https:\/\/i0.wp.com\/noticiasribeiraopreto.com.br\/wp-content\/uploads\/2023\/11\/istock-968826342.jpg?fit=1200%2C638&ssl=1&resize=700%2C400 2x, https:\/\/i0.wp.com\/noticiasribeiraopreto.com.br\/wp-content\/uploads\/2023\/11\/istock-968826342.jpg?fit=1200%2C638&ssl=1&resize=1050%2C600 3x"},"classes":[]},{"id":11621,"url":"https:\/\/noticiasribeiraopreto.com.br\/index.php\/2023\/12\/06\/concurso-do-cetem-ja-conta-com-banca-definida-inscricoes-comecam-em-janeiro-2\/","url_meta":{"origin":23536,"position":1},"title":"Concurso do Cetem j\u00e1 conta com banca definida; inscri\u00e7\u00f5es come\u00e7am em janeiro","author":"noticiasribeiraopreto.com.br","date":"6 de December de 2023","format":false,"excerpt":"O concurso do Cetem (Centro de Tecnologia Mineral) ser\u00e1 realizado pelo Instituto Access. Escolhida por dispensa de licita\u00e7\u00e3o, a banca teve o seu nome publicado na edi\u00e7\u00e3o desta quarta-feira (6) do Di\u00e1rio Oficial da Uni\u00e3o.\u00a0 Divulgado em 10 de outubro \u2014 \u00e0 \u00e9poca ainda sem organizadora definida \u2014, o edital\u2026","rel":"","context":"In &quot;Vagas de Emprego em Ribeir\u00e3o Preto-SP&quot;","block_context":{"text":"Vagas de Emprego em Ribeir\u00e3o Preto-SP","link":"https:\/\/noticiasribeiraopreto.com.br\/index.php\/category\/empregos-classificados-vagas-trabalho\/vagas-de-empregos-em-ribeirao-preto-regiao-brasil\/"},"img":{"alt_text":"","src":"https:\/\/i0.wp.com\/noticiasribeiraopreto.com.br\/wp-content\/uploads\/2023\/12\/concurso-cetem-foto-divulgacao.jpg?fit=1200%2C675&ssl=1&resize=350%2C200","width":350,"height":200,"srcset":"https:\/\/i0.wp.com\/noticiasribeiraopreto.com.br\/wp-content\/uploads\/2023\/12\/concurso-cetem-foto-divulgacao.jpg?fit=1200%2C675&ssl=1&resize=350%2C200 1x, https:\/\/i0.wp.com\/noticiasribeiraopreto.com.br\/wp-content\/uploads\/2023\/12\/concurso-cetem-foto-divulgacao.jpg?fit=1200%2C675&ssl=1&resize=525%2C300 1.5x, https:\/\/i0.wp.com\/noticiasribeiraopreto.com.br\/wp-content\/uploads\/2023\/12\/concurso-cetem-foto-divulgacao.jpg?fit=1200%2C675&ssl=1&resize=700%2C400 2x, https:\/\/i0.wp.com\/noticiasribeiraopreto.com.br\/wp-content\/uploads\/2023\/12\/concurso-cetem-foto-divulgacao.jpg?fit=1200%2C675&ssl=1&resize=1050%2C600 3x"},"classes":[]},{"id":16268,"url":"https:\/\/noticiasribeiraopreto.com.br\/index.php\/2023\/12\/15\/concurso-publico-do-cetem-tem-remuneracao-de-ate-r-126-mil\/","url_meta":{"origin":23536,"position":2},"title":"Concurso p\u00fablico do CETEM tem remunera\u00e7\u00e3o de at\u00e9 R$ 12,6 mil","author":"noticiasribeiraopreto.com.br","date":"15 de December de 2023","format":false,"excerpt":"Cr\u00e9ditos: IStockConcurso P\u00fablico do CETEMO Centro de Tecnologia Mineral (CETEM), no estado do Rio de Janeiro, anuncia edital de n\u00ba 2\/2023 para concurso p\u00fablico, com 21 vagas imediatas. Todas as oportunidades s\u00e3o para n\u00edvel superior.As remunera\u00e7\u00f5es previstas em concurso p\u00fablico contam com vencimento b\u00e1sico de R$ 5.913,57, gratifica\u00e7\u00e3o por desempenho\u2026","rel":"","context":"In &quot;Variedades&quot;","block_context":{"text":"Variedades","link":"https:\/\/noticiasribeiraopreto.com.br\/index.php\/category\/variedades\/"},"img":{"alt_text":"","src":"https:\/\/i0.wp.com\/noticiasribeiraopreto.com.br\/wp-content\/uploads\/2023\/12\/istock-1445037832.jpg?fit=1200%2C638&ssl=1&resize=350%2C200","width":350,"height":200,"srcset":"https:\/\/i0.wp.com\/noticiasribeiraopreto.com.br\/wp-content\/uploads\/2023\/12\/istock-1445037832.jpg?fit=1200%2C638&ssl=1&resize=350%2C200 1x, https:\/\/i0.wp.com\/noticiasribeiraopreto.com.br\/wp-content\/uploads\/2023\/12\/istock-1445037832.jpg?fit=1200%2C638&ssl=1&resize=525%2C300 1.5x, https:\/\/i0.wp.com\/noticiasribeiraopreto.com.br\/wp-content\/uploads\/2023\/12\/istock-1445037832.jpg?fit=1200%2C638&ssl=1&resize=700%2C400 2x, https:\/\/i0.wp.com\/noticiasribeiraopreto.com.br\/wp-content\/uploads\/2023\/12\/istock-1445037832.jpg?fit=1200%2C638&ssl=1&resize=1050%2C600 3x"},"classes":[]},{"id":19159,"url":"https:\/\/noticiasribeiraopreto.com.br\/index.php\/2023\/12\/21\/confira-lista-com-1-700-vagas-e-salarios-de-ate-r-12-mil\/","url_meta":{"origin":23536,"position":3},"title":"confira lista com 1.700 vagas e sal\u00e1rios de at\u00e9 R$ 12 mil","author":"noticiasribeiraopreto.com.br","date":"21 de December de 2023","format":false,"excerpt":"confira lista com 1.700 vagas e sal\u00e1rios de at\u00e9 R$ 12 mil - Ismael Colosi Pular para o conte\u00fado Comparado aos demais estados do Sudeste brasileiro, o Esp\u00edrito Santo se destaca ao proporcionar servi\u00e7os p\u00fablicos de alta qualidade. O JC Concursos elaborou uma lista abrangente dos concursos atualmente abertos no\u2026","rel":"","context":"In &quot;Vagas de Emprego em Ribeir\u00e3o Preto-SP&quot;","block_context":{"text":"Vagas de Emprego em Ribeir\u00e3o Preto-SP","link":"https:\/\/noticiasribeiraopreto.com.br\/index.php\/category\/empregos-classificados-vagas-trabalho\/vagas-de-empregos-em-ribeirao-preto-regiao-brasil\/"},"img":{"alt_text":"","src":"https:\/\/i0.wp.com\/mliq9rbhanfv.i.optimole.com\/w%3A800\/h%3A445\/q%3Amauto\/rt%3Afill\/g%3Ace\/f%3Abest\/https%3A\/\/ismaelcolosi.com.br\/wp-content\/uploads\/2023\/12\/espirito_santo_es_estado__foto_dreamcasa_widelg.jpg?resize=350%2C200&ssl=1","width":350,"height":200,"srcset":"https:\/\/i0.wp.com\/mliq9rbhanfv.i.optimole.com\/w%3A800\/h%3A445\/q%3Amauto\/rt%3Afill\/g%3Ace\/f%3Abest\/https%3A\/\/ismaelcolosi.com.br\/wp-content\/uploads\/2023\/12\/espirito_santo_es_estado__foto_dreamcasa_widelg.jpg?resize=350%2C200&ssl=1 1x, https:\/\/i0.wp.com\/mliq9rbhanfv.i.optimole.com\/w%3A800\/h%3A445\/q%3Amauto\/rt%3Afill\/g%3Ace\/f%3Abest\/https%3A\/\/ismaelcolosi.com.br\/wp-content\/uploads\/2023\/12\/espirito_santo_es_estado__foto_dreamcasa_widelg.jpg?resize=525%2C300&ssl=1 1.5x, https:\/\/i0.wp.com\/mliq9rbhanfv.i.optimole.com\/w%3A800\/h%3A445\/q%3Amauto\/rt%3Afill\/g%3Ace\/f%3Abest\/https%3A\/\/ismaelcolosi.com.br\/wp-content\/uploads\/2023\/12\/espirito_santo_es_estado__foto_dreamcasa_widelg.jpg?resize=700%2C400&ssl=1 2x"},"classes":[]},{"id":45782,"url":"https:\/\/noticiasribeiraopreto.com.br\/index.php\/2024\/04\/07\/veja-quatro-concursos-publicos-com-as-inscricoes-abertas-no-interior-de-sp\/","url_meta":{"origin":23536,"position":4},"title":"Veja quatro concursos p\u00fablicos com as inscri\u00e7\u00f5es abertas no interior de SP","author":"noticiasribeiraopreto.com.br","date":"7 de April de 2024","format":false,"excerpt":"Para quem est\u00e1 em busca de uma oportunidade de emprego no servi\u00e7o p\u00fablico, o acidade on Ribeir\u00e3o separou quatro concursos p\u00fablicos com as inscri\u00e7\u00f5es abertas no interior de S\u00e3o Paulo. S\u00e3o mais de 400 vagas e sal\u00e1rios de at\u00e9 R$ 8 mil. Prefeitura de Ribeir\u00e3o Preto A Prefeitura de Ribeir\u00e3o\u2026","rel":"","context":"In &quot;Not\u00edcias de Ribeir\u00e3o Preto-SP e Regi\u00e3o&quot;","block_context":{"text":"Not\u00edcias de Ribeir\u00e3o Preto-SP e Regi\u00e3o","link":"https:\/\/noticiasribeiraopreto.com.br\/index.php\/category\/noticias-de-ribeirao-preto-sp-e-regiao-ismael-colosi\/"},"img":{"alt_text":"","src":"https:\/\/i0.wp.com\/noticiasribeiraopreto.com.br\/wp-content\/uploads\/2024\/04\/prova-concurso-publico-2.jpg?fit=1200%2C801&ssl=1&resize=350%2C200","width":350,"height":200,"srcset":"https:\/\/i0.wp.com\/noticiasribeiraopreto.com.br\/wp-content\/uploads\/2024\/04\/prova-concurso-publico-2.jpg?fit=1200%2C801&ssl=1&resize=350%2C200 1x, https:\/\/i0.wp.com\/noticiasribeiraopreto.com.br\/wp-content\/uploads\/2024\/04\/prova-concurso-publico-2.jpg?fit=1200%2C801&ssl=1&resize=525%2C300 1.5x, https:\/\/i0.wp.com\/noticiasribeiraopreto.com.br\/wp-content\/uploads\/2024\/04\/prova-concurso-publico-2.jpg?fit=1200%2C801&ssl=1&resize=700%2C400 2x, https:\/\/i0.wp.com\/noticiasribeiraopreto.com.br\/wp-content\/uploads\/2024\/04\/prova-concurso-publico-2.jpg?fit=1200%2C801&ssl=1&resize=1050%2C600 3x"},"classes":[]},{"id":39632,"url":"https:\/\/noticiasribeiraopreto.com.br\/index.php\/2024\/02\/27\/veja-cinco-concursos-publicos-com-vagas-abertas-em-ribeirao-preto-e-regiao\/","url_meta":{"origin":23536,"position":5},"title":"Veja cinco concursos p\u00fablicos com vagas abertas em Ribeir\u00e3o Preto e regi\u00e3o","author":"noticiasribeiraopreto.com.br","date":"27 de February de 2024","format":false,"excerpt":"Os interessados em concorrer a uma vaga de concurso p\u00fablico contam com cinco processos seletivos dispon\u00edveis em Ribeir\u00e3o Preto e regi\u00e3o. Ao todo, s\u00e3o 87 vagas com sal\u00e1rios que podem chegar a R$ 10,2 mil. Confira os concursos p\u00fablicos: USP de Ribeir\u00e3o Preto A USP (Universidade de S\u00e3o Paulo) abriu\u2026","rel":"","context":"In &quot;Not\u00edcias de Ribeir\u00e3o Preto-SP e Regi\u00e3o&quot;","block_context":{"text":"Not\u00edcias de Ribeir\u00e3o Preto-SP e Regi\u00e3o","link":"https:\/\/noticiasribeiraopreto.com.br\/index.php\/category\/noticias-de-ribeirao-preto-sp-e-regiao-ismael-colosi\/"},"img":{"alt_text":"","src":"https:\/\/i0.wp.com\/noticiasribeiraopreto.com.br\/wp-content\/uploads\/2024\/02\/1709045486_concurso-publico-nacional-unificado-cesgranrio.jpg?fit=1200%2C798&ssl=1&resize=350%2C200","width":350,"height":200,"srcset":"https:\/\/i0.wp.com\/noticiasribeiraopreto.com.br\/wp-content\/uploads\/2024\/02\/1709045486_concurso-publico-nacional-unificado-cesgranrio.jpg?fit=1200%2C798&ssl=1&resize=350%2C200 1x, https:\/\/i0.wp.com\/noticiasribeiraopreto.com.br\/wp-content\/uploads\/2024\/02\/1709045486_concurso-publico-nacional-unificado-cesgranrio.jpg?fit=1200%2C798&ssl=1&resize=525%2C300 1.5x, https:\/\/i0.wp.com\/noticiasribeiraopreto.com.br\/wp-content\/uploads\/2024\/02\/1709045486_concurso-publico-nacional-unificado-cesgranrio.jpg?fit=1200%2C798&ssl=1&resize=700%2C400 2x, https:\/\/i0.wp.com\/noticiasribeiraopreto.com.br\/wp-content\/uploads\/2024\/02\/1709045486_concurso-publico-nacional-unificado-cesgranrio.jpg?fit=1200%2C798&ssl=1&resize=1050%2C600 3x"},"classes":[]}],"jetpack_sharing_enabled":true,"jetpack_shortlink":"https:\/\/wp.me\/peQAOb-67C","_links":{"self":[{"href":"https:\/\/noticiasribeiraopreto.com.br\/index.php\/wp-json\/wp\/v2\/posts\/23536","targetHints":{"allow":["GET"]}}],"collection":[{"href":"https:\/\/noticiasribeiraopreto.com.br\/index.php\/wp-json\/wp\/v2\/posts"}],"about":[{"href":"https:\/\/noticiasribeiraopreto.com.br\/index.php\/wp-json\/wp\/v2\/types\/post"}],"author":[{"embeddable":true,"href":"https:\/\/noticiasribeiraopreto.com.br\/index.php\/wp-json\/wp\/v2\/users\/1"}],"replies":[{"embeddable":true,"href":"https:\/\/noticiasribeiraopreto.com.br\/index.php\/wp-json\/wp\/v2\/comments?post=23536"}],"version-history":[{"count":0,"href":"https:\/\/noticiasribeiraopreto.com.br\/index.php\/wp-json\/wp\/v2\/posts\/23536\/revisions"}],"wp:featuredmedia":[{"embeddable":true,"href":"https:\/\/noticiasribeiraopreto.com.br\/index.php\/wp-json\/wp\/v2\/media\/23537"}],"wp:attachment":[{"href":"https:\/\/noticiasribeiraopreto.com.br\/index.php\/wp-json\/wp\/v2\/media?parent=23536"}],"wp:term":[{"taxonomy":"category","embeddable":true,"href":"https:\/\/noticiasribeiraopreto.com.br\/index.php\/wp-json\/wp\/v2\/categories?post=23536"},{"taxonomy":"post_tag","embeddable":true,"href":"https:\/\/noticiasribeiraopreto.com.br\/index.php\/wp-json\/wp\/v2\/tags?post=23536"}],"curies":[{"name":"wp","href":"https:\/\/api.w.org\/{rel}","templated":true}]}}