{"id":23542,"date":"2024-01-02T15:14:39","date_gmt":"2024-01-02T18:14:39","guid":{"rendered":"https:\/\/noticiasribeiraopreto.com.br\/index.php\/2024\/01\/02\/especialistas-dao-dicas-de-como-conseguir-o-emprego-dos-sonhos-em-2024\/"},"modified":"2024-01-02T15:14:39","modified_gmt":"2024-01-02T18:14:39","slug":"especialistas-dao-dicas-de-como-conseguir-o-emprego-dos-sonhos-em-2024","status":"publish","type":"post","link":"https:\/\/noticiasribeiraopreto.com.br\/index.php\/2024\/01\/02\/especialistas-dao-dicas-de-como-conseguir-o-emprego-dos-sonhos-em-2024\/","title":{"rendered":"Especialistas d\u00e3o dicas de como conseguir o emprego dos sonhos em 2024"},"content":{"rendered":"<div class='code-block code-block-1' style='margin: 8px 0 8px auto; text-align: right; display: block; clear: both;'>\n<p><a href=\"https:\/\/wa.link\/vpicfd\"><img data-recalc-dims=\"1\" class=\"wp-image-4922\" style=\"aspect-ratio: 2.0253164556962027; width: 561px; height: auto;\" src=\"https:\/\/i0.wp.com\/ismaelcolosi.com.br\/wp-content\/uploads\/2023\/11\/grupo-de-empregos-whatsapp-e-facebook-ismael-colosi-vagas.jpg?ssl=1\" alt=\"\" \/><\/a><\/p>\n<!-- \/wp:image -->\n<\/div>\n<p> <br \/>\n<\/p>\n<div id=\"\">\n<div class=\"content-infos\">\n<div class=\"texts\">\n<p class=\"author tooltip-comp\"> Bruno Pavan<span class=\"icon-i\">i<\/span><span class=\"tooltiptext\"> <span class=\"author\"><span>Bruno Pavan<\/span> <\/span><span class=\"desc\"\/> <\/span><\/p>\n<p>02\/01\/2024 &#8211; 15:00<\/p>\n<\/div>\n<div id=\"share-modal\" class=\"share-modal\"> <button class=\"box-close btn-share\"> <img decoding=\"async\" src=\"https:\/\/istoedinheiro.com.br\/wp-content\/themes\/dinheiro-wp-theme\/assets\/img\/svg\/closeIcon.svg?x46096\" alt=\"Close icon\" class=\"close-btn lazy\"\/> <\/button><\/div>\n<\/p><\/div>\n<p><span style=\"font-weight: 400\">De acordo com informa\u00e7\u00f5es do Instituto Brasileiro de Geografia e Estat\u00edstica (IBGE), o Brasil vive a menor taxa de desemprego desde 2015. O momento de mercado de trabalho aquecido pode significar que \u00e9 a hora de conseguir aquele emprego dos sonhos.\u00a0<\/span><\/p>\n<p><span style=\"font-weight: 400\">Mas como come\u00e7ar? Ainda \u00e9 necess\u00e1rio ter um curr\u00edculo? Como se portar quando chegar o grande momento da entrevista? Como saber se aquela vaga \u00e9 o que voc\u00ea realmente quer? A <strong>Isto\u00c9 Dinheiro<\/strong> ouviu especialistas para tirar algumas d\u00favidas sobre o processo de recrutamento e sele\u00e7\u00e3o.\u00a0<\/span><\/p>\n<h3><strong>Como dar o pr\u00f3ximo passo na carreira?\u00a0<\/strong><\/h3>\n<p><span style=\"font-weight: 400\">Para quem est\u00e1 se sentindo estagnado na carreira, uma vaga s\u00eanior pode ser o grande sonho em 2024. Mas \u00e9 preciso estar preparado para esta oportunidade quando ela aparecer.\u00a0 Maria Eduarda Silveira, headhunter e s\u00f3cia fundadora da Bold HRO, aponta como se manter tranquilo e conquistar aquele salto na carreira. Uma das dicas \u00e9 ser objetivo na hora de fazer o curr\u00edculo.\u00a0<\/span><\/p>\n<blockquote>\n<h4 style=\"text-align: center\"><span style=\"color: #993300\"><strong>\u201cConforme acumulam experi\u00eancia ao longo da carreira, muitos profissionais acabam querendo colocar todas as viv\u00eancias no curr\u00edculo, o que faz com que ele fique muito longo e cansativo, correndo o risco de que o recrutador desista de ler o documento. Neste caso, a recomenda\u00e7\u00e3o \u00e9 deix\u00e1-lo direcionado, selecionando as experi\u00eancias mais relevantes e que mais tenham conex\u00e3o com a trajet\u00f3ria de carreira que a pessoa est\u00e1 desenhando para si\u201d, explica a executiva.<\/strong><\/span><\/h4>\n<\/blockquote>\n<h3><strong>Construa seu networking<\/strong><\/h3>\n<p><span style=\"font-weight: 400\">Silveira aconselha que o candidato n\u00e3o feche a porta para os recrutadores que entram em contato e que invista um tempo construindo o seu networking.\u00a0<\/span><span style=\"font-weight: 400\">\u201cOs headhunters est\u00e3o constantemente trabalhando novas e variadas vagas, por isso, mesmo que a oportunidade n\u00e3o seja interessante para a pessoa naquele momento, o recrutador ainda pode ser quem abrir\u00e1 uma nova porta para o profissional numa futura ocasi\u00e3o\u201d, conta a especialista.\u00a0\u00a0<\/span><\/p>\n<h3><strong>Cuidados na entrevista<\/strong><\/h3>\n<p><span style=\"font-weight: 400\">A entrevista para a vaga \u00e9 outro ponto fundamental do processo seletivo em v\u00e1rias empresas. Muitas delas optam, principalmente nas primeiras etapas, de realizar conversas a dist\u00e2ncia.\u00a0<\/span><\/p>\n<p><span style=\"font-weight: 400\">\u00a0Vitor Ferreira, gerente de RH do Grupo GR, conta que algumas atitudes podem fazer com que o candidato seja exclu\u00eddo nessa etapa mesmo sendo apto para a vaga.\u00a0<\/span><\/p>\n<ul>\n<li style=\"font-weight: 400\"><span style=\"font-weight: 400\">Na hora da entrevista, se voc\u00ea compartilha o computador com crian\u00e7as ou membros da fam\u00edlia, preste aten\u00e7\u00e3o no nome que vai aparecer nos aplicativos de confer\u00eancia remota. Troca de nomes pode parecer falta de organiza\u00e7\u00e3o ou aten\u00e7\u00e3o;<\/span><\/li>\n<li style=\"font-weight: 400\"><span style=\"font-weight: 400\">\u00c9 importante, em uma entrevista online, responder \u00e0s perguntas com objetividade e clareza, para que o selecionador n\u00e3o tenha d\u00favidas sobre o que foi dito. Isso n\u00e3o tem a ver com vocabul\u00e1rio rebuscado, mas com a exposi\u00e7\u00e3o clara das ideias;<\/span><\/li>\n<li style=\"font-weight: 400\"><span style=\"font-weight: 400\">Vista-se como se fosse participar de uma entrevista presencial. Isso demostra respeito e interesse pela vaga;<\/span><\/li>\n<li style=\"font-weight: 400\"><span style=\"font-weight: 400\">n\u00e3o deixe transparecer nervosismo ou ansiedade. \u00c9 importante controlar as emo\u00e7\u00f5es para que o selecionador possa fazer uma avalia\u00e7\u00e3o favor\u00e1vel da entrevista. Evite gaguejar nas respostas. Isso demonstra inseguran\u00e7a.<\/span><\/li>\n<\/ul>\n<section data-hb-type=\"ads\" name=\"adsMateria\" data-hb-position=\"after-content\" data-hb-provider=\"\">\n<hr\/>\n<\/section>\n<div id=\"share-modal\" class=\"share-modal\"> <button class=\"box-close btn-share\"> <img decoding=\"async\" src=\"https:\/\/istoedinheiro.com.br\/wp-content\/themes\/dinheiro-wp-theme\/assets\/img\/svg\/closeIcon.svg?x46096\" alt=\"Close icon\" class=\"close-btn lazy\"\/> <\/button><\/div>\n<\/p><\/div>\n<p><script>!function(f,b,e,v,n,t,s){if(f.fbq)return;n=f.fbq=function(){n.callMethod?n.callMethod.apply(n,arguments):n.queue.push(arguments)};if(!f._fbq)f._fbq=n;n.push=n;n.loaded=!0;n.version='2.0';n.queue=[];t=b.createElement(e);t.async=!0;t.src=v;s=b.getElementsByTagName(e)[0];s.parentNode.insertBefore(t,s)}(window,document,'script','<\/script><br \/>\n<br \/><br \/>\n<br \/><a href=\"https:\/\/istoedinheiro.com.br\/especialistas-dao-dicas-de-como-conseguir-o-emprego-dos-sonhos-em-2024\/\">Source link <\/a><\/p>\n<!-- CONTENT END 1 -->\n","protected":false},"excerpt":{"rendered":"<p>Bruno Pavani Bruno Pavan 02\/01\/2024 &#8211; 15:00 De acordo com informa\u00e7\u00f5es do Instituto Brasileiro de Geografia e Estat\u00edstica (IBGE), o Brasil vive a menor taxa&#8230;<\/p>\n","protected":false},"author":1,"featured_media":23543,"comment_status":"open","ping_status":"open","sticky":false,"template":"","format":"standard","meta":{"advanced_seo_description":"","jetpack_seo_html_title":"","jetpack_seo_noindex":false,"jetpack_post_was_ever_published":false,"_jetpack_newsletter_access":"","_jetpack_dont_email_post_to_subs":false,"_jetpack_newsletter_tier_id":0,"_jetpack_memberships_contains_paywalled_content":false,"_jetpack_memberships_contains_paid_content":false,"footnotes":"","jetpack_publicize_message":"","jetpack_publicize_feature_enabled":true,"jetpack_social_post_already_shared":true,"jetpack_social_options":{"image_generator_settings":{"template":"highway","default_image_id":0,"font":"","enabled":false},"version":2}},"categories":[7],"tags":[],"class_list":["post-23542","post","type-post","status-publish","format-standard","has-post-thumbnail","hentry","category-vagas-de-empregos-em-ribeirao-preto-regiao-brasil"],"jetpack_publicize_connections":[],"jetpack_featured_media_url":"https:\/\/i0.wp.com\/noticiasribeiraopreto.com.br\/wp-content\/uploads\/2024\/01\/carteiratrabalhodigital.jpg?fit=900%2C600&ssl=1","jetpack-related-posts":[{"id":35751,"url":"https:\/\/noticiasribeiraopreto.com.br\/index.php\/2024\/02\/07\/confira-10-dicas-para-sua-recolocacao-profissional-em-2024\/","url_meta":{"origin":23542,"position":0},"title":"Confira 10 dicas para sua recoloca\u00e7\u00e3o profissional em 2024","author":"noticiasribeiraopreto.com.br","date":"7 de February de 2024","format":false,"excerpt":"A recoloca\u00e7\u00e3o profissional \u00e9 um momento comum na carreira de qualquer trabalhador. Afinal, \u00e9 normal que, em determinado ponto da sua vida profissional, voc\u00ea veja a necessidade de se realocar no mercado, seja por conta de uma demiss\u00e3o ou por vontade de adquirir novas viv\u00eancias. Se voc\u00ea \u00e9 uma dessas\u2026","rel":"","context":"In &quot;Blog&quot;","block_context":{"text":"Blog","link":"https:\/\/noticiasribeiraopreto.com.br\/index.php\/category\/blog\/"},"img":{"alt_text":"","src":"https:\/\/i0.wp.com\/noticiasribeiraopreto.com.br\/wp-content\/uploads\/2024\/02\/recolocacao-profissional-02.jpg?fit=1200%2C675&ssl=1&resize=350%2C200","width":350,"height":200,"srcset":"https:\/\/i0.wp.com\/noticiasribeiraopreto.com.br\/wp-content\/uploads\/2024\/02\/recolocacao-profissional-02.jpg?fit=1200%2C675&ssl=1&resize=350%2C200 1x, https:\/\/i0.wp.com\/noticiasribeiraopreto.com.br\/wp-content\/uploads\/2024\/02\/recolocacao-profissional-02.jpg?fit=1200%2C675&ssl=1&resize=525%2C300 1.5x, https:\/\/i0.wp.com\/noticiasribeiraopreto.com.br\/wp-content\/uploads\/2024\/02\/recolocacao-profissional-02.jpg?fit=1200%2C675&ssl=1&resize=700%2C400 2x, https:\/\/i0.wp.com\/noticiasribeiraopreto.com.br\/wp-content\/uploads\/2024\/02\/recolocacao-profissional-02.jpg?fit=1200%2C675&ssl=1&resize=1050%2C600 3x"},"classes":[]},{"id":19381,"url":"https:\/\/noticiasribeiraopreto.com.br\/index.php\/2023\/12\/22\/terminei-o-ensino-medio-e-quero-trabalhar-como-conseguir-emprego-meu-valor-digital\/","url_meta":{"origin":23542,"position":1},"title":"Terminei o ensino m\u00e9dio e quero trabalhar, como conseguir emprego? &#8211; Meu Valor Digital","author":"noticiasribeiraopreto.com.br","date":"22 de December de 2023","format":false,"excerpt":"Terminei o ensino m\u00e9dio e quero trabalhar, como conseguir emprego? - Meu Valor Digital - Not\u00edcias atualizadas In\u00edcioChamadasTerminei o ensino m\u00e9dio e quero trabalhar, como conseguir emprego? Source link","rel":"","context":"In &quot;Vagas de Emprego em Ribeir\u00e3o Preto-SP&quot;","block_context":{"text":"Vagas de Emprego em Ribeir\u00e3o Preto-SP","link":"https:\/\/noticiasribeiraopreto.com.br\/index.php\/category\/empregos-classificados-vagas-trabalho\/vagas-de-empregos-em-ribeirao-preto-regiao-brasil\/"},"img":{"alt_text":"","src":"https:\/\/i0.wp.com\/noticiasribeiraopreto.com.br\/wp-content\/uploads\/2023\/12\/jovem-garota-trabalhando.jpg?fit=1200%2C800&ssl=1&resize=350%2C200","width":350,"height":200,"srcset":"https:\/\/i0.wp.com\/noticiasribeiraopreto.com.br\/wp-content\/uploads\/2023\/12\/jovem-garota-trabalhando.jpg?fit=1200%2C800&ssl=1&resize=350%2C200 1x, https:\/\/i0.wp.com\/noticiasribeiraopreto.com.br\/wp-content\/uploads\/2023\/12\/jovem-garota-trabalhando.jpg?fit=1200%2C800&ssl=1&resize=525%2C300 1.5x, https:\/\/i0.wp.com\/noticiasribeiraopreto.com.br\/wp-content\/uploads\/2023\/12\/jovem-garota-trabalhando.jpg?fit=1200%2C800&ssl=1&resize=700%2C400 2x, https:\/\/i0.wp.com\/noticiasribeiraopreto.com.br\/wp-content\/uploads\/2023\/12\/jovem-garota-trabalhando.jpg?fit=1200%2C800&ssl=1&resize=1050%2C600 3x"},"classes":[]},{"id":23853,"url":"https:\/\/noticiasribeiraopreto.com.br\/index.php\/2024\/01\/03\/8-profissoes-faceis-para-conseguir-emprego-meu-valor-digital\/","url_meta":{"origin":23542,"position":2},"title":"8 Profiss\u00f5es f\u00e1ceis para conseguir emprego &#8211; Meu Valor Digital","author":"noticiasribeiraopreto.com.br","date":"3 de January de 2024","format":false,"excerpt":"Em um mercado de trabalho t\u00e3o competitivo que exige tanto, saber onde focar suas energias para conseguir, de maneira mais f\u00e1cil, um emprego Uma boa escolha profissional pode ser a melhor op\u00e7\u00e3o nessa corrida por oportunidades. Escolher bem a sua profiss\u00e3o \u00e9 um fator determinante para saber se voc\u00ea ter\u00e1\u2026","rel":"","context":"In &quot;Vagas de Emprego em Ribeir\u00e3o Preto-SP&quot;","block_context":{"text":"Vagas de Emprego em Ribeir\u00e3o Preto-SP","link":"https:\/\/noticiasribeiraopreto.com.br\/index.php\/category\/empregos-classificados-vagas-trabalho\/vagas-de-empregos-em-ribeirao-preto-regiao-brasil\/"},"img":{"alt_text":"","src":"https:\/\/i0.wp.com\/noticiasribeiraopreto.com.br\/wp-content\/uploads\/2024\/01\/rapaz-fazendo-entrevista-de-emprego.jpg?fit=1200%2C801&ssl=1&resize=350%2C200","width":350,"height":200,"srcset":"https:\/\/i0.wp.com\/noticiasribeiraopreto.com.br\/wp-content\/uploads\/2024\/01\/rapaz-fazendo-entrevista-de-emprego.jpg?fit=1200%2C801&ssl=1&resize=350%2C200 1x, https:\/\/i0.wp.com\/noticiasribeiraopreto.com.br\/wp-content\/uploads\/2024\/01\/rapaz-fazendo-entrevista-de-emprego.jpg?fit=1200%2C801&ssl=1&resize=525%2C300 1.5x, https:\/\/i0.wp.com\/noticiasribeiraopreto.com.br\/wp-content\/uploads\/2024\/01\/rapaz-fazendo-entrevista-de-emprego.jpg?fit=1200%2C801&ssl=1&resize=700%2C400 2x, https:\/\/i0.wp.com\/noticiasribeiraopreto.com.br\/wp-content\/uploads\/2024\/01\/rapaz-fazendo-entrevista-de-emprego.jpg?fit=1200%2C801&ssl=1&resize=1050%2C600 3x"},"classes":[]},{"id":13983,"url":"https:\/\/noticiasribeiraopreto.com.br\/index.php\/2023\/12\/11\/confira-9-dicas-para-conseguir-emprego-sem-experiencia-em-2024\/","url_meta":{"origin":23542,"position":3},"title":"Confira 9 dicas para conseguir emprego sem experi\u00eancia em 2024","author":"noticiasribeiraopreto.com.br","date":"11 de December de 2023","format":false,"excerpt":"Procurar um emprego sem experi\u00eancia profissional pode ser um desafio, mas saiba que \u00e9 poss\u00edvel conquistar a t\u00e3o sonhada vaga de trabalho! Por isso, selecionamos nove dicas para voc\u00ea se preparar e ter um perfil profissional competitivo que o mercado espera. Se deseja saber mais sobre o assunto, confira como\u2026","rel":"","context":"In &quot;Blog&quot;","block_context":{"text":"Blog","link":"https:\/\/noticiasribeiraopreto.com.br\/index.php\/category\/blog\/"},"img":{"alt_text":"","src":"https:\/\/i0.wp.com\/noticiasribeiraopreto.com.br\/wp-content\/uploads\/2023\/12\/emprego-sem-experiencia.jpg?fit=1200%2C675&ssl=1&resize=350%2C200","width":350,"height":200,"srcset":"https:\/\/i0.wp.com\/noticiasribeiraopreto.com.br\/wp-content\/uploads\/2023\/12\/emprego-sem-experiencia.jpg?fit=1200%2C675&ssl=1&resize=350%2C200 1x, https:\/\/i0.wp.com\/noticiasribeiraopreto.com.br\/wp-content\/uploads\/2023\/12\/emprego-sem-experiencia.jpg?fit=1200%2C675&ssl=1&resize=525%2C300 1.5x, https:\/\/i0.wp.com\/noticiasribeiraopreto.com.br\/wp-content\/uploads\/2023\/12\/emprego-sem-experiencia.jpg?fit=1200%2C675&ssl=1&resize=700%2C400 2x, https:\/\/i0.wp.com\/noticiasribeiraopreto.com.br\/wp-content\/uploads\/2023\/12\/emprego-sem-experiencia.jpg?fit=1200%2C675&ssl=1&resize=1050%2C600 3x"},"classes":[]},{"id":15673,"url":"https:\/\/noticiasribeiraopreto.com.br\/index.php\/2023\/12\/14\/profissionais-se-candidatam-a-mais-empregos-usando-ia\/","url_meta":{"origin":23542,"position":4},"title":"Profissionais se candidatam a mais empregos usando IA","author":"noticiasribeiraopreto.com.br","date":"14 de December de 2023","format":false,"excerpt":"Dados do LinkedIn mostram que trabalhadores nos EUA e no Reino Unido est\u00e3o se candidatando a cerca de 15% mais cargos em 2023 do que no ano anterior Durante meses, Anshita Verma se candidatava a algumas vagas de emprego por dia. Agora, a cientista de dados de 26 anos consegue\u2026","rel":"","context":"In &quot;Blog&quot;","block_context":{"text":"Blog","link":"https:\/\/noticiasribeiraopreto.com.br\/index.php\/category\/blog\/"},"img":{"alt_text":"","src":"https:\/\/i0.wp.com\/noticiasribeiraopreto.com.br\/wp-content\/uploads\/2023\/12\/carreira-candidaturas-inteligencia-artificial-1-1024x683.jpg?fit=1024%2C683&ssl=1&resize=350%2C200","width":350,"height":200,"srcset":"https:\/\/i0.wp.com\/noticiasribeiraopreto.com.br\/wp-content\/uploads\/2023\/12\/carreira-candidaturas-inteligencia-artificial-1-1024x683.jpg?fit=1024%2C683&ssl=1&resize=350%2C200 1x, https:\/\/i0.wp.com\/noticiasribeiraopreto.com.br\/wp-content\/uploads\/2023\/12\/carreira-candidaturas-inteligencia-artificial-1-1024x683.jpg?fit=1024%2C683&ssl=1&resize=525%2C300 1.5x, https:\/\/i0.wp.com\/noticiasribeiraopreto.com.br\/wp-content\/uploads\/2023\/12\/carreira-candidaturas-inteligencia-artificial-1-1024x683.jpg?fit=1024%2C683&ssl=1&resize=700%2C400 2x"},"classes":[]},{"id":23426,"url":"https:\/\/noticiasribeiraopreto.com.br\/index.php\/2024\/01\/02\/os-7-paises-que-mais-contratam-brasileiros-para-trabalhar-meu-valor-digital\/","url_meta":{"origin":23542,"position":5},"title":"Os 7 pa\u00edses que mais contratam brasileiros para trabalhar &#8211; Meu Valor Digital","author":"noticiasribeiraopreto.com.br","date":"2 de January de 2024","format":false,"excerpt":"Voc\u00ea j\u00e1 se imaginou trabalhando e vivendo em outro pa\u00eds? Para muitos brasileiros essa quest\u00e3o n\u00e3o somente \u00e9 uma possibilidade como tamb\u00e9m uma realidade. Para se ter uma ideia. Dados do Itamaraty apontam que existam mais de 1,9 milh\u00f5es de brasileiros somente nos Estados Unidos. Mas afinal, quais s\u00e3o os\u2026","rel":"","context":"In &quot;Vagas de Emprego em Ribeir\u00e3o Preto-SP&quot;","block_context":{"text":"Vagas de Emprego em Ribeir\u00e3o Preto-SP","link":"https:\/\/noticiasribeiraopreto.com.br\/index.php\/category\/empregos-classificados-vagas-trabalho\/vagas-de-empregos-em-ribeirao-preto-regiao-brasil\/"},"img":{"alt_text":"","src":"https:\/\/i0.wp.com\/noticiasribeiraopreto.com.br\/wp-content\/uploads\/2024\/01\/jovem-brasileiro-no-exterior.jpg?fit=1200%2C800&ssl=1&resize=350%2C200","width":350,"height":200,"srcset":"https:\/\/i0.wp.com\/noticiasribeiraopreto.com.br\/wp-content\/uploads\/2024\/01\/jovem-brasileiro-no-exterior.jpg?fit=1200%2C800&ssl=1&resize=350%2C200 1x, https:\/\/i0.wp.com\/noticiasribeiraopreto.com.br\/wp-content\/uploads\/2024\/01\/jovem-brasileiro-no-exterior.jpg?fit=1200%2C800&ssl=1&resize=525%2C300 1.5x, https:\/\/i0.wp.com\/noticiasribeiraopreto.com.br\/wp-content\/uploads\/2024\/01\/jovem-brasileiro-no-exterior.jpg?fit=1200%2C800&ssl=1&resize=700%2C400 2x, https:\/\/i0.wp.com\/noticiasribeiraopreto.com.br\/wp-content\/uploads\/2024\/01\/jovem-brasileiro-no-exterior.jpg?fit=1200%2C800&ssl=1&resize=1050%2C600 3x"},"classes":[]}],"jetpack_sharing_enabled":true,"jetpack_shortlink":"https:\/\/wp.me\/peQAOb-67I","_links":{"self":[{"href":"https:\/\/noticiasribeiraopreto.com.br\/index.php\/wp-json\/wp\/v2\/posts\/23542","targetHints":{"allow":["GET"]}}],"collection":[{"href":"https:\/\/noticiasribeiraopreto.com.br\/index.php\/wp-json\/wp\/v2\/posts"}],"about":[{"href":"https:\/\/noticiasribeiraopreto.com.br\/index.php\/wp-json\/wp\/v2\/types\/post"}],"author":[{"embeddable":true,"href":"https:\/\/noticiasribeiraopreto.com.br\/index.php\/wp-json\/wp\/v2\/users\/1"}],"replies":[{"embeddable":true,"href":"https:\/\/noticiasribeiraopreto.com.br\/index.php\/wp-json\/wp\/v2\/comments?post=23542"}],"version-history":[{"count":0,"href":"https:\/\/noticiasribeiraopreto.com.br\/index.php\/wp-json\/wp\/v2\/posts\/23542\/revisions"}],"wp:featuredmedia":[{"embeddable":true,"href":"https:\/\/noticiasribeiraopreto.com.br\/index.php\/wp-json\/wp\/v2\/media\/23543"}],"wp:attachment":[{"href":"https:\/\/noticiasribeiraopreto.com.br\/index.php\/wp-json\/wp\/v2\/media?parent=23542"}],"wp:term":[{"taxonomy":"category","embeddable":true,"href":"https:\/\/noticiasribeiraopreto.com.br\/index.php\/wp-json\/wp\/v2\/categories?post=23542"},{"taxonomy":"post_tag","embeddable":true,"href":"https:\/\/noticiasribeiraopreto.com.br\/index.php\/wp-json\/wp\/v2\/tags?post=23542"}],"curies":[{"name":"wp","href":"https:\/\/api.w.org\/{rel}","templated":true}]}}