{"id":23544,"date":"2024-01-02T15:17:43","date_gmt":"2024-01-02T18:17:43","guid":{"rendered":"https:\/\/noticiasribeiraopreto.com.br\/index.php\/2024\/01\/02\/bolsonaro-curtiu-exercito-retoma-a-autorizacao-de-cacs-apos-um-ano-de-suspensao\/"},"modified":"2024-01-02T15:17:43","modified_gmt":"2024-01-02T18:17:43","slug":"bolsonaro-curtiu-exercito-retoma-a-autorizacao-de-cacs-apos-um-ano-de-suspensao","status":"publish","type":"post","link":"https:\/\/noticiasribeiraopreto.com.br\/index.php\/2024\/01\/02\/bolsonaro-curtiu-exercito-retoma-a-autorizacao-de-cacs-apos-um-ano-de-suspensao\/","title":{"rendered":"Bolsonaro curtiu? Ex\u00e9rcito retoma a autoriza\u00e7\u00e3o de CACs, ap\u00f3s um ano de suspens\u00e3o"},"content":{"rendered":"<div class='code-block code-block-1' style='margin: 8px 0 8px auto; text-align: right; display: block; clear: both;'>\n<p><a href=\"https:\/\/wa.link\/vpicfd\"><img data-recalc-dims=\"1\" class=\"wp-image-4922\" style=\"aspect-ratio: 2.0253164556962027; width: 561px; height: auto;\" src=\"https:\/\/i0.wp.com\/ismaelcolosi.com.br\/wp-content\/uploads\/2023\/11\/grupo-de-empregos-whatsapp-e-facebook-ismael-colosi-vagas.jpg?ssl=1\" alt=\"\" \/><\/a><\/p>\n<!-- \/wp:image -->\n<\/div>\n<p> <br \/>\n<\/p>\n<div id=\"js-first-letter\">\n<p>O Ex\u00e9rcito vai voltar a emitir, a partir deste m\u00eas, autoriza\u00e7\u00f5es para colecionadores de armas, atiradores desportivos e ca\u00e7adores (<strong>CACs<\/strong>).<\/p>\n<p>Os novos registros estavam suspensos desde o in\u00edcio do governo de Luiz In\u00e1cio Lula da Silva por decreto que reverteu a pol\u00edtica armamentista da gest\u00e3o de Jair Bolsonaro (PL).<\/p>\n<p>A retomada da emiss\u00e3o dos chamados Certificados de Registro (CR) foi expressa em um comunicado e em uma portaria do Ex\u00e9rcito do fim de dezembro.<\/p>\n<p>O mercado de armas aguardava a nova regulamenta\u00e7\u00e3o desde julho, quando um novo decreto de Lula sinalizou que a emiss\u00e3o de novos registros aconteceria a partir de uma delibera\u00e7\u00e3o do Ex\u00e9rcito.<\/p>\n<h3 class=\"wp-block-heading\" id=\"h-touros-e-ursos-haddad-bitcoin-petrobras-e-chatgpt-elegemos-os-melhores-do-ano-milei-e-barbie-perderam-aqui-esta-o-ranking\"><a href=\"https:\/\/youtu.be\/8uZaZgmJ8lI?si=o6WxqZmQH_v7hhYx\" target=\"_blank\" rel=\"noreferrer noopener\">TOUROS E URSOS &#8211; Haddad, Bitcoin, Petrobras e ChatGPT\u2026 Elegemos os melhores do ano (Milei e Barbie perderam) \u2014 aqui est\u00e1 o ranking<\/a><\/h3>\n<figure class=\"wp-block-embed is-type-video is-provider-youtube wp-block-embed-youtube wp-embed-aspect-16-9 wp-has-aspect-ratio\">\n<p>\n<iframe loading=\"lazy\" title=\"HADDAD, BITCOIN, PETROBRAS E MAIS... ELEGEMOS OS MELHORES DO ANO! (MILEI E BARBIE PERDERAM)\" width=\"500\" height=\"281\" src=\"https:\/\/www.youtube.com\/embed\/8uZaZgmJ8lI?feature=oembed\" frameborder=\"0\" allow=\"accelerometer; autoplay; clipboard-write; encrypted-media; gyroscope; picture-in-picture; web-share\" referrerpolicy=\"strict-origin-when-cross-origin\" allowfullscreen><\/iframe>\n<\/p>\n<\/figure>\n<h2 class=\"wp-block-heading\" id=\"h-exigencias-na-autorizacao-para-cacs\">Exig\u00eancias na autoriza\u00e7\u00e3o para CACs<\/h2>\n<p>A portaria dos militares traz uma s\u00e9rie de especifica\u00e7\u00f5es sobre o acesso de civis aos chamados produtos controlados.<\/p>\n<p>Uma das principais mudan\u00e7as \u00e9 referente ao prazo de validade dos CRs. Com Bolsonaro, ele era de dez anos. Agora, os documentos precisar\u00e3o de renova\u00e7\u00e3o a cada tr\u00eas anos.<\/p>\n<p>Al\u00e9m disso, todos os CRs emitidos antes das novas regras perder\u00e3o a validade em julho de 2026 e precisar\u00e3o ser renovados para que permane\u00e7am regulares.<\/p>\n<p>O Departamento de Fiscaliza\u00e7\u00e3o de Produtos Controlados do Ex\u00e9rcito publicou nota, em 22 de dezembro, destacando que as solicita\u00e7\u00f5es de interessados que j\u00e1 haviam sido enviadas ao Sistema de Gest\u00e3o Corporativo do Ex\u00e9rcito ser\u00e3o devolvidas para que a nova documenta\u00e7\u00e3o exigida seja anexada.<\/p>\n<p>Gra\u00e7as a medidas pr\u00f3-armas baixadas no governo Bolsonaro, os CACs se tornaram o maior segmento armado do Pa\u00eds.<\/p>\n<p>Em 2019, eram 197 mil. Em julho de 2023, 803 mil. Para efeito comparativo, estima-se em cerca de 406 mil o n\u00famero de policiais militares ativos de todos os Estados e em 365 mil o total de homens das For\u00e7as Armadas.<\/p>\n<\/div>\n<p><br \/>\n<br \/><a href=\"https:\/\/www.seudinheiro.com\/2024\/politica\/bolsonaro-curtiu-exercito-retoma-a-autorizacao-de-cacs-apos-um-ano-de-suspensao-vinp\/\">Source link <\/a><\/p>\n<!-- CONTENT END 1 -->\n","protected":false},"excerpt":{"rendered":"<p>O Ex\u00e9rcito vai voltar a emitir, a partir deste m\u00eas, autoriza\u00e7\u00f5es para colecionadores de armas, atiradores desportivos e ca\u00e7adores (CACs). Os novos registros estavam suspensos&#8230;<\/p>\n","protected":false},"author":1,"featured_media":23545,"comment_status":"open","ping_status":"open","sticky":false,"template":"","format":"standard","meta":{"advanced_seo_description":"","jetpack_seo_html_title":"","jetpack_seo_noindex":false,"jetpack_post_was_ever_published":false,"_jetpack_newsletter_access":"","_jetpack_dont_email_post_to_subs":false,"_jetpack_newsletter_tier_id":0,"_jetpack_memberships_contains_paywalled_content":false,"_jetpack_memberships_contains_paid_content":false,"footnotes":"","jetpack_publicize_message":"","jetpack_publicize_feature_enabled":true,"jetpack_social_post_already_shared":true,"jetpack_social_options":{"image_generator_settings":{"template":"highway","default_image_id":0,"font":"","enabled":false},"version":2}},"categories":[1235],"tags":[],"class_list":["post-23544","post","type-post","status-publish","format-standard","has-post-thumbnail","hentry","category-dinheiro-e-investimento-como-fazer-como-ganhar"],"jetpack_publicize_connections":[],"jetpack_featured_media_url":"https:\/\/i0.wp.com\/noticiasribeiraopreto.com.br\/wp-content\/uploads\/2024\/01\/loja-de-armas-shutterstock_1096565816-1-715x402.jpg?fit=715%2C402&ssl=1","jetpack-related-posts":[{"id":24920,"url":"https:\/\/noticiasribeiraopreto.com.br\/index.php\/2024\/01\/05\/registro-de-armas-de-fogo-em-2023-caiu-82-em-relacao-ao-ano-anterior\/","url_meta":{"origin":23544,"position":0},"title":"Registro de armas de fogo em 2023 caiu 82% em rela\u00e7\u00e3o ao ano anterior\u00a0","author":"noticiasribeiraopreto.com.br","date":"5 de January de 2024","format":false,"excerpt":"5 de janeiro de 2024 | 14:005 de janeiro de 2024 | 10:34 0O registro de novas armas de fogo para defesa pessoal de cidad\u00e3os que vivem no Brasil caiu em 2023. A redu\u00e7\u00e3o foi de quase 82% em rela\u00e7\u00e3o ao ano anterior. Segundo dados do Sistema Nacional de Armas\u2026","rel":"","context":"In &quot;Not\u00edcias de Ribeir\u00e3o Preto-SP e Regi\u00e3o&quot;","block_context":{"text":"Not\u00edcias de Ribeir\u00e3o Preto-SP e Regi\u00e3o","link":"https:\/\/noticiasribeiraopreto.com.br\/index.php\/category\/noticias-de-ribeirao-preto-sp-e-regiao-ismael-colosi\/"},"img":{"alt_text":"","src":"https:\/\/i0.wp.com\/noticiasribeiraopreto.com.br\/wp-content\/uploads\/2024\/01\/3-armas-diego-vara-reuters-scaled.jpg?fit=1000%2C598&ssl=1&resize=350%2C200","width":350,"height":200,"srcset":"https:\/\/i0.wp.com\/noticiasribeiraopreto.com.br\/wp-content\/uploads\/2024\/01\/3-armas-diego-vara-reuters-scaled.jpg?fit=1000%2C598&ssl=1&resize=350%2C200 1x, https:\/\/i0.wp.com\/noticiasribeiraopreto.com.br\/wp-content\/uploads\/2024\/01\/3-armas-diego-vara-reuters-scaled.jpg?fit=1000%2C598&ssl=1&resize=525%2C300 1.5x, https:\/\/i0.wp.com\/noticiasribeiraopreto.com.br\/wp-content\/uploads\/2024\/01\/3-armas-diego-vara-reuters-scaled.jpg?fit=1000%2C598&ssl=1&resize=700%2C400 2x"},"classes":[]},{"id":34921,"url":"https:\/\/noticiasribeiraopreto.com.br\/index.php\/2024\/02\/04\/ameaca-de-guerra-na-fronteira-por-que-o-exercito-enviou-misseis-e-blindados-para-reforcar-a-divisas-do-brasil-com-venezuela-em-roraima\/","url_meta":{"origin":23544,"position":1},"title":"Amea\u00e7a de guerra na fronteira: Por que o ex\u00e9rcito enviou m\u00edsseis e blindados para refor\u00e7ar a divisas do Brasil com Venezuela em Roraima?","author":"noticiasribeiraopreto.com.br","date":"4 de February de 2024","format":false,"excerpt":"O Ex\u00e9rcito Brasileiro enviou 50 viaturas para Roraima, das quais 28 tratam-se de ve\u00edculos blindados, em um movimento para refor\u00e7ar a fronteira do Brasil com a Venezuela e a Guiana. Os equipamentos foram recebidos na \u00faltima ter\u00e7a-feira (30) pelo General Tom\u00e1s Miguel Min\u00e9 Ribeiro Paiva, no Centro de Embarca\u00e7\u00f5es do\u2026","rel":"","context":"In &quot;Dinheiro e Investimento&quot;","block_context":{"text":"Dinheiro e Investimento","link":"https:\/\/noticiasribeiraopreto.com.br\/index.php\/category\/dinheiro-e-investimento-como-fazer-como-ganhar\/"},"img":{"alt_text":"","src":"https:\/\/i0.wp.com\/noticiasribeiraopreto.com.br\/wp-content\/uploads\/2024\/02\/Artes-SD-Mille1-715x402.jpg?fit=715%2C402&ssl=1&resize=350%2C200","width":350,"height":200,"srcset":"https:\/\/i0.wp.com\/noticiasribeiraopreto.com.br\/wp-content\/uploads\/2024\/02\/Artes-SD-Mille1-715x402.jpg?fit=715%2C402&ssl=1&resize=350%2C200 1x, https:\/\/i0.wp.com\/noticiasribeiraopreto.com.br\/wp-content\/uploads\/2024\/02\/Artes-SD-Mille1-715x402.jpg?fit=715%2C402&ssl=1&resize=525%2C300 1.5x, https:\/\/i0.wp.com\/noticiasribeiraopreto.com.br\/wp-content\/uploads\/2024\/02\/Artes-SD-Mille1-715x402.jpg?fit=715%2C402&ssl=1&resize=700%2C400 2x"},"classes":[]},{"id":66080,"url":"https:\/\/noticiasribeiraopreto.com.br\/index.php\/2025\/03\/27\/apos-virar-reu-bolsonaro-nega-decreto-de-golpe-de-estado\/","url_meta":{"origin":23544,"position":2},"title":"Ap\u00f3s virar r\u00e9u, Bolsonaro nega decreto de golpe de Estado","author":"noticiasribeiraopreto.com.br","date":"27 de March de 2025","format":false,"excerpt":"O ex-presidente Jair Bolsonaro se pronunciou nesta quarta-feira (26) ap\u00f3s tornar-se r\u00e9u por tentativa de golpe de Estado, negando veementemente as acusa\u00e7\u00f5es de que teria articulado uma minuta golpista com os comandantes das For\u00e7as Armadas para suspender as elei\u00e7\u00f5es de 2022. A den\u00fancia da Procuradoria-Geral da Rep\u00fablica (PGR) sustenta que,\u2026","rel":"","context":"In &quot;Not\u00edcias de Ribeir\u00e3o Preto-SP e Regi\u00e3o&quot;","block_context":{"text":"Not\u00edcias de Ribeir\u00e3o Preto-SP e Regi\u00e3o","link":"https:\/\/noticiasribeiraopreto.com.br\/index.php\/category\/noticias-de-ribeirao-preto-sp-e-regiao-ismael-colosi\/"},"img":{"alt_text":"","src":"https:\/\/i0.wp.com\/noticiasribeiraopreto.com.br\/wp-content\/uploads\/2025\/03\/lula6182.webp.webp?fit=1170%2C700&ssl=1&resize=350%2C200","width":350,"height":200,"srcset":"https:\/\/i0.wp.com\/noticiasribeiraopreto.com.br\/wp-content\/uploads\/2025\/03\/lula6182.webp.webp?fit=1170%2C700&ssl=1&resize=350%2C200 1x, https:\/\/i0.wp.com\/noticiasribeiraopreto.com.br\/wp-content\/uploads\/2025\/03\/lula6182.webp.webp?fit=1170%2C700&ssl=1&resize=525%2C300 1.5x, https:\/\/i0.wp.com\/noticiasribeiraopreto.com.br\/wp-content\/uploads\/2025\/03\/lula6182.webp.webp?fit=1170%2C700&ssl=1&resize=700%2C400 2x, https:\/\/i0.wp.com\/noticiasribeiraopreto.com.br\/wp-content\/uploads\/2025\/03\/lula6182.webp.webp?fit=1170%2C700&ssl=1&resize=1050%2C600 3x"},"classes":[]},{"id":46206,"url":"https:\/\/noticiasribeiraopreto.com.br\/index.php\/2024\/04\/10\/concurso-exercito-2024-1-100-vagas-abertas-com-salario-de-r-38-mil-veja-como-se-candidatar\/","url_meta":{"origin":23544,"position":3},"title":"Concurso Ex\u00e9rcito 2024: 1.100 vagas abertas com sal\u00e1rio de R$ 3,8 mil; Veja como se candidatar","author":"noticiasribeiraopreto.com.br","date":"10 de April de 2024","format":false,"excerpt":"Os brasileiros interessados em se tornar servidores p\u00fablicos do Ex\u00e9rcito j\u00e1 podem se inscrever para o novo concurso do Ex\u00e9rcito 2024. H\u00e1 oportunidades para sargentos na Escola Superior das Armas (ESA), com 1.100 vagas nas \u00e1reas de generalidade, m\u00fasica e sa\u00fade. Candidatos de ambos os sexos podem se candidatar a\u2026","rel":"","context":"In &quot;Empregos - Classificados&quot;","block_context":{"text":"Empregos - Classificados","link":"https:\/\/noticiasribeiraopreto.com.br\/index.php\/category\/empregos-classificados-vagas-trabalho\/"},"img":{"alt_text":"","src":"https:\/\/i0.wp.com\/noticiasribeiraopreto.com.br\/wp-content\/uploads\/2024\/04\/celular.webp.webp?fit=1200%2C630&ssl=1&resize=350%2C200","width":350,"height":200,"srcset":"https:\/\/i0.wp.com\/noticiasribeiraopreto.com.br\/wp-content\/uploads\/2024\/04\/celular.webp.webp?fit=1200%2C630&ssl=1&resize=350%2C200 1x, https:\/\/i0.wp.com\/noticiasribeiraopreto.com.br\/wp-content\/uploads\/2024\/04\/celular.webp.webp?fit=1200%2C630&ssl=1&resize=525%2C300 1.5x, https:\/\/i0.wp.com\/noticiasribeiraopreto.com.br\/wp-content\/uploads\/2024\/04\/celular.webp.webp?fit=1200%2C630&ssl=1&resize=700%2C400 2x, https:\/\/i0.wp.com\/noticiasribeiraopreto.com.br\/wp-content\/uploads\/2024\/04\/celular.webp.webp?fit=1200%2C630&ssl=1&resize=1050%2C600 3x"},"classes":[]},{"id":22238,"url":"https:\/\/noticiasribeiraopreto.com.br\/index.php\/2023\/12\/29\/faturando-ate-r-17-mil-mensais-conheca-a-incrivel-realidade-dos-brasileiros-no-exercito-australiano\/","url_meta":{"origin":23544,"position":4},"title":"Faturando at\u00e9 R$ 17 mil mensais, conhe\u00e7a a incr\u00edvel realidade dos BRASILEIROS no ex\u00e9rcito australiano","author":"noticiasribeiraopreto.com.br","date":"29 de December de 2023","format":false,"excerpt":"Foto: EXtend US O ex\u00e9rcito australiano regularmente abre oportunidades de carreira para militares estrangeiros e ex-militares, incluindo aqueles que foram transferidos para a reserva remunerada ou n\u00e3o remunerada nos \u00faltimos tr\u00eas anos. Segundo informa\u00e7\u00f5es da Revista Sociedade Militar, o pr\u00f3ximo per\u00edodo de inscri\u00e7\u00f5es est\u00e1 programado para iniciar em 1\u00ba de\u2026","rel":"","context":"In &quot;Vagas de Emprego em Ribeir\u00e3o Preto-SP&quot;","block_context":{"text":"Vagas de Emprego em Ribeir\u00e3o Preto-SP","link":"https:\/\/noticiasribeiraopreto.com.br\/index.php\/category\/empregos-classificados-vagas-trabalho\/vagas-de-empregos-em-ribeirao-preto-regiao-brasil\/"},"img":{"alt_text":"","src":"https:\/\/i0.wp.com\/noticiasribeiraopreto.com.br\/wp-content\/uploads\/2023\/12\/Faturando-ate-R-17-mil-mensais-conheca-a-incrivel-realidade-dos-BRASILEIROS-no-exercito-australiano-830x450.jpg?fit=830%2C450&ssl=1&resize=350%2C200","width":350,"height":200,"srcset":"https:\/\/i0.wp.com\/noticiasribeiraopreto.com.br\/wp-content\/uploads\/2023\/12\/Faturando-ate-R-17-mil-mensais-conheca-a-incrivel-realidade-dos-BRASILEIROS-no-exercito-australiano-830x450.jpg?fit=830%2C450&ssl=1&resize=350%2C200 1x, https:\/\/i0.wp.com\/noticiasribeiraopreto.com.br\/wp-content\/uploads\/2023\/12\/Faturando-ate-R-17-mil-mensais-conheca-a-incrivel-realidade-dos-BRASILEIROS-no-exercito-australiano-830x450.jpg?fit=830%2C450&ssl=1&resize=525%2C300 1.5x, https:\/\/i0.wp.com\/noticiasribeiraopreto.com.br\/wp-content\/uploads\/2023\/12\/Faturando-ate-R-17-mil-mensais-conheca-a-incrivel-realidade-dos-BRASILEIROS-no-exercito-australiano-830x450.jpg?fit=830%2C450&ssl=1&resize=700%2C400 2x"},"classes":[]},{"id":65862,"url":"https:\/\/noticiasribeiraopreto.com.br\/index.php\/2025\/03\/25\/stf-decide-hoje-se-bolsonaro-e-aliados-serao-reus-por-tentativa-de-golpe-de-estado\/","url_meta":{"origin":23544,"position":5},"title":"STF Decide Hoje se Bolsonaro e Aliados Ser\u00e3o R\u00e9us por Tentativa de Golpe de Estado","author":"noticiasribeiraopreto.com.br","date":"25 de March de 2025","format":false,"excerpt":"O Supremo Tribunal Federal (STF) inicia nesta ter\u00e7a-feira, 25 de mar\u00e7o de 2025, o julgamento que determinar\u00e1 se o ex-presidente Jair Bolsonaro e outros sete acusados se tornar\u00e3o r\u00e9us em uma a\u00e7\u00e3o penal por suposta tentativa de golpe de Estado ap\u00f3s as elei\u00e7\u00f5es de 2022. A decis\u00e3o ser\u00e1 tomada pela\u2026","rel":"","context":"In &quot;Not\u00edcias de Ribeir\u00e3o Preto-SP e Regi\u00e3o&quot;","block_context":{"text":"Not\u00edcias de Ribeir\u00e3o Preto-SP e Regi\u00e3o","link":"https:\/\/noticiasribeiraopreto.com.br\/index.php\/category\/noticias-de-ribeirao-preto-sp-e-regiao-ismael-colosi\/"},"img":{"alt_text":"","src":"https:\/\/i0.wp.com\/noticiasribeiraopreto.com.br\/wp-content\/uploads\/2025\/03\/2023-04-14T183421Z_1_LYNXMPEJ3D0QL_RTROPTP_4_BRAZIL-POLITICS-BOLSONARO_binary_325234-1.jpg?fit=1200%2C800&ssl=1&resize=350%2C200","width":350,"height":200,"srcset":"https:\/\/i0.wp.com\/noticiasribeiraopreto.com.br\/wp-content\/uploads\/2025\/03\/2023-04-14T183421Z_1_LYNXMPEJ3D0QL_RTROPTP_4_BRAZIL-POLITICS-BOLSONARO_binary_325234-1.jpg?fit=1200%2C800&ssl=1&resize=350%2C200 1x, https:\/\/i0.wp.com\/noticiasribeiraopreto.com.br\/wp-content\/uploads\/2025\/03\/2023-04-14T183421Z_1_LYNXMPEJ3D0QL_RTROPTP_4_BRAZIL-POLITICS-BOLSONARO_binary_325234-1.jpg?fit=1200%2C800&ssl=1&resize=525%2C300 1.5x, https:\/\/i0.wp.com\/noticiasribeiraopreto.com.br\/wp-content\/uploads\/2025\/03\/2023-04-14T183421Z_1_LYNXMPEJ3D0QL_RTROPTP_4_BRAZIL-POLITICS-BOLSONARO_binary_325234-1.jpg?fit=1200%2C800&ssl=1&resize=700%2C400 2x, https:\/\/i0.wp.com\/noticiasribeiraopreto.com.br\/wp-content\/uploads\/2025\/03\/2023-04-14T183421Z_1_LYNXMPEJ3D0QL_RTROPTP_4_BRAZIL-POLITICS-BOLSONARO_binary_325234-1.jpg?fit=1200%2C800&ssl=1&resize=1050%2C600 3x"},"classes":[]}],"jetpack_sharing_enabled":true,"jetpack_shortlink":"https:\/\/wp.me\/peQAOb-67K","_links":{"self":[{"href":"https:\/\/noticiasribeiraopreto.com.br\/index.php\/wp-json\/wp\/v2\/posts\/23544","targetHints":{"allow":["GET"]}}],"collection":[{"href":"https:\/\/noticiasribeiraopreto.com.br\/index.php\/wp-json\/wp\/v2\/posts"}],"about":[{"href":"https:\/\/noticiasribeiraopreto.com.br\/index.php\/wp-json\/wp\/v2\/types\/post"}],"author":[{"embeddable":true,"href":"https:\/\/noticiasribeiraopreto.com.br\/index.php\/wp-json\/wp\/v2\/users\/1"}],"replies":[{"embeddable":true,"href":"https:\/\/noticiasribeiraopreto.com.br\/index.php\/wp-json\/wp\/v2\/comments?post=23544"}],"version-history":[{"count":0,"href":"https:\/\/noticiasribeiraopreto.com.br\/index.php\/wp-json\/wp\/v2\/posts\/23544\/revisions"}],"wp:featuredmedia":[{"embeddable":true,"href":"https:\/\/noticiasribeiraopreto.com.br\/index.php\/wp-json\/wp\/v2\/media\/23545"}],"wp:attachment":[{"href":"https:\/\/noticiasribeiraopreto.com.br\/index.php\/wp-json\/wp\/v2\/media?parent=23544"}],"wp:term":[{"taxonomy":"category","embeddable":true,"href":"https:\/\/noticiasribeiraopreto.com.br\/index.php\/wp-json\/wp\/v2\/categories?post=23544"},{"taxonomy":"post_tag","embeddable":true,"href":"https:\/\/noticiasribeiraopreto.com.br\/index.php\/wp-json\/wp\/v2\/tags?post=23544"}],"curies":[{"name":"wp","href":"https:\/\/api.w.org\/{rel}","templated":true}]}}