{"id":23548,"date":"2024-01-02T15:27:46","date_gmt":"2024-01-02T18:27:46","guid":{"rendered":"https:\/\/noticiasribeiraopreto.com.br\/index.php\/2024\/01\/02\/veja-3-carreiras-que-podem-ser-destaques-em-2024-e-como-se-preparar-para-elas\/"},"modified":"2024-01-02T15:27:46","modified_gmt":"2024-01-02T18:27:46","slug":"veja-3-carreiras-que-podem-ser-destaques-em-2024-e-como-se-preparar-para-elas","status":"publish","type":"post","link":"https:\/\/noticiasribeiraopreto.com.br\/index.php\/2024\/01\/02\/veja-3-carreiras-que-podem-ser-destaques-em-2024-e-como-se-preparar-para-elas\/","title":{"rendered":"Veja 3 carreiras que podem ser destaques em 2024 e como se preparar para elas"},"content":{"rendered":"<div class='code-block code-block-1' style='margin: 8px 0 8px auto; text-align: right; display: block; clear: both;'>\n<p><a href=\"https:\/\/wa.link\/vpicfd\"><img data-recalc-dims=\"1\" class=\"wp-image-4922\" style=\"aspect-ratio: 2.0253164556962027; width: 561px; height: auto;\" src=\"https:\/\/i0.wp.com\/ismaelcolosi.com.br\/wp-content\/uploads\/2023\/11\/grupo-de-empregos-whatsapp-e-facebook-ismael-colosi-vagas.jpg?ssl=1\" alt=\"\" \/><\/a><\/p>\n<!-- \/wp:image -->\n<\/div>\n<p> <br \/>\n<\/p>\n<div>\n<p>O ano de 2024 promete ser um ano de muitas oportunidades para quem busca se inserir ou se recolocar no mercado de trabalho. Com a retomada da economia e a acelera\u00e7\u00e3o da transforma\u00e7\u00e3o digital, algumas <strong>carreiras<\/strong> se destacam como as mais promissoras e lucrativas para o pr\u00f3ximo ano. Mas quais s\u00e3o elas e como se preparar para elas?<\/p>\n<p>Antes de conhecer as carreiras que v\u00e3o bombar em 2024, \u00e9 importante entender por que o ensino t\u00e9cnico e profissionalizante \u00e9 uma boa op\u00e7\u00e3o para se qualificar para elas. Segundo um estudo liderado por Ricardo Paes de Barros, pesquisador do Insper, o ensino t\u00e9cnico e profissionalizante destaca-se como um catalisador significativo para a ocupa\u00e7\u00e3o e remunera\u00e7\u00e3o dos trabalhadores.<\/p>\n<p>Este estudo revela que quem possui alguma qualifica\u00e7\u00e3o pode aumentar as chances de empregabilidade em 7,6 pontos percentuais em compara\u00e7\u00e3o com aqueles que possuem apenas forma\u00e7\u00e3o no ensino m\u00e9dio regular. Al\u00e9m disso, a forma\u00e7\u00e3o t\u00e9cnica proporciona um incremento de 32% na remunera\u00e7\u00e3o ao longo da vida.<\/p>\n<p>Em conson\u00e2ncia com esses dados, as perspectivas para o mercado de trabalho brasileiro em 2024 s\u00e3o otimistas, impulsionadas por uma recupera\u00e7\u00e3o econ\u00f4mica robusta.\u00a0<\/p>\n<p>De acordo com a pesquisa da Robert Half, 55% das empresas est\u00e3o mais confiantes para o pr\u00f3ximo ano, e 54% planejam abrir novas vagas de trabalho. Este cen\u00e1rio positivo \u00e9 alimentado pela queda nas taxas de juros e pelo controle dos gastos fiscais, incentivando as empresas a se prepararem para aumentar investimentos e, consequentemente, gerar empregos em diversos setores.<\/p>\n<p>\u201c<em>Com o ambiente profissional em constante transforma\u00e7\u00e3o, \u00e9 crucial estar atento \u00e0s tend\u00eancias de mercado e \u00e0s oportunidades de carreira que se destacam. Para o ano de 2024, algumas \u00e1reas emergem como promissoras, oferecendo tanto oportunidades de emprego quanto perspectivas empreendedoras<\/em>\u201d, comenta Pedro Paix\u00e3o, CEO da rede de escolas de ensino profissionalizante Ultra Cursos.<\/p>\n<h2>Quais s\u00e3o as 3 carreiras que v\u00e3o bombar em 2024?<\/h2>\n<p>Agora que voc\u00ea j\u00e1 sabe por que o ensino t\u00e9cnico e profissionalizante \u00e9 uma boa op\u00e7\u00e3o para se qualificar, vamos conhecer as tr\u00eas carreiras que v\u00e3o bombar em 2024 e como voc\u00ea pode se preparar para elas.<\/p>\n<h3>Desenvolvedor de Games<\/h3>\n<p>A \u00e1rea de desenvolvimento de jogos, embora relativamente nova, tornou-se uma das mais bem remuneradas no mercado atual. Al\u00e9m dos benef\u00edcios financeiros, destaca-se a flexibilidade proporcionada pelo trabalho remoto (home office). Profissionais nesse setor t\u00eam a oportunidade \u00fanica de dar vida a mundos virtuais, proporcionando entretenimento para milh\u00f5es de pessoas. A constante demanda por inova\u00e7\u00e3o e criatividade faz com que o desenvolvimento de jogos seja uma escolha empolgante e lucrativa para os aspirantes a profissionais da \u00e1rea de tecnologia. Tida como uma das mais promissoras, o sal\u00e1rio para esta profiss\u00e3o pode chegar at\u00e9 R$ 12 mil.<\/p>\n<p>Para se tornar um desenvolvedor de games, \u00e9 preciso ter conhecimentos em programa\u00e7\u00e3o, design, anima\u00e7\u00e3o, modelagem 3D, entre outras habilidades. Uma forma de adquirir esses conhecimentos \u00e9 atrav\u00e9s de um curso t\u00e9cnico ou profissionalizante na \u00e1rea, que oferece uma forma\u00e7\u00e3o r\u00e1pida e pr\u00e1tica, focada nas demandas do mercado. Al\u00e9m disso, \u00e9 importante ter um portf\u00f3lio de projetos que demonstre sua capacidade e criatividade.<\/p>\n<h3>Marketing Digital<\/h3>\n<p>O marketing digital continua a ser uma \u00e1rea de destaque, estando diretamente ligado ao desenvolvimento e cria\u00e7\u00e3o tecnol\u00f3gica. Al\u00e9m da possibilidade de trabalhar para grandes empresas, o profissional tamb\u00e9m pode empreender no seu pr\u00f3prio neg\u00f3cio. A conex\u00e3o com a tecnologia faz do marketing digital uma carreira vers\u00e1til e em constante crescimento, com um sal\u00e1rio m\u00e9dio de R$ 2.267,25, podendo chegar a R$ 6.577,00 com a experi\u00eancia.<\/p>\n<p>Para se tornar um profissional de marketing digital, \u00e9 preciso ter conhecimentos em estrat\u00e9gias de comunica\u00e7\u00e3o, an\u00e1lise de dados, SEO, redes sociais, e-mail marketing, entre outras ferramentas. Um curso t\u00e9cnico ou profissionalizante na \u00e1rea pode ser uma \u00f3tima forma de se capacitar para esse mercado, que exige atualiza\u00e7\u00e3o constante e vis\u00e3o estrat\u00e9gica. Al\u00e9m disso, \u00e9 importante ter um bom relacionamento com os clientes e saber mensurar os resultados das a\u00e7\u00f5es.<\/p>\n<h3>Extens\u00e3o de C\u00edlios<\/h3>\n<p>A conex\u00e3o entre sa\u00fade e est\u00e9tica \u00e9 evidente na ascens\u00e3o da carreira de extens\u00e3o de c\u00edlios. Al\u00e9m de poder se tornar uma refer\u00eancia no local de trabalho e na comunidade, os profissionais dessa \u00e1rea t\u00eam a oportunidade de trabalhar tanto com clientes individuais quanto com grandes empresas do setor. A versatilidade se estende \u00e0 possibilidade de expandir o neg\u00f3cio, oferecendo aulas e cursos, consolidando-se como um empreendedor no campo da beleza e est\u00e9tica. A m\u00e9dia salarial inicial para esta profiss\u00e3o \u00e9 de R$ 2.500,00.<\/p>\n<p>Para se tornar um profissional de extens\u00e3o de c\u00edlios, \u00e9 preciso ter conhecimentos em anatomia, fisiologia, higiene, biosseguran\u00e7a, t\u00e9cnicas de aplica\u00e7\u00e3o, remo\u00e7\u00e3o e manuten\u00e7\u00e3o dos c\u00edlios, entre outras compet\u00eancias. Um curso t\u00e9cnico ou profissionalizante na \u00e1rea pode ser uma excelente forma de se qualificar para esse mercado, que exige habilidade, cuidado e aten\u00e7\u00e3o aos detalhes. Al\u00e9m disso, \u00e9 importante ter um bom atendimento ao cliente e saber divulgar seu trabalho nas redes sociais.<\/p>\n<h2>Como se preparar para as carreiras que v\u00e3o bombar em 2024?<\/h2>\n<p>Como voc\u00ea pode ver, as carreiras que v\u00e3o bombar em 2024 s\u00e3o \u00e1reas que unem inova\u00e7\u00e3o, criatividade e demanda crescente. Para se preparar para elas, \u00e9 importante investir em uma forma\u00e7\u00e3o t\u00e9cnica ou profissionalizante, que oferece uma qualifica\u00e7\u00e3o r\u00e1pida, pr\u00e1tica e focada nas necessidades do mercado. Al\u00e9m disso, \u00e9 importante ter um diferencial competitivo, como um portf\u00f3lio, um bom relacionamento com os clientes e uma vis\u00e3o empreendedora.<\/p>\n<p>\u201c<em>As oportunidades est\u00e3o \u00e0 disposi\u00e7\u00e3o para aqueles que buscam se destacar em \u00e1reas que prometem n\u00e3o apenas empregos, mas tamb\u00e9m a possibilidade de empreender e moldar o pr\u00f3prio caminho profissional<\/em>\u201d, finaliza Paix\u00e3o.<\/p>\n<p>+++Acompanhe as principais informa\u00e7\u00f5es sobre o <a href=\"https:\/\/jcconcursos.com.br\/noticia\/empregos\">mercado de trabalho no JC Concursos<\/a><\/p>\n<p><a id=\"gnews_btn\" href=\"https:\/\/news.google.com\/publications\/CAAqBwgKMOixlQswuZWrAw\" target=\"_blank\" class=\"border_jc_blue link_hover_bg_jc_blue font_85 d-block d-md-inline-block px-2 py-1 mr-0 mr-md-2 mb-3 w-100 text-center\" rel=\"noopener\"><span class=\"text_jc_blue\">Siga o <strong>JC Concursos no Google News<\/strong><\/span><\/a><a href=\"https:\/\/jcconcursos.com.br\/empregos\/\" class=\"badge badge-light\">empregos<\/a><a href=\"https:\/\/jcconcursos.com.br\/empregos\/\" class=\"badge badge-light\">est\u00e1gios<\/a><a href=\"https:\/\/jcconcursos.com.br\/empregos\/\" class=\"badge badge-light\">trainees<\/a><\/p>\n<\/div>\n<p><br \/>\n<br \/><a href=\"https:\/\/ismaelcolosi.com.br\/veja-3-carreiras-que-podem-ser-destaques-em-2024-e-como-se-preparar-para-elas\/\">Source link <\/a><\/p>\n<!-- CONTENT END 1 -->\n","protected":false},"excerpt":{"rendered":"<p>O ano de 2024 promete ser um ano de muitas oportunidades para quem busca se inserir ou se recolocar no mercado de trabalho. Com a&#8230;<\/p>\n","protected":false},"author":1,"featured_media":23549,"comment_status":"open","ping_status":"open","sticky":false,"template":"","format":"standard","meta":{"advanced_seo_description":"","jetpack_seo_html_title":"","jetpack_seo_noindex":false,"jetpack_post_was_ever_published":false,"_jetpack_newsletter_access":"","_jetpack_dont_email_post_to_subs":false,"_jetpack_newsletter_tier_id":0,"_jetpack_memberships_contains_paywalled_content":false,"_jetpack_memberships_contains_paid_content":false,"footnotes":"","jetpack_publicize_message":"","jetpack_publicize_feature_enabled":true,"jetpack_social_post_already_shared":true,"jetpack_social_options":{"image_generator_settings":{"template":"highway","default_image_id":0,"font":"","enabled":false},"version":2}},"categories":[7],"tags":[],"class_list":["post-23548","post","type-post","status-publish","format-standard","has-post-thumbnail","hentry","category-vagas-de-empregos-em-ribeirao-preto-regiao-brasil"],"jetpack_publicize_connections":[],"jetpack_featured_media_url":"https:\/\/i0.wp.com\/noticiasribeiraopreto.com.br\/wp-content\/uploads\/2024\/01\/jovens_no_trabalho_emprego_-_foto_canvajc_concursos.jpg?fit=1920%2C1080&ssl=1","jetpack-related-posts":[{"id":40972,"url":"https:\/\/noticiasribeiraopreto.com.br\/index.php\/2024\/03\/06\/como-voce-se-ve-daqui-a-5-anos-7-dicas-para-responder\/","url_meta":{"origin":23548,"position":0},"title":"Como voc\u00ea se v\u00ea daqui a 5 anos: 7 dicas para responder","author":"noticiasribeiraopreto.com.br","date":"6 de March de 2024","format":false,"excerpt":"Voc\u00ea j\u00e1 participou de uma entrevista de emprego e recebeu a seguinte pergunta do recrutador: \u201ccomo voc\u00ea se v\u00ea daqui a 5 anos?\u201d O processo seletivo para entrar em uma nova vaga de emprego nem sempre \u00e9 algo f\u00e1cil, afinal, s\u00e3o feitas diversas perguntas, testes e din\u00e2micas para entender se\u2026","rel":"","context":"In &quot;Blog&quot;","block_context":{"text":"Blog","link":"https:\/\/noticiasribeiraopreto.com.br\/index.php\/category\/blog\/"},"img":{"alt_text":"","src":"https:\/\/i0.wp.com\/noticiasribeiraopreto.com.br\/wp-content\/uploads\/2024\/03\/como-voce-se-ve-daqui-a-5-anos.jpg?fit=1200%2C675&ssl=1&resize=350%2C200","width":350,"height":200,"srcset":"https:\/\/i0.wp.com\/noticiasribeiraopreto.com.br\/wp-content\/uploads\/2024\/03\/como-voce-se-ve-daqui-a-5-anos.jpg?fit=1200%2C675&ssl=1&resize=350%2C200 1x, https:\/\/i0.wp.com\/noticiasribeiraopreto.com.br\/wp-content\/uploads\/2024\/03\/como-voce-se-ve-daqui-a-5-anos.jpg?fit=1200%2C675&ssl=1&resize=525%2C300 1.5x, https:\/\/i0.wp.com\/noticiasribeiraopreto.com.br\/wp-content\/uploads\/2024\/03\/como-voce-se-ve-daqui-a-5-anos.jpg?fit=1200%2C675&ssl=1&resize=700%2C400 2x, https:\/\/i0.wp.com\/noticiasribeiraopreto.com.br\/wp-content\/uploads\/2024\/03\/como-voce-se-ve-daqui-a-5-anos.jpg?fit=1200%2C675&ssl=1&resize=1050%2C600 3x"},"classes":[]},{"id":12606,"url":"https:\/\/noticiasribeiraopreto.com.br\/index.php\/2023\/12\/08\/inscricoes-para-processo-seletivo-da-supergasbras-terminam-no-domingo-10\/","url_meta":{"origin":23548,"position":1},"title":"Inscri\u00e7\u00f5es para processo seletivo da Supergasbras terminam no domingo (10)","author":"noticiasribeiraopreto.com.br","date":"8 de December de 2023","format":false,"excerpt":"A Supergasbras, empresa do grupo SHV Energy especializada na distribui\u00e7\u00e3o de GLP, encerrar\u00e1 o prazo de inscri\u00e7\u00f5es para seu novo programa de est\u00e1gio no pr\u00f3ximo dia 10 de dezembro. S\u00e3o oferecidas 40 vagas para estudantes do ensino superior de diversas \u00e1reas e todas as oportunidades do processo seletivo da Supergasbras\u2026","rel":"","context":"In &quot;Vagas de Emprego em Ribeir\u00e3o Preto-SP&quot;","block_context":{"text":"Vagas de Emprego em Ribeir\u00e3o Preto-SP","link":"https:\/\/noticiasribeiraopreto.com.br\/index.php\/category\/empregos-classificados-vagas-trabalho\/vagas-de-empregos-em-ribeirao-preto-regiao-brasil\/"},"img":{"alt_text":"","src":"https:\/\/i0.wp.com\/noticiasribeiraopreto.com.br\/wp-content\/uploads\/2023\/12\/1702042429_supergasbras-novo-divulgacao.jpg?fit=1200%2C675&ssl=1&resize=350%2C200","width":350,"height":200,"srcset":"https:\/\/i0.wp.com\/noticiasribeiraopreto.com.br\/wp-content\/uploads\/2023\/12\/1702042429_supergasbras-novo-divulgacao.jpg?fit=1200%2C675&ssl=1&resize=350%2C200 1x, https:\/\/i0.wp.com\/noticiasribeiraopreto.com.br\/wp-content\/uploads\/2023\/12\/1702042429_supergasbras-novo-divulgacao.jpg?fit=1200%2C675&ssl=1&resize=525%2C300 1.5x, https:\/\/i0.wp.com\/noticiasribeiraopreto.com.br\/wp-content\/uploads\/2023\/12\/1702042429_supergasbras-novo-divulgacao.jpg?fit=1200%2C675&ssl=1&resize=700%2C400 2x, https:\/\/i0.wp.com\/noticiasribeiraopreto.com.br\/wp-content\/uploads\/2023\/12\/1702042429_supergasbras-novo-divulgacao.jpg?fit=1200%2C675&ssl=1&resize=1050%2C600 3x"},"classes":[]},{"id":41504,"url":"https:\/\/noticiasribeiraopreto.com.br\/index.php\/2024\/03\/08\/senac-oferece-vagas-para-cursos-tecnicos-e-profissionalizantes-ead-e-gratuitos-com-certificacao-nas-areas-da-tecnologia-industria-saude-beleza-e-muito-mais\/","url_meta":{"origin":23548,"position":2},"title":"SENAC oferece vagas para cursos t\u00e9cnicos e profissionalizantes EAD e gratuitos com certifica\u00e7\u00e3o nas \u00e1reas da tecnologia, ind\u00fastria, sa\u00fade, beleza e muito mais!","author":"noticiasribeiraopreto.com.br","date":"8 de March de 2024","format":false,"excerpt":"Ao procurar emprego em S\u00e3o Paulo, a qualifica\u00e7\u00e3o profissional \u00e9 cada vez mais exigida. Atualmente, mais de 130 mil vagas est\u00e3o abertas em S\u00e3o Paulo, capital paulista, oferecidas pelo Senac, para bolsas t\u00e9cnicas e profissionais. Estes cursos s\u00e3o 100% gratuitos e d\u00e3o-lhe a oportunidade de aprender conhecimentos em diferentes \u00e1reas.\u2026","rel":"","context":"In &quot;Empregos - Classificados&quot;","block_context":{"text":"Empregos - Classificados","link":"https:\/\/noticiasribeiraopreto.com.br\/index.php\/category\/empregos-classificados-vagas-trabalho\/"},"img":{"alt_text":"","src":"https:\/\/i0.wp.com\/noticiasribeiraopreto.com.br\/wp-content\/uploads\/2024\/03\/www.Redebrasilnews.com_.br_.webp.jpeg?fit=1200%2C630&ssl=1&resize=350%2C200","width":350,"height":200,"srcset":"https:\/\/i0.wp.com\/noticiasribeiraopreto.com.br\/wp-content\/uploads\/2024\/03\/www.Redebrasilnews.com_.br_.webp.jpeg?fit=1200%2C630&ssl=1&resize=350%2C200 1x, https:\/\/i0.wp.com\/noticiasribeiraopreto.com.br\/wp-content\/uploads\/2024\/03\/www.Redebrasilnews.com_.br_.webp.jpeg?fit=1200%2C630&ssl=1&resize=525%2C300 1.5x, https:\/\/i0.wp.com\/noticiasribeiraopreto.com.br\/wp-content\/uploads\/2024\/03\/www.Redebrasilnews.com_.br_.webp.jpeg?fit=1200%2C630&ssl=1&resize=700%2C400 2x, https:\/\/i0.wp.com\/noticiasribeiraopreto.com.br\/wp-content\/uploads\/2024\/03\/www.Redebrasilnews.com_.br_.webp.jpeg?fit=1200%2C630&ssl=1&resize=1050%2C600 3x"},"classes":[]},{"id":83343,"url":"https:\/\/noticiasribeiraopreto.com.br\/index.php\/2026\/03\/16\/ribeirao-preto-e-regiao-tem-18-mil-vagas-para-eja-saiba-como-se-inscrever\/","url_meta":{"origin":23548,"position":3},"title":"Ribeir\u00e3o Preto e regi\u00e3o t\u00eam 1,8 mil vagas para EJA; Saiba como se inscrever","author":"noticiasribeiraopreto.com.br","date":"16 de March de 2026","format":false,"excerpt":"00:00 A+ A- O Sesi-SP est\u00e1 oferecendo cerca de 1,8 mil vagas para a EJA (Educa\u00e7\u00e3o de Jovens e Adultos) e EJA Profissionalizante em escolas de Ribeir\u00e3o Preto, Franca e Sert\u00e3ozinho. Os interessados devem se inscrever de forma online, at\u00e9 o dia 10 de abril \u2013 veja como logo abaixo.\u2026","rel":"","context":"In &quot;Not\u00edcias de Ribeir\u00e3o Preto-SP e Regi\u00e3o&quot;","block_context":{"text":"Not\u00edcias de Ribeir\u00e3o Preto-SP e Regi\u00e3o","link":"https:\/\/noticiasribeiraopreto.com.br\/index.php\/category\/noticias-de-ribeirao-preto-sp-e-regiao-ismael-colosi\/"},"img":{"alt_text":"","src":"https:\/\/i0.wp.com\/noticiasribeiraopreto.com.br\/wp-content\/uploads\/2026\/03\/Copia-de-Copia-de-TAMANHO-EXATO-PARA-FOTOS-NO-SISTEMA-NOVO-31_2024-07-17_20-08-08_jpg_2024-07-17_20-08-08.webp.webp?fit=1200%2C675&ssl=1&resize=350%2C200","width":350,"height":200,"srcset":"https:\/\/i0.wp.com\/noticiasribeiraopreto.com.br\/wp-content\/uploads\/2026\/03\/Copia-de-Copia-de-TAMANHO-EXATO-PARA-FOTOS-NO-SISTEMA-NOVO-31_2024-07-17_20-08-08_jpg_2024-07-17_20-08-08.webp.webp?fit=1200%2C675&ssl=1&resize=350%2C200 1x, https:\/\/i0.wp.com\/noticiasribeiraopreto.com.br\/wp-content\/uploads\/2026\/03\/Copia-de-Copia-de-TAMANHO-EXATO-PARA-FOTOS-NO-SISTEMA-NOVO-31_2024-07-17_20-08-08_jpg_2024-07-17_20-08-08.webp.webp?fit=1200%2C675&ssl=1&resize=525%2C300 1.5x, https:\/\/i0.wp.com\/noticiasribeiraopreto.com.br\/wp-content\/uploads\/2026\/03\/Copia-de-Copia-de-TAMANHO-EXATO-PARA-FOTOS-NO-SISTEMA-NOVO-31_2024-07-17_20-08-08_jpg_2024-07-17_20-08-08.webp.webp?fit=1200%2C675&ssl=1&resize=700%2C400 2x, https:\/\/i0.wp.com\/noticiasribeiraopreto.com.br\/wp-content\/uploads\/2026\/03\/Copia-de-Copia-de-TAMANHO-EXATO-PARA-FOTOS-NO-SISTEMA-NOVO-31_2024-07-17_20-08-08_jpg_2024-07-17_20-08-08.webp.webp?fit=1200%2C675&ssl=1&resize=1050%2C600 3x"},"classes":[]},{"id":52751,"url":"https:\/\/noticiasribeiraopreto.com.br\/index.php\/2024\/06\/12\/carreira-internacional-como-ela-foi-do-brasil-a-hong-kong\/","url_meta":{"origin":23548,"position":4},"title":"Carreira internacional: como ela foi do Brasil a Hong Kong","author":"noticiasribeiraopreto.com.br","date":"12 de June de 2024","format":false,"excerpt":"Vivian KoblinskyNayara Carlos, 39 anos, tem mais de 15 anos de atua\u00e7\u00e3o em farmac\u00eauticas Acessibilidade L L A- A+ \u25d0 Ser expatriado representa um grande sonho para muitos profissionais, mas exige planejamento e prepara\u00e7\u00e3o desde a aplica\u00e7\u00e3o em um processo seletivo at\u00e9 a chegada no novo pa\u00eds. Nayara Carlos, executiva\u2026","rel":"","context":"In &quot;Blog&quot;","block_context":{"text":"Blog","link":"https:\/\/noticiasribeiraopreto.com.br\/index.php\/category\/blog\/"},"img":{"alt_text":"","src":"https:\/\/i0.wp.com\/noticiasribeiraopreto.com.br\/wp-content\/uploads\/2024\/06\/carreira-nayara-carlos-1024x683.jpg?fit=1024%2C683&ssl=1&resize=350%2C200","width":350,"height":200,"srcset":"https:\/\/i0.wp.com\/noticiasribeiraopreto.com.br\/wp-content\/uploads\/2024\/06\/carreira-nayara-carlos-1024x683.jpg?fit=1024%2C683&ssl=1&resize=350%2C200 1x, https:\/\/i0.wp.com\/noticiasribeiraopreto.com.br\/wp-content\/uploads\/2024\/06\/carreira-nayara-carlos-1024x683.jpg?fit=1024%2C683&ssl=1&resize=525%2C300 1.5x, https:\/\/i0.wp.com\/noticiasribeiraopreto.com.br\/wp-content\/uploads\/2024\/06\/carreira-nayara-carlos-1024x683.jpg?fit=1024%2C683&ssl=1&resize=700%2C400 2x"},"classes":[]},{"id":46962,"url":"https:\/\/noticiasribeiraopreto.com.br\/index.php\/2024\/04\/16\/posicionamento-e-o-segredo-para-a-lideranca-feminina\/","url_meta":{"origin":23548,"position":5},"title":"Posicionamento \u00e9 o segredo para a lideran\u00e7a feminina","author":"noticiasribeiraopreto.com.br","date":"16 de April de 2024","format":false,"excerpt":"Dhafyni Mendes defende que a lideran\u00e7a feminina fomenta a inova\u00e7\u00e3o e traz benef\u00edcios para todos Em plena pandemia, a ex-executiva Dhafyni Mendes e Tatiana Sadala, ent\u00e3o na Johnson&Johnson, chamaram algumas conhecidas para bater um papo via Zoom sobre lideran\u00e7a feminina e o momento que estavam vivendo. \u201cNa primeira semana, 5\u2026","rel":"","context":"In &quot;Blog&quot;","block_context":{"text":"Blog","link":"https:\/\/noticiasribeiraopreto.com.br\/index.php\/category\/blog\/"},"img":{"alt_text":"","src":"https:\/\/i0.wp.com\/noticiasribeiraopreto.com.br\/wp-content\/uploads\/2024\/04\/mulher-dhafyni-mendes-todas-group-1024x683.jpg?fit=1024%2C683&ssl=1&resize=350%2C200","width":350,"height":200,"srcset":"https:\/\/i0.wp.com\/noticiasribeiraopreto.com.br\/wp-content\/uploads\/2024\/04\/mulher-dhafyni-mendes-todas-group-1024x683.jpg?fit=1024%2C683&ssl=1&resize=350%2C200 1x, https:\/\/i0.wp.com\/noticiasribeiraopreto.com.br\/wp-content\/uploads\/2024\/04\/mulher-dhafyni-mendes-todas-group-1024x683.jpg?fit=1024%2C683&ssl=1&resize=525%2C300 1.5x, https:\/\/i0.wp.com\/noticiasribeiraopreto.com.br\/wp-content\/uploads\/2024\/04\/mulher-dhafyni-mendes-todas-group-1024x683.jpg?fit=1024%2C683&ssl=1&resize=700%2C400 2x"},"classes":[]}],"jetpack_sharing_enabled":true,"jetpack_shortlink":"https:\/\/wp.me\/peQAOb-67O","_links":{"self":[{"href":"https:\/\/noticiasribeiraopreto.com.br\/index.php\/wp-json\/wp\/v2\/posts\/23548","targetHints":{"allow":["GET"]}}],"collection":[{"href":"https:\/\/noticiasribeiraopreto.com.br\/index.php\/wp-json\/wp\/v2\/posts"}],"about":[{"href":"https:\/\/noticiasribeiraopreto.com.br\/index.php\/wp-json\/wp\/v2\/types\/post"}],"author":[{"embeddable":true,"href":"https:\/\/noticiasribeiraopreto.com.br\/index.php\/wp-json\/wp\/v2\/users\/1"}],"replies":[{"embeddable":true,"href":"https:\/\/noticiasribeiraopreto.com.br\/index.php\/wp-json\/wp\/v2\/comments?post=23548"}],"version-history":[{"count":0,"href":"https:\/\/noticiasribeiraopreto.com.br\/index.php\/wp-json\/wp\/v2\/posts\/23548\/revisions"}],"wp:featuredmedia":[{"embeddable":true,"href":"https:\/\/noticiasribeiraopreto.com.br\/index.php\/wp-json\/wp\/v2\/media\/23549"}],"wp:attachment":[{"href":"https:\/\/noticiasribeiraopreto.com.br\/index.php\/wp-json\/wp\/v2\/media?parent=23548"}],"wp:term":[{"taxonomy":"category","embeddable":true,"href":"https:\/\/noticiasribeiraopreto.com.br\/index.php\/wp-json\/wp\/v2\/categories?post=23548"},{"taxonomy":"post_tag","embeddable":true,"href":"https:\/\/noticiasribeiraopreto.com.br\/index.php\/wp-json\/wp\/v2\/tags?post=23548"}],"curies":[{"name":"wp","href":"https:\/\/api.w.org\/{rel}","templated":true}]}}