{"id":23554,"date":"2024-01-02T15:41:22","date_gmt":"2024-01-02T18:41:22","guid":{"rendered":"https:\/\/noticiasribeiraopreto.com.br\/index.php\/2024\/01\/02\/quem-e-o-piloto-do-helicoptero-que-caiu-em-capitolio-perfil-nas-redes-sociais-mostra-experiencia-de-voo\/"},"modified":"2024-01-02T15:41:22","modified_gmt":"2024-01-02T18:41:22","slug":"quem-e-o-piloto-do-helicoptero-que-caiu-em-capitolio-perfil-nas-redes-sociais-mostra-experiencia-de-voo","status":"publish","type":"post","link":"https:\/\/noticiasribeiraopreto.com.br\/index.php\/2024\/01\/02\/quem-e-o-piloto-do-helicoptero-que-caiu-em-capitolio-perfil-nas-redes-sociais-mostra-experiencia-de-voo\/","title":{"rendered":"Quem \u00e9 o piloto do helic\u00f3ptero que caiu em Capit\u00f3lio; perfil nas redes sociais mostra experi\u00eancia de voo"},"content":{"rendered":"<div class='code-block code-block-1' style='margin: 8px 0 8px auto; text-align: right; display: block; clear: both;'>\n<p><a href=\"https:\/\/wa.link\/vpicfd\"><img data-recalc-dims=\"1\" class=\"wp-image-4922\" style=\"aspect-ratio: 2.0253164556962027; width: 561px; height: auto;\" src=\"https:\/\/i0.wp.com\/ismaelcolosi.com.br\/wp-content\/uploads\/2023\/11\/grupo-de-empregos-whatsapp-e-facebook-ismael-colosi-vagas.jpg?ssl=1\" alt=\"\" \/><\/a><\/p>\n<!-- \/wp:image -->\n<\/div>\n<p> <br \/>\n<\/p>\n<div itemprop=\"text\">\n<p>Um tr\u00e1gico acidente de helic\u00f3ptero ocorreu em Capit\u00f3lio, Minas Gerais, deixando a comunidade local em estado de choque. O piloto Lucas Chaves \u00c1vila, natural de Belo Horizonte, estava no comando da aeronave que caiu logo ap\u00f3s a decolagem.<\/p>\n<p>Lucas, ap\u00f3s ser socorrido, foi levado para a Santa Casa de Piumhi com suspeita de fratura na coluna. Infelizmente, uma pessoa morreu no acidente.<\/p>\n<p>De acordo com uma rede social de Lucas, ele possui mais de 600 horas de voo e \u00e9 habilitado para pilotar helic\u00f3pteros monomotor convencional e monomotor turbina, tem experi\u00eancia em opera\u00e7\u00f5es compartilhadas e voos executivos. O acidente ocorreu durante um passeio fretado, e um v\u00eddeo capturou o momento dram\u00e1tico da queda.<\/p>\n<p>Al\u00e9m de Lucas, outra ocupante da aeronave, Julia Mendon\u00e7a Silva Bernardes, de 22 anos, tamb\u00e9m foi levada para a Santa Casa de Piumhi, queixando-se de dores no corpo.<\/p>\n<p>Uma terceira v\u00edtima foi atendida pelo Servi\u00e7o de Atendimento M\u00f3vel de Urg\u00eancia (Samu) em Passos, mas sua identidade ainda n\u00e3o foi divulgada.<\/p>\n<blockquote class=\"instagram-media\" style=\"background: #FFF; border: 0; border-radius: 3px; box-shadow: 0 0 1px 0 rgba(0,0,0,0.5),0 1px 10px 0 rgba(0,0,0,0.15); margin: 1px; max-width: 540px; min-width: 326px; padding: 0; width: calc(100% - 2px);\" data-instgrm-captioned=\"\" data-instgrm-permalink=\"https:\/\/www.instagram.com\/reel\/C1mYT3TheNH\/?utm_source=ig_embed&amp;utm_campaign=loading\" data-instgrm-version=\"14\">\n<p>\u00a0<\/p>\n<p>Ver essa foto no Instagram<\/p>\n<p>\u00a0<\/p>\n<p style=\"color: #c9c8cd; font-family: Arial,sans-serif; font-size: 14px; line-height: 17px; margin-bottom: 0; margin-top: 8px; overflow: hidden; padding: 8px 0 7px; text-align: center; text-overflow: ellipsis; white-space: nowrap;\"><a style=\"color: #c9c8cd; font-family: Arial,sans-serif; font-size: 14px; font-style: normal; font-weight: normal; line-height: 17px; text-decoration: none;\" href=\"https:\/\/www.instagram.com\/reel\/C1mYT3TheNH\/?utm_source=ig_embed&amp;utm_campaign=loading\" target=\"_blank\" rel=\"noopener\">Uma publica\u00e7\u00e3o compartilhada por g1 (@portalg1)<\/a><\/p>\n<\/blockquote>\n<p>O acidente levanta quest\u00f5es sobre a seguran\u00e7a dos voos de lazer e as medidas de precau\u00e7\u00e3o necess\u00e1rias para garantir a seguran\u00e7a dos passageiros e tripulantes. As autoridades locais est\u00e3o investigando as causas do acidente para entender melhor o que pode ter dado errado e para evitar futuras trag\u00e9dias.<\/p>\n<p>Este incidente serve como um lembrete sombrio dos riscos associados \u00e0 avia\u00e7\u00e3o e da import\u00e2ncia da manuten\u00e7\u00e3o rigorosa e do treinamento de pilotos.<\/p>\n<\/div>\n<p><script async src=\"\/\/www.instagram.com\/embed.js\"><\/script><br \/>\n<br \/><br \/>\n<br \/><a href=\"https:\/\/fnmais.com\/quem-piloto-helicoptero-que-caiu-em-capitolio-perfil-nas-redes-sociais-mostra-experiencia-voo\/\">Source link <\/a><\/p>\n<!-- CONTENT END 1 -->\n","protected":false},"excerpt":{"rendered":"<p>Um tr\u00e1gico acidente de helic\u00f3ptero ocorreu em Capit\u00f3lio, Minas Gerais, deixando a comunidade local em estado de choque. O piloto Lucas Chaves \u00c1vila, natural de&#8230;<\/p>\n","protected":false},"author":1,"featured_media":23555,"comment_status":"open","ping_status":"open","sticky":false,"template":"","format":"standard","meta":{"advanced_seo_description":"","jetpack_seo_html_title":"","jetpack_seo_noindex":false,"jetpack_post_was_ever_published":false,"_jetpack_newsletter_access":"","_jetpack_dont_email_post_to_subs":false,"_jetpack_newsletter_tier_id":0,"_jetpack_memberships_contains_paywalled_content":false,"_jetpack_memberships_contains_paid_content":false,"footnotes":"","jetpack_publicize_message":"","jetpack_publicize_feature_enabled":true,"jetpack_social_post_already_shared":true,"jetpack_social_options":{"image_generator_settings":{"template":"highway","default_image_id":0,"font":"","enabled":false},"version":2}},"categories":[1],"tags":[],"class_list":["post-23554","post","type-post","status-publish","format-standard","has-post-thumbnail","hentry","category-blog"],"jetpack_publicize_connections":[],"jetpack_featured_media_url":"https:\/\/i0.wp.com\/noticiasribeiraopreto.com.br\/wp-content\/uploads\/2024\/01\/postimg-65944f4a6e8078290.jpg?fit=1200%2C628&ssl=1","jetpack-related-posts":[{"id":23451,"url":"https:\/\/noticiasribeiraopreto.com.br\/index.php\/2024\/01\/02\/helicoptero-com-quatro-pessoas-cai-em-capitolio-mg\/","url_meta":{"origin":23554,"position":0},"title":"Helic\u00f3ptero com quatro pessoas cai em Capit\u00f3lio (MG)","author":"noticiasribeiraopreto.com.br","date":"2 de January de 2024","format":false,"excerpt":"2 de janeiro de 2024 | 11:19 0Um helic\u00f3ptero caiu na manh\u00e3 desta ter\u00e7a-feira (2)\u00a0em um lago na cidade de Capit\u00f3lio, em Minas Gerais. Segundo o Corpo de Bombeiros, a informa\u00e7\u00e3o inicial \u00e9 de que a aeronave transportava quatro pessoas, incluindo o piloto, no momento do acidente.Pelo menos tr\u00eas pessoas\u2026","rel":"","context":"In &quot;Not\u00edcias de Ribeir\u00e3o Preto-SP e Regi\u00e3o&quot;","block_context":{"text":"Not\u00edcias de Ribeir\u00e3o Preto-SP e Regi\u00e3o","link":"https:\/\/noticiasribeiraopreto.com.br\/index.php\/category\/noticias-de-ribeirao-preto-sp-e-regiao-ismael-colosi\/"},"img":{"alt_text":"","src":"https:\/\/i0.wp.com\/noticiasribeiraopreto.com.br\/wp-content\/uploads\/2024\/01\/0485a330-0b8f-4b19-98a1-d14e85547ae8.jpg?fit=449%2C299&ssl=1&resize=350%2C200","width":350,"height":200},"classes":[]},{"id":23589,"url":"https:\/\/noticiasribeiraopreto.com.br\/index.php\/2024\/01\/02\/helicoptero-com-quatro-pessoas-cai-em-mg-logo-apos-decolagem-e-deixa-vitima-fatal\/","url_meta":{"origin":23554,"position":1},"title":"Helic\u00f3ptero com quatro pessoas cai em MG logo ap\u00f3s decolagem e deixa v\u00edtima fatal","author":"noticiasribeiraopreto.com.br","date":"2 de January de 2024","format":false,"excerpt":"Na manh\u00e3 desta ter\u00e7a, dia 2 de janeiro, a tranquilidade do Lago de Furnas, em Capit\u00f3lio, Minas Gerais, foi interrompida por um evento tr\u00e1gico e enigm\u00e1tico. Um helic\u00f3ptero com quatro pessoas a bordo despencou subitamente, resultando na morte de um dos ocupantes.Os demais foram resgatados em um esfor\u00e7o conjunto de\u2026","rel":"","context":"In &quot;Blog&quot;","block_context":{"text":"Blog","link":"https:\/\/noticiasribeiraopreto.com.br\/index.php\/category\/blog\/"},"img":{"alt_text":"","src":"https:\/\/i0.wp.com\/noticiasribeiraopreto.com.br\/wp-content\/uploads\/2024\/01\/postimg-6594487474c332100.jpg?fit=1200%2C628&ssl=1&resize=350%2C200","width":350,"height":200,"srcset":"https:\/\/i0.wp.com\/noticiasribeiraopreto.com.br\/wp-content\/uploads\/2024\/01\/postimg-6594487474c332100.jpg?fit=1200%2C628&ssl=1&resize=350%2C200 1x, https:\/\/i0.wp.com\/noticiasribeiraopreto.com.br\/wp-content\/uploads\/2024\/01\/postimg-6594487474c332100.jpg?fit=1200%2C628&ssl=1&resize=525%2C300 1.5x, https:\/\/i0.wp.com\/noticiasribeiraopreto.com.br\/wp-content\/uploads\/2024\/01\/postimg-6594487474c332100.jpg?fit=1200%2C628&ssl=1&resize=700%2C400 2x, https:\/\/i0.wp.com\/noticiasribeiraopreto.com.br\/wp-content\/uploads\/2024\/01\/postimg-6594487474c332100.jpg?fit=1200%2C628&ssl=1&resize=1050%2C600 3x"},"classes":[]},{"id":23643,"url":"https:\/\/noticiasribeiraopreto.com.br\/index.php\/2024\/01\/02\/chega-ao-fim-de-forma-tragica-as-buscas-por-vitima-desaparecida-que-caiu-de-helicoptero-em-mg\/","url_meta":{"origin":23554,"position":2},"title":"Chega ao fim de forma tr\u00e1gica as buscas por v\u00edtima desaparecida que caiu de helic\u00f3ptero em MG","author":"noticiasribeiraopreto.com.br","date":"2 de January de 2024","format":false,"excerpt":"O tr\u00e1gico acidente envolvendo o helic\u00f3ptero que caiu na regi\u00e3o de Lago de Furnas, em Capit\u00f3lio, Minas Gerais, resultou em um triste desdobramento, com a confirma\u00e7\u00e3o da morte de um dos quatro tripulantes que estavam a bordo.A v\u00edtima, identificada como um homem, foi encontrada sem vida pelos mergulhadores do Corpo\u2026","rel":"","context":"In &quot;Blog&quot;","block_context":{"text":"Blog","link":"https:\/\/noticiasribeiraopreto.com.br\/index.php\/category\/blog\/"},"img":{"alt_text":"","src":"https:\/\/i0.wp.com\/noticiasribeiraopreto.com.br\/wp-content\/uploads\/2024\/01\/postimg-6594722a4caa49770.jpg?fit=1200%2C628&ssl=1&resize=350%2C200","width":350,"height":200,"srcset":"https:\/\/i0.wp.com\/noticiasribeiraopreto.com.br\/wp-content\/uploads\/2024\/01\/postimg-6594722a4caa49770.jpg?fit=1200%2C628&ssl=1&resize=350%2C200 1x, https:\/\/i0.wp.com\/noticiasribeiraopreto.com.br\/wp-content\/uploads\/2024\/01\/postimg-6594722a4caa49770.jpg?fit=1200%2C628&ssl=1&resize=525%2C300 1.5x, https:\/\/i0.wp.com\/noticiasribeiraopreto.com.br\/wp-content\/uploads\/2024\/01\/postimg-6594722a4caa49770.jpg?fit=1200%2C628&ssl=1&resize=700%2C400 2x, https:\/\/i0.wp.com\/noticiasribeiraopreto.com.br\/wp-content\/uploads\/2024\/01\/postimg-6594722a4caa49770.jpg?fit=1200%2C628&ssl=1&resize=1050%2C600 3x"},"classes":[]},{"id":84189,"url":"https:\/\/noticiasribeiraopreto.com.br\/index.php\/2026\/04\/03\/aviao-que-caiu-no-rs-e-deixou-quatro-mortos-saiu-do-interior-de-sp\/","url_meta":{"origin":23554,"position":3},"title":"Avi\u00e3o que caiu no RS e deixou quatro mortos saiu do interior de SP","author":"noticiasribeiraopreto.com.br","date":"3 de April de 2026","format":false,"excerpt":"Ler o resumo da not\u00edcia Avi\u00e3o que caiu no RS e deixou quatro mortos saiu do interior de SP Um avi\u00e3o monomotor que caiu no Rio Grande do Sul na manh\u00e3 desta sexta-feira (03) saiu do interior de S\u00e3o Paulo e deixou quatro pessoas mortas. O acidente aconteceu em Cap\u00e3o\u2026","rel":"","context":"In &quot;Not\u00edcias de Ribeir\u00e3o Preto-SP e Regi\u00e3o&quot;","block_context":{"text":"Not\u00edcias de Ribeir\u00e3o Preto-SP e Regi\u00e3o","link":"https:\/\/noticiasribeiraopreto.com.br\/index.php\/category\/noticias-de-ribeirao-preto-sp-e-regiao-ismael-colosi\/"},"img":{"alt_text":"","src":"https:\/\/i0.wp.com\/noticiasribeiraopreto.com.br\/wp-content\/uploads\/2026\/04\/WhatsApp-Image-2026-04-03-at-13.46.23_2026-04-03_16-46-44.webp.webp?fit=1179%2C759&ssl=1&resize=350%2C200","width":350,"height":200,"srcset":"https:\/\/i0.wp.com\/noticiasribeiraopreto.com.br\/wp-content\/uploads\/2026\/04\/WhatsApp-Image-2026-04-03-at-13.46.23_2026-04-03_16-46-44.webp.webp?fit=1179%2C759&ssl=1&resize=350%2C200 1x, https:\/\/i0.wp.com\/noticiasribeiraopreto.com.br\/wp-content\/uploads\/2026\/04\/WhatsApp-Image-2026-04-03-at-13.46.23_2026-04-03_16-46-44.webp.webp?fit=1179%2C759&ssl=1&resize=525%2C300 1.5x, https:\/\/i0.wp.com\/noticiasribeiraopreto.com.br\/wp-content\/uploads\/2026\/04\/WhatsApp-Image-2026-04-03-at-13.46.23_2026-04-03_16-46-44.webp.webp?fit=1179%2C759&ssl=1&resize=700%2C400 2x, https:\/\/i0.wp.com\/noticiasribeiraopreto.com.br\/wp-content\/uploads\/2026\/04\/WhatsApp-Image-2026-04-03-at-13.46.23_2026-04-03_16-46-44.webp.webp?fit=1179%2C759&ssl=1&resize=1050%2C600 3x"},"classes":[]},{"id":23683,"url":"https:\/\/noticiasribeiraopreto.com.br\/index.php\/2024\/01\/02\/audios-mostram-piloto-pedindo-ajuda-e-relatando-problema-antes-de-helicoptero-sumir-em-sp-nao-to-conseguindo\/","url_meta":{"origin":23554,"position":4},"title":"\u00c1udios mostram piloto pedindo ajuda e relatando problema antes de helic\u00f3ptero sumir em SP: &#8216;N\u00e3o t\u00f4 conseguindo&#8217;","author":"noticiasribeiraopreto.com.br","date":"2 de January de 2024","format":false,"excerpt":"As buscas por um helic\u00f3pero que desapareceu a caminho do Litoral Norte paulista continuam. A aeronave havia partido de S\u00e3o Paulo (SP) rumo a Ilhabela, no mesmo estado. Contudo, em determinado momento do percurso, parou de ter contato com as torrer de comando.O helic\u00f3ptero foi dado como desaparecido no \u00faltimo\u2026","rel":"","context":"In &quot;Blog&quot;","block_context":{"text":"Blog","link":"https:\/\/noticiasribeiraopreto.com.br\/index.php\/category\/blog\/"},"img":{"alt_text":"","src":"https:\/\/i0.wp.com\/noticiasribeiraopreto.com.br\/wp-content\/uploads\/2024\/01\/postimg-65949e5b0fd473887.jpg?fit=1200%2C628&ssl=1&resize=350%2C200","width":350,"height":200,"srcset":"https:\/\/i0.wp.com\/noticiasribeiraopreto.com.br\/wp-content\/uploads\/2024\/01\/postimg-65949e5b0fd473887.jpg?fit=1200%2C628&ssl=1&resize=350%2C200 1x, https:\/\/i0.wp.com\/noticiasribeiraopreto.com.br\/wp-content\/uploads\/2024\/01\/postimg-65949e5b0fd473887.jpg?fit=1200%2C628&ssl=1&resize=525%2C300 1.5x, https:\/\/i0.wp.com\/noticiasribeiraopreto.com.br\/wp-content\/uploads\/2024\/01\/postimg-65949e5b0fd473887.jpg?fit=1200%2C628&ssl=1&resize=700%2C400 2x, https:\/\/i0.wp.com\/noticiasribeiraopreto.com.br\/wp-content\/uploads\/2024\/01\/postimg-65949e5b0fd473887.jpg?fit=1200%2C628&ssl=1&resize=1050%2C600 3x"},"classes":[]},{"id":27546,"url":"https:\/\/noticiasribeiraopreto.com.br\/index.php\/2024\/01\/12\/quem-sao-os-passageiros-e-o-piloto-do-helicoptero-que-foi-encontrado-em-sp-apos-12-dias-de-buscas\/","url_meta":{"origin":23554,"position":5},"title":"Quem s\u00e3o os passageiros e o piloto do helic\u00f3ptero que foi encontrado em SP ap\u00f3s 12 dias de buscas","author":"noticiasribeiraopreto.com.br","date":"12 de January de 2024","format":false,"excerpt":"O helic\u00f3ptero encontrado nesta sexta-feira, dia 12 de janeiro, na regi\u00e3o do Vale da Para\u00edba, estava desaparecido h\u00e1 quase duas semanas. Dentro ele, estavam tr\u00eas passageiros e o piloto que estava a bordo.O piloto foi identificado pelo nome de Cassiano Tete Teodoro, 44 anos, e ap\u00f3s o caso, foi o\u2026","rel":"","context":"In &quot;Blog&quot;","block_context":{"text":"Blog","link":"https:\/\/noticiasribeiraopreto.com.br\/index.php\/category\/blog\/"},"img":{"alt_text":"","src":"https:\/\/i0.wp.com\/noticiasribeiraopreto.com.br\/wp-content\/uploads\/2024\/01\/postimg-65a15561d6eba4910.jpg?fit=1200%2C628&ssl=1&resize=350%2C200","width":350,"height":200,"srcset":"https:\/\/i0.wp.com\/noticiasribeiraopreto.com.br\/wp-content\/uploads\/2024\/01\/postimg-65a15561d6eba4910.jpg?fit=1200%2C628&ssl=1&resize=350%2C200 1x, https:\/\/i0.wp.com\/noticiasribeiraopreto.com.br\/wp-content\/uploads\/2024\/01\/postimg-65a15561d6eba4910.jpg?fit=1200%2C628&ssl=1&resize=525%2C300 1.5x, https:\/\/i0.wp.com\/noticiasribeiraopreto.com.br\/wp-content\/uploads\/2024\/01\/postimg-65a15561d6eba4910.jpg?fit=1200%2C628&ssl=1&resize=700%2C400 2x, https:\/\/i0.wp.com\/noticiasribeiraopreto.com.br\/wp-content\/uploads\/2024\/01\/postimg-65a15561d6eba4910.jpg?fit=1200%2C628&ssl=1&resize=1050%2C600 3x"},"classes":[]}],"jetpack_sharing_enabled":true,"jetpack_shortlink":"https:\/\/wp.me\/peQAOb-67U","_links":{"self":[{"href":"https:\/\/noticiasribeiraopreto.com.br\/index.php\/wp-json\/wp\/v2\/posts\/23554","targetHints":{"allow":["GET"]}}],"collection":[{"href":"https:\/\/noticiasribeiraopreto.com.br\/index.php\/wp-json\/wp\/v2\/posts"}],"about":[{"href":"https:\/\/noticiasribeiraopreto.com.br\/index.php\/wp-json\/wp\/v2\/types\/post"}],"author":[{"embeddable":true,"href":"https:\/\/noticiasribeiraopreto.com.br\/index.php\/wp-json\/wp\/v2\/users\/1"}],"replies":[{"embeddable":true,"href":"https:\/\/noticiasribeiraopreto.com.br\/index.php\/wp-json\/wp\/v2\/comments?post=23554"}],"version-history":[{"count":0,"href":"https:\/\/noticiasribeiraopreto.com.br\/index.php\/wp-json\/wp\/v2\/posts\/23554\/revisions"}],"wp:featuredmedia":[{"embeddable":true,"href":"https:\/\/noticiasribeiraopreto.com.br\/index.php\/wp-json\/wp\/v2\/media\/23555"}],"wp:attachment":[{"href":"https:\/\/noticiasribeiraopreto.com.br\/index.php\/wp-json\/wp\/v2\/media?parent=23554"}],"wp:term":[{"taxonomy":"category","embeddable":true,"href":"https:\/\/noticiasribeiraopreto.com.br\/index.php\/wp-json\/wp\/v2\/categories?post=23554"},{"taxonomy":"post_tag","embeddable":true,"href":"https:\/\/noticiasribeiraopreto.com.br\/index.php\/wp-json\/wp\/v2\/tags?post=23554"}],"curies":[{"name":"wp","href":"https:\/\/api.w.org\/{rel}","templated":true}]}}