{"id":23556,"date":"2024-01-02T15:42:48","date_gmt":"2024-01-02T18:42:48","guid":{"rendered":"https:\/\/noticiasribeiraopreto.com.br\/index.php\/2024\/01\/02\/salarios-comecam-em-4-800-francos\/"},"modified":"2024-01-02T15:42:48","modified_gmt":"2024-01-02T18:42:48","slug":"salarios-comecam-em-4-800-francos","status":"publish","type":"post","link":"https:\/\/noticiasribeiraopreto.com.br\/index.php\/2024\/01\/02\/salarios-comecam-em-4-800-francos\/","title":{"rendered":"sal\u00e1rios come\u00e7am em 4.800 francos"},"content":{"rendered":"<div class='code-block code-block-1' style='margin: 8px 0 8px auto; text-align: right; display: block; clear: both;'>\n<p><a href=\"https:\/\/wa.link\/vpicfd\"><img data-recalc-dims=\"1\" class=\"wp-image-4922\" style=\"aspect-ratio: 2.0253164556962027; width: 561px; height: auto;\" src=\"https:\/\/i0.wp.com\/ismaelcolosi.com.br\/wp-content\/uploads\/2023\/11\/grupo-de-empregos-whatsapp-e-facebook-ismael-colosi-vagas.jpg?ssl=1\" alt=\"\" \/><\/a><\/p>\n<!-- \/wp:image -->\n<\/div>\n<p> <br \/>\n<\/p>\n<div>\n<div class=\"wp-block-image\">\n<figure class=\"aligncenter size-full\"><img data-recalc-dims=\"1\" decoding=\"async\" width=\"660\" height=\"360\" src=\"https:\/\/i0.wp.com\/vagaspelomundo.com.br\/wp-content\/uploads\/2024\/01\/vagas-na-suica-para-pintor.jpeg?resize=660%2C360&#038;ssl=1\" alt=\"Vagas na Su\u00ed\u00e7a para pintor\" class=\"wp-image-62498 lazy\" srcset=\"https:\/\/vagaspelomundo.com.br\/wp-content\/uploads\/2024\/01\/vagas-na-suica-para-pintor.jpeg 660w, https:\/\/vagaspelomundo.com.br\/wp-content\/uploads\/2024\/01\/vagas-na-suica-para-pintor-300x164.jpeg 300w, https:\/\/vagaspelomundo.com.br\/wp-content\/uploads\/2024\/01\/vagas-na-suica-para-pintor-150x82.jpeg 150w, https:\/\/vagaspelomundo.com.br\/wp-content\/uploads\/2024\/01\/vagas-na-suica-para-pintor-450x245.jpeg 450w\" sizes=\"auto, (max-width: 660px) 100vw, 660px\" loading=\"lazy\"\/><noscript><img data-recalc-dims=\"1\" loading=\"lazy\" decoding=\"async\" width=\"660\" height=\"360\" src=\"https:\/\/i0.wp.com\/vagaspelomundo.com.br\/wp-content\/uploads\/2024\/01\/vagas-na-suica-para-pintor.jpeg?resize=660%2C360&#038;ssl=1\" alt=\"Vagas na Su\u00ed\u00e7a para pintor\" class=\"wp-image-62498\" srcset=\"https:\/\/vagaspelomundo.com.br\/wp-content\/uploads\/2024\/01\/vagas-na-suica-para-pintor.jpeg 660w, https:\/\/vagaspelomundo.com.br\/wp-content\/uploads\/2024\/01\/vagas-na-suica-para-pintor-300x164.jpeg 300w, https:\/\/vagaspelomundo.com.br\/wp-content\/uploads\/2024\/01\/vagas-na-suica-para-pintor-150x82.jpeg 150w, https:\/\/vagaspelomundo.com.br\/wp-content\/uploads\/2024\/01\/vagas-na-suica-para-pintor-450x245.jpeg 450w\" sizes=\"auto, (max-width: 660px) 100vw, 660px\"\/><\/noscript><figcaption class=\"wp-element-caption\">Vagas na Su\u00ed\u00e7a para pintor \u2013 Foto: Canva.<\/figcaption><\/figure>\n<\/p><\/div>\n<p><em>Existem centenas de vagas na Su\u00ed\u00e7a para pintor e os sal\u00e1rios iniciam em 4.800 francos su\u00ed\u00e7os. Saiba mais e veja como se candidatar!<\/em><\/p>\n<p>Encontrar vagas na Su\u00ed\u00e7a para pintor pode ser mais f\u00e1cil do que voc\u00ea imagina. Por isso, se voc\u00ea est\u00e1 em busca de emprego na Su\u00ed\u00e7a para pintor, saiba que existem centenas de ofertas no pa\u00eds europeu. Dessa maneira, aproveite para conhecer as oportunidades para trabalhar na Su\u00ed\u00e7a e tamb\u00e9m como se candidatar para uma das vagas abertas.<\/p>\n<hr class=\"pre-post\" style=\"margin-bottom:20px\"\/>\n<h2><strong>Vagas na Su\u00ed\u00e7a para pintor<\/strong><\/h2>\n<p>Existem centenas de vagas na Su\u00ed\u00e7a para pintor e voc\u00ea pode encontrar uma oportunidade de trabalho no pa\u00eds europeu. Sendo assim, descubra quais s\u00e3o as ofertas de trabalho de pintor na Su\u00ed\u00e7a, requisitos e como se candidatar para uma das vagas abertas.<\/p>\n<p><a href=\"https:\/\/vagaspelomundo.com.br\/vagas\/vagas-na-suica-para-jardineiro\/\" target=\"_blank\" rel=\"noreferrer noopener\">Vagas na Su\u00ed\u00e7a para jardineiro: sal\u00e1rios podem passar dos 7 mil francos<\/a><\/p>\n<h3><strong>Opus Personal<\/strong><\/h3>\n<p>A empresa de recrutamento e sele\u00e7\u00e3o est\u00e1 com oportunidades de emprego na Su\u00ed\u00e7a para pintor. Dessa maneira, o profissional contratado vai atuar em um dos clientes da Opus Personal e deve realizar pintura geral e pintura interna e externa. Tamb\u00e9m fazer pintura de fachadas, paredes, tetos e janelas, trabalhos em paredes, tetos, portas, janelas, grades, tubos, radiadores, etc.<\/p>\n<p>Al\u00e9m disso, trabalhos de imprima\u00e7\u00e3o, pintura em superf\u00edcies diversas (gesso, madeira, etc.), lixamento manual ou mec\u00e2nico, t\u00e9cnicas especiais como B. Esponja, t\u00e9cnica de m\u00e1rmore etc., pintar com pincel, rolar com rolo, pulverizar com pistola, aplica\u00e7\u00e3o de papel de parede e reboco de fachadas. Por isso, o profissional ideal precisa ter conclu\u00eddo forma\u00e7\u00e3o como pintor na EFZ ou equivalente, ser independente, forma de trabalhar confi\u00e1vel, exata e precisa e ter carteira de habilita\u00e7\u00e3o categoria B \u00e9 uma vantagem. <a href=\"https:\/\/opus-personal.ch\/aktuelle-jobs.aspx\/be-maler\/\" target=\"_blank\" rel=\"noreferrer noopener\">Saiba mais<\/a>.<\/p>\n<p><a href=\"https:\/\/vagaspelomundo.com.br\/vagas\/vagas-em-luxemburgo-na-amazon\/\" target=\"_blank\" rel=\"noreferrer noopener\">Vagas em Luxemburgo na Amazon: sal\u00e1rios superiores aos 7 mil euros<\/a><\/p>\n<h3><strong>Kaener Personal<\/strong><\/h3>\n<p>A companhia de recrutamento e sele\u00e7\u00e3o est\u00e1 com ofertas de trabalho para pintor na Su\u00ed\u00e7a. Por isso, os profissionais devem realizar trabalhos de pintura interior e exterior, pulveriza\u00e7\u00e3o, pintura e envernizamento de v\u00e1rios componentes. Al\u00e9m disso, trabalho de papel de parede, tratamentos de mofo e tamb\u00e9m cobrindo e gravando superf\u00edcies de trabalho.<\/p>\n<p>Entretanto, a empresa tamb\u00e9m quer algu\u00e9m que atue em renova\u00e7\u00e3o de fachadas e trabalhos leves de reboco. Dessa maneira, \u00e9 necess\u00e1rio ter forma\u00e7\u00e3o profissional completa como pintor EFZ\/EBA, atue de maneira r\u00e1pida e confi\u00e1vel, goste de trabalhar de forma pr\u00e1tica, tenha boa coordena\u00e7\u00e3o olho-m\u00e3o, respons\u00e1vel, seja pontual e bem preparado. Aproveite e conhe\u00e7a todas as <a href=\"https:\/\/kaenerpersonal.ch\/offene-stellen\/details?vid=922&amp;MalerIn%20100%20%%20,%20Pf%C3%A4ffikon\" target=\"_blank\" rel=\"noreferrer noopener\">oportunidades abertas<\/a> pela empresa.<\/p>\n<p><a href=\"https:\/\/vagaspelomundo.com.br\/vagas\/vagas-na-suica-em-companhia-irlandesa\/\" target=\"_blank\" rel=\"noreferrer noopener\">Vagas na Su\u00ed\u00e7a em companhia irlandesa: empregos com sal\u00e1rios de 9 mil francos<\/a><\/p>\n<h3><strong>Vagas na Su\u00ed\u00e7a para pintor<\/strong>: <strong>Creativ Personal<\/strong><\/h3>\n<p>A empresa de recoloca\u00e7\u00e3o profissional est\u00e1 com vagas na Su\u00ed\u00e7a para pintor. Por isso, o an\u00fancio diz que \u00e9 para pintor (100%) que seja flex\u00edvel, comprometido, r\u00e1pido e competente para um dos clientes deles e que trabalha em toda a Su\u00ed\u00e7a. Al\u00e9m disso, o profissional vai realizar trabalhos de reboco e remendo, atuar em novas constru\u00e7\u00f5es, convers\u00f5es, trabalhos de renova\u00e7\u00e3o, de pintura geral principalmente em ambientes internos.<\/p>\n<p>Entretanto, tamb\u00e9m vai fazer trabalhos de pintura interior e exterior bem como a correspondente prepara\u00e7\u00e3o e acompanhamento, edi\u00e7\u00e3o e pintura de fachadas, paredes, tetos, pisos e outras partes de edif\u00edcios para novas constru\u00e7\u00f5es e reformas. Contudo, a empresa pede forma\u00e7\u00e3o profissional completa e experi\u00eancia como pintor e ter carta de condu\u00e7\u00e3o (B) \u00e9 uma vantagem. <a href=\"https:\/\/creativzueri.ch\/jobs\/job-maler\/\" target=\"_blank\" rel=\"noreferrer noopener\">Veja tudo sobre a oportunidade de trabalho<\/a> na Su\u00ed\u00e7a.<\/p>\n<p><a href=\"https:\/\/vagaspelomundo.com.br\/vagas\/vagas-em-luxemburgo-em-novo-shopping\/\" target=\"_blank\" rel=\"noreferrer noopener\">Vagas em Luxemburgo em novo shopping: 500 ofertas de emprego anunciadas<\/a><\/p>\n<h3><strong>Gefra Personal<\/strong><\/h3>\n<p>A consultora de recursos humanos est\u00e1 com vagas para pintor na Su\u00ed\u00e7a e quer algu\u00e9m que trabalhe de maneira independente, seja confi\u00e1vel e flex\u00edvel, motivado e em boas condi\u00e7\u00f5es f\u00edsicas e ter carteira de habilita\u00e7\u00e3o B \u00e9 uma vantagem. Al\u00e9m disso, vai fazer pintura de tetos, paredes, caixilhos de portas e carpintarias, fachada, pulveriza\u00e7\u00e3o e pintura com equipamento airless e trabalhar com papel de parede.<\/p>\n<p>Por isso, a empresa quer algu\u00e9m com experi\u00eancia em pintura de cliente e oferece pagamento de sal\u00e1rio semanal (toda segunda e quarta-feira), boa remunera\u00e7\u00e3o, suporte multil\u00edngue, assist\u00eancia com registros (alvar\u00e1, munic\u00edpio, apartamento, etc.), tempo de rea\u00e7\u00e3o r\u00e1pido e assist\u00eancia na procura de alojamento. <a href=\"https:\/\/gefrapersonal.ch\/job\/maler-m-w-80\/\" target=\"_blank\" rel=\"noreferrer noopener\">Confira tudo sobre<\/a> as vagas na Su\u00ed\u00e7a para pintor.<\/p>\n<p><a href=\"https:\/\/vagaspelomundo.com.br\/vagas\/vagas-na-suica-na-construcao-civil\/\" target=\"_blank\" rel=\"noreferrer noopener\">Vagas na Su\u00ed\u00e7a na constru\u00e7\u00e3o civil: sal\u00e1rios acima dos 6.500 francos<\/a><\/p>\n<h3><strong>AC Personaldienste<\/strong><\/h3>\n<p>Existem v\u00e1rias vagas na Su\u00ed\u00e7a para pintor e a empresa de recrutamento e sele\u00e7\u00e3o est\u00e1 contratando algu\u00e9m que realiza trabalhos de pintura em ambientes internos e externos. Al\u00e9m disso, deve atuar no canteiro de obras e ter forma\u00e7\u00e3o como pintor com v\u00e1rios anos de experi\u00eancia profissional. Entretanto, tamb\u00e9m precisa ter comprometimento e assertividade acima da m\u00e9dia na busca e alcance de metas e consiga compreender os pedidos dos clientes para a manuten\u00e7\u00e3o e renova\u00e7\u00e3o de edif\u00edcios. <a href=\"https:\/\/www.acpersonal.ch\/stellenangebote\/\" target=\"_blank\" rel=\"noreferrer noopener\">Conhe\u00e7a as ofertas de trabalho<\/a> na Su\u00ed\u00e7a.<\/p>\n<p><a href=\"https:\/\/vagaspelomundo.com.br\/vagas\/empregos-remotos-no-google\/\" target=\"_blank\" rel=\"noreferrer noopener\">Empregos remotos no Google: dezenas de vagas e contrata\u00e7\u00f5es imediatas<\/a><\/p>\n<h3><strong>Vagas na Su\u00ed\u00e7a para pintor<\/strong>: <strong>Eupro<\/strong><\/h3>\n<p>A companhia de sele\u00e7\u00e3o de profissionais est\u00e1 com vagas para pintor na Su\u00ed\u00e7a (100%) e procura algu\u00e9m para realizar trabalhos de pintura geral, remover\/remixar cores, pintura geral para convers\u00f5es e reformas, pulveriza\u00e7\u00e3o, papel de parede e pequenos trabalhos de reboco. Contudo, \u00e9 necess\u00e1rio forma\u00e7\u00e3o profissional como pintor (EFZ) e ter uma carta de condu\u00e7\u00e3o categoria B \u00e9 uma vantagem. <a href=\"https:\/\/www.eupro.ch\/en\/\" target=\"_blank\" rel=\"noreferrer noopener\">Veja mais sobre as vagas<\/a> abertas na Su\u00ed\u00e7a.<\/p>\n<p><a href=\"https:\/\/vagaspelomundo.com.br\/vagas\/vagas-na-suica-em-companhia-de-cruzeiros\/\" target=\"_blank\" rel=\"noreferrer noopener\">Vagas na Su\u00ed\u00e7a em companhia de cruzeiros: empresa est\u00e1 recrutando profissionais<\/a><\/p>\n<h3><strong>Rede EURES<\/strong><\/h3>\n<p>A <a href=\"https:\/\/europa.eu\/eures\/portal\/jv-se\/search?page=1&amp;resultsPerPage=10&amp;orderBy=BEST_MATCH&amp;locationCodes=ch&amp;keywordsEverywhere=maler&amp;lang=en\" target=\"_blank\" rel=\"noreferrer noopener\">Rede EURES<\/a> est\u00e1 com mais de 800 vagas na Su\u00ed\u00e7a para pintor e as ofertas s\u00e3o listadas conforme a data de publica\u00e7\u00e3o. Por isso, o ideal \u00e9 buscar as oportunidades com calma, ler todos os requisitos e se candidatar diretamente para o emprego na Su\u00ed\u00e7a que voc\u00ea est\u00e1 em busca.<\/p>\n<p><a href=\"https:\/\/vagaspelomundo.com.br\/vagas\/companhia-alema-com-vagas-na-suica\/\" target=\"_blank\" rel=\"noreferrer noopener\">Companhia alem\u00e3 com vagas na Su\u00ed\u00e7a: sal\u00e1rios muito acima da m\u00e9dia<\/a><\/p>\n<h2><strong>Sal\u00e1rio como pintor na Su\u00ed\u00e7a<\/strong><\/h2>\n<p>De acordo com um <a href=\"https:\/\/www.randstad.ch\/bewerber\/berufe\/maler\/\" target=\"_blank\" rel=\"noreferrer noopener\">portal de recursos humanos<\/a>, como pintor na Su\u00ed\u00e7a voc\u00ea se beneficia basicamente do acordo coletivo de trabalho (GAV) para o com\u00e9rcio de pintura e reboco. Dessa maneira, o GAV \u00e9 destinado para, principalmente, remunerar de forma justa trabalhadores qualificados e treinados. Por isso, quanto mais experi\u00eancia profissional e responsabilidade voc\u00ea tiver, mais voc\u00ea ganha.<\/p>\n<p>Al\u00e9m disso, vale a pena continuar a forma\u00e7\u00e3o na sua profiss\u00e3o, pois depois de concluir seu aprendizado na EFZ, seu sal\u00e1rio inicial como pintor na Su\u00ed\u00e7a \u00e9, em m\u00e9dia, de CHF 4.800 francos su\u00ed\u00e7os por m\u00eas ou CHF 62.400 francos su\u00ed\u00e7os por ano. Entretanto, como pintor, o seu sal\u00e1rio bruto varia entre CHF 4.775 e CHF 4.991 por m\u00eas para quem trabalha 40 horas por semana. J\u00e1 com v\u00e1rios anos de experi\u00eancia profissional, voc\u00ea pode aumentar seu sal\u00e1rio base para cerca de CHF 5.200 por m\u00eas ou CHF 67.600 por ano.<\/p>\n<p><a href=\"https:\/\/vagaspelomundo.com.br\/vagas\/vagas-abertas-na-suica\/\" target=\"_blank\" rel=\"noreferrer noopener\">Vagas abertas na Su\u00ed\u00e7a: multinacional inaugura novos escrit\u00f3rios e est\u00e1 contratando<\/a><\/p>\n<p>*Conhe\u00e7a tamb\u00e9m o\u00a0<a href=\"https:\/\/youtu.be\/lmVdohbXViE?si=fLiii-JGLBvcQCGN\" target=\"_blank\" rel=\"noreferrer noopener\">nosso canal do Youtube<\/a>\u00a0e aproveite para se inscrever no canal:<\/p>\n<p><iframe loading=\"lazy\" title=\"Emprego novo: como fazer uma biografia no LinkedIn\" width=\"500\" height=\"281\" src=\"https:\/\/www.youtube.com\/embed\/lmVdohbXViE?feature=oembed\" frameborder=\"0\" allow=\"accelerometer; autoplay; clipboard-write; encrypted-media; gyroscope; picture-in-picture; web-share\" referrerpolicy=\"strict-origin-when-cross-origin\" allowfullscreen><\/iframe><\/p>\n<\/div>\n<p><br \/>\n<br \/><a href=\"https:\/\/ismaelcolosi.com.br\/salarios-comecam-em-4-800-francos\/\">Source link <\/a><\/p>\n<!-- CONTENT END 1 -->\n","protected":false},"excerpt":{"rendered":"<p>Vagas na Su\u00ed\u00e7a para pintor \u2013 Foto: Canva. Existem centenas de vagas na Su\u00ed\u00e7a para pintor e os sal\u00e1rios iniciam em 4.800 francos su\u00ed\u00e7os. Saiba&#8230;<\/p>\n","protected":false},"author":1,"featured_media":23557,"comment_status":"open","ping_status":"open","sticky":false,"template":"","format":"standard","meta":{"advanced_seo_description":"","jetpack_seo_html_title":"","jetpack_seo_noindex":false,"jetpack_post_was_ever_published":false,"_jetpack_newsletter_access":"","_jetpack_dont_email_post_to_subs":false,"_jetpack_newsletter_tier_id":0,"_jetpack_memberships_contains_paywalled_content":false,"_jetpack_memberships_contains_paid_content":false,"footnotes":"","jetpack_publicize_message":"","jetpack_publicize_feature_enabled":true,"jetpack_social_post_already_shared":true,"jetpack_social_options":{"image_generator_settings":{"template":"highway","default_image_id":0,"font":"","enabled":false},"version":2}},"categories":[7],"tags":[],"class_list":["post-23556","post","type-post","status-publish","format-standard","has-post-thumbnail","hentry","category-vagas-de-empregos-em-ribeirao-preto-regiao-brasil"],"jetpack_publicize_connections":[],"jetpack_featured_media_url":"https:\/\/i0.wp.com\/noticiasribeiraopreto.com.br\/wp-content\/uploads\/2024\/01\/vagas-na-suica-para-pintor.jpeg?fit=660%2C360&ssl=1","jetpack-related-posts":[{"id":42666,"url":"https:\/\/noticiasribeiraopreto.com.br\/index.php\/2024\/03\/15\/13-vagas-em-ribeirao-preto-sp\/","url_meta":{"origin":23556,"position":0},"title":"13 vagas em Ribeir\u00e3o Preto\/SP","author":"noticiasribeiraopreto.com.br","date":"15 de March de 2024","format":false,"excerpt":"13 vagas em Ribeir\u00e3o Preto\/SPAnalista financeiroRibeir\u00e3o Preto, SPSal\u00e1rioA combinarContratoCLT (Efetivo)Lancamento de nfs, fluxo de caixa etc balancos semanais e mensais apoio a todas areas da empresa conhecimento em contratosProjetista IndustrialRibeir\u00e3o Preto, SPSal\u00e1rioA combinarContratoCLT (Efetivo)Estamos em busca de um Projetista Industrial para nossa equipe. Responsabilidades: - Projetar maquinas - Projetar tanques\u2026","rel":"","context":"In &quot;Vagas de Emprego em Ribeir\u00e3o Preto-SP&quot;","block_context":{"text":"Vagas de Emprego em Ribeir\u00e3o Preto-SP","link":"https:\/\/noticiasribeiraopreto.com.br\/index.php\/category\/empregos-classificados-vagas-trabalho\/vagas-de-empregos-em-ribeirao-preto-regiao-brasil\/"},"img":{"alt_text":"","src":"https:\/\/i0.wp.com\/noticiasribeiraopreto.com.br\/wp-content\/uploads\/2024\/03\/1710541750_a3e97088f30f8acd4c21ea69ffbecb43.jpg?fit=1080%2C981&ssl=1&resize=350%2C200","width":350,"height":200,"srcset":"https:\/\/i0.wp.com\/noticiasribeiraopreto.com.br\/wp-content\/uploads\/2024\/03\/1710541750_a3e97088f30f8acd4c21ea69ffbecb43.jpg?fit=1080%2C981&ssl=1&resize=350%2C200 1x, https:\/\/i0.wp.com\/noticiasribeiraopreto.com.br\/wp-content\/uploads\/2024\/03\/1710541750_a3e97088f30f8acd4c21ea69ffbecb43.jpg?fit=1080%2C981&ssl=1&resize=525%2C300 1.5x, https:\/\/i0.wp.com\/noticiasribeiraopreto.com.br\/wp-content\/uploads\/2024\/03\/1710541750_a3e97088f30f8acd4c21ea69ffbecb43.jpg?fit=1080%2C981&ssl=1&resize=700%2C400 2x, https:\/\/i0.wp.com\/noticiasribeiraopreto.com.br\/wp-content\/uploads\/2024\/03\/1710541750_a3e97088f30f8acd4c21ea69ffbecb43.jpg?fit=1080%2C981&ssl=1&resize=1050%2C600 3x"},"classes":[]},{"id":12729,"url":"https:\/\/noticiasribeiraopreto.com.br\/index.php\/2023\/12\/08\/vagas-de-empregos-para-trabalhar-em-ribeirao-preto-sp-ou-qualquer-lugar-do-brasil-vagas-home-office-ems-2\/","url_meta":{"origin":23556,"position":1},"title":"Vagas de empregos para trabalhar em Ribeir\u00e3o Preto-SP ou qualquer lugar do Brasil (vagas home office EMS)","author":"noticiasribeiraopreto.com.br","date":"8 de December de 2023","format":false,"excerpt":"1 vaga para Auxiliar de Refrigera\u00e7\u00e3o em Andradina - SPh\u00e1 22 horas 1 vaga para T\u00e9cnico de Refrigera\u00e7\u00e3o em Andradina - SPh\u00e1 22 horas Vaga para Estagi\u00e1rio Marketing Estrat\u00e9gico em Ribeir\u00e3o Preto Vaga para Estagi\u00e1rio em Com\u00e9rcio Exterior em Ribeir\u00e3o Preto Vaga para Auxiliar de Dep\u00f3sito (tempor\u00e1rio) em Ribeir\u00e3o Preto\u2026","rel":"","context":"In &quot;Vagas de Emprego em Ribeir\u00e3o Preto-SP&quot;","block_context":{"text":"Vagas de Emprego em Ribeir\u00e3o Preto-SP","link":"https:\/\/noticiasribeiraopreto.com.br\/index.php\/category\/empregos-classificados-vagas-trabalho\/vagas-de-empregos-em-ribeirao-preto-regiao-brasil\/"},"img":{"alt_text":"","src":"https:\/\/i0.wp.com\/noticiasribeiraopreto.com.br\/wp-content\/uploads\/2023\/12\/1702053735_ems.jpg?fit=1200%2C675&ssl=1&resize=350%2C200","width":350,"height":200,"srcset":"https:\/\/i0.wp.com\/noticiasribeiraopreto.com.br\/wp-content\/uploads\/2023\/12\/1702053735_ems.jpg?fit=1200%2C675&ssl=1&resize=350%2C200 1x, https:\/\/i0.wp.com\/noticiasribeiraopreto.com.br\/wp-content\/uploads\/2023\/12\/1702053735_ems.jpg?fit=1200%2C675&ssl=1&resize=525%2C300 1.5x, https:\/\/i0.wp.com\/noticiasribeiraopreto.com.br\/wp-content\/uploads\/2023\/12\/1702053735_ems.jpg?fit=1200%2C675&ssl=1&resize=700%2C400 2x, https:\/\/i0.wp.com\/noticiasribeiraopreto.com.br\/wp-content\/uploads\/2023\/12\/1702053735_ems.jpg?fit=1200%2C675&ssl=1&resize=1050%2C600 3x"},"classes":[]},{"id":64602,"url":"https:\/\/noticiasribeiraopreto.com.br\/index.php\/2025\/03\/10\/inscricoes-para-concurso-publico-com-vaga-em-ribeirao-preto-comecam-nesta-semana\/","url_meta":{"origin":23556,"position":2},"title":"Inscri\u00e7\u00f5es para concurso p\u00fablico com vaga em Ribeir\u00e3o Preto come\u00e7am nesta semana","author":"noticiasribeiraopreto.com.br","date":"10 de March de 2025","format":false,"excerpt":"As inscri\u00e7\u00f5es para o concurso p\u00fablico da Ares-PCJ (ag\u00eancia reguladora respons\u00e1vel por regular o abastecimento de \u00e1gua em Ribeir\u00e3o Preto) come\u00e7am nesta ter\u00e7a-feira (11). S\u00e3o 10 vagas dispon\u00edveis e os sal\u00e1rios variam entre R$ 1.802,13 e R$ 13.056,00. As oportunidades s\u00e3o para tr\u00eas cidades do interior de S\u00e3o Paulo: Ribeir\u00e3o\u2026","rel":"","context":"In &quot;Not\u00edcias de Ribeir\u00e3o Preto-SP e Regi\u00e3o&quot;","block_context":{"text":"Not\u00edcias de Ribeir\u00e3o Preto-SP e Regi\u00e3o","link":"https:\/\/noticiasribeiraopreto.com.br\/index.php\/category\/noticias-de-ribeirao-preto-sp-e-regiao-ismael-colosi\/"},"img":{"alt_text":"","src":"https:\/\/i0.wp.com\/noticiasribeiraopreto.com.br\/wp-content\/uploads\/2025\/01\/concurso_2025-01-07_18-14-44_jpg_2025-01-07_18-14-45.webp.webp?fit=1200%2C800&ssl=1&resize=350%2C200","width":350,"height":200,"srcset":"https:\/\/i0.wp.com\/noticiasribeiraopreto.com.br\/wp-content\/uploads\/2025\/01\/concurso_2025-01-07_18-14-44_jpg_2025-01-07_18-14-45.webp.webp?fit=1200%2C800&ssl=1&resize=350%2C200 1x, https:\/\/i0.wp.com\/noticiasribeiraopreto.com.br\/wp-content\/uploads\/2025\/01\/concurso_2025-01-07_18-14-44_jpg_2025-01-07_18-14-45.webp.webp?fit=1200%2C800&ssl=1&resize=525%2C300 1.5x, https:\/\/i0.wp.com\/noticiasribeiraopreto.com.br\/wp-content\/uploads\/2025\/01\/concurso_2025-01-07_18-14-44_jpg_2025-01-07_18-14-45.webp.webp?fit=1200%2C800&ssl=1&resize=700%2C400 2x, https:\/\/i0.wp.com\/noticiasribeiraopreto.com.br\/wp-content\/uploads\/2025\/01\/concurso_2025-01-07_18-14-44_jpg_2025-01-07_18-14-45.webp.webp?fit=1200%2C800&ssl=1&resize=1050%2C600 3x"},"classes":[]},{"id":13953,"url":"https:\/\/noticiasribeiraopreto.com.br\/index.php\/2023\/12\/11\/trabalho-vagas-de-empregos-em-ribeirao-preto-sp\/","url_meta":{"origin":23556,"position":3},"title":"Trabalho: Vagas de empregos em Ribeir\u00e3o Preto-SP","author":"noticiasribeiraopreto.com.br","date":"11 de December de 2023","format":false,"excerpt":"","rel":"","context":"In &quot;Vagas de Emprego em Ribeir\u00e3o Preto-SP&quot;","block_context":{"text":"Vagas de Emprego em Ribeir\u00e3o Preto-SP","link":"https:\/\/noticiasribeiraopreto.com.br\/index.php\/category\/empregos-classificados-vagas-trabalho\/vagas-de-empregos-em-ribeirao-preto-regiao-brasil\/"},"img":{"alt_text":"","src":"https:\/\/i0.wp.com\/noticiasribeiraopreto.com.br\/wp-content\/uploads\/2023\/12\/1702316801_vaga-oportunidades-emprego-ribeirao-31032023181927833.jpeg?fit=1200%2C675&ssl=1&resize=350%2C200","width":350,"height":200,"srcset":"https:\/\/i0.wp.com\/noticiasribeiraopreto.com.br\/wp-content\/uploads\/2023\/12\/1702316801_vaga-oportunidades-emprego-ribeirao-31032023181927833.jpeg?fit=1200%2C675&ssl=1&resize=350%2C200 1x, https:\/\/i0.wp.com\/noticiasribeiraopreto.com.br\/wp-content\/uploads\/2023\/12\/1702316801_vaga-oportunidades-emprego-ribeirao-31032023181927833.jpeg?fit=1200%2C675&ssl=1&resize=525%2C300 1.5x, https:\/\/i0.wp.com\/noticiasribeiraopreto.com.br\/wp-content\/uploads\/2023\/12\/1702316801_vaga-oportunidades-emprego-ribeirao-31032023181927833.jpeg?fit=1200%2C675&ssl=1&resize=700%2C400 2x, https:\/\/i0.wp.com\/noticiasribeiraopreto.com.br\/wp-content\/uploads\/2023\/12\/1702316801_vaga-oportunidades-emprego-ribeirao-31032023181927833.jpeg?fit=1200%2C675&ssl=1&resize=1050%2C600 3x"},"classes":[]},{"id":23428,"url":"https:\/\/noticiasribeiraopreto.com.br\/index.php\/2024\/01\/02\/veja-os-concursos-publicos-de-ribeirao-preto-em-2024-salarios-chegam-a-r-5-mil\/","url_meta":{"origin":23556,"position":4},"title":"Veja os concursos p\u00fablicos de Ribeir\u00e3o Preto em 2024; Sal\u00e1rios chegam a R$ 5 mil","author":"noticiasribeiraopreto.com.br","date":"2 de January de 2024","format":false,"excerpt":"A Prefeitura de Ribeir\u00e3o Preto conta com dois concursos abertos em 2024. Ao todo, s\u00e3o 28 vagas e os sal\u00e1rios que variam entre R$ 2,5 mil e R$ 5,6 mil. Os cargos s\u00e3o de n\u00edvel fundamental, m\u00e9dio, t\u00e9cnico e superior. As inscri\u00e7\u00f5es para as vagas do edital 06\/2023 come\u00e7am nesta\u2026","rel":"","context":"In &quot;Not\u00edcias de Ribeir\u00e3o Preto-SP e Regi\u00e3o&quot;","block_context":{"text":"Not\u00edcias de Ribeir\u00e3o Preto-SP e Regi\u00e3o","link":"https:\/\/noticiasribeiraopreto.com.br\/index.php\/category\/noticias-de-ribeirao-preto-sp-e-regiao-ismael-colosi\/"},"img":{"alt_text":"","src":"https:\/\/i0.wp.com\/noticiasribeiraopreto.com.br\/wp-content\/uploads\/2024\/01\/concurso-publico-12.jpg?fit=1200%2C800&ssl=1&resize=350%2C200","width":350,"height":200,"srcset":"https:\/\/i0.wp.com\/noticiasribeiraopreto.com.br\/wp-content\/uploads\/2024\/01\/concurso-publico-12.jpg?fit=1200%2C800&ssl=1&resize=350%2C200 1x, https:\/\/i0.wp.com\/noticiasribeiraopreto.com.br\/wp-content\/uploads\/2024\/01\/concurso-publico-12.jpg?fit=1200%2C800&ssl=1&resize=525%2C300 1.5x, https:\/\/i0.wp.com\/noticiasribeiraopreto.com.br\/wp-content\/uploads\/2024\/01\/concurso-publico-12.jpg?fit=1200%2C800&ssl=1&resize=700%2C400 2x, https:\/\/i0.wp.com\/noticiasribeiraopreto.com.br\/wp-content\/uploads\/2024\/01\/concurso-publico-12.jpg?fit=1200%2C800&ssl=1&resize=1050%2C600 3x"},"classes":[]},{"id":16842,"url":"https:\/\/noticiasribeiraopreto.com.br\/index.php\/2023\/12\/16\/inscricoes-para-concurso-publico-com-salarios-de-r-5-mil-comecam-na-proxima-segunda\/","url_meta":{"origin":23556,"position":5},"title":"Inscri\u00e7\u00f5es para concurso p\u00fablico com sal\u00e1rios de R$ 5 mil come\u00e7am na pr\u00f3xima segunda","author":"noticiasribeiraopreto.com.br","date":"16 de December de 2023","format":false,"excerpt":"Come\u00e7a na pr\u00f3xima segunda-feira (18), a partir das 10h, o prazo para as inscri\u00e7\u00f5es do concurso p\u00fablico da C\u00e2mara Municipal de Jaboticabal, no interior de S\u00e3o Paulo. S\u00e3o cinco vagas de n\u00edvel m\u00e9dio e superior com sal\u00e1rios de R$ 5.452,93. As vagas dispon\u00edveis s\u00e3o para assistente (3 vagas), operador audiovisual\u2026","rel":"","context":"In &quot;Not\u00edcias de Ribeir\u00e3o Preto-SP e Regi\u00e3o&quot;","block_context":{"text":"Not\u00edcias de Ribeir\u00e3o Preto-SP e Regi\u00e3o","link":"https:\/\/noticiasribeiraopreto.com.br\/index.php\/category\/noticias-de-ribeirao-preto-sp-e-regiao-ismael-colosi\/"},"img":{"alt_text":"","src":"https:\/\/i0.wp.com\/noticiasribeiraopreto.com.br\/wp-content\/uploads\/2023\/12\/concurso-publico-11.jpg?fit=1200%2C801&ssl=1&resize=350%2C200","width":350,"height":200,"srcset":"https:\/\/i0.wp.com\/noticiasribeiraopreto.com.br\/wp-content\/uploads\/2023\/12\/concurso-publico-11.jpg?fit=1200%2C801&ssl=1&resize=350%2C200 1x, https:\/\/i0.wp.com\/noticiasribeiraopreto.com.br\/wp-content\/uploads\/2023\/12\/concurso-publico-11.jpg?fit=1200%2C801&ssl=1&resize=525%2C300 1.5x, https:\/\/i0.wp.com\/noticiasribeiraopreto.com.br\/wp-content\/uploads\/2023\/12\/concurso-publico-11.jpg?fit=1200%2C801&ssl=1&resize=700%2C400 2x, https:\/\/i0.wp.com\/noticiasribeiraopreto.com.br\/wp-content\/uploads\/2023\/12\/concurso-publico-11.jpg?fit=1200%2C801&ssl=1&resize=1050%2C600 3x"},"classes":[]}],"jetpack_sharing_enabled":true,"jetpack_shortlink":"https:\/\/wp.me\/peQAOb-67W","_links":{"self":[{"href":"https:\/\/noticiasribeiraopreto.com.br\/index.php\/wp-json\/wp\/v2\/posts\/23556","targetHints":{"allow":["GET"]}}],"collection":[{"href":"https:\/\/noticiasribeiraopreto.com.br\/index.php\/wp-json\/wp\/v2\/posts"}],"about":[{"href":"https:\/\/noticiasribeiraopreto.com.br\/index.php\/wp-json\/wp\/v2\/types\/post"}],"author":[{"embeddable":true,"href":"https:\/\/noticiasribeiraopreto.com.br\/index.php\/wp-json\/wp\/v2\/users\/1"}],"replies":[{"embeddable":true,"href":"https:\/\/noticiasribeiraopreto.com.br\/index.php\/wp-json\/wp\/v2\/comments?post=23556"}],"version-history":[{"count":0,"href":"https:\/\/noticiasribeiraopreto.com.br\/index.php\/wp-json\/wp\/v2\/posts\/23556\/revisions"}],"wp:featuredmedia":[{"embeddable":true,"href":"https:\/\/noticiasribeiraopreto.com.br\/index.php\/wp-json\/wp\/v2\/media\/23557"}],"wp:attachment":[{"href":"https:\/\/noticiasribeiraopreto.com.br\/index.php\/wp-json\/wp\/v2\/media?parent=23556"}],"wp:term":[{"taxonomy":"category","embeddable":true,"href":"https:\/\/noticiasribeiraopreto.com.br\/index.php\/wp-json\/wp\/v2\/categories?post=23556"},{"taxonomy":"post_tag","embeddable":true,"href":"https:\/\/noticiasribeiraopreto.com.br\/index.php\/wp-json\/wp\/v2\/tags?post=23556"}],"curies":[{"name":"wp","href":"https:\/\/api.w.org\/{rel}","templated":true}]}}