{"id":23569,"date":"2024-01-02T16:11:32","date_gmt":"2024-01-02T19:11:32","guid":{"rendered":"https:\/\/noticiasribeiraopreto.com.br\/index.php\/2024\/01\/02\/sesc-ribeirao-preto-recebe-atleta-olimpica-para-aula-gratuita\/"},"modified":"2024-01-02T16:11:32","modified_gmt":"2024-01-02T19:11:32","slug":"sesc-ribeirao-preto-recebe-atleta-olimpica-para-aula-gratuita","status":"publish","type":"post","link":"https:\/\/noticiasribeiraopreto.com.br\/index.php\/2024\/01\/02\/sesc-ribeirao-preto-recebe-atleta-olimpica-para-aula-gratuita\/","title":{"rendered":"Sesc Ribeir\u00e3o Preto recebe atleta ol\u00edmpica para aula gratuita"},"content":{"rendered":"<div class='code-block code-block-1' style='margin: 8px 0 8px auto; text-align: right; display: block; clear: both;'>\n<p><a href=\"https:\/\/wa.link\/vpicfd\"><img data-recalc-dims=\"1\" class=\"wp-image-4922\" style=\"aspect-ratio: 2.0253164556962027; width: 561px; height: auto;\" src=\"https:\/\/i0.wp.com\/ismaelcolosi.com.br\/wp-content\/uploads\/2023\/11\/grupo-de-empregos-whatsapp-e-facebook-ismael-colosi-vagas.jpg?ssl=1\" alt=\"\" \/><\/a><\/p>\n<!-- \/wp:image -->\n<\/div>\n<p> <br \/>\n<\/p>\n<div data-td-block-uid=\"tdi_104\">\n<div class=\"tdb-block-inner td-fix-index\">\n<p>O <strong><a href=\"https:\/\/www.sescsp.org.br\/programacao\/badminton-7\/\" target=\"_blank\" rel=\"noreferrer noopener nofollow\">Sesc Ribeir\u00e3o Preto<\/a><\/strong> recebe no pr\u00f3ximo s\u00e1bado (6) a <strong>Fabiana da Silva<\/strong>, que representou o Brasil na disputa do badminton nos <strong>Jogos Ol\u00edmpicos de T\u00f3quio 2020<\/strong>. Fabiana participa de uma aula gratuita aberta ao p\u00fablico.<\/p>\n<p>A aula aberta faz parte do Sesc Ver\u00e3o e acontece a partir das 14h.<mark style=\"background-color:#fcb900\" class=\"has-inline-color has-black-color\"> S\u00e3o 200 vagas dispon\u00edveis e as inscri\u00e7\u00f5es devem ser realizadas no local por ordem de chegada.<\/mark><\/p>\n<p>Al\u00e9m da participa\u00e7\u00e3o nos <strong>Jogos Ol\u00edmpicos<\/strong>, Fabiana da Silva \u00e9 campe\u00e3 sul-americana da modalidade e medalhista de bronze nos <strong>Jogos Pan-Americanos<\/strong>, al\u00e9m de colecionar 46 t\u00edtulos de etapas nacionais de badminton.<\/p>\n<h4 class=\"wp-block-heading\"><strong>Minicurso<\/strong><\/h4>\n<p>Para quem se interessar mais pelo esporte, o Sesc tamb\u00e9m conta com um minicurso de badminton, que acontece entre os dias 9 e 12 de janeiro, a partir das 19h, no gin\u00e1sio. S\u00e3o 25 vagas dispon\u00edveis e as inscri\u00e7\u00f5es devem ser realizadas por ordem de chegada.<\/p>\n<p>VEJA TAMB\u00c9M<br \/>Corredor da regi\u00e3o de Ribeir\u00e3o termina a S\u00e3o Silvestre entre os 25 primeiros<\/p>\n<h4 class=\"wp-block-heading\"><strong>FIQUE ON<\/strong><\/h4>\n<p>Fique ligado em tudo que acontece em Ribeir\u00e3o Preto e regi\u00e3o. Siga os perfis do <strong>acidade on <\/strong>no <a href=\"https:\/\/www.instagram.com\/acidadeonribeirao\" target=\"_blank\" rel=\"noreferrer noopener nofollow\">Instagram<\/a> e no <a href=\"https:\/\/www.facebook.com\/acidadeonribeirao\" target=\"_blank\" rel=\"noreferrer noopener nofollow\">Facebook.<\/a><\/p>\n<p>Receba not\u00edcias do<strong> acidade on <\/strong>no WhatsApp. <a href=\"https:\/\/chat.whatsapp.com\/Bnv2w66ZT4VDyZW3oiZ69n\" target=\"_blank\" rel=\"noreferrer noopener nofollow\">Para entrar no grupo, basta clicar aqui.<\/a><\/p>\n<p>Fa\u00e7a uma den\u00fancia ou sugira uma reportagem sobre a Ribeir\u00e3o Preto e regi\u00e3o pelo WhatsApp: (16) 99117 7802.<\/p>\n<p>LEIA MAIS<br \/>Consoles PlayStation e Xbox receber\u00e3o Horizon Chase 2<\/p>\n<p><!-- AI CONTENT END 1 -->\n<\/div>\n<\/div>\n<p><script async src=\"\/\/www.instagram.com\/embed.js\"><\/script><br \/>\n<br \/><br \/>\n<br \/><a href=\"https:\/\/www.acidadeon.com\/ribeiraopreto\/esportes\/sesc-ribeirao-preto-recebe-atleta-olimpica-para-aula-gratuita\/\">Source link <\/a><\/p>\n<!-- CONTENT END 1 -->\n","protected":false},"excerpt":{"rendered":"<p>O Sesc Ribeir\u00e3o Preto recebe no pr\u00f3ximo s\u00e1bado (6) a Fabiana da Silva, que representou o Brasil na disputa do badminton nos Jogos Ol\u00edmpicos de&#8230;<\/p>\n","protected":false},"author":1,"featured_media":23570,"comment_status":"open","ping_status":"open","sticky":false,"template":"","format":"standard","meta":{"advanced_seo_description":"","jetpack_seo_html_title":"","jetpack_seo_noindex":false,"jetpack_post_was_ever_published":false,"_jetpack_newsletter_access":"","_jetpack_dont_email_post_to_subs":false,"_jetpack_newsletter_tier_id":0,"_jetpack_memberships_contains_paywalled_content":false,"_jetpack_memberships_contains_paid_content":false,"footnotes":"","jetpack_publicize_message":"","jetpack_publicize_feature_enabled":true,"jetpack_social_post_already_shared":true,"jetpack_social_options":{"image_generator_settings":{"template":"highway","default_image_id":0,"font":"","enabled":false},"version":2}},"categories":[11],"tags":[775,2918,343,2917,71,27,407,26,2916],"class_list":["post-23569","post","type-post","status-publish","format-standard","has-post-thumbnail","hentry","category-noticias-de-ribeirao-preto-sp-e-regiao-ismael-colosi","tag-atleta","tag-aula","tag-gratuita","tag-olimpica","tag-para","tag-preto","tag-recebe","tag-ribeirao","tag-sesc"],"jetpack_publicize_connections":[],"jetpack_featured_media_url":"https:\/\/i0.wp.com\/noticiasribeiraopreto.com.br\/wp-content\/uploads\/2024\/01\/fabiana-da-silva.jpg?fit=902%2C770&ssl=1","jetpack-related-posts":[{"id":24080,"url":"https:\/\/noticiasribeiraopreto.com.br\/index.php\/2024\/01\/03\/lenda-do-volei-cubana-tricampea-olimpica-realiza-aula-em-ribeirao-preto\/","url_meta":{"origin":23569,"position":0},"title":"Lenda do v\u00f4lei: Cubana tricampe\u00e3 ol\u00edmpica realiza aula em Ribeir\u00e3o Preto","author":"noticiasribeiraopreto.com.br","date":"3 de January de 2024","format":false,"excerpt":"A ex-jogadora de v\u00f4lei cubana Mireya Luis Hernandez, tricampe\u00e3 ol\u00edmpica, vai realizar uma aula aberta ao p\u00fablico em Ribeir\u00e3o Preto, no pr\u00f3ximo dia 14 de janeiro. A ex-atleta participa de um bate-papo, a partir das 10h, no Sesc Ribeir\u00e3o Preto. Ao todo, s\u00e3o 200 vagas para o encontro com a\u2026","rel":"","context":"In &quot;Not\u00edcias de Ribeir\u00e3o Preto-SP e Regi\u00e3o&quot;","block_context":{"text":"Not\u00edcias de Ribeir\u00e3o Preto-SP e Regi\u00e3o","link":"https:\/\/noticiasribeiraopreto.com.br\/index.php\/category\/noticias-de-ribeirao-preto-sp-e-regiao-ismael-colosi\/"},"img":{"alt_text":"","src":"https:\/\/i0.wp.com\/noticiasribeiraopreto.com.br\/wp-content\/uploads\/2024\/01\/mireya.jpg?fit=899%2C832&ssl=1&resize=350%2C200","width":350,"height":200,"srcset":"https:\/\/i0.wp.com\/noticiasribeiraopreto.com.br\/wp-content\/uploads\/2024\/01\/mireya.jpg?fit=899%2C832&ssl=1&resize=350%2C200 1x, https:\/\/i0.wp.com\/noticiasribeiraopreto.com.br\/wp-content\/uploads\/2024\/01\/mireya.jpg?fit=899%2C832&ssl=1&resize=525%2C300 1.5x, https:\/\/i0.wp.com\/noticiasribeiraopreto.com.br\/wp-content\/uploads\/2024\/01\/mireya.jpg?fit=899%2C832&ssl=1&resize=700%2C400 2x"},"classes":[]},{"id":62880,"url":"https:\/\/noticiasribeiraopreto.com.br\/index.php\/2025\/01\/27\/ribeirao-preto-recebe-bate-papo-e-aula-pratica-com-medalhista-na-maratona-olimpica\/","url_meta":{"origin":23569,"position":1},"title":"Ribeir\u00e3o Preto recebe bate-papo e aula pr\u00e1tica com medalhista na maratona ol\u00edmpica","author":"noticiasribeiraopreto.com.br","date":"27 de January de 2025","format":false,"excerpt":"O ex-maratonista Vanderlei Cordeiro de Lima, medalhista de bronze nos Jogos Ol\u00edmpicos de Atenas 2004, participa de uma aula pr\u00e1tica e de um bate-papo no Sesc Ribeir\u00e3o Preto, no pr\u00f3ximo dia 12 de fevereiro, a partir das 18h30. A atividade \u00e9 aberta ao p\u00fablico de todas as idades, desde praticantes\u2026","rel":"","context":"In &quot;Not\u00edcias de Ribeir\u00e3o Preto-SP e Regi\u00e3o&quot;","block_context":{"text":"Not\u00edcias de Ribeir\u00e3o Preto-SP e Regi\u00e3o","link":"https:\/\/noticiasribeiraopreto.com.br\/index.php\/category\/noticias-de-ribeirao-preto-sp-e-regiao-ismael-colosi\/"},"img":{"alt_text":"","src":"https:\/\/i0.wp.com\/noticiasribeiraopreto.com.br\/wp-content\/uploads\/2025\/01\/vanderlei-cordeiro-de-lima_2025-01-27_16-27-11_jpg_2025-01-27_16-27-11.webp.webp?fit=1200%2C801&ssl=1&resize=350%2C200","width":350,"height":200,"srcset":"https:\/\/i0.wp.com\/noticiasribeiraopreto.com.br\/wp-content\/uploads\/2025\/01\/vanderlei-cordeiro-de-lima_2025-01-27_16-27-11_jpg_2025-01-27_16-27-11.webp.webp?fit=1200%2C801&ssl=1&resize=350%2C200 1x, https:\/\/i0.wp.com\/noticiasribeiraopreto.com.br\/wp-content\/uploads\/2025\/01\/vanderlei-cordeiro-de-lima_2025-01-27_16-27-11_jpg_2025-01-27_16-27-11.webp.webp?fit=1200%2C801&ssl=1&resize=525%2C300 1.5x, https:\/\/i0.wp.com\/noticiasribeiraopreto.com.br\/wp-content\/uploads\/2025\/01\/vanderlei-cordeiro-de-lima_2025-01-27_16-27-11_jpg_2025-01-27_16-27-11.webp.webp?fit=1200%2C801&ssl=1&resize=700%2C400 2x, https:\/\/i0.wp.com\/noticiasribeiraopreto.com.br\/wp-content\/uploads\/2025\/01\/vanderlei-cordeiro-de-lima_2025-01-27_16-27-11_jpg_2025-01-27_16-27-11.webp.webp?fit=1200%2C801&ssl=1&resize=1050%2C600 3x"},"classes":[]},{"id":24959,"url":"https:\/\/noticiasribeiraopreto.com.br\/index.php\/2024\/01\/05\/veja-as-opcoes-para-curtir-o-primeiro-final-de-semana-de-2024-em-ribeirao-e-regiao-1\/","url_meta":{"origin":23569,"position":2},"title":"Veja as op\u00e7\u00f5es para curtir o primeiro final de semana de 2024 em Ribeir\u00e3o e regi\u00e3o","author":"noticiasribeiraopreto.com.br","date":"5 de January de 2024","format":false,"excerpt":"Se voc\u00ea est\u00e1 buscando o que fazer neste primeiro final de semana de 2024, saiba que Ribeir\u00e3o Preto e regi\u00e3o t\u00eam diversas op\u00e7\u00f5es para toda a fam\u00edlia se divertir \u2013 a maioria de forma gratuita. A programa\u00e7\u00e3o inclui oficinas com leitura e brincadeiras, aula de badminton com atleta ol\u00edmpica, apresenta\u00e7\u00e3o\u2026","rel":"","context":"In &quot;Not\u00edcias de Ribeir\u00e3o Preto-SP e Regi\u00e3o&quot;","block_context":{"text":"Not\u00edcias de Ribeir\u00e3o Preto-SP e Regi\u00e3o","link":"https:\/\/noticiasribeiraopreto.com.br\/index.php\/category\/noticias-de-ribeirao-preto-sp-e-regiao-ismael-colosi\/"},"img":{"alt_text":"","src":"https:\/\/i0.wp.com\/noticiasribeiraopreto.com.br\/wp-content\/uploads\/2024\/01\/Copia-de-Copia-de-TAMANHO-EXATO-PARA-FOTOS-NO-SISTEMA-NOVO-1.png?fit=1200%2C675&ssl=1&resize=350%2C200","width":350,"height":200,"srcset":"https:\/\/i0.wp.com\/noticiasribeiraopreto.com.br\/wp-content\/uploads\/2024\/01\/Copia-de-Copia-de-TAMANHO-EXATO-PARA-FOTOS-NO-SISTEMA-NOVO-1.png?fit=1200%2C675&ssl=1&resize=350%2C200 1x, https:\/\/i0.wp.com\/noticiasribeiraopreto.com.br\/wp-content\/uploads\/2024\/01\/Copia-de-Copia-de-TAMANHO-EXATO-PARA-FOTOS-NO-SISTEMA-NOVO-1.png?fit=1200%2C675&ssl=1&resize=525%2C300 1.5x, https:\/\/i0.wp.com\/noticiasribeiraopreto.com.br\/wp-content\/uploads\/2024\/01\/Copia-de-Copia-de-TAMANHO-EXATO-PARA-FOTOS-NO-SISTEMA-NOVO-1.png?fit=1200%2C675&ssl=1&resize=700%2C400 2x, https:\/\/i0.wp.com\/noticiasribeiraopreto.com.br\/wp-content\/uploads\/2024\/01\/Copia-de-Copia-de-TAMANHO-EXATO-PARA-FOTOS-NO-SISTEMA-NOVO-1.png?fit=1200%2C675&ssl=1&resize=1050%2C600 3x"},"classes":[]},{"id":62094,"url":"https:\/\/noticiasribeiraopreto.com.br\/index.php\/2025\/01\/03\/sesc-verao-oferece-atividades-gratuitas-de-skate-breaking-e-basquete-confira\/","url_meta":{"origin":23569,"position":3},"title":"\u2018Sesc Ver\u00e3o\u2019 oferece atividades gratuitas de skate, breaking e basquete; Confira","author":"noticiasribeiraopreto.com.br","date":"3 de January de 2025","format":false,"excerpt":"Com o tema \u201cSegue o Jogo\u201d, o Sesc Ribeir\u00e3o Preto recebe mais uma edi\u00e7\u00e3o do Sesc Ver\u00e3o. A programa\u00e7\u00e3o conta com diversas atividades f\u00edsicas gratuitas como skate, breaking e basquete, entre outras modalidade, nos meses de janeiro e fevereiro. A programa\u00e7\u00e3o conta com aulas para quem deseja experimentar os esportes,\u2026","rel":"","context":"In &quot;Not\u00edcias de Ribeir\u00e3o Preto-SP e Regi\u00e3o&quot;","block_context":{"text":"Not\u00edcias de Ribeir\u00e3o Preto-SP e Regi\u00e3o","link":"https:\/\/noticiasribeiraopreto.com.br\/index.php\/category\/noticias-de-ribeirao-preto-sp-e-regiao-ismael-colosi\/"},"img":{"alt_text":"","src":"https:\/\/i0.wp.com\/noticiasribeiraopreto.com.br\/wp-content\/uploads\/2025\/01\/breaking-foto-de-deep-das-pexels-664x332-1_2025-01-03_14-02-54_png_2025-01-03_14-02-54.webp.webp?fit=664%2C332&ssl=1&resize=350%2C200","width":350,"height":200,"srcset":"https:\/\/i0.wp.com\/noticiasribeiraopreto.com.br\/wp-content\/uploads\/2025\/01\/breaking-foto-de-deep-das-pexels-664x332-1_2025-01-03_14-02-54_png_2025-01-03_14-02-54.webp.webp?fit=664%2C332&ssl=1&resize=350%2C200 1x, https:\/\/i0.wp.com\/noticiasribeiraopreto.com.br\/wp-content\/uploads\/2025\/01\/breaking-foto-de-deep-das-pexels-664x332-1_2025-01-03_14-02-54_png_2025-01-03_14-02-54.webp.webp?fit=664%2C332&ssl=1&resize=525%2C300 1.5x"},"classes":[]},{"id":76557,"url":"https:\/\/noticiasribeiraopreto.com.br\/index.php\/2025\/08\/31\/sesc-ribeirao-preto-recebe-patinador-tetracampeao-dos-jogos-pan-americanos\/","url_meta":{"origin":23569,"position":4},"title":"Sesc Ribeir\u00e3o Preto recebe patinador tetracampe\u00e3o dos Jogos Pan-Americanos","author":"noticiasribeiraopreto.com.br","date":"31 de August de 2025","format":false,"excerpt":"O Sesc Ribeir\u00e3o Preto recebe o patinador Marcel St\u00fcrmer, tetracampe\u00e3o dos Jogos Pan-Americanos, considerado o maior patinador da hist\u00f3ria do Brasil. Marcel participa de atividade no gin\u00e1sio do Sesc Ribeir\u00e3o no dia 28 de setembro, a partir das 14h. A entrada \u00e9 gratuita e n\u00e3o \u00e9 necess\u00e1ria a inscri\u00e7\u00e3o pr\u00e9via.\u2026","rel":"","context":"In &quot;Not\u00edcias de Ribeir\u00e3o Preto-SP e Regi\u00e3o&quot;","block_context":{"text":"Not\u00edcias de Ribeir\u00e3o Preto-SP e Regi\u00e3o","link":"https:\/\/noticiasribeiraopreto.com.br\/index.php\/category\/noticias-de-ribeirao-preto-sp-e-regiao-ismael-colosi\/"},"img":{"alt_text":"","src":"https:\/\/i0.wp.com\/noticiasribeiraopreto.com.br\/wp-content\/uploads\/2025\/08\/marcel-stumer_2025-08-31_17-09-37.webp.webp?fit=1200%2C619&ssl=1&resize=350%2C200","width":350,"height":200,"srcset":"https:\/\/i0.wp.com\/noticiasribeiraopreto.com.br\/wp-content\/uploads\/2025\/08\/marcel-stumer_2025-08-31_17-09-37.webp.webp?fit=1200%2C619&ssl=1&resize=350%2C200 1x, https:\/\/i0.wp.com\/noticiasribeiraopreto.com.br\/wp-content\/uploads\/2025\/08\/marcel-stumer_2025-08-31_17-09-37.webp.webp?fit=1200%2C619&ssl=1&resize=525%2C300 1.5x, https:\/\/i0.wp.com\/noticiasribeiraopreto.com.br\/wp-content\/uploads\/2025\/08\/marcel-stumer_2025-08-31_17-09-37.webp.webp?fit=1200%2C619&ssl=1&resize=700%2C400 2x, https:\/\/i0.wp.com\/noticiasribeiraopreto.com.br\/wp-content\/uploads\/2025\/08\/marcel-stumer_2025-08-31_17-09-37.webp.webp?fit=1200%2C619&ssl=1&resize=1050%2C600 3x"},"classes":[]},{"id":81669,"url":"https:\/\/noticiasribeiraopreto.com.br\/index.php\/2026\/01\/13\/apos-flavia-saraiva-e-gabrielzinho-programacao-do-sesc-ainda-tera-mais-atletas-em-ribeirao\/","url_meta":{"origin":23569,"position":5},"title":"Ap\u00f3s Fl\u00e1via Saraiva e Gabrielzinho, programa\u00e7\u00e3o do Sesc ainda ter\u00e1 mais atletas em Ribeir\u00e3o","author":"noticiasribeiraopreto.com.br","date":"13 de January de 2026","format":false,"excerpt":"A ginasta Fl\u00e1via Saraiva, que tem 10 anos de sele\u00e7\u00e3o brasileira e j\u00e1 participou de tr\u00eas Jogos Ol\u00edmpicos, esteve no Sesc de Ribeir\u00e3o Preto neste domingo (11) para participar de um bate-papo sobre sua trajet\u00f3ria. Al\u00e9m dela, o pentacampe\u00e3o paral\u00edmpico Gabrielzinho tamb\u00e9m participou do encontro com a comunidade, onde compartilhou\u2026","rel":"","context":"In &quot;Not\u00edcias de Ribeir\u00e3o Preto-SP e Regi\u00e3o&quot;","block_context":{"text":"Not\u00edcias de Ribeir\u00e3o Preto-SP e Regi\u00e3o","link":"https:\/\/noticiasribeiraopreto.com.br\/index.php\/category\/noticias-de-ribeirao-preto-sp-e-regiao-ismael-colosi\/"},"img":{"alt_text":"","src":"https:\/\/i0.wp.com\/noticiasribeiraopreto.com.br\/wp-content\/uploads\/2026\/01\/domingo-81_2026-01-12_19-19-15.webp.webp?fit=1200%2C675&ssl=1&resize=350%2C200","width":350,"height":200,"srcset":"https:\/\/i0.wp.com\/noticiasribeiraopreto.com.br\/wp-content\/uploads\/2026\/01\/domingo-81_2026-01-12_19-19-15.webp.webp?fit=1200%2C675&ssl=1&resize=350%2C200 1x, https:\/\/i0.wp.com\/noticiasribeiraopreto.com.br\/wp-content\/uploads\/2026\/01\/domingo-81_2026-01-12_19-19-15.webp.webp?fit=1200%2C675&ssl=1&resize=525%2C300 1.5x, https:\/\/i0.wp.com\/noticiasribeiraopreto.com.br\/wp-content\/uploads\/2026\/01\/domingo-81_2026-01-12_19-19-15.webp.webp?fit=1200%2C675&ssl=1&resize=700%2C400 2x, https:\/\/i0.wp.com\/noticiasribeiraopreto.com.br\/wp-content\/uploads\/2026\/01\/domingo-81_2026-01-12_19-19-15.webp.webp?fit=1200%2C675&ssl=1&resize=1050%2C600 3x"},"classes":[]}],"jetpack_sharing_enabled":true,"jetpack_shortlink":"https:\/\/wp.me\/peQAOb-689","_links":{"self":[{"href":"https:\/\/noticiasribeiraopreto.com.br\/index.php\/wp-json\/wp\/v2\/posts\/23569","targetHints":{"allow":["GET"]}}],"collection":[{"href":"https:\/\/noticiasribeiraopreto.com.br\/index.php\/wp-json\/wp\/v2\/posts"}],"about":[{"href":"https:\/\/noticiasribeiraopreto.com.br\/index.php\/wp-json\/wp\/v2\/types\/post"}],"author":[{"embeddable":true,"href":"https:\/\/noticiasribeiraopreto.com.br\/index.php\/wp-json\/wp\/v2\/users\/1"}],"replies":[{"embeddable":true,"href":"https:\/\/noticiasribeiraopreto.com.br\/index.php\/wp-json\/wp\/v2\/comments?post=23569"}],"version-history":[{"count":0,"href":"https:\/\/noticiasribeiraopreto.com.br\/index.php\/wp-json\/wp\/v2\/posts\/23569\/revisions"}],"wp:featuredmedia":[{"embeddable":true,"href":"https:\/\/noticiasribeiraopreto.com.br\/index.php\/wp-json\/wp\/v2\/media\/23570"}],"wp:attachment":[{"href":"https:\/\/noticiasribeiraopreto.com.br\/index.php\/wp-json\/wp\/v2\/media?parent=23569"}],"wp:term":[{"taxonomy":"category","embeddable":true,"href":"https:\/\/noticiasribeiraopreto.com.br\/index.php\/wp-json\/wp\/v2\/categories?post=23569"},{"taxonomy":"post_tag","embeddable":true,"href":"https:\/\/noticiasribeiraopreto.com.br\/index.php\/wp-json\/wp\/v2\/tags?post=23569"}],"curies":[{"name":"wp","href":"https:\/\/api.w.org\/{rel}","templated":true}]}}