{"id":23683,"date":"2024-01-02T20:46:35","date_gmt":"2024-01-02T23:46:35","guid":{"rendered":"https:\/\/noticiasribeiraopreto.com.br\/index.php\/2024\/01\/02\/audios-mostram-piloto-pedindo-ajuda-e-relatando-problema-antes-de-helicoptero-sumir-em-sp-nao-to-conseguindo\/"},"modified":"2024-01-02T20:46:35","modified_gmt":"2024-01-02T23:46:35","slug":"audios-mostram-piloto-pedindo-ajuda-e-relatando-problema-antes-de-helicoptero-sumir-em-sp-nao-to-conseguindo","status":"publish","type":"post","link":"https:\/\/noticiasribeiraopreto.com.br\/index.php\/2024\/01\/02\/audios-mostram-piloto-pedindo-ajuda-e-relatando-problema-antes-de-helicoptero-sumir-em-sp-nao-to-conseguindo\/","title":{"rendered":"\u00c1udios mostram piloto pedindo ajuda e relatando problema antes de helic\u00f3ptero sumir em SP: &#8216;N\u00e3o t\u00f4 conseguindo&#8217;"},"content":{"rendered":"<div class='code-block code-block-1' style='margin: 8px 0 8px auto; text-align: right; display: block; clear: both;'>\n<p><a href=\"https:\/\/wa.link\/vpicfd\"><img data-recalc-dims=\"1\" class=\"wp-image-4922\" style=\"aspect-ratio: 2.0253164556962027; width: 561px; height: auto;\" src=\"https:\/\/i0.wp.com\/ismaelcolosi.com.br\/wp-content\/uploads\/2023\/11\/grupo-de-empregos-whatsapp-e-facebook-ismael-colosi-vagas.jpg?ssl=1\" alt=\"\" \/><\/a><\/p>\n<!-- \/wp:image -->\n<\/div>\n<p> <br \/>\n<\/p>\n<div itemprop=\"text\">\n<p>As buscas por um helic\u00f3pero que desapareceu a caminho do Litoral Norte paulista continuam. A aeronave havia partido de S\u00e3o Paulo (SP) rumo a Ilhabela, no mesmo estado. Contudo, em determinado momento do percurso, parou de ter contato com as torrer de comando.<\/p>\n<p>O helic\u00f3ptero foi dado como desaparecido no \u00faltimo domingo (31\/12) e desde ent\u00e3o n\u00e3o foi mais visto. A For\u00e7a A\u00e9rea Brasileira (FAB) est\u00e1 fazendo miss\u00f5es de busca para tentar encontrar a aeronave.<\/p>\n<p>A Pol\u00edcia Militar informou que o helic\u00f3ptero saiu do aeroporto de Campo de Marte para chegar a Ihabela por volta das 13h15. A aeronave transportava quatro pessoas, cujas identidades j\u00e1 foram divulgadas.<\/p>\n<p>Luciana Rodzewics, de 45 anos; a filha dela, Let\u00edcia Ayumi Rodzewics Sakumoto, de 20 anos e o terceiro passageiro \u00e9 o Rafael Torres, um amigo da fam\u00edlia, s\u00e3o as pessoas que estavam no helic\u00f3ptero quando ele desapareceu.<\/p>\n<h3>Piloto pediu ajuda antes de helic\u00f3ptero desaparecer<\/h3>\n<p>Cassiano, o piloto que levava o helic\u00f3ptero mandou mensagens ao controlador de voo Jorge e disse que estava enfrentando problemas devido ao mau tempo. \u201cPorque n\u00e3o d\u00e1 para subir. Est\u00e1 tudo colado\u201d, diz o condutor da aeronave. \u201cN\u00e3o t\u00f4 conseguindo cruzar\u201d, acrescenta. O controlador pergunta se n\u00e3o seria poss\u00edvel ir por cima da camada, ao que o profissional responde que n\u00e3o.<\/p>\n<p><iframe loading=\"lazy\" title=\"&#039;N\u00e3o vai dar certo&#039;: veja di\u00e1logo entre piloto de helic\u00f3ptero e controlador do heliponto\" width=\"500\" height=\"281\" src=\"https:\/\/www.youtube.com\/embed\/jDI1c-w-q-s?feature=oembed\" frameborder=\"0\" allow=\"accelerometer; autoplay; clipboard-write; encrypted-media; gyroscope; picture-in-picture; web-share\" referrerpolicy=\"strict-origin-when-cross-origin\" allowfullscreen><\/iframe><\/p>\n<p>Em outro momento, o controlador tenta contado com o piloto: \u201cTem um buraco aqui \u00f3. Cassiano? Cassiano? Cassiano? Al\u00f4.\u201d, diz. Ou\u00e7a o \u00e1udio completo no v\u00eddeo acima.<\/p>\n<\/div>\n<p><br \/>\n<br \/><a href=\"https:\/\/fnmais.com\/audios-mostram-piloto-pedindo-ajuda-relatando-problema-antes-helicoptero-sumir-em-sp-nao-to-conseguindo\/\">Source link <\/a><\/p>\n<!-- CONTENT END 1 -->\n","protected":false},"excerpt":{"rendered":"<p>As buscas por um helic\u00f3pero que desapareceu a caminho do Litoral Norte paulista continuam. A aeronave havia partido de S\u00e3o Paulo (SP) rumo a Ilhabela,&#8230;<\/p>\n","protected":false},"author":1,"featured_media":23684,"comment_status":"open","ping_status":"open","sticky":false,"template":"","format":"standard","meta":{"advanced_seo_description":"","jetpack_seo_html_title":"","jetpack_seo_noindex":false,"jetpack_post_was_ever_published":false,"_jetpack_newsletter_access":"","_jetpack_dont_email_post_to_subs":false,"_jetpack_newsletter_tier_id":0,"_jetpack_memberships_contains_paywalled_content":false,"_jetpack_memberships_contains_paid_content":false,"footnotes":"","jetpack_publicize_message":"","jetpack_publicize_feature_enabled":true,"jetpack_social_post_already_shared":true,"jetpack_social_options":{"image_generator_settings":{"template":"highway","default_image_id":0,"font":"","enabled":false},"version":2}},"categories":[1],"tags":[],"class_list":["post-23683","post","type-post","status-publish","format-standard","has-post-thumbnail","hentry","category-blog"],"jetpack_publicize_connections":[],"jetpack_featured_media_url":"https:\/\/i0.wp.com\/noticiasribeiraopreto.com.br\/wp-content\/uploads\/2024\/01\/postimg-65949e5b0fd473887.jpg?fit=1200%2C628&ssl=1","jetpack-related-posts":[{"id":27581,"url":"https:\/\/noticiasribeiraopreto.com.br\/index.php\/2024\/01\/12\/helicoptero-que-desapareceu-com-4-pessoas-em-sp-e-encontrado-apos-12-dias-de-busca-e-fab-enviou-equipe-de-resgate-de-sobreviventes\/","url_meta":{"origin":23683,"position":0},"title":"Helic\u00f3ptero que desapareceu com 4 pessoas em SP \u00e9 encontrado ap\u00f3s 12 dias de busca e FAB enviou equipe de resgate de sobreviventes","author":"noticiasribeiraopreto.com.br","date":"12 de January de 2024","format":false,"excerpt":"Na manh\u00e3 desta sexta-feira, dia 12 de janeiro, equipes de buscas conseguiram localizar o helic\u00f3ptero que estava desaparecido desde o dia 31 de dezembro em Paraibuna, em S\u00e3o Paulo.Por enquanto, a Pol\u00edcia Militar informou apenas sobre a localiza\u00e7\u00e3o, n\u00e3o fornecendo grandes detalhes sobre os quatro ocupantes e tamb\u00e9m n\u00e3o h\u00e1\u2026","rel":"","context":"In &quot;Blog&quot;","block_context":{"text":"Blog","link":"https:\/\/noticiasribeiraopreto.com.br\/index.php\/category\/blog\/"},"img":{"alt_text":"","src":"https:\/\/i0.wp.com\/noticiasribeiraopreto.com.br\/wp-content\/uploads\/2024\/01\/postimg-65a14a66eaacb7445.jpg?fit=1200%2C628&ssl=1&resize=350%2C200","width":350,"height":200,"srcset":"https:\/\/i0.wp.com\/noticiasribeiraopreto.com.br\/wp-content\/uploads\/2024\/01\/postimg-65a14a66eaacb7445.jpg?fit=1200%2C628&ssl=1&resize=350%2C200 1x, https:\/\/i0.wp.com\/noticiasribeiraopreto.com.br\/wp-content\/uploads\/2024\/01\/postimg-65a14a66eaacb7445.jpg?fit=1200%2C628&ssl=1&resize=525%2C300 1.5x, https:\/\/i0.wp.com\/noticiasribeiraopreto.com.br\/wp-content\/uploads\/2024\/01\/postimg-65a14a66eaacb7445.jpg?fit=1200%2C628&ssl=1&resize=700%2C400 2x, https:\/\/i0.wp.com\/noticiasribeiraopreto.com.br\/wp-content\/uploads\/2024\/01\/postimg-65a14a66eaacb7445.jpg?fit=1200%2C628&ssl=1&resize=1050%2C600 3x"},"classes":[]},{"id":24468,"url":"https:\/\/noticiasribeiraopreto.com.br\/index.php\/2024\/01\/04\/corpo-e-achado-em-represa-na-regiao-onde-helicoptero-desapareceu-e-policia-se-pronuncia\/","url_meta":{"origin":23683,"position":1},"title":"Corpo \u00e9 achado em represa na regi\u00e3o onde helic\u00f3ptero desapareceu e Pol\u00edcia se pronuncia","author":"noticiasribeiraopreto.com.br","date":"4 de January de 2024","format":false,"excerpt":"Nesta \u00faltima quarta-feira, dia 3 de janeiro, um corpo n\u00e3o identificado foi descoberto em uma represa pr\u00f3xima de Paraibuna e Natividade da Serra, no interior de S\u00e3o Paulo, durante as buscas pelo helic\u00f3ptero desaparecido desde domingo, dia 31 de dezembro.A aeronave partiu da localidade de S\u00e3o Paulo com destino a\u2026","rel":"","context":"In &quot;Blog&quot;","block_context":{"text":"Blog","link":"https:\/\/noticiasribeiraopreto.com.br\/index.php\/category\/blog\/"},"img":{"alt_text":"","src":"https:\/\/i0.wp.com\/noticiasribeiraopreto.com.br\/wp-content\/uploads\/2024\/01\/postimg-6596ce90979919005.jpg?fit=1200%2C628&ssl=1&resize=350%2C200","width":350,"height":200,"srcset":"https:\/\/i0.wp.com\/noticiasribeiraopreto.com.br\/wp-content\/uploads\/2024\/01\/postimg-6596ce90979919005.jpg?fit=1200%2C628&ssl=1&resize=350%2C200 1x, https:\/\/i0.wp.com\/noticiasribeiraopreto.com.br\/wp-content\/uploads\/2024\/01\/postimg-6596ce90979919005.jpg?fit=1200%2C628&ssl=1&resize=525%2C300 1.5x, https:\/\/i0.wp.com\/noticiasribeiraopreto.com.br\/wp-content\/uploads\/2024\/01\/postimg-6596ce90979919005.jpg?fit=1200%2C628&ssl=1&resize=700%2C400 2x, https:\/\/i0.wp.com\/noticiasribeiraopreto.com.br\/wp-content\/uploads\/2024\/01\/postimg-6596ce90979919005.jpg?fit=1200%2C628&ssl=1&resize=1050%2C600 3x"},"classes":[]},{"id":23739,"url":"https:\/\/noticiasribeiraopreto.com.br\/index.php\/2024\/01\/02\/antes-de-desaparecer-em-helicoptero-jovem-mandou-video-para-o-namorado-informando-sobre-o-mau-tempo\/","url_meta":{"origin":23683,"position":2},"title":"Antes de desaparecer em helic\u00f3ptero, jovem mandou v\u00eddeo para o namorado informando sobre o mau tempo","author":"noticiasribeiraopreto.com.br","date":"2 de January de 2024","format":false,"excerpt":"Quatro pessoas est\u00e3o desaparecidas desde o \u00faltimo domingo (31\/12), quando um helic\u00f3ptero sumiu a caminho de Ilhabela (SP).A aeronave saiu do Aeroporto de Campo de Marte, em Santana, na zona norte de SP, \u00e0s 13h15, e seu \u00faltimo sinal foi rastreado \u00e0s 15h10, na Serra do Mar, na regi\u00e3o de\u2026","rel":"","context":"In &quot;Blog&quot;","block_context":{"text":"Blog","link":"https:\/\/noticiasribeiraopreto.com.br\/index.php\/category\/blog\/"},"img":{"alt_text":"","src":"https:\/\/i0.wp.com\/noticiasribeiraopreto.com.br\/wp-content\/uploads\/2024\/01\/postimg-6594aa8f6b6a28369.jpg?fit=1200%2C628&ssl=1&resize=350%2C200","width":350,"height":200,"srcset":"https:\/\/i0.wp.com\/noticiasribeiraopreto.com.br\/wp-content\/uploads\/2024\/01\/postimg-6594aa8f6b6a28369.jpg?fit=1200%2C628&ssl=1&resize=350%2C200 1x, https:\/\/i0.wp.com\/noticiasribeiraopreto.com.br\/wp-content\/uploads\/2024\/01\/postimg-6594aa8f6b6a28369.jpg?fit=1200%2C628&ssl=1&resize=525%2C300 1.5x, https:\/\/i0.wp.com\/noticiasribeiraopreto.com.br\/wp-content\/uploads\/2024\/01\/postimg-6594aa8f6b6a28369.jpg?fit=1200%2C628&ssl=1&resize=700%2C400 2x, https:\/\/i0.wp.com\/noticiasribeiraopreto.com.br\/wp-content\/uploads\/2024\/01\/postimg-6594aa8f6b6a28369.jpg?fit=1200%2C628&ssl=1&resize=1050%2C600 3x"},"classes":[]},{"id":27528,"url":"https:\/\/noticiasribeiraopreto.com.br\/index.php\/2024\/01\/12\/video-mostra-agentes-da-policia-descendo-de-rapel-em-area-da-mata-em-paraibuna-sp\/","url_meta":{"origin":23683,"position":3},"title":"Video mostra agentes da pol\u00edcia descendo de rapel em \u00e1rea da mata em Paraibuna (SP)","author":"noticiasribeiraopreto.com.br","date":"12 de January de 2024","format":false,"excerpt":"Ap\u00f3s uma busca intensa e angustiante que durou 12 dias, o helic\u00f3ptero que desapareceu misteriosamente em S\u00e3o Paulo foi finalmente localizado.A aeronave, que havia partido do aeroporto de Campo de Marte em S\u00e3o Paulo com destino a Ilhabela, perdeu contato com a torre de controle no dia 31 de dezembro,\u2026","rel":"","context":"In &quot;Blog&quot;","block_context":{"text":"Blog","link":"https:\/\/noticiasribeiraopreto.com.br\/index.php\/category\/blog\/"},"img":{"alt_text":"","src":"https:\/\/i0.wp.com\/noticiasribeiraopreto.com.br\/wp-content\/uploads\/2024\/01\/postimg-65a156175b63c3449.jpg?fit=1200%2C628&ssl=1&resize=350%2C200","width":350,"height":200,"srcset":"https:\/\/i0.wp.com\/noticiasribeiraopreto.com.br\/wp-content\/uploads\/2024\/01\/postimg-65a156175b63c3449.jpg?fit=1200%2C628&ssl=1&resize=350%2C200 1x, https:\/\/i0.wp.com\/noticiasribeiraopreto.com.br\/wp-content\/uploads\/2024\/01\/postimg-65a156175b63c3449.jpg?fit=1200%2C628&ssl=1&resize=525%2C300 1.5x, https:\/\/i0.wp.com\/noticiasribeiraopreto.com.br\/wp-content\/uploads\/2024\/01\/postimg-65a156175b63c3449.jpg?fit=1200%2C628&ssl=1&resize=700%2C400 2x, https:\/\/i0.wp.com\/noticiasribeiraopreto.com.br\/wp-content\/uploads\/2024\/01\/postimg-65a156175b63c3449.jpg?fit=1200%2C628&ssl=1&resize=1050%2C600 3x"},"classes":[]},{"id":27508,"url":"https:\/\/noticiasribeiraopreto.com.br\/index.php\/2024\/01\/12\/em-video-equipe-de-buscas-confirma-morte-de-4-tripulantes\/","url_meta":{"origin":23683,"position":4},"title":"Em v\u00eddeo, equipe de buscas confirma morte de 4 tripulantes","author":"noticiasribeiraopreto.com.br","date":"12 de January de 2024","format":false,"excerpt":"12 de janeiro de 2024 | 13:15 0Pol\u00edcia Militar (PM) encontrou o helic\u00f3ptero que desapareceu h\u00e1 12 dias com quatro passageiros. A aeronave foi encontrada em uma mata fechada no munic\u00edpio de Paraibuna, no Vale do Para\u00edba.Em v\u00eddeo, a equipe de buscas confirma a morte dos quatro ocupantes. O aparelho\u2026","rel":"","context":"In &quot;Not\u00edcias de Ribeir\u00e3o Preto-SP e Regi\u00e3o&quot;","block_context":{"text":"Not\u00edcias de Ribeir\u00e3o Preto-SP e Regi\u00e3o","link":"https:\/\/noticiasribeiraopreto.com.br\/index.php\/category\/noticias-de-ribeirao-preto-sp-e-regiao-ismael-colosi\/"},"img":{"alt_text":"","src":"https:\/\/i0.wp.com\/noticiasribeiraopreto.com.br\/wp-content\/uploads\/2024\/01\/maxresdefault-scaled.jpg?fit=1000%2C563&ssl=1&resize=350%2C200","width":350,"height":200,"srcset":"https:\/\/i0.wp.com\/noticiasribeiraopreto.com.br\/wp-content\/uploads\/2024\/01\/maxresdefault-scaled.jpg?fit=1000%2C563&ssl=1&resize=350%2C200 1x, https:\/\/i0.wp.com\/noticiasribeiraopreto.com.br\/wp-content\/uploads\/2024\/01\/maxresdefault-scaled.jpg?fit=1000%2C563&ssl=1&resize=525%2C300 1.5x, https:\/\/i0.wp.com\/noticiasribeiraopreto.com.br\/wp-content\/uploads\/2024\/01\/maxresdefault-scaled.jpg?fit=1000%2C563&ssl=1&resize=700%2C400 2x"},"classes":[]},{"id":27546,"url":"https:\/\/noticiasribeiraopreto.com.br\/index.php\/2024\/01\/12\/quem-sao-os-passageiros-e-o-piloto-do-helicoptero-que-foi-encontrado-em-sp-apos-12-dias-de-buscas\/","url_meta":{"origin":23683,"position":5},"title":"Quem s\u00e3o os passageiros e o piloto do helic\u00f3ptero que foi encontrado em SP ap\u00f3s 12 dias de buscas","author":"noticiasribeiraopreto.com.br","date":"12 de January de 2024","format":false,"excerpt":"O helic\u00f3ptero encontrado nesta sexta-feira, dia 12 de janeiro, na regi\u00e3o do Vale da Para\u00edba, estava desaparecido h\u00e1 quase duas semanas. Dentro ele, estavam tr\u00eas passageiros e o piloto que estava a bordo.O piloto foi identificado pelo nome de Cassiano Tete Teodoro, 44 anos, e ap\u00f3s o caso, foi o\u2026","rel":"","context":"In &quot;Blog&quot;","block_context":{"text":"Blog","link":"https:\/\/noticiasribeiraopreto.com.br\/index.php\/category\/blog\/"},"img":{"alt_text":"","src":"https:\/\/i0.wp.com\/noticiasribeiraopreto.com.br\/wp-content\/uploads\/2024\/01\/postimg-65a15561d6eba4910.jpg?fit=1200%2C628&ssl=1&resize=350%2C200","width":350,"height":200,"srcset":"https:\/\/i0.wp.com\/noticiasribeiraopreto.com.br\/wp-content\/uploads\/2024\/01\/postimg-65a15561d6eba4910.jpg?fit=1200%2C628&ssl=1&resize=350%2C200 1x, https:\/\/i0.wp.com\/noticiasribeiraopreto.com.br\/wp-content\/uploads\/2024\/01\/postimg-65a15561d6eba4910.jpg?fit=1200%2C628&ssl=1&resize=525%2C300 1.5x, https:\/\/i0.wp.com\/noticiasribeiraopreto.com.br\/wp-content\/uploads\/2024\/01\/postimg-65a15561d6eba4910.jpg?fit=1200%2C628&ssl=1&resize=700%2C400 2x, https:\/\/i0.wp.com\/noticiasribeiraopreto.com.br\/wp-content\/uploads\/2024\/01\/postimg-65a15561d6eba4910.jpg?fit=1200%2C628&ssl=1&resize=1050%2C600 3x"},"classes":[]}],"jetpack_sharing_enabled":true,"jetpack_shortlink":"https:\/\/wp.me\/peQAOb-69Z","_links":{"self":[{"href":"https:\/\/noticiasribeiraopreto.com.br\/index.php\/wp-json\/wp\/v2\/posts\/23683","targetHints":{"allow":["GET"]}}],"collection":[{"href":"https:\/\/noticiasribeiraopreto.com.br\/index.php\/wp-json\/wp\/v2\/posts"}],"about":[{"href":"https:\/\/noticiasribeiraopreto.com.br\/index.php\/wp-json\/wp\/v2\/types\/post"}],"author":[{"embeddable":true,"href":"https:\/\/noticiasribeiraopreto.com.br\/index.php\/wp-json\/wp\/v2\/users\/1"}],"replies":[{"embeddable":true,"href":"https:\/\/noticiasribeiraopreto.com.br\/index.php\/wp-json\/wp\/v2\/comments?post=23683"}],"version-history":[{"count":0,"href":"https:\/\/noticiasribeiraopreto.com.br\/index.php\/wp-json\/wp\/v2\/posts\/23683\/revisions"}],"wp:featuredmedia":[{"embeddable":true,"href":"https:\/\/noticiasribeiraopreto.com.br\/index.php\/wp-json\/wp\/v2\/media\/23684"}],"wp:attachment":[{"href":"https:\/\/noticiasribeiraopreto.com.br\/index.php\/wp-json\/wp\/v2\/media?parent=23683"}],"wp:term":[{"taxonomy":"category","embeddable":true,"href":"https:\/\/noticiasribeiraopreto.com.br\/index.php\/wp-json\/wp\/v2\/categories?post=23683"},{"taxonomy":"post_tag","embeddable":true,"href":"https:\/\/noticiasribeiraopreto.com.br\/index.php\/wp-json\/wp\/v2\/tags?post=23683"}],"curies":[{"name":"wp","href":"https:\/\/api.w.org\/{rel}","templated":true}]}}