{"id":23693,"date":"2024-01-02T21:17:50","date_gmt":"2024-01-03T00:17:50","guid":{"rendered":"https:\/\/noticiasribeiraopreto.com.br\/index.php\/2024\/01\/02\/polemica-em-torno-de-boato-de-terceiro-filho-de-neymar-gera-repercussao\/"},"modified":"2024-01-02T21:17:50","modified_gmt":"2024-01-03T00:17:50","slug":"polemica-em-torno-de-boato-de-terceiro-filho-de-neymar-gera-repercussao","status":"publish","type":"post","link":"https:\/\/noticiasribeiraopreto.com.br\/index.php\/2024\/01\/02\/polemica-em-torno-de-boato-de-terceiro-filho-de-neymar-gera-repercussao\/","title":{"rendered":"Pol\u00eamica em torno de boato de terceiro filho de Neymar gera repercuss\u00e3o"},"content":{"rendered":"<div class='code-block code-block-1' style='margin: 8px 0 8px auto; text-align: right; display: block; clear: both;'>\n<p><a href=\"https:\/\/wa.link\/vpicfd\"><img data-recalc-dims=\"1\" class=\"wp-image-4922\" style=\"aspect-ratio: 2.0253164556962027; width: 561px; height: auto;\" src=\"https:\/\/i0.wp.com\/ismaelcolosi.com.br\/wp-content\/uploads\/2023\/11\/grupo-de-empregos-whatsapp-e-facebook-ismael-colosi-vagas.jpg?ssl=1\" alt=\"\" \/><\/a><\/p>\n<!-- \/wp:image -->\n<\/div>\n<p> <br \/>\n<\/p>\n<div itemprop=\"text\">\n<p>A vida pessoal do jogador Neymar Jr. n\u00e3o para de ser assunto nas redes sociais. Desta vez, come\u00e7ou a circular o boato de que o atleta, que atualmente joga pelo Al-Hilal, iria ser pai novamente.<\/p>\n<p>A not\u00edcia foi divulgada na manh\u00e3 desta ter\u00e7a-feira (02\/12), pelo colunista Leo Dias. De acordo com o jornalista, a suposta m\u00e3e do beb\u00ea seria uma modelo brasileira.<\/p>\n<p>A not\u00edcia da suposta paternidade veio a p\u00fablico depois que um falso print da influenciadora digital Jamile Lima ganhou as redes sociais: \u201cNen\u00e9m linda! J\u00e1 vai ganhar um irm\u00e3ozinho (a) do papai Ney! S\u00f3 um aninho de diferen\u00e7a vai ter\u2026\u201d, disse a falsa mensagem no Instagram.<\/p>\n<p>A postagem falsa rapidamente come\u00e7ou a gerar repercuss\u00e3o entre os internautas nas redes sociais. Contudo, Jamile veio a p\u00fablico pouco depois da nota sair para dizer que n\u00e3o havia postado tal coment\u00e1rio e pediu para quem quem o fez apagasse sua foto.<\/p>\n<p>\u201cEu n\u00e3o escrevi isso n\u00e3o!!! Melhor apagar minha foto!!\u201d, disse a influenciadora. O fato que \u00e9 a mat\u00e9ria de Leo Dias deixou os f\u00e3s em d\u00favida se Neymar est\u00e1 ou n\u00e3o esperando o terceiro filho.<\/p>\n<p>At\u00e9 o fechamento desta mat\u00e9ria, Neymar ainda n\u00e3o havia se maniestado publicamente sobre o assunto. Vale lembrar que o jogador j\u00e1 \u00e9 pai de dois filhos: Davi Lucca, de 12 anos, fruto do relacionamento com Carol Dantas, e Mavie, do namoro com Bruna Biancardi. A crian\u00e7a nasceu no ano passado.<\/p>\n<\/div>\n<p><br \/>\n<br \/><a href=\"https:\/\/fnmais.com\/polemica-em-torno-boato-terceiro-filho-neymar-gera-repercussao\/\">Source link <\/a><\/p>\n<!-- CONTENT END 1 -->\n","protected":false},"excerpt":{"rendered":"<p>A vida pessoal do jogador Neymar Jr. n\u00e3o para de ser assunto nas redes sociais. Desta vez, come\u00e7ou a circular o boato de que o&#8230;<\/p>\n","protected":false},"author":1,"featured_media":23694,"comment_status":"open","ping_status":"open","sticky":false,"template":"","format":"standard","meta":{"advanced_seo_description":"","jetpack_seo_html_title":"","jetpack_seo_noindex":false,"jetpack_post_was_ever_published":false,"_jetpack_newsletter_access":"","_jetpack_dont_email_post_to_subs":false,"_jetpack_newsletter_tier_id":0,"_jetpack_memberships_contains_paywalled_content":false,"_jetpack_memberships_contains_paid_content":false,"footnotes":"","jetpack_publicize_message":"","jetpack_publicize_feature_enabled":true,"jetpack_social_post_already_shared":true,"jetpack_social_options":{"image_generator_settings":{"template":"highway","default_image_id":0,"font":"","enabled":false},"version":2}},"categories":[1],"tags":[],"class_list":["post-23693","post","type-post","status-publish","format-standard","has-post-thumbnail","hentry","category-blog"],"jetpack_publicize_connections":[],"jetpack_featured_media_url":"https:\/\/i0.wp.com\/noticiasribeiraopreto.com.br\/wp-content\/uploads\/2024\/01\/postimg-659498a03c5504192.jpg?fit=1200%2C628&ssl=1","jetpack-related-posts":[{"id":23933,"url":"https:\/\/noticiasribeiraopreto.com.br\/index.php\/2024\/01\/03\/jamile-lima-envolvida-em-boato-sobre-neymar-influenciadora-ja-foi-processada-por-wesley-safadao-saiba-motivo\/","url_meta":{"origin":23693,"position":0},"title":"Jamile Lima, envolvida em boato sobre Neymar, influenciadora j\u00e1 foi processada por Wesley Safad\u00e3o. Saiba motivo","author":"noticiasribeiraopreto.com.br","date":"3 de January de 2024","format":false,"excerpt":"A primeira semana de janeiro tem andado muito agitada na vida do jogador de futebol Neymar Jr. Seu nome foi envolvido em mais uma pol\u00eamica, desta vez, seria um suposto terceiro filho.A influenciadora digital Jamile Lima foi apontada como a respons\u00e1vel pelo boato de haver uma crian\u00e7a sendo gerada como\u2026","rel":"","context":"In &quot;Blog&quot;","block_context":{"text":"Blog","link":"https:\/\/noticiasribeiraopreto.com.br\/index.php\/category\/blog\/"},"img":{"alt_text":"","src":"https:\/\/i0.wp.com\/noticiasribeiraopreto.com.br\/wp-content\/uploads\/2024\/01\/postimg-65956959e69b92115.jpg?fit=1200%2C628&ssl=1&resize=350%2C200","width":350,"height":200,"srcset":"https:\/\/i0.wp.com\/noticiasribeiraopreto.com.br\/wp-content\/uploads\/2024\/01\/postimg-65956959e69b92115.jpg?fit=1200%2C628&ssl=1&resize=350%2C200 1x, https:\/\/i0.wp.com\/noticiasribeiraopreto.com.br\/wp-content\/uploads\/2024\/01\/postimg-65956959e69b92115.jpg?fit=1200%2C628&ssl=1&resize=525%2C300 1.5x, https:\/\/i0.wp.com\/noticiasribeiraopreto.com.br\/wp-content\/uploads\/2024\/01\/postimg-65956959e69b92115.jpg?fit=1200%2C628&ssl=1&resize=700%2C400 2x, https:\/\/i0.wp.com\/noticiasribeiraopreto.com.br\/wp-content\/uploads\/2024\/01\/postimg-65956959e69b92115.jpg?fit=1200%2C628&ssl=1&resize=1050%2C600 3x"},"classes":[]},{"id":20975,"url":"https:\/\/noticiasribeiraopreto.com.br\/index.php\/2023\/12\/26\/instagram-atualizou-e-vai-mostrar-quem-viu-seu-perfil-meta-esclarece\/","url_meta":{"origin":23693,"position":1},"title":"Instagram atualizou e vai mostrar quem viu seu perfil? Meta esclarece","author":"noticiasribeiraopreto.com.br","date":"26 de December de 2023","format":false,"excerpt":"Cr\u00e9ditos: reprodu\u00e7\u00e3o\/InstagramInstagram vai exibir quem viu seu perfil? Entenda Recentemente, um grande alvoro\u00e7o tomou conta das redes sociais sobre um suposto novo recurso do Instagram. Segundo rumores, a nova atualiza\u00e7\u00e3o permitiria aos usu\u00e1rios ver quem visitou seu perfil na plataforma. Com a propaga\u00e7\u00e3o da informa\u00e7\u00e3o acompanhada de imagens, as opini\u00f5es\u2026","rel":"","context":"In &quot;Variedades&quot;","block_context":{"text":"Variedades","link":"https:\/\/noticiasribeiraopreto.com.br\/index.php\/category\/variedades\/"},"img":{"alt_text":"","src":"https:\/\/i0.wp.com\/noticiasribeiraopreto.com.br\/wp-content\/uploads\/2023\/12\/fotos-catraca-2023-12-14t234924955.png?fit=1200%2C638&ssl=1&resize=350%2C200","width":350,"height":200,"srcset":"https:\/\/i0.wp.com\/noticiasribeiraopreto.com.br\/wp-content\/uploads\/2023\/12\/fotos-catraca-2023-12-14t234924955.png?fit=1200%2C638&ssl=1&resize=350%2C200 1x, https:\/\/i0.wp.com\/noticiasribeiraopreto.com.br\/wp-content\/uploads\/2023\/12\/fotos-catraca-2023-12-14t234924955.png?fit=1200%2C638&ssl=1&resize=525%2C300 1.5x, https:\/\/i0.wp.com\/noticiasribeiraopreto.com.br\/wp-content\/uploads\/2023\/12\/fotos-catraca-2023-12-14t234924955.png?fit=1200%2C638&ssl=1&resize=700%2C400 2x, https:\/\/i0.wp.com\/noticiasribeiraopreto.com.br\/wp-content\/uploads\/2023\/12\/fotos-catraca-2023-12-14t234924955.png?fit=1200%2C638&ssl=1&resize=1050%2C600 3x"},"classes":[]},{"id":23599,"url":"https:\/\/noticiasribeiraopreto.com.br\/index.php\/2024\/01\/02\/neymar-jr-se-envolve-em-boato-de-que-seria-pai-pela-terceira-vez-detalhes-sao-expostos\/","url_meta":{"origin":23693,"position":2},"title":"Neymar Jr. se envolve em boato de que seria pai pela terceira vez; detalhes s\u00e3o expostos","author":"noticiasribeiraopreto.com.br","date":"2 de January de 2024","format":false,"excerpt":"Nesta ter\u00e7a-feira, dia 2 de janeiro, a internet ficou agitada com a not\u00edcia de que possivelmente o famoso jogador Neymar Jr ser\u00e1 pai pela terceira vez.Tudo aconteceu ap\u00f3s a influenciadora Jamile Lima ter causado alvoro\u00e7o ao deixar um coment\u00e1rio sugestivo em uma postagem sobre Mavie, a filha mais nova do\u2026","rel":"","context":"In &quot;Blog&quot;","block_context":{"text":"Blog","link":"https:\/\/noticiasribeiraopreto.com.br\/index.php\/category\/blog\/"},"img":{"alt_text":"","src":"https:\/\/i0.wp.com\/noticiasribeiraopreto.com.br\/wp-content\/uploads\/2024\/01\/postimg-65944826e64816971.jpg?fit=1200%2C628&ssl=1&resize=350%2C200","width":350,"height":200,"srcset":"https:\/\/i0.wp.com\/noticiasribeiraopreto.com.br\/wp-content\/uploads\/2024\/01\/postimg-65944826e64816971.jpg?fit=1200%2C628&ssl=1&resize=350%2C200 1x, https:\/\/i0.wp.com\/noticiasribeiraopreto.com.br\/wp-content\/uploads\/2024\/01\/postimg-65944826e64816971.jpg?fit=1200%2C628&ssl=1&resize=525%2C300 1.5x, https:\/\/i0.wp.com\/noticiasribeiraopreto.com.br\/wp-content\/uploads\/2024\/01\/postimg-65944826e64816971.jpg?fit=1200%2C628&ssl=1&resize=700%2C400 2x, https:\/\/i0.wp.com\/noticiasribeiraopreto.com.br\/wp-content\/uploads\/2024\/01\/postimg-65944826e64816971.jpg?fit=1200%2C628&ssl=1&resize=1050%2C600 3x"},"classes":[]},{"id":24985,"url":"https:\/\/noticiasribeiraopreto.com.br\/index.php\/2024\/01\/05\/biancardi-desabafa-sobre-carater-e-detalhe-faz-fas-apontarem-indireta-para-neymar\/","url_meta":{"origin":23693,"position":3},"title":"Biancardi desabafa sobre car\u00e1ter e detalhe faz f\u00e3s apontarem indireta para Neymar","author":"noticiasribeiraopreto.com.br","date":"5 de January de 2024","format":false,"excerpt":"Bruna Biancardi voltou a desabafar nas redes sociais e chamar a aten\u00e7\u00e3o com o conte\u00fado publicado. A influenciadora postou um text\u00e3o sobre car\u00e1ter, o que muitos f\u00e3s entenderam como uma alfinetada em Neymar.\u201cCar\u00e1ter \u00e9 algo que est\u00e1 no cora\u00e7\u00e3o, nas veias, na pele, na alma. Car\u00e1ter corre no sangue. Quem\u2026","rel":"","context":"In &quot;Blog&quot;","block_context":{"text":"Blog","link":"https:\/\/noticiasribeiraopreto.com.br\/index.php\/category\/blog\/"},"img":{"alt_text":"","src":"https:\/\/i0.wp.com\/noticiasribeiraopreto.com.br\/wp-content\/uploads\/2024\/01\/postimg-659852396bb975844.jpg?fit=1200%2C628&ssl=1&resize=350%2C200","width":350,"height":200,"srcset":"https:\/\/i0.wp.com\/noticiasribeiraopreto.com.br\/wp-content\/uploads\/2024\/01\/postimg-659852396bb975844.jpg?fit=1200%2C628&ssl=1&resize=350%2C200 1x, https:\/\/i0.wp.com\/noticiasribeiraopreto.com.br\/wp-content\/uploads\/2024\/01\/postimg-659852396bb975844.jpg?fit=1200%2C628&ssl=1&resize=525%2C300 1.5x, https:\/\/i0.wp.com\/noticiasribeiraopreto.com.br\/wp-content\/uploads\/2024\/01\/postimg-659852396bb975844.jpg?fit=1200%2C628&ssl=1&resize=700%2C400 2x, https:\/\/i0.wp.com\/noticiasribeiraopreto.com.br\/wp-content\/uploads\/2024\/01\/postimg-659852396bb975844.jpg?fit=1200%2C628&ssl=1&resize=1050%2C600 3x"},"classes":[]},{"id":25968,"url":"https:\/\/noticiasribeiraopreto.com.br\/index.php\/2024\/01\/08\/xanddy-aparece-em-clima-descontraido-com-namorada-da-filha-apos-familia-ser-alvo-de-boatos\/","url_meta":{"origin":23693,"position":4},"title":"Xanddy aparece em clima descontra\u00eddo com namorada da filha ap\u00f3s fam\u00edlia ser alvo de boatos","author":"noticiasribeiraopreto.com.br","date":"8 de January de 2024","format":false,"excerpt":"Ao longo do ano passado, Camilly Vict\u00f3ria, filha de Xanddy e Carla Perez, foi alvo de uma s\u00e9rie de boatos. A fam\u00edlia toda foi alvo de uma s\u00e9rie de not\u00edcias falsas que tinham a orienta\u00e7\u00e3o sexual da jovem como ponto de partida.Isso porque Camilly estava se relacionando com uma jovem,\u2026","rel":"","context":"In &quot;Blog&quot;","block_context":{"text":"Blog","link":"https:\/\/noticiasribeiraopreto.com.br\/index.php\/category\/blog\/"},"img":{"alt_text":"","src":"https:\/\/i0.wp.com\/noticiasribeiraopreto.com.br\/wp-content\/uploads\/2024\/01\/postimg-659c895d3d8e79729.jpg?fit=1200%2C628&ssl=1&resize=350%2C200","width":350,"height":200,"srcset":"https:\/\/i0.wp.com\/noticiasribeiraopreto.com.br\/wp-content\/uploads\/2024\/01\/postimg-659c895d3d8e79729.jpg?fit=1200%2C628&ssl=1&resize=350%2C200 1x, https:\/\/i0.wp.com\/noticiasribeiraopreto.com.br\/wp-content\/uploads\/2024\/01\/postimg-659c895d3d8e79729.jpg?fit=1200%2C628&ssl=1&resize=525%2C300 1.5x, https:\/\/i0.wp.com\/noticiasribeiraopreto.com.br\/wp-content\/uploads\/2024\/01\/postimg-659c895d3d8e79729.jpg?fit=1200%2C628&ssl=1&resize=700%2C400 2x, https:\/\/i0.wp.com\/noticiasribeiraopreto.com.br\/wp-content\/uploads\/2024\/01\/postimg-659c895d3d8e79729.jpg?fit=1200%2C628&ssl=1&resize=1050%2C600 3x"},"classes":[]},{"id":4504,"url":"https:\/\/noticiasribeiraopreto.com.br\/index.php\/2023\/11\/21\/apos-ser-apontado-como-possivel-amante-de-lucas-souza-gil-do-vigor-conta-a-verdade-nas-redes-sociais\/","url_meta":{"origin":23693,"position":5},"title":"Ap\u00f3s ser apontado como poss\u00edvel amante de Lucas Souza, Gil do Vigor conta a verdade nas redes sociais","author":"noticiasribeiraopreto.com.br","date":"21 de November de 2023","format":false,"excerpt":"Uma explos\u00e3o virtual abalou as redes sociais ap\u00f3s revela\u00e7\u00f5es pol\u00eamicas envolvendo a cantora Jojo Todynho, seu ex-marido Lucas Souza e o ex-BBB Gil do Vigor.A fofoca incendi\u00e1ria come\u00e7ou quando Jojo exp\u00f4s publicamente que seu casamento com Lucas chegou ao fim devido a mensagens comprometedoras dele com outros homens.No entanto, a\u2026","rel":"","context":"In &quot;Blog&quot;","block_context":{"text":"Blog","link":"https:\/\/noticiasribeiraopreto.com.br\/index.php\/category\/blog\/"},"img":{"alt_text":"","src":"https:\/\/i0.wp.com\/noticiasribeiraopreto.com.br\/wp-content\/uploads\/2023\/11\/postimg-655cfea1698848951.jpg?fit=1200%2C628&ssl=1&resize=350%2C200","width":350,"height":200,"srcset":"https:\/\/i0.wp.com\/noticiasribeiraopreto.com.br\/wp-content\/uploads\/2023\/11\/postimg-655cfea1698848951.jpg?fit=1200%2C628&ssl=1&resize=350%2C200 1x, https:\/\/i0.wp.com\/noticiasribeiraopreto.com.br\/wp-content\/uploads\/2023\/11\/postimg-655cfea1698848951.jpg?fit=1200%2C628&ssl=1&resize=525%2C300 1.5x, https:\/\/i0.wp.com\/noticiasribeiraopreto.com.br\/wp-content\/uploads\/2023\/11\/postimg-655cfea1698848951.jpg?fit=1200%2C628&ssl=1&resize=700%2C400 2x, https:\/\/i0.wp.com\/noticiasribeiraopreto.com.br\/wp-content\/uploads\/2023\/11\/postimg-655cfea1698848951.jpg?fit=1200%2C628&ssl=1&resize=1050%2C600 3x"},"classes":[]}],"jetpack_sharing_enabled":true,"jetpack_shortlink":"https:\/\/wp.me\/peQAOb-6a9","_links":{"self":[{"href":"https:\/\/noticiasribeiraopreto.com.br\/index.php\/wp-json\/wp\/v2\/posts\/23693","targetHints":{"allow":["GET"]}}],"collection":[{"href":"https:\/\/noticiasribeiraopreto.com.br\/index.php\/wp-json\/wp\/v2\/posts"}],"about":[{"href":"https:\/\/noticiasribeiraopreto.com.br\/index.php\/wp-json\/wp\/v2\/types\/post"}],"author":[{"embeddable":true,"href":"https:\/\/noticiasribeiraopreto.com.br\/index.php\/wp-json\/wp\/v2\/users\/1"}],"replies":[{"embeddable":true,"href":"https:\/\/noticiasribeiraopreto.com.br\/index.php\/wp-json\/wp\/v2\/comments?post=23693"}],"version-history":[{"count":0,"href":"https:\/\/noticiasribeiraopreto.com.br\/index.php\/wp-json\/wp\/v2\/posts\/23693\/revisions"}],"wp:featuredmedia":[{"embeddable":true,"href":"https:\/\/noticiasribeiraopreto.com.br\/index.php\/wp-json\/wp\/v2\/media\/23694"}],"wp:attachment":[{"href":"https:\/\/noticiasribeiraopreto.com.br\/index.php\/wp-json\/wp\/v2\/media?parent=23693"}],"wp:term":[{"taxonomy":"category","embeddable":true,"href":"https:\/\/noticiasribeiraopreto.com.br\/index.php\/wp-json\/wp\/v2\/categories?post=23693"},{"taxonomy":"post_tag","embeddable":true,"href":"https:\/\/noticiasribeiraopreto.com.br\/index.php\/wp-json\/wp\/v2\/tags?post=23693"}],"curies":[{"name":"wp","href":"https:\/\/api.w.org\/{rel}","templated":true}]}}