{"id":23746,"date":"2024-01-02T23:28:02","date_gmt":"2024-01-03T02:28:02","guid":{"rendered":"https:\/\/noticiasribeiraopreto.com.br\/index.php\/2024\/01\/02\/programa-de-estagio-andrade-gutierrez-2024-vagas-abertas-em-minas-gerais-e-sao-paulo-com-bolsa-auxilio-de-ate-r-2-200-beneficios\/"},"modified":"2024-01-02T23:28:02","modified_gmt":"2024-01-03T02:28:02","slug":"programa-de-estagio-andrade-gutierrez-2024-vagas-abertas-em-minas-gerais-e-sao-paulo-com-bolsa-auxilio-de-ate-r-2-200-beneficios","status":"publish","type":"post","link":"https:\/\/noticiasribeiraopreto.com.br\/index.php\/2024\/01\/02\/programa-de-estagio-andrade-gutierrez-2024-vagas-abertas-em-minas-gerais-e-sao-paulo-com-bolsa-auxilio-de-ate-r-2-200-beneficios\/","title":{"rendered":"Programa de est\u00e1gio Andrade Gutierrez 2024: Vagas abertas em Minas Gerais e S\u00e3o Paulo, com bolsa-aux\u00edlio de at\u00e9 R$\u00a02.200 + benef\u00edcios"},"content":{"rendered":"<div class='code-block code-block-1' style='margin: 8px 0 8px auto; text-align: right; display: block; clear: both;'>\n<p><a href=\"https:\/\/wa.link\/vpicfd\"><img data-recalc-dims=\"1\" class=\"wp-image-4922\" style=\"aspect-ratio: 2.0253164556962027; width: 561px; height: auto;\" src=\"https:\/\/i0.wp.com\/ismaelcolosi.com.br\/wp-content\/uploads\/2023\/11\/grupo-de-empregos-whatsapp-e-facebook-ismael-colosi-vagas.jpg?ssl=1\" alt=\"\" \/><\/a><\/p>\n<!-- \/wp:image -->\n<\/div>\n<p> <br \/>\n<\/p>\n<div>\n<figure><picture><source srcset=\"https:\/\/clickpetroleoegas.com.br\/wp-content\/uploads\/2024\/01\/programa-de-estagio-andrade-gutierrez-2024-vagas-abertas-em-minas-gerais-e-sao-paulo-com-bolsa-auxilio-de-ate-r-2-200-beneficios-830x450.jpg.webp\" type=\"image\/webp\"><img data-recalc-dims=\"1\" loading=\"lazy\" width=\"830\" height=\"450\" src=\"https:\/\/i0.wp.com\/clickpetroleoegas.com.br\/wp-content\/uploads\/2024\/01\/programa-de-estagio-andrade-gutierrez-2024-vagas-abertas-em-minas-gerais-e-sao-paulo-com-bolsa-auxilio-de-ate-r-2-200-beneficios-830x450.jpg?resize=830%2C450&#038;ssl=1\" class=\"fdnw-post-thumbnail fdnw-first-card-thumbnail wp-post-image\" alt=\"Os alunos que desejam concorrer as vagas dispon\u00edveis no Programa de Est\u00e1gio da Andrade Gutierrez devem se inscrever at\u00e9 o dia 14\/01.\" decoding=\"async\" data-eio=\"p\"\/><\/source><\/picture><figcaption class=\"fdnw-image-caption\">Foto: Canva<\/figcaption><\/figure>\n<h2 class=\"wp-block-heading\" id=\"h-os-alunos-que-desejam-concorrer-as-vagas-disponiveis-no-programa-de-estagio-da-andrade-gutierrez-devem-se-inscrever-ate-o-dia-14-01\">Os alunos que desejam concorrer as vagas dispon\u00edveis no Programa de Est\u00e1gio da Andrade Gutierrez devem se inscrever at\u00e9 o dia 14\/01.<\/h2>\n<p>A renomada empresa de engenharia e constru\u00e7\u00e3o, Andrade Gutierrez, est\u00e1 com as inscri\u00e7\u00f5es abertas para o seu <a href=\"https:\/\/clickpetroleoegas.com.br\/category\/vagas-de-emprego\/estagio-e-trainee\/\">Programa de Est\u00e1gio<\/a>, oferecendo uma oportunidade \u00fanica para jovens talentos ingressarem no setor. Com o compromisso de investir no desenvolvimento de novos profissionais, a Andrade Gutierrez visa preencher diversas vagas em diferentes \u00e1reas, proporcionando aos estagi\u00e1rios, a chance de adquirir experi\u00eancia pr\u00e1tica e construir uma carreira s\u00f3lida.<\/p>\n<h2 class=\"wp-block-heading\" id=\"h-quanto-tempo-dura-o-programa-de-estagio\">Quanto tempo dura o programa de est\u00e1gio?<\/h2>\n<p>O Programa de Est\u00e1gio da Andrade Gutierrez ter\u00e1 dura\u00e7\u00e3o de at\u00e9 2 anos e destaca-se como uma porta de entrada para o mercado de trabalho.<\/p>\n<p> <span class=\"fdnw-card-article-related\"> <span class=\"h4 fdnw-card-article-related-title\">Artigos recomendados<\/span> <\/span> <\/p>\n<p>Oferecendo aos participantes a oportunidade de vivenciar o dia a dia de uma das maiores empresas do setor.<\/p>\n<p>Os estagi\u00e1rios ter\u00e3o a chance de aplicar seus conhecimentos acad\u00eamicos em projetos reais, sob a orienta\u00e7\u00e3o de profissionais experientes.<\/p>\n<h2 class=\"wp-block-heading\" id=\"h-poderao-participar-da-selecao-da-andrade-gutierrez-estudantes-das-seguintes-areas\">Poder\u00e3o participar da sele\u00e7\u00e3o da Andrade Gutierrez, estudantes das seguintes \u00e1reas:<\/h2>\n<p>As vagas oferecidas abrangem diversas \u00e1reas, s\u00e3o elas:<\/p>\n<ul>\n<li>Administra\u00e7\u00e3o;<\/li>\n<li>An\u00e1lise e Desenvolvimento de Sistemas;<\/li>\n<li>Com\u00e9rcio de Exterior;<\/li>\n<li>Contabilidade;<\/li>\n<li>Direito;<\/li>\n<li>Economia;<\/li>\n<li>Engenharia Civil;<\/li>\n<li>Engenharia da Computa\u00e7\u00e3o;<\/li>\n<li>Engenharia de Produ\u00e7\u00e3o;<\/li>\n<li>Engenharia El\u00e9trica;<\/li>\n<li>Engenharia Mec\u00e2nica;<\/li>\n<li>Psicologia;<\/li>\n<li>Rela\u00e7\u00f5es Internacionais.<\/li>\n<\/ul>\n<h2 class=\"wp-block-heading\" id=\"h-as-vagas-sao-destinadas-para-atuacao-presencial-em-sao-paulo-e-minas-gerais\">As vagas s\u00e3o destinadas para atua\u00e7\u00e3o presencial em S\u00e3o Paulo e Minas Gerais<\/h2>\n<p>A Andrade Gutierrez busca candidatos proativos, inovadores e comprometidos com o aprendizado cont\u00ednuo.<\/p>\n<p>\u00c9 necess\u00e1rio disponibilidade para estagiar 30 horas semanais (6 horas di\u00e1rias) e com Ensino Superior com conclus\u00e3o prevista para julho ou dezembro de 2025.<\/p>\n<p>H\u00e1 a oportunidade de est\u00e1gio presencial em S\u00e3o Paulo nas \u00e1reas de suprimentos, jur\u00eddica, engenharia, tecnologia da informa\u00e7\u00e3o, gest\u00e3o e desenvolvimento de neg\u00f3cios, e em Belo Horizonte nas \u00e1reas de engenharia e tecnologia da informa\u00e7\u00e3o.\u00a0<\/p>\n<h2 class=\"wp-block-heading\" id=\"h-quanto-ganha-um-estagiario-na-andrade-gutierrez\">Quanto ganha um estagi\u00e1rio na Andrade Gutierrez?<\/h2>\n<p>A Andrade Gutierrez oferece v\u00e1rios benef\u00edcios, incluindo: bolsa-aux\u00edlio de R$\u00a01.900,00 no primeiro ano e R$\u00a02.200,00 no segundo ano de est\u00e1gio.<\/p>\n<p>Al\u00e9m de seguro de vida, assist\u00eancia odontol\u00f3gica, recesso remunerado, assist\u00eancia m\u00e9dica, vale-transporte, vale-refei\u00e7\u00e3o ou alimenta\u00e7\u00e3o, programa de desenvolvimento e hor\u00e1rio flex\u00edvel, conforme a localidade.<\/p>\n<h2 class=\"wp-block-heading\" id=\"h-confira-a-seguir-as-etapas-do-processo-seletivo-para-o-programa-de-estagio-da-andrade-gutierrez\">Confira, a seguir, as etapas do processo seletivo para o programa de est\u00e1gio da Andrade Gutierrez<\/h2>\n<ol start=\"1\">\n<li>Inscri\u00e7\u00f5es (at\u00e9 14\/01\/2024): as inscri\u00e7\u00f5es podem ser realizadas por meio do site oficial do programa: <a href=\"https:\/\/estagioandradegutierrez.gupy.io\/\" target=\"_blank\" rel=\"noreferrer noopener nofollow\" class=\"external\">link para o site de inscri\u00e7\u00e3o<\/a>;<\/li>\n<li>Din\u00e2mica em grupo;<\/li>\n<li>Entrevista individual;<\/li>\n<li>Processo Admissional;<\/li>\n<li>Integra\u00e7\u00e3o (mar\u00e7o de 2024).<\/li>\n<\/ol>\n<p>N\u00e3o perca a chance de fazer parte de uma empresa l\u00edder no mercado, contribuindo para seu crescimento profissional. Inscreva-se agora e d\u00ea o primeiro passo rumo a uma carreira de sucesso na Andrade Gutierrez.<\/p>\n<div class=\"code-block code-block-10\" style=\"margin: 8px auto; text-align: center; display: block; clear: both;\">\n<hr class=\"wp-block-separator has-alpha-channel-opacity is-style-wide\"\/>\n<p>Voc\u00ea quer receber apenas not\u00edcias e vagas de emprego do seu interesse? A solu\u00e7\u00e3o chegou atrav\u00e9s do app <a href=\"https:\/\/play.google.com\/store\/apps\/details?id=com.clickpetroleoapp&amp;hl=pt&amp;gl=US\" class=\"external\" rel=\"nofollow noopener\" target=\"_blank\"><strong>CPG VAGAS E NOT\u00cdCIAS!<\/strong><\/a> Se voc\u00ea \u00e9 pintor, vai receber no seu celular apenas oportunidades neste cargo. E ser\u00e1 assim com pedreiro, t\u00e9cnico, engenheiro e etc\u2026.. N\u00e3o perca nada do que acontece no mercado de trabalho e econ\u00f4mico do Brasil, baixe agora o app <a href=\"https:\/\/play.google.com\/store\/apps\/details?id=com.clickpetroleoapp&amp;hl=pt&amp;gl=US\" class=\"external\" rel=\"nofollow noopener\" target=\"_blank\">CPG VAGAS E NOT\u00cdCIAS, dispon\u00edvel para Android e IOS!<\/a><\/p>\n<figure class=\"wp-block-image aligncenter size-full\"><a href=\"https:\/\/play.google.com\/store\/apps\/details?id=com.clickpetroleoapp&amp;hl=pt&amp;gl=US\" target=\"_blank\" rel=\"noreferrer noopener nofollow\" class=\"external\"><img data-recalc-dims=\"1\" decoding=\"async\" width=\"1280\" height=\"387\" alt=\"APP CPG VAGAS E NOT\u00cdCIAS\" class=\"wp-image-105306 ewww_webp_lazy_load lazy\" src=\"https:\/\/i0.wp.com\/clickpetroleoegas.com.br\/wp-content\/uploads\/2023\/09\/Aplicativo-de-vagas-de-empregos-e-noticias-da-sua-regiao.jpg?resize=1280%2C387&#038;ssl=1\" src-webp=\"https:\/\/clickpetroleoegas.com.br\/wp-content\/uploads\/2023\/09\/Aplicativo-de-vagas-de-empregos-e-noticias-da-sua-regiao.jpg.webp\" loading=\"lazy\"\/><noscript><img data-recalc-dims=\"1\" loading=\"lazy\" decoding=\"async\" width=\"1280\" height=\"387\" alt=\"APP CPG VAGAS E NOT\u00cdCIAS\" class=\"wp-image-105306 ewww_webp_lazy_load\" src=\"https:\/\/i0.wp.com\/clickpetroleoegas.com.br\/wp-content\/uploads\/2023\/09\/Aplicativo-de-vagas-de-empregos-e-noticias-da-sua-regiao.jpg?resize=1280%2C387&#038;ssl=1\" src-webp=\"https:\/\/clickpetroleoegas.com.br\/wp-content\/uploads\/2023\/09\/Aplicativo-de-vagas-de-empregos-e-noticias-da-sua-regiao.jpg.webp\"\/><\/noscript><noscript><img data-recalc-dims=\"1\" loading=\"lazy\" decoding=\"async\" width=\"1280\" height=\"387\" src=\"https:\/\/i0.wp.com\/clickpetroleoegas.com.br\/wp-content\/uploads\/2023\/09\/Aplicativo-de-vagas-de-empregos-e-noticias-da-sua-regiao.jpg?resize=1280%2C387&#038;ssl=1\" alt=\"APP CPG VAGAS E NOT\u00cdCIAS\" class=\"wp-image-105306\"\/><\/noscript><\/a><\/figure>\n<\/p><\/div>\n<\/p><\/div>\n<p><script type=\"text\/plain\" data-service=\"facebook\" data-category=\"marketing\">\n!function(f,b,e,v,n,t,s)\n{if(f.fbq)return;n=f.fbq=function(){n.callMethod?\nn.callMethod.apply(n,arguments):n.queue.push(arguments)};\nif(!f._fbq)f._fbq=n;n.push=n;n.loaded=!0;n.version='2.0';\nn.queue=[];t=b.createElement(e);t.async=!0;\nt.src=v;s=b.getElementsByTagName(e)[0];\ns.parentNode.insertBefore(t,s)}(window, document,'script',\n'https:\/\/connect.facebook.net\/en_US\/fbevents.js');\nfbq('init', '5536651029690406');\nfbq('track', 'PageView');\n<\/script><script type=\"text\/plain\" data-service=\"facebook\" data-category=\"marketing\" async defer crossorigin=\"anonymous\" data-rocket-data-cmplz-src=\"https:\/\/connect.facebook.net\/en_US\/sdk.js#xfbml=1&#038;version=v12.0&amp;appId=1127332727839552&#038;autoLogAppEvents=1\">\n<\/script><br \/>\n<br \/><br \/>\n<br \/><a href=\"https:\/\/ismaelcolosi.com.br\/programa-de-estagio-andrade-gutierrez-2024-vagas-abertas-em-minas-gerais-e-sao-paulo-com-bolsa-auxilio-de-ate-r-2-200-beneficios\/\">Source link <\/a><\/p>\n<!-- CONTENT END 1 -->\n","protected":false},"excerpt":{"rendered":"<p>Foto: Canva Os alunos que desejam concorrer as vagas dispon\u00edveis no Programa de Est\u00e1gio da Andrade Gutierrez devem se inscrever at\u00e9 o dia 14\/01. A&#8230;<\/p>\n","protected":false},"author":1,"featured_media":23747,"comment_status":"open","ping_status":"open","sticky":false,"template":"","format":"standard","meta":{"advanced_seo_description":"","jetpack_seo_html_title":"","jetpack_seo_noindex":false,"jetpack_post_was_ever_published":false,"_jetpack_newsletter_access":"","_jetpack_dont_email_post_to_subs":false,"_jetpack_newsletter_tier_id":0,"_jetpack_memberships_contains_paywalled_content":false,"_jetpack_memberships_contains_paid_content":false,"footnotes":"","jetpack_publicize_message":"","jetpack_publicize_feature_enabled":true,"jetpack_social_post_already_shared":true,"jetpack_social_options":{"image_generator_settings":{"template":"highway","default_image_id":0,"font":"","enabled":false},"version":2}},"categories":[7],"tags":[],"class_list":["post-23746","post","type-post","status-publish","format-standard","has-post-thumbnail","hentry","category-vagas-de-empregos-em-ribeirao-preto-regiao-brasil"],"jetpack_publicize_connections":[],"jetpack_featured_media_url":"https:\/\/i0.wp.com\/noticiasribeiraopreto.com.br\/wp-content\/uploads\/2024\/01\/programa-de-estagio-andrade-gutierrez-2024-vagas-abertas-em-minas-gerais-e-sao-paulo-com-bolsa-auxilio-de-ate-r-2-200-beneficios-830x450.jpg?fit=830%2C450&ssl=1","jetpack-related-posts":[{"id":5758,"url":"https:\/\/noticiasribeiraopreto.com.br\/index.php\/2023\/11\/24\/ufscar-recebe-inscricoes-em-6-cursos-gratuitos-de-pos\/","url_meta":{"origin":23746,"position":0},"title":"UFSCar recebe inscri\u00e7\u00f5es em 6 cursos gratuitos de p\u00f3s","author":"noticiasribeiraopreto.com.br","date":"24 de November de 2023","format":false,"excerpt":"A Universidade Federal de S\u00e3o Carlos (UFSCar) est\u00e1 com inscri\u00e7\u00f5es abertas na sele\u00e7\u00e3o para cursos gratuitos em p\u00f3s-gradua\u00e7\u00e3o em diversas \u00e1reas. Ao todo, s\u00e3o 291 vagas ofertadas, distribu\u00eddas entre cursos de mestrado e doutorado em Produ\u00e7\u00e3o Vegetal e Bioprocessos Associados; Fisioterapia; Ci\u00eancia e Engenharia de Materiais; Qu\u00edmica; Administra\u00e7\u00e3o; Engenharia de\u2026","rel":"","context":"In &quot;Variedades&quot;","block_context":{"text":"Variedades","link":"https:\/\/noticiasribeiraopreto.com.br\/index.php\/category\/variedades\/"},"img":{"alt_text":"","src":"https:\/\/i0.wp.com\/noticiasribeiraopreto.com.br\/wp-content\/uploads\/2023\/11\/ufscar-1.jpg?fit=1200%2C638&ssl=1&resize=350%2C200","width":350,"height":200,"srcset":"https:\/\/i0.wp.com\/noticiasribeiraopreto.com.br\/wp-content\/uploads\/2023\/11\/ufscar-1.jpg?fit=1200%2C638&ssl=1&resize=350%2C200 1x, https:\/\/i0.wp.com\/noticiasribeiraopreto.com.br\/wp-content\/uploads\/2023\/11\/ufscar-1.jpg?fit=1200%2C638&ssl=1&resize=525%2C300 1.5x, https:\/\/i0.wp.com\/noticiasribeiraopreto.com.br\/wp-content\/uploads\/2023\/11\/ufscar-1.jpg?fit=1200%2C638&ssl=1&resize=700%2C400 2x, https:\/\/i0.wp.com\/noticiasribeiraopreto.com.br\/wp-content\/uploads\/2023\/11\/ufscar-1.jpg?fit=1200%2C638&ssl=1&resize=1050%2C600 3x"},"classes":[]},{"id":28622,"url":"https:\/\/noticiasribeiraopreto.com.br\/index.php\/2024\/01\/16\/programa-de-estagio-mais-de-170-vagas-no-site-da-catho\/","url_meta":{"origin":23746,"position":1},"title":"Programa de est\u00e1gio: mais de 170 vagas no site da Catho","author":"noticiasribeiraopreto.com.br","date":"16 de January de 2024","format":false,"excerpt":"Tornar-se um estagi\u00e1rio costuma ser o in\u00edcio da carreira de muitos profissionais e uma super oportunidade de entrada no mercado. Dentro desse cen\u00e1rio, encontrar um programa de est\u00e1gio que atenda aos seus interesses pode fazer toda a diferen\u00e7a na sua trajet\u00f3ria. O programa de est\u00e1gio \u00e9 um processo seletivo que\u2026","rel":"","context":"In &quot;Blog&quot;","block_context":{"text":"Blog","link":"https:\/\/noticiasribeiraopreto.com.br\/index.php\/category\/blog\/"},"img":{"alt_text":"","src":"https:\/\/i0.wp.com\/noticiasribeiraopreto.com.br\/wp-content\/uploads\/2024\/01\/vagas-programa-de-estagio.jpg?fit=1200%2C675&ssl=1&resize=350%2C200","width":350,"height":200,"srcset":"https:\/\/i0.wp.com\/noticiasribeiraopreto.com.br\/wp-content\/uploads\/2024\/01\/vagas-programa-de-estagio.jpg?fit=1200%2C675&ssl=1&resize=350%2C200 1x, https:\/\/i0.wp.com\/noticiasribeiraopreto.com.br\/wp-content\/uploads\/2024\/01\/vagas-programa-de-estagio.jpg?fit=1200%2C675&ssl=1&resize=525%2C300 1.5x, https:\/\/i0.wp.com\/noticiasribeiraopreto.com.br\/wp-content\/uploads\/2024\/01\/vagas-programa-de-estagio.jpg?fit=1200%2C675&ssl=1&resize=700%2C400 2x, https:\/\/i0.wp.com\/noticiasribeiraopreto.com.br\/wp-content\/uploads\/2024\/01\/vagas-programa-de-estagio.jpg?fit=1200%2C675&ssl=1&resize=1050%2C600 3x"},"classes":[]},{"id":18313,"url":"https:\/\/noticiasribeiraopreto.com.br\/index.php\/2023\/12\/20\/mondelez-honda-minerva-foods-e-outras-empresas-oferecem-mais-de-6-mil-vagas-de-emprego-2\/","url_meta":{"origin":23746,"position":2},"title":"Mondelez, Honda, Minerva Foods e outras empresas oferecem mais de 6 mil vagas de emprego","author":"noticiasribeiraopreto.com.br","date":"20 de December de 2023","format":false,"excerpt":"Na \u00faltima ter\u00e7a-feira (19), diversas empresas renomadas divulgaram a abertura de processos seletivos, com vagas em todo o Brasil. O JC Concursos fez um compilado das principais sele\u00e7\u00f5es publicadas, com destaque para Mondelez, PPG, Honda, Akad Seguros, Minerva Foods, Portal de Empregos e Youse.\u00a0 Confira as oportunidades abaixo e n\u00e3o\u2026","rel":"","context":"In &quot;Vagas de Emprego em Ribeir\u00e3o Preto-SP&quot;","block_context":{"text":"Vagas de Emprego em Ribeir\u00e3o Preto-SP","link":"https:\/\/noticiasribeiraopreto.com.br\/index.php\/category\/empregos-classificados-vagas-trabalho\/vagas-de-empregos-em-ribeirao-preto-regiao-brasil\/"},"img":{"alt_text":"","src":"https:\/\/i0.wp.com\/noticiasribeiraopreto.com.br\/wp-content\/uploads\/2023\/12\/movile_vagas_de_emprego_divulgacao.jpg?fit=1200%2C675&ssl=1&resize=350%2C200","width":350,"height":200,"srcset":"https:\/\/i0.wp.com\/noticiasribeiraopreto.com.br\/wp-content\/uploads\/2023\/12\/movile_vagas_de_emprego_divulgacao.jpg?fit=1200%2C675&ssl=1&resize=350%2C200 1x, https:\/\/i0.wp.com\/noticiasribeiraopreto.com.br\/wp-content\/uploads\/2023\/12\/movile_vagas_de_emprego_divulgacao.jpg?fit=1200%2C675&ssl=1&resize=525%2C300 1.5x, https:\/\/i0.wp.com\/noticiasribeiraopreto.com.br\/wp-content\/uploads\/2023\/12\/movile_vagas_de_emprego_divulgacao.jpg?fit=1200%2C675&ssl=1&resize=700%2C400 2x, https:\/\/i0.wp.com\/noticiasribeiraopreto.com.br\/wp-content\/uploads\/2023\/12\/movile_vagas_de_emprego_divulgacao.jpg?fit=1200%2C675&ssl=1&resize=1050%2C600 3x"},"classes":[]},{"id":65842,"url":"https:\/\/noticiasribeiraopreto.com.br\/index.php\/2025\/03\/25\/jornal-da-franca-veja-quantas-vagas-a-sabesp-abriu-em-franca-para-o-programa-jovem-aprendiz\/","url_meta":{"origin":23746,"position":3},"title":"Jornal da Franca &#8211; Veja quantas vagas a Sabesp abriu em Franca para o Programa Jovem Aprendiz","author":"noticiasribeiraopreto.com.br","date":"25 de March de 2025","format":false,"excerpt":"compartilhar no whatsapp compartilhar no telegram compartilhar no facebook compartilhar no linkedin O programa traz oportunidades de atua\u00e7\u00e3o em 51 munic\u00edpios do estado de S\u00e3o Paulo. Em Franca s\u00e3o 21 vagas de t\u00e9cnico em eletromec\u00e2nica Laura Carolina Reis Oliveira, 18 anos, foi Jovem Aprendiz da \u00faltima edi\u00e7\u00e3o e acaba de\u2026","rel":"","context":"In &quot;Not\u00edcias de Franca-SP&quot;","block_context":{"text":"Not\u00edcias de Franca-SP","link":"https:\/\/noticiasribeiraopreto.com.br\/index.php\/category\/noticias-de-ribeirao-preto-sp-e-regiao-ismael-colosi\/noticias-franca-sp\/"},"img":{"alt_text":"","src":"https:\/\/i0.wp.com\/noticiasribeiraopreto.com.br\/wp-content\/uploads\/2025\/03\/Foto-Laura-Carolina-Reis-Oliveira-18-anos-foi-Jovem-Aprendiz-da-ultima-edicao-e-acaba-de-ser-contratada.jpg?fit=1200%2C800&ssl=1&resize=350%2C200","width":350,"height":200,"srcset":"https:\/\/i0.wp.com\/noticiasribeiraopreto.com.br\/wp-content\/uploads\/2025\/03\/Foto-Laura-Carolina-Reis-Oliveira-18-anos-foi-Jovem-Aprendiz-da-ultima-edicao-e-acaba-de-ser-contratada.jpg?fit=1200%2C800&ssl=1&resize=350%2C200 1x, https:\/\/i0.wp.com\/noticiasribeiraopreto.com.br\/wp-content\/uploads\/2025\/03\/Foto-Laura-Carolina-Reis-Oliveira-18-anos-foi-Jovem-Aprendiz-da-ultima-edicao-e-acaba-de-ser-contratada.jpg?fit=1200%2C800&ssl=1&resize=525%2C300 1.5x, https:\/\/i0.wp.com\/noticiasribeiraopreto.com.br\/wp-content\/uploads\/2025\/03\/Foto-Laura-Carolina-Reis-Oliveira-18-anos-foi-Jovem-Aprendiz-da-ultima-edicao-e-acaba-de-ser-contratada.jpg?fit=1200%2C800&ssl=1&resize=700%2C400 2x, https:\/\/i0.wp.com\/noticiasribeiraopreto.com.br\/wp-content\/uploads\/2025\/03\/Foto-Laura-Carolina-Reis-Oliveira-18-anos-foi-Jovem-Aprendiz-da-ultima-edicao-e-acaba-de-ser-contratada.jpg?fit=1200%2C800&ssl=1&resize=1050%2C600 3x"},"classes":[]},{"id":65964,"url":"https:\/\/noticiasribeiraopreto.com.br\/index.php\/2025\/03\/26\/sabesp-abre-mais-de-400-vagas-para-o-programa-jovem-aprendiz\/","url_meta":{"origin":23746,"position":4},"title":"Sabesp abre mais de 400 vagas para o Programa Jovem Aprendiz","author":"noticiasribeiraopreto.com.br","date":"26 de March de 2025","format":false,"excerpt":"A Sabesp est\u00e1 com inscri\u00e7\u00f5es para o Programa Jovem Aprendiz Sabesp 2025-2026. S\u00e3o 433 vagas distribu\u00eddas em 51 munic\u00edpios paulistas, abrangendo a Regi\u00e3o de Franca. Realizado em parceria com o Senai-SP, o programa oferece 321 vagas administrativas e 112 vagas t\u00e9cnicas para cursos em Eletroeletr\u00f4nica, Eletromec\u00e2nica, Mecatr\u00f4nica e Qu\u00edmica. Em\u2026","rel":"","context":"In &quot;Not\u00edcias de Franca-SP&quot;","block_context":{"text":"Not\u00edcias de Franca-SP","link":"https:\/\/noticiasribeiraopreto.com.br\/index.php\/category\/noticias-de-ribeirao-preto-sp-e-regiao-ismael-colosi\/noticias-franca-sp\/"},"img":{"alt_text":"","src":"https:\/\/i0.wp.com\/noticiasribeiraopreto.com.br\/wp-content\/uploads\/2025\/03\/IMG-20250326-WA0024.jpg?fit=1200%2C800&ssl=1&resize=350%2C200","width":350,"height":200,"srcset":"https:\/\/i0.wp.com\/noticiasribeiraopreto.com.br\/wp-content\/uploads\/2025\/03\/IMG-20250326-WA0024.jpg?fit=1200%2C800&ssl=1&resize=350%2C200 1x, https:\/\/i0.wp.com\/noticiasribeiraopreto.com.br\/wp-content\/uploads\/2025\/03\/IMG-20250326-WA0024.jpg?fit=1200%2C800&ssl=1&resize=525%2C300 1.5x, https:\/\/i0.wp.com\/noticiasribeiraopreto.com.br\/wp-content\/uploads\/2025\/03\/IMG-20250326-WA0024.jpg?fit=1200%2C800&ssl=1&resize=700%2C400 2x, https:\/\/i0.wp.com\/noticiasribeiraopreto.com.br\/wp-content\/uploads\/2025\/03\/IMG-20250326-WA0024.jpg?fit=1200%2C800&ssl=1&resize=1050%2C600 3x"},"classes":[]},{"id":18823,"url":"https:\/\/noticiasribeiraopreto.com.br\/index.php\/2023\/12\/21\/shopee-samarco-agibank-natura-e-cyrela-reunem-centenas-vagas-de-emprego-confira-2\/","url_meta":{"origin":23746,"position":5},"title":"Shopee, Samarco, Agibank, Natura e Cyrela re\u00fanem centenas vagas de emprego; confira","author":"noticiasribeiraopreto.com.br","date":"21 de December de 2023","format":false,"excerpt":"Quem est\u00e1 em busca de uma vaga de est\u00e1gio, jovem aprendiz ou outras vagas de emprego tem at\u00e9 janeiro de 2024 para se inscrever em um dos processos seletivos abertos nesta quarta-feira (20) divulgados pelo JC Concursos. S\u00e3o mais de 250 vagas oferecidas por empresas de diversos segmentos, como e-commerce,\u2026","rel":"","context":"In &quot;Vagas de Emprego em Ribeir\u00e3o Preto-SP&quot;","block_context":{"text":"Vagas de Emprego em Ribeir\u00e3o Preto-SP","link":"https:\/\/noticiasribeiraopreto.com.br\/index.php\/category\/empregos-classificados-vagas-trabalho\/vagas-de-empregos-em-ribeirao-preto-regiao-brasil\/"},"img":{"alt_text":"","src":"https:\/\/i0.wp.com\/noticiasribeiraopreto.com.br\/wp-content\/uploads\/2023\/12\/empregos-brasil-novo3.jpg?fit=1200%2C675&ssl=1&resize=350%2C200","width":350,"height":200,"srcset":"https:\/\/i0.wp.com\/noticiasribeiraopreto.com.br\/wp-content\/uploads\/2023\/12\/empregos-brasil-novo3.jpg?fit=1200%2C675&ssl=1&resize=350%2C200 1x, https:\/\/i0.wp.com\/noticiasribeiraopreto.com.br\/wp-content\/uploads\/2023\/12\/empregos-brasil-novo3.jpg?fit=1200%2C675&ssl=1&resize=525%2C300 1.5x, https:\/\/i0.wp.com\/noticiasribeiraopreto.com.br\/wp-content\/uploads\/2023\/12\/empregos-brasil-novo3.jpg?fit=1200%2C675&ssl=1&resize=700%2C400 2x, https:\/\/i0.wp.com\/noticiasribeiraopreto.com.br\/wp-content\/uploads\/2023\/12\/empregos-brasil-novo3.jpg?fit=1200%2C675&ssl=1&resize=1050%2C600 3x"},"classes":[]}],"jetpack_sharing_enabled":true,"jetpack_shortlink":"https:\/\/wp.me\/peQAOb-6b0","_links":{"self":[{"href":"https:\/\/noticiasribeiraopreto.com.br\/index.php\/wp-json\/wp\/v2\/posts\/23746","targetHints":{"allow":["GET"]}}],"collection":[{"href":"https:\/\/noticiasribeiraopreto.com.br\/index.php\/wp-json\/wp\/v2\/posts"}],"about":[{"href":"https:\/\/noticiasribeiraopreto.com.br\/index.php\/wp-json\/wp\/v2\/types\/post"}],"author":[{"embeddable":true,"href":"https:\/\/noticiasribeiraopreto.com.br\/index.php\/wp-json\/wp\/v2\/users\/1"}],"replies":[{"embeddable":true,"href":"https:\/\/noticiasribeiraopreto.com.br\/index.php\/wp-json\/wp\/v2\/comments?post=23746"}],"version-history":[{"count":0,"href":"https:\/\/noticiasribeiraopreto.com.br\/index.php\/wp-json\/wp\/v2\/posts\/23746\/revisions"}],"wp:featuredmedia":[{"embeddable":true,"href":"https:\/\/noticiasribeiraopreto.com.br\/index.php\/wp-json\/wp\/v2\/media\/23747"}],"wp:attachment":[{"href":"https:\/\/noticiasribeiraopreto.com.br\/index.php\/wp-json\/wp\/v2\/media?parent=23746"}],"wp:term":[{"taxonomy":"category","embeddable":true,"href":"https:\/\/noticiasribeiraopreto.com.br\/index.php\/wp-json\/wp\/v2\/categories?post=23746"},{"taxonomy":"post_tag","embeddable":true,"href":"https:\/\/noticiasribeiraopreto.com.br\/index.php\/wp-json\/wp\/v2\/tags?post=23746"}],"curies":[{"name":"wp","href":"https:\/\/api.w.org\/{rel}","templated":true}]}}