{"id":23752,"date":"2024-01-02T23:47:29","date_gmt":"2024-01-03T02:47:29","guid":{"rendered":"https:\/\/noticiasribeiraopreto.com.br\/index.php\/2024\/01\/02\/brasil-tera-novo-feriado-a-partir-deste-ano-meu-valor-digital\/"},"modified":"2024-01-02T23:47:29","modified_gmt":"2024-01-03T02:47:29","slug":"brasil-tera-novo-feriado-a-partir-deste-ano-meu-valor-digital","status":"publish","type":"post","link":"https:\/\/noticiasribeiraopreto.com.br\/index.php\/2024\/01\/02\/brasil-tera-novo-feriado-a-partir-deste-ano-meu-valor-digital\/","title":{"rendered":"Brasil ter\u00e1 novo feriado a partir deste ano &#8211; Meu Valor Digital"},"content":{"rendered":"<div class='code-block code-block-1' style='margin: 8px 0 8px auto; text-align: right; display: block; clear: both;'>\n<p><a href=\"https:\/\/wa.link\/vpicfd\"><img data-recalc-dims=\"1\" class=\"wp-image-4922\" style=\"aspect-ratio: 2.0253164556962027; width: 561px; height: auto;\" src=\"https:\/\/i0.wp.com\/ismaelcolosi.com.br\/wp-content\/uploads\/2023\/11\/grupo-de-empregos-whatsapp-e-facebook-ismael-colosi-vagas.jpg?ssl=1\" alt=\"\" \/><\/a><\/p>\n<!-- \/wp:image -->\n<\/div>\n<p> <br \/>\n<\/p>\n<div>\n<p>Muitos brasileiros podem achar que o pa\u00eds j\u00e1 tem feriado demais! Para desagrado dessa parcela de cidad\u00e3os, em 2024, teremos mais <a href=\"https:\/\/meuvalordigital.com.br\/dia-nacional-de-zumbi-e-da-consciencia-negra-sera-feriado-nacional-a-partir-de-2024\/\" target=\"_blank\" rel=\"noreferrer noopener\">um feriado nacional<\/a>. Teremos dez feriados nacionais, sendo que apenas tr\u00eas v\u00e3o cair pr\u00f3ximos a um fim de semana, ou seja, na segunda-feira ou na sexta-feira. Essas s\u00e3o aquelas folgas que voc\u00ea pode emendar.<\/p>\n<p>A partir deste ano, o m\u00eas de novembro ter\u00e1 tr\u00eas feriados. Sendo dia 2 de novembro, 15 de novembro e 20 de novembro.<\/p>\n<p>Em 2024 haver\u00e1 um novo feriado nacional: o Dia da Consci\u00eancia Negra, que \u00e9 em 20 de novembro e cair\u00e1 numa quarta-feira. Antes, a data n\u00e3o fazia parte do calend\u00e1rio de feriados nacionais e nem era considerada ponto facultativo nacional. A folga dependia de lei municipal ou estadual.<\/p>\n<p>Dia Nacional de Zumbi e da Consci\u00eancia Negra passa a ser feriado nacional. O projeto de lei foi sancionado pelo presidente Luiz In\u00e1cio Lula da Silva, na quinta-feira, 21 de dezembro. O texto havia sido aprovado pelo Congresso Nacional no final de novembro.<\/p>\n<p>No dia 28 de dezembro, o Governo Federal divulgou o calend\u00e1rio oficial com as datas dos feriados nacionais e pontos facultativos de 2024.\u00a0<\/p>\n<h2 class=\"wp-block-heading\" id=\"h-feriados-locais\">Feriados locais<\/h2>\n<p>Por regra, \u00e9 permitido que os munic\u00edpios possam determinar em lei que pontos facultativos nacionais, podem ser feriados locais, entre eles Carnaval e Corpus Christi, elas j\u00e1 s\u00e3o consideradas pontos facultativos para os servidores p\u00fablicos federais.\u00a0<\/p>\n<h2 class=\"wp-block-heading\" id=\"h-calendario-de-feriados-de-2024\">Calend\u00e1rio de feriados de 2024<\/h2>\n<p><em>Feriados nacionais:<\/em><\/p>\n<p><strong>1\u00ba de janeiro:<\/strong> Confraterniza\u00e7\u00e3o Universal (segunda-feira);<\/p>\n<p><strong>29 de mar\u00e7o:<\/strong> Paix\u00e3o de Cristo (sexta-feira);<\/p>\n<p><strong>21 de abril: <\/strong>Tiradentes (domingo);<\/p>\n<p><strong>1\u00ba de maio:<\/strong> Dia Mundial do Trabalho (quarta-feira);<\/p>\n<p><strong>7 de setembro:<\/strong> Independ\u00eancia do Brasil (s\u00e1bado);<\/p>\n<p><strong>12 de outubro:<\/strong> Nossa Senhora Aparecida (s\u00e1bado);<\/p>\n<p><strong>2 de novembro:<\/strong> Finados (s\u00e1bado);<\/p>\n<p><strong>15 de novembro: <\/strong>Proclama\u00e7\u00e3o da Rep\u00fablica (sexta-feira);<\/p>\n<p><strong>20 de novembro:<\/strong> Dia Nacional de Zumbi e da Consci\u00eancia Negra (quarta-feira);<\/p>\n<p><strong>25 de dezembro:<\/strong> Natal (quarta-feira).<\/p>\n<p>Leia tamb\u00e9m | <strong><a href=\"https:\/\/meuvalordigital.com.br\/7-melhores-tecnicas-de-memorizacao-comprovadas-para-usar-em-2024\/\" target=\"_blank\" rel=\"noreferrer noopener\">7 melhores t\u00e9cnicas de memoriza\u00e7\u00e3o comprovadas para usar em 2024<\/a><\/strong><\/p>\n<h2 class=\"wp-block-heading\" id=\"h-pontos-facultativos-nacionais\">Pontos facultativos nacionais<\/h2>\n<p><strong>12 de fevereiro: <\/strong>Carnaval (segunda-feira);<\/p>\n<p><strong>13 de fevereiro: <\/strong>Carnaval (ter\u00e7a-feira);<\/p>\n<p><strong>14 de fevereiro:<\/strong> Quarta-feira de Cinzas (quarta-feira);<\/p>\n<p><strong>30 de maio:<\/strong> Corpus Christi (quinta-feira);<\/p>\n<p><strong>31 de maio:<\/strong> ponto facultativo (sexta-feira);<\/p>\n<p><strong>28 de outubro:<\/strong> Dia do Servidor P\u00fablico Federal (segunda-feira);<\/p>\n<p><strong>24 de dezembro:<\/strong> V\u00e9spera do Natal (ter\u00e7a-feira);<\/p>\n<p><strong>31 de dezembro: <\/strong>V\u00e9spera do Ano Novo (ter\u00e7a-feira).<\/p>\n<\/div>\n<p><br \/>\n<br \/><a href=\"https:\/\/meuvalordigital.com.br\/brasil-tera-novo-feriado-a-partir-deste-ano\/\">Source link <\/a><\/p>\n<!-- CONTENT END 1 -->\n","protected":false},"excerpt":{"rendered":"<p>Muitos brasileiros podem achar que o pa\u00eds j\u00e1 tem feriado demais! Para desagrado dessa parcela de cidad\u00e3os, em 2024, teremos mais um feriado nacional. Teremos&#8230;<\/p>\n","protected":false},"author":1,"featured_media":23753,"comment_status":"open","ping_status":"open","sticky":false,"template":"","format":"standard","meta":{"advanced_seo_description":"","jetpack_seo_html_title":"","jetpack_seo_noindex":false,"jetpack_post_was_ever_published":false,"_jetpack_newsletter_access":"","_jetpack_dont_email_post_to_subs":false,"_jetpack_newsletter_tier_id":0,"_jetpack_memberships_contains_paywalled_content":false,"_jetpack_memberships_contains_paid_content":false,"footnotes":"","jetpack_publicize_message":"","jetpack_publicize_feature_enabled":true,"jetpack_social_post_already_shared":true,"jetpack_social_options":{"image_generator_settings":{"template":"highway","default_image_id":0,"font":"","enabled":false},"version":2}},"categories":[7],"tags":[],"class_list":["post-23752","post","type-post","status-publish","format-standard","has-post-thumbnail","hentry","category-vagas-de-empregos-em-ribeirao-preto-regiao-brasil"],"jetpack_publicize_connections":[],"jetpack_featured_media_url":"https:\/\/i0.wp.com\/noticiasribeiraopreto.com.br\/wp-content\/uploads\/2024\/01\/4-feriado.jpg?fit=1200%2C800&ssl=1","jetpack-related-posts":[{"id":23807,"url":"https:\/\/noticiasribeiraopreto.com.br\/index.php\/2024\/01\/03\/veja-quando-sera-o-proximo-feriado-nacional\/","url_meta":{"origin":23752,"position":0},"title":"veja quando ser\u00e1 o pr\u00f3ximo feriado nacional","author":"noticiasribeiraopreto.com.br","date":"3 de January de 2024","format":false,"excerpt":"Esta ter\u00e7a-feira (2), \u00e9 o primeiro dia \u00fatil do ano de 2024. Para boa parte dos trabalhadores, esta \u00e9 a data de retorno aos trabalhos. Quem n\u00e3o est\u00e1 curtindo as f\u00e9rias, certamente j\u00e1 est\u00e1 de olho nos pr\u00f3ximos feriados. Mas afinal de contas, falta muito para a pr\u00f3xima folga? Em\u2026","rel":"","context":"In &quot;Vagas de Emprego em Ribeir\u00e3o Preto-SP&quot;","block_context":{"text":"Vagas de Emprego em Ribeir\u00e3o Preto-SP","link":"https:\/\/noticiasribeiraopreto.com.br\/index.php\/category\/empregos-classificados-vagas-trabalho\/vagas-de-empregos-em-ribeirao-preto-regiao-brasil\/"},"img":{"alt_text":"","src":"https:\/\/i0.wp.com\/noticiasribeiraopreto.com.br\/wp-content\/uploads\/2024\/01\/noticiasconcursos.com_.br-calendario-veja-quando-sera-o-proximo-feriado-nacional-nc-12.jpg?fit=800%2C400&ssl=1&resize=350%2C200","width":350,"height":200,"srcset":"https:\/\/i0.wp.com\/noticiasribeiraopreto.com.br\/wp-content\/uploads\/2024\/01\/noticiasconcursos.com_.br-calendario-veja-quando-sera-o-proximo-feriado-nacional-nc-12.jpg?fit=800%2C400&ssl=1&resize=350%2C200 1x, https:\/\/i0.wp.com\/noticiasribeiraopreto.com.br\/wp-content\/uploads\/2024\/01\/noticiasconcursos.com_.br-calendario-veja-quando-sera-o-proximo-feriado-nacional-nc-12.jpg?fit=800%2C400&ssl=1&resize=525%2C300 1.5x, https:\/\/i0.wp.com\/noticiasribeiraopreto.com.br\/wp-content\/uploads\/2024\/01\/noticiasconcursos.com_.br-calendario-veja-quando-sera-o-proximo-feriado-nacional-nc-12.jpg?fit=800%2C400&ssl=1&resize=700%2C400 2x"},"classes":[]},{"id":19738,"url":"https:\/\/noticiasribeiraopreto.com.br\/index.php\/2023\/12\/23\/programe-se-para-os-feriados-nacionais-saiba-quais-serao-prolongados-2\/","url_meta":{"origin":23752,"position":1},"title":"programe-se para os feriados nacionais; Saiba quais ser\u00e3o prolongados","author":"noticiasribeiraopreto.com.br","date":"23 de December de 2023","format":false,"excerpt":"O presidente Luiz In\u00e1cio Lula da Silva sancionou uma medida hist\u00f3rica na \u00faltima quinta (21), marcando uma conquista significativa na luta pela igualdade racial no Brasil. O Dia Nacional de Zumbi e da Consci\u00eancia Negra, celebrado em 20 de novembro, foi oficializado como um novo feriado nacional. Com essa adi\u00e7\u00e3o,\u2026","rel":"","context":"In &quot;Vagas de Emprego em Ribeir\u00e3o Preto-SP&quot;","block_context":{"text":"Vagas de Emprego em Ribeir\u00e3o Preto-SP","link":"https:\/\/noticiasribeiraopreto.com.br\/index.php\/category\/empregos-classificados-vagas-trabalho\/vagas-de-empregos-em-ribeirao-preto-regiao-brasil\/"},"img":{"alt_text":"","src":"https:\/\/i0.wp.com\/noticiasribeiraopreto.com.br\/wp-content\/uploads\/2023\/12\/concursos-publicos-abertos-feriado-12-outubro-.jpg?fit=1200%2C675&ssl=1&resize=350%2C200","width":350,"height":200,"srcset":"https:\/\/i0.wp.com\/noticiasribeiraopreto.com.br\/wp-content\/uploads\/2023\/12\/concursos-publicos-abertos-feriado-12-outubro-.jpg?fit=1200%2C675&ssl=1&resize=350%2C200 1x, https:\/\/i0.wp.com\/noticiasribeiraopreto.com.br\/wp-content\/uploads\/2023\/12\/concursos-publicos-abertos-feriado-12-outubro-.jpg?fit=1200%2C675&ssl=1&resize=525%2C300 1.5x, https:\/\/i0.wp.com\/noticiasribeiraopreto.com.br\/wp-content\/uploads\/2023\/12\/concursos-publicos-abertos-feriado-12-outubro-.jpg?fit=1200%2C675&ssl=1&resize=700%2C400 2x, https:\/\/i0.wp.com\/noticiasribeiraopreto.com.br\/wp-content\/uploads\/2023\/12\/concursos-publicos-abertos-feriado-12-outubro-.jpg?fit=1200%2C675&ssl=1&resize=1050%2C600 3x"},"classes":[]},{"id":21817,"url":"https:\/\/noticiasribeiraopreto.com.br\/index.php\/2023\/12\/28\/de-olho-na-folga-governo-decreta-os-feriados-e-pontos-facultativos-de-2024-veja-as-datas\/","url_meta":{"origin":23752,"position":2},"title":"De olho na folga: Governo decreta os feriados e pontos facultativos de 2024; veja as datas","author":"noticiasribeiraopreto.com.br","date":"28 de December de 2023","format":false,"excerpt":"Com o recesso de fim de ano e a proximidade de um calend\u00e1rio novo e vazio em m\u00e3os, procurar os dias de \u201cfolga\u201d de 2024 \u00e9 quase uma tarefa obrigat\u00f3ria \u2014 seja para programar as f\u00e9rias, viagens ou apenas um dia a mais de descanso.\u00a0 O governo brasileiro divulgou nesta\u2026","rel":"","context":"In &quot;Dinheiro e Investimento&quot;","block_context":{"text":"Dinheiro e Investimento","link":"https:\/\/noticiasribeiraopreto.com.br\/index.php\/category\/dinheiro-e-investimento-como-fazer-como-ganhar\/"},"img":{"alt_text":"","src":"https:\/\/i0.wp.com\/noticiasribeiraopreto.com.br\/wp-content\/uploads\/2023\/12\/3d-calendario-planejador-diario-lapis-despertador-2-715x402.jpg?fit=715%2C402&ssl=1&resize=350%2C200","width":350,"height":200,"srcset":"https:\/\/i0.wp.com\/noticiasribeiraopreto.com.br\/wp-content\/uploads\/2023\/12\/3d-calendario-planejador-diario-lapis-despertador-2-715x402.jpg?fit=715%2C402&ssl=1&resize=350%2C200 1x, https:\/\/i0.wp.com\/noticiasribeiraopreto.com.br\/wp-content\/uploads\/2023\/12\/3d-calendario-planejador-diario-lapis-despertador-2-715x402.jpg?fit=715%2C402&ssl=1&resize=525%2C300 1.5x, https:\/\/i0.wp.com\/noticiasribeiraopreto.com.br\/wp-content\/uploads\/2023\/12\/3d-calendario-planejador-diario-lapis-despertador-2-715x402.jpg?fit=715%2C402&ssl=1&resize=700%2C400 2x"},"classes":[]},{"id":20104,"url":"https:\/\/noticiasribeiraopreto.com.br\/index.php\/2023\/12\/24\/agora-e-oficial-brasil-tera-mais-um-feriado-nacional-em-2024\/","url_meta":{"origin":23752,"position":3},"title":"Agora \u00e9 oficial! Brasil ter\u00e1 mais um feriado nacional em 2024","author":"noticiasribeiraopreto.com.br","date":"24 de December de 2023","format":false,"excerpt":"O Brasil pode ganhar mais um feriado nacional. O presidente Luiz In\u00e1cio Lula da Silva sancionou nesta quinta-feira, 21, o projeto de lei que declara o Dia Nacional de Zumbi e da Consci\u00eancia Negra, no dia 20 de novembro, como feriado em todo o pa\u00eds. O texto havia sido aprovado\u2026","rel":"","context":"In &quot;Variedades&quot;","block_context":{"text":"Variedades","link":"https:\/\/noticiasribeiraopreto.com.br\/index.php\/category\/variedades\/"},"img":{"alt_text":"","src":"https:\/\/i0.wp.com\/noticiasribeiraopreto.com.br\/wp-content\/uploads\/2023\/12\/1703416338_feriado-nacional-20-de-novembro.jpg?fit=1200%2C638&ssl=1&resize=350%2C200","width":350,"height":200,"srcset":"https:\/\/i0.wp.com\/noticiasribeiraopreto.com.br\/wp-content\/uploads\/2023\/12\/1703416338_feriado-nacional-20-de-novembro.jpg?fit=1200%2C638&ssl=1&resize=350%2C200 1x, https:\/\/i0.wp.com\/noticiasribeiraopreto.com.br\/wp-content\/uploads\/2023\/12\/1703416338_feriado-nacional-20-de-novembro.jpg?fit=1200%2C638&ssl=1&resize=525%2C300 1.5x, https:\/\/i0.wp.com\/noticiasribeiraopreto.com.br\/wp-content\/uploads\/2023\/12\/1703416338_feriado-nacional-20-de-novembro.jpg?fit=1200%2C638&ssl=1&resize=700%2C400 2x, https:\/\/i0.wp.com\/noticiasribeiraopreto.com.br\/wp-content\/uploads\/2023\/12\/1703416338_feriado-nacional-20-de-novembro.jpg?fit=1200%2C638&ssl=1&resize=1050%2C600 3x"},"classes":[]},{"id":9310,"url":"https:\/\/noticiasribeiraopreto.com.br\/index.php\/2023\/12\/01\/brasil-deve-ganhar-mais-um-feriado-nacional-em-2024\/","url_meta":{"origin":23752,"position":4},"title":"Brasil deve ganhar mais um feriado nacional em 2024","author":"noticiasribeiraopreto.com.br","date":"1 de December de 2023","format":false,"excerpt":"A partir de 2024, o Brasil pode ganhar mais um feriado nacional. \u00c9 que na \u00faltima quarta-feira, 29, a C\u00e2mara dos Deputados aprovou o Projeto de Lei (PL 3268\/21), que instituiu o 20 de novembro como feriado em celebra\u00e7\u00e3o ao Dia Nacional de Zumbi e da Consci\u00eancia Negra em todo\u2026","rel":"","context":"In &quot;Variedades&quot;","block_context":{"text":"Variedades","link":"https:\/\/noticiasribeiraopreto.com.br\/index.php\/category\/variedades\/"},"img":{"alt_text":"","src":"https:\/\/i0.wp.com\/noticiasribeiraopreto.com.br\/wp-content\/uploads\/2023\/12\/feriado-nacional-20-de-novembro.jpg?fit=1200%2C638&ssl=1&resize=350%2C200","width":350,"height":200,"srcset":"https:\/\/i0.wp.com\/noticiasribeiraopreto.com.br\/wp-content\/uploads\/2023\/12\/feriado-nacional-20-de-novembro.jpg?fit=1200%2C638&ssl=1&resize=350%2C200 1x, https:\/\/i0.wp.com\/noticiasribeiraopreto.com.br\/wp-content\/uploads\/2023\/12\/feriado-nacional-20-de-novembro.jpg?fit=1200%2C638&ssl=1&resize=525%2C300 1.5x, https:\/\/i0.wp.com\/noticiasribeiraopreto.com.br\/wp-content\/uploads\/2023\/12\/feriado-nacional-20-de-novembro.jpg?fit=1200%2C638&ssl=1&resize=700%2C400 2x, https:\/\/i0.wp.com\/noticiasribeiraopreto.com.br\/wp-content\/uploads\/2023\/12\/feriado-nacional-20-de-novembro.jpg?fit=1200%2C638&ssl=1&resize=1050%2C600 3x"},"classes":[]},{"id":19208,"url":"https:\/\/noticiasribeiraopreto.com.br\/index.php\/2023\/12\/21\/criado-novo-feriado-nacional-no-brasil-2\/","url_meta":{"origin":23752,"position":5},"title":"criado novo feriado nacional no Brasil","author":"noticiasribeiraopreto.com.br","date":"21 de December de 2023","format":false,"excerpt":"O trabalhador vai ganhar mais um dia de folga em 2024. O presidente Luiz In\u00e1cio Lula da Silva sancionou nesta quinta-feira (21) um marco hist\u00f3rico para a luta pela igualdade racial no Brasil, ao oficializar o Dia Nacional de Zumbi e da Consci\u00eancia Negra, celebrado em 20 de novembro, como\u2026","rel":"","context":"In &quot;Vagas de Emprego em Ribeir\u00e3o Preto-SP&quot;","block_context":{"text":"Vagas de Emprego em Ribeir\u00e3o Preto-SP","link":"https:\/\/noticiasribeiraopreto.com.br\/index.php\/category\/empregos-classificados-vagas-trabalho\/vagas-de-empregos-em-ribeirao-preto-regiao-brasil\/"},"img":{"alt_text":"","src":"https:\/\/i0.wp.com\/noticiasribeiraopreto.com.br\/wp-content\/uploads\/2023\/12\/1703213268_calendario-fevereiro-inss-novo-1.jpg?fit=1200%2C675&ssl=1&resize=350%2C200","width":350,"height":200,"srcset":"https:\/\/i0.wp.com\/noticiasribeiraopreto.com.br\/wp-content\/uploads\/2023\/12\/1703213268_calendario-fevereiro-inss-novo-1.jpg?fit=1200%2C675&ssl=1&resize=350%2C200 1x, https:\/\/i0.wp.com\/noticiasribeiraopreto.com.br\/wp-content\/uploads\/2023\/12\/1703213268_calendario-fevereiro-inss-novo-1.jpg?fit=1200%2C675&ssl=1&resize=525%2C300 1.5x, https:\/\/i0.wp.com\/noticiasribeiraopreto.com.br\/wp-content\/uploads\/2023\/12\/1703213268_calendario-fevereiro-inss-novo-1.jpg?fit=1200%2C675&ssl=1&resize=700%2C400 2x, https:\/\/i0.wp.com\/noticiasribeiraopreto.com.br\/wp-content\/uploads\/2023\/12\/1703213268_calendario-fevereiro-inss-novo-1.jpg?fit=1200%2C675&ssl=1&resize=1050%2C600 3x"},"classes":[]}],"jetpack_sharing_enabled":true,"jetpack_shortlink":"https:\/\/wp.me\/peQAOb-6b6","_links":{"self":[{"href":"https:\/\/noticiasribeiraopreto.com.br\/index.php\/wp-json\/wp\/v2\/posts\/23752","targetHints":{"allow":["GET"]}}],"collection":[{"href":"https:\/\/noticiasribeiraopreto.com.br\/index.php\/wp-json\/wp\/v2\/posts"}],"about":[{"href":"https:\/\/noticiasribeiraopreto.com.br\/index.php\/wp-json\/wp\/v2\/types\/post"}],"author":[{"embeddable":true,"href":"https:\/\/noticiasribeiraopreto.com.br\/index.php\/wp-json\/wp\/v2\/users\/1"}],"replies":[{"embeddable":true,"href":"https:\/\/noticiasribeiraopreto.com.br\/index.php\/wp-json\/wp\/v2\/comments?post=23752"}],"version-history":[{"count":0,"href":"https:\/\/noticiasribeiraopreto.com.br\/index.php\/wp-json\/wp\/v2\/posts\/23752\/revisions"}],"wp:featuredmedia":[{"embeddable":true,"href":"https:\/\/noticiasribeiraopreto.com.br\/index.php\/wp-json\/wp\/v2\/media\/23753"}],"wp:attachment":[{"href":"https:\/\/noticiasribeiraopreto.com.br\/index.php\/wp-json\/wp\/v2\/media?parent=23752"}],"wp:term":[{"taxonomy":"category","embeddable":true,"href":"https:\/\/noticiasribeiraopreto.com.br\/index.php\/wp-json\/wp\/v2\/categories?post=23752"},{"taxonomy":"post_tag","embeddable":true,"href":"https:\/\/noticiasribeiraopreto.com.br\/index.php\/wp-json\/wp\/v2\/tags?post=23752"}],"curies":[{"name":"wp","href":"https:\/\/api.w.org\/{rel}","templated":true}]}}