{"id":23929,"date":"2024-01-03T11:17:08","date_gmt":"2024-01-03T14:17:08","guid":{"rendered":"https:\/\/noticiasribeiraopreto.com.br\/index.php\/2024\/01\/03\/conselho-tutelar-fica-sem-energia-apos-furto-em-ribeirao-preto\/"},"modified":"2024-01-03T11:17:08","modified_gmt":"2024-01-03T14:17:08","slug":"conselho-tutelar-fica-sem-energia-apos-furto-em-ribeirao-preto","status":"publish","type":"post","link":"https:\/\/noticiasribeiraopreto.com.br\/index.php\/2024\/01\/03\/conselho-tutelar-fica-sem-energia-apos-furto-em-ribeirao-preto\/","title":{"rendered":"Pr\u00e9dio do conselho tutelar fica sem energia ap\u00f3s furto em Ribeir\u00e3o Preto"},"content":{"rendered":"<div class='code-block code-block-1' style='margin: 8px 0 8px auto; text-align: right; display: block; clear: both;'>\n<p><a href=\"https:\/\/wa.link\/vpicfd\"><img data-recalc-dims=\"1\" class=\"wp-image-4922\" style=\"aspect-ratio: 2.0253164556962027; width: 561px; height: auto;\" src=\"https:\/\/i0.wp.com\/ismaelcolosi.com.br\/wp-content\/uploads\/2023\/11\/grupo-de-empregos-whatsapp-e-facebook-ismael-colosi-vagas.jpg?ssl=1\" alt=\"\" \/><\/a><\/p>\n<!-- \/wp:image -->\n<\/div>\n<p> <br \/>\n<\/p>\n<div data-td-block-uid=\"tdi_104\">\n<div class=\"tdb-block-inner td-fix-index\">\n<p>O pr\u00e9dio do <strong><a href=\"https:\/\/www.ribeiraopreto.sp.gov.br\/portal\/assistencia-social\/conselho-tutelar\" target=\"_blank\" rel=\"noreferrer noopener nofollow\">Conselho Tutelar III<\/a><\/strong>, da Vila Virg\u00ednia, na zona Oeste de <strong>Ribeir\u00e3o Preto<\/strong>, ficou sem energia ap\u00f3s criminosos furtarem a fia\u00e7\u00e3o do im\u00f3vel. O crime foi registrado na \u00faltima ter\u00e7a-feira (2), quando os conselheiros chegavam para trabalhar.<\/p>\n<p>O pr\u00e9dio fica na avenida Primeiro de Maio, na Vila Virg\u00ednia. Segundo o<strong> b.o. (boletim de ocorr\u00eancia)<\/strong>, uma conselheira tutelar percebeu que o quadro de energia estava danificado e com a fia\u00e7\u00e3o cortada. Ao entrar no pr\u00e9dio, foi constatado que n\u00e3o havia energia el\u00e9trica.<\/p>\n<p><mark style=\"background-color:#fcb900\" class=\"has-inline-color has-black-color\">O registro aponta que o ladr\u00e3o teria escalado o muro lateral do pr\u00e9dio do conselho tutelar<\/mark>, que fica ao lado de um terreno baldio, para poder realizar o crime.<\/p>\n<p>O caso foi registrado na <strong>CPJ (Central de Pol\u00edcia Judici\u00e1ria) <\/strong>de Ribeir\u00e3o Preto e \u00e9 investigado pela<strong> Pol\u00edcia Civil.<\/strong><\/p>\n<p>A reportagem do <strong>acidade on<\/strong> ligou no conselho tutelar na manh\u00e3 desta quinta-feira (3), mas n\u00e3o obteve retorno. A <strong>Prefeitura de Ribeir\u00e3o Preto<\/strong> tamb\u00e9m foi procurada e a reportagem aguarda retorno.<\/p>\n<p>VEJA TAMB\u00c9M<br \/>Apostas da regi\u00e3o de Ribeir\u00e3o Preto levam R$ 75 mil na Quina; Veja os n\u00fameros<\/p>\n<h4 class=\"wp-block-heading\"><strong>FIQUE ON<\/strong><\/h4>\n<p>Fique ligado em tudo que acontece em Ribeir\u00e3o Preto e regi\u00e3o. Siga os perfis do <strong>acidade on<\/strong> no <a href=\"https:\/\/www.instagram.com\/acidadeonribeirao\" target=\"_blank\" rel=\"noreferrer noopener nofollow\">Instagram <\/a>e no<a href=\"https:\/\/www.facebook.com\/acidadeonribeirao\" target=\"_blank\" rel=\"noreferrer noopener nofollow\"> Facebook.<\/a><\/p>\n<p>Receba not\u00edcias do<strong> acidade on <\/strong>no WhatsApp. <a href=\"https:\/\/chat.whatsapp.com\/Bnv2w66ZT4VDyZW3oiZ69n\" target=\"_blank\" rel=\"noreferrer noopener nofollow\">Para entrar no grupo, basta clicar aqui.<\/a><\/p>\n<p>Fa\u00e7a uma den\u00fancia ou sugira uma reportagem sobre a Ribeir\u00e3o Preto e regi\u00e3o pelo WhatsApp: (16) 99117 7802.<\/p>\n<p>LEIA MAIS<br \/>Quem vai participar do BBB 24? Veja suposta lista<\/p>\n<p><!-- AI CONTENT END 1 -->\n<\/div>\n<\/div>\n<p><script async src=\"\/\/www.instagram.com\/embed.js\"><\/script><br \/>\n<br \/><br \/>\n<br \/><a href=\"https:\/\/www.acidadeon.com\/ribeiraopreto\/cotidiano\/conselho-tutelar-fica-sem-energia-apos-furto-em-ribeirao-preto\/\">Source link <\/a><\/p>\n<!-- CONTENT END 1 -->\n","protected":false},"excerpt":{"rendered":"<p>O pr\u00e9dio do Conselho Tutelar III, da Vila Virg\u00ednia, na zona Oeste de Ribeir\u00e3o Preto, ficou sem energia ap\u00f3s criminosos furtarem a fia\u00e7\u00e3o do im\u00f3vel&#8230;.<\/p>\n","protected":false},"author":1,"featured_media":23930,"comment_status":"open","ping_status":"open","sticky":false,"template":"","format":"standard","meta":{"advanced_seo_description":"","jetpack_seo_html_title":"","jetpack_seo_noindex":false,"jetpack_post_was_ever_published":false,"_jetpack_newsletter_access":"","_jetpack_dont_email_post_to_subs":false,"_jetpack_newsletter_tier_id":0,"_jetpack_memberships_contains_paywalled_content":false,"_jetpack_memberships_contains_paid_content":false,"footnotes":"","jetpack_publicize_message":"","jetpack_publicize_feature_enabled":true,"jetpack_social_post_already_shared":true,"jetpack_social_options":{"image_generator_settings":{"template":"highway","default_image_id":0,"font":"","enabled":false},"version":2}},"categories":[11],"tags":[37,1481,723,398,2782,2941,27,26,1025,2942],"class_list":["post-23929","post","type-post","status-publish","format-standard","has-post-thumbnail","hentry","category-noticias-de-ribeirao-preto-sp-e-regiao-ismael-colosi","tag-apos","tag-conselho","tag-energia","tag-fica","tag-furto","tag-predio","tag-preto","tag-ribeirao","tag-sem","tag-tutelar"],"jetpack_publicize_connections":[],"jetpack_featured_media_url":"https:\/\/i0.wp.com\/noticiasribeiraopreto.com.br\/wp-content\/uploads\/2024\/01\/conselho-tutelar-iii.jpg?fit=908%2C643&ssl=1","jetpack-related-posts":[{"id":24139,"url":"https:\/\/noticiasribeiraopreto.com.br\/index.php\/2024\/01\/03\/ladroes-deixam-conselho-tutelar-as-escuras\/","url_meta":{"origin":23929,"position":0},"title":"Ladr\u00f5es deixam Conselho Tutelar \u00e0s escuras","author":"noticiasribeiraopreto.com.br","date":"3 de January de 2024","format":false,"excerpt":"Pr\u00e9dio na Vila Virg\u00ednia teve fia\u00e7\u00e3o furtada e ficou sem energia el\u00e9trica 3 de janeiro de 2024 | 16:23 0Por: Adalberto LuqueLadr\u00f5es levaram fios el\u00e9tricos do pr\u00e9dio do Conselho Tutelar III, que fica na Avenida Primeiro de Maio, Vila Virg\u00ednia, zona Oeste da cidade. O furto foi registrado nesta ter\u00e7a-feira\u2026","rel":"","context":"In &quot;Not\u00edcias de Ribeir\u00e3o Preto-SP e Regi\u00e3o&quot;","block_context":{"text":"Not\u00edcias de Ribeir\u00e3o Preto-SP e Regi\u00e3o","link":"https:\/\/noticiasribeiraopreto.com.br\/index.php\/category\/noticias-de-ribeirao-preto-sp-e-regiao-ismael-colosi\/"},"img":{"alt_text":"","src":"https:\/\/i0.wp.com\/noticiasribeiraopreto.com.br\/wp-content\/uploads\/2024\/01\/00-03-jan-2024-furto-conselho-foto-google-street-scaled.jpg?fit=1000%2C605&ssl=1&resize=350%2C200","width":350,"height":200,"srcset":"https:\/\/i0.wp.com\/noticiasribeiraopreto.com.br\/wp-content\/uploads\/2024\/01\/00-03-jan-2024-furto-conselho-foto-google-street-scaled.jpg?fit=1000%2C605&ssl=1&resize=350%2C200 1x, https:\/\/i0.wp.com\/noticiasribeiraopreto.com.br\/wp-content\/uploads\/2024\/01\/00-03-jan-2024-furto-conselho-foto-google-street-scaled.jpg?fit=1000%2C605&ssl=1&resize=525%2C300 1.5x, https:\/\/i0.wp.com\/noticiasribeiraopreto.com.br\/wp-content\/uploads\/2024\/01\/00-03-jan-2024-furto-conselho-foto-google-street-scaled.jpg?fit=1000%2C605&ssl=1&resize=700%2C400 2x"},"classes":[]},{"id":25432,"url":"https:\/\/noticiasribeiraopreto.com.br\/index.php\/2024\/01\/07\/prefeitura-de-ribeirao-preto-unifica-a-sede-de-tres-conselhos-tutelares\/","url_meta":{"origin":23929,"position":1},"title":"Prefeitura de Ribeir\u00e3o Preto unifica a sede de tr\u00eas Conselhos Tutelares","author":"noticiasribeiraopreto.com.br","date":"7 de January de 2024","format":false,"excerpt":"A Prefeitura de Ribeir\u00e3o Preto anunciou a unifica\u00e7\u00e3o das sedes dos Conselhos Tutelares I, II e III. O novo local de atendimento passa a ser, a partir de 11 de janeiro, \u00e0s 9 horas, na rua Floriano Peixoto, 811, no Centro. \u201cA abertura do espa\u00e7o visa unificar os atendimentos \u00e0s\u2026","rel":"","context":"In &quot;Not\u00edcias de Ribeir\u00e3o Preto-SP e Regi\u00e3o&quot;","block_context":{"text":"Not\u00edcias de Ribeir\u00e3o Preto-SP e Regi\u00e3o","link":"https:\/\/noticiasribeiraopreto.com.br\/index.php\/category\/noticias-de-ribeirao-preto-sp-e-regiao-ismael-colosi\/"},"img":{"alt_text":"","src":"https:\/\/i0.wp.com\/noticiasribeiraopreto.com.br\/wp-content\/uploads\/2024\/01\/people-3120717_1280.jpg?fit=1200%2C800&ssl=1&resize=350%2C200","width":350,"height":200,"srcset":"https:\/\/i0.wp.com\/noticiasribeiraopreto.com.br\/wp-content\/uploads\/2024\/01\/people-3120717_1280.jpg?fit=1200%2C800&ssl=1&resize=350%2C200 1x, https:\/\/i0.wp.com\/noticiasribeiraopreto.com.br\/wp-content\/uploads\/2024\/01\/people-3120717_1280.jpg?fit=1200%2C800&ssl=1&resize=525%2C300 1.5x, https:\/\/i0.wp.com\/noticiasribeiraopreto.com.br\/wp-content\/uploads\/2024\/01\/people-3120717_1280.jpg?fit=1200%2C800&ssl=1&resize=700%2C400 2x, https:\/\/i0.wp.com\/noticiasribeiraopreto.com.br\/wp-content\/uploads\/2024\/01\/people-3120717_1280.jpg?fit=1200%2C800&ssl=1&resize=1050%2C600 3x"},"classes":[]},{"id":80540,"url":"https:\/\/noticiasribeiraopreto.com.br\/index.php\/2025\/12\/05\/mulher-e-detida-usando-crianca-e-bebe-em-furto-no-calcadao\/","url_meta":{"origin":23929,"position":2},"title":"Mulher \u00e9 detida usando crian\u00e7a e beb\u00ea em furto no cal\u00e7ad\u00e3o","author":"noticiasribeiraopreto.com.br","date":"5 de December de 2025","format":false,"excerpt":"\r Ela havia furtado dois vestidos, uma bermuda e uma blusa, usando a crian\u00e7a mais velha para esconder as roupas no carrinho do beb\u00ea\r \r 5 de dezembro de 2025 10:07 \r Compartilhar1 Por: Adalberto Luque Uma mulher foi presa, no in\u00edcio da noite desta quinta-feira (4), por furto. Ela\u2026","rel":"","context":"In &quot;Not\u00edcias de Ribeir\u00e3o Preto-SP e Regi\u00e3o&quot;","block_context":{"text":"Not\u00edcias de Ribeir\u00e3o Preto-SP e Regi\u00e3o","link":"https:\/\/noticiasribeiraopreto.com.br\/index.php\/category\/noticias-de-ribeirao-preto-sp-e-regiao-ismael-colosi\/"},"img":{"alt_text":"","src":"https:\/\/i0.wp.com\/noticiasribeiraopreto.com.br\/wp-content\/uploads\/2025\/12\/05-dez-2025-furtocalcadao1-scaled.jpg?fit=1200%2C503&ssl=1&resize=350%2C200","width":350,"height":200,"srcset":"https:\/\/i0.wp.com\/noticiasribeiraopreto.com.br\/wp-content\/uploads\/2025\/12\/05-dez-2025-furtocalcadao1-scaled.jpg?fit=1200%2C503&ssl=1&resize=350%2C200 1x, https:\/\/i0.wp.com\/noticiasribeiraopreto.com.br\/wp-content\/uploads\/2025\/12\/05-dez-2025-furtocalcadao1-scaled.jpg?fit=1200%2C503&ssl=1&resize=525%2C300 1.5x, https:\/\/i0.wp.com\/noticiasribeiraopreto.com.br\/wp-content\/uploads\/2025\/12\/05-dez-2025-furtocalcadao1-scaled.jpg?fit=1200%2C503&ssl=1&resize=700%2C400 2x, https:\/\/i0.wp.com\/noticiasribeiraopreto.com.br\/wp-content\/uploads\/2025\/12\/05-dez-2025-furtocalcadao1-scaled.jpg?fit=1200%2C503&ssl=1&resize=1050%2C600 3x"},"classes":[]},{"id":82848,"url":"https:\/\/noticiasribeiraopreto.com.br\/index.php\/2026\/03\/01\/caso-sophia-invisibilidade-fatal-tribuna-ribeirao\/","url_meta":{"origin":23929,"position":3},"title":"Caso Sophia: invisibilidade fatal &#8211; Tribuna Ribeir\u00e3o","author":"noticiasribeiraopreto.com.br","date":"1 de March de 2026","format":false,"excerpt":"Por: Adalberto Luque \u00a0 Passava pouco da zero hora de 18 de fevereiro. Jos\u00e9 dos Santos, de 42 anos, chega \u00e0 Unidade de Pronto Atendimento (UPA) Leste trazendo nos bra\u00e7os sua neta, Sophia Emanuelly dos Santos, de 3 anos. Segundo Jos\u00e9, a crian\u00e7a estava muito mal e chegou a vomitar\u2026","rel":"","context":"In &quot;Not\u00edcias de Ribeir\u00e3o Preto-SP e Regi\u00e3o&quot;","block_context":{"text":"Not\u00edcias de Ribeir\u00e3o Preto-SP e Regi\u00e3o","link":"https:\/\/noticiasribeiraopreto.com.br\/index.php\/category\/noticias-de-ribeirao-preto-sp-e-regiao-ismael-colosi\/"},"img":{"alt_text":"","src":"https:\/\/i0.wp.com\/noticiasribeiraopreto.com.br\/wp-content\/uploads\/2026\/03\/1-Luque-Caso-Sophia-_FOTO-01-Sepultamento-Sophia-2-Foto-Redes-Sociais.jpg?fit=972%2C669&ssl=1&resize=350%2C200","width":350,"height":200,"srcset":"https:\/\/i0.wp.com\/noticiasribeiraopreto.com.br\/wp-content\/uploads\/2026\/03\/1-Luque-Caso-Sophia-_FOTO-01-Sepultamento-Sophia-2-Foto-Redes-Sociais.jpg?fit=972%2C669&ssl=1&resize=350%2C200 1x, https:\/\/i0.wp.com\/noticiasribeiraopreto.com.br\/wp-content\/uploads\/2026\/03\/1-Luque-Caso-Sophia-_FOTO-01-Sepultamento-Sophia-2-Foto-Redes-Sociais.jpg?fit=972%2C669&ssl=1&resize=525%2C300 1.5x, https:\/\/i0.wp.com\/noticiasribeiraopreto.com.br\/wp-content\/uploads\/2026\/03\/1-Luque-Caso-Sophia-_FOTO-01-Sepultamento-Sophia-2-Foto-Redes-Sociais.jpg?fit=972%2C669&ssl=1&resize=700%2C400 2x"},"classes":[]},{"id":58341,"url":"https:\/\/noticiasribeiraopreto.com.br\/index.php\/2024\/09\/25\/homem-em-situacao-de-rua-e-detido-em-flagrante-ao-tentar-furtar-fiacao-da-casa-de-delegado-em-ribeirao\/","url_meta":{"origin":23929,"position":4},"title":"Homem em situa\u00e7\u00e3o de rua \u00e9 detido em flagrante ao tentar furtar fia\u00e7\u00e3o da casa de delegado em Ribeir\u00e3o","author":"noticiasribeiraopreto.com.br","date":"25 de September de 2024","format":false,"excerpt":"Um homem em situa\u00e7\u00e3o de rua foi detido em flagrante na manh\u00e3 desta quarta-feira (13) ao tentar furtar a fia\u00e7\u00e3o el\u00e9trica da casa de um delegado em Ribeir\u00e3o Preto. O crime ocorreu em um bairro residencial da cidade, quando o suspeito foi surpreendido enquanto cortava os fios de energia da\u2026","rel":"","context":"In &quot;Not\u00edcias de Ribeir\u00e3o Preto-SP e Regi\u00e3o&quot;","block_context":{"text":"Not\u00edcias de Ribeir\u00e3o Preto-SP e Regi\u00e3o","link":"https:\/\/noticiasribeiraopreto.com.br\/index.php\/category\/noticias-de-ribeirao-preto-sp-e-regiao-ismael-colosi\/"},"img":{"alt_text":"","src":"https:\/\/i0.wp.com\/noticiasribeiraopreto.com.br\/wp-content\/uploads\/2024\/09\/fios.webp.webp?fit=1000%2C731&ssl=1&resize=350%2C200","width":350,"height":200,"srcset":"https:\/\/i0.wp.com\/noticiasribeiraopreto.com.br\/wp-content\/uploads\/2024\/09\/fios.webp.webp?fit=1000%2C731&ssl=1&resize=350%2C200 1x, https:\/\/i0.wp.com\/noticiasribeiraopreto.com.br\/wp-content\/uploads\/2024\/09\/fios.webp.webp?fit=1000%2C731&ssl=1&resize=525%2C300 1.5x, https:\/\/i0.wp.com\/noticiasribeiraopreto.com.br\/wp-content\/uploads\/2024\/09\/fios.webp.webp?fit=1000%2C731&ssl=1&resize=700%2C400 2x"},"classes":[]},{"id":58284,"url":"https:\/\/noticiasribeiraopreto.com.br\/index.php\/2024\/09\/23\/adolescentes-invadem-garagem-de-predio-e-furtam-bicicletas-no-centro-de-ribeirao\/","url_meta":{"origin":23929,"position":5},"title":"Adolescentes invadem garagem de pr\u00e9dio e furtam bicicletas no Centro de Ribeir\u00e3o","author":"noticiasribeiraopreto.com.br","date":"23 de September de 2024","format":false,"excerpt":"Tr\u00eas adolescentes foram flagrados furtando uma bicicleta ap\u00f3s danificarem o port\u00e3o de um pr\u00e9dio residencial localizado no Centro de Ribeir\u00e3o Preto, no \u00faltimo s\u00e1bado (21). O im\u00f3vel que foi alvo do furto fica pr\u00f3ximo ao cruzamento das ruas \u00c1lvares de Cabral e Rui Barbosa e o caso foi registrado por\u2026","rel":"","context":"In &quot;Not\u00edcias de Ribeir\u00e3o Preto-SP e Regi\u00e3o&quot;","block_context":{"text":"Not\u00edcias de Ribeir\u00e3o Preto-SP e Regi\u00e3o","link":"https:\/\/noticiasribeiraopreto.com.br\/index.php\/category\/noticias-de-ribeirao-preto-sp-e-regiao-ismael-colosi\/"},"img":{"alt_text":"","src":"https:\/\/i0.wp.com\/noticiasribeiraopreto.com.br\/wp-content\/uploads\/2024\/09\/Copia-de-Copia-de-Copia-de-TAMANHO-EXATO-PARA-FOTOS-NO-SISTEMA-NOVO-73_2024-09-23_21-50-26_png_2024-09-23_21-50-26.webp.webp?fit=1200%2C675&ssl=1&resize=350%2C200","width":350,"height":200,"srcset":"https:\/\/i0.wp.com\/noticiasribeiraopreto.com.br\/wp-content\/uploads\/2024\/09\/Copia-de-Copia-de-Copia-de-TAMANHO-EXATO-PARA-FOTOS-NO-SISTEMA-NOVO-73_2024-09-23_21-50-26_png_2024-09-23_21-50-26.webp.webp?fit=1200%2C675&ssl=1&resize=350%2C200 1x, https:\/\/i0.wp.com\/noticiasribeiraopreto.com.br\/wp-content\/uploads\/2024\/09\/Copia-de-Copia-de-Copia-de-TAMANHO-EXATO-PARA-FOTOS-NO-SISTEMA-NOVO-73_2024-09-23_21-50-26_png_2024-09-23_21-50-26.webp.webp?fit=1200%2C675&ssl=1&resize=525%2C300 1.5x, https:\/\/i0.wp.com\/noticiasribeiraopreto.com.br\/wp-content\/uploads\/2024\/09\/Copia-de-Copia-de-Copia-de-TAMANHO-EXATO-PARA-FOTOS-NO-SISTEMA-NOVO-73_2024-09-23_21-50-26_png_2024-09-23_21-50-26.webp.webp?fit=1200%2C675&ssl=1&resize=700%2C400 2x, https:\/\/i0.wp.com\/noticiasribeiraopreto.com.br\/wp-content\/uploads\/2024\/09\/Copia-de-Copia-de-Copia-de-TAMANHO-EXATO-PARA-FOTOS-NO-SISTEMA-NOVO-73_2024-09-23_21-50-26_png_2024-09-23_21-50-26.webp.webp?fit=1200%2C675&ssl=1&resize=1050%2C600 3x"},"classes":[]}],"jetpack_sharing_enabled":true,"jetpack_shortlink":"https:\/\/wp.me\/peQAOb-6dX","_links":{"self":[{"href":"https:\/\/noticiasribeiraopreto.com.br\/index.php\/wp-json\/wp\/v2\/posts\/23929","targetHints":{"allow":["GET"]}}],"collection":[{"href":"https:\/\/noticiasribeiraopreto.com.br\/index.php\/wp-json\/wp\/v2\/posts"}],"about":[{"href":"https:\/\/noticiasribeiraopreto.com.br\/index.php\/wp-json\/wp\/v2\/types\/post"}],"author":[{"embeddable":true,"href":"https:\/\/noticiasribeiraopreto.com.br\/index.php\/wp-json\/wp\/v2\/users\/1"}],"replies":[{"embeddable":true,"href":"https:\/\/noticiasribeiraopreto.com.br\/index.php\/wp-json\/wp\/v2\/comments?post=23929"}],"version-history":[{"count":0,"href":"https:\/\/noticiasribeiraopreto.com.br\/index.php\/wp-json\/wp\/v2\/posts\/23929\/revisions"}],"wp:featuredmedia":[{"embeddable":true,"href":"https:\/\/noticiasribeiraopreto.com.br\/index.php\/wp-json\/wp\/v2\/media\/23930"}],"wp:attachment":[{"href":"https:\/\/noticiasribeiraopreto.com.br\/index.php\/wp-json\/wp\/v2\/media?parent=23929"}],"wp:term":[{"taxonomy":"category","embeddable":true,"href":"https:\/\/noticiasribeiraopreto.com.br\/index.php\/wp-json\/wp\/v2\/categories?post=23929"},{"taxonomy":"post_tag","embeddable":true,"href":"https:\/\/noticiasribeiraopreto.com.br\/index.php\/wp-json\/wp\/v2\/tags?post=23929"}],"curies":[{"name":"wp","href":"https:\/\/api.w.org\/{rel}","templated":true}]}}