{"id":23933,"date":"2024-01-03T11:26:54","date_gmt":"2024-01-03T14:26:54","guid":{"rendered":"https:\/\/noticiasribeiraopreto.com.br\/index.php\/2024\/01\/03\/jamile-lima-envolvida-em-boato-sobre-neymar-influenciadora-ja-foi-processada-por-wesley-safadao-saiba-motivo\/"},"modified":"2024-01-03T11:26:54","modified_gmt":"2024-01-03T14:26:54","slug":"jamile-lima-envolvida-em-boato-sobre-neymar-influenciadora-ja-foi-processada-por-wesley-safadao-saiba-motivo","status":"publish","type":"post","link":"https:\/\/noticiasribeiraopreto.com.br\/index.php\/2024\/01\/03\/jamile-lima-envolvida-em-boato-sobre-neymar-influenciadora-ja-foi-processada-por-wesley-safadao-saiba-motivo\/","title":{"rendered":"Jamile Lima, envolvida em boato sobre Neymar, influenciadora j\u00e1 foi processada por Wesley Safad\u00e3o. Saiba motivo"},"content":{"rendered":"<div class='code-block code-block-1' style='margin: 8px 0 8px auto; text-align: right; display: block; clear: both;'>\n<p><a href=\"https:\/\/wa.link\/vpicfd\"><img data-recalc-dims=\"1\" class=\"wp-image-4922\" style=\"aspect-ratio: 2.0253164556962027; width: 561px; height: auto;\" src=\"https:\/\/i0.wp.com\/ismaelcolosi.com.br\/wp-content\/uploads\/2023\/11\/grupo-de-empregos-whatsapp-e-facebook-ismael-colosi-vagas.jpg?ssl=1\" alt=\"\" \/><\/a><\/p>\n<!-- \/wp:image -->\n<\/div>\n<p> <br \/>\n<\/p>\n<div itemprop=\"text\">\n<p>A primeira semana de janeiro tem andado muito agitada na vida do jogador de futebol Neymar Jr. Seu nome foi envolvido em mais uma pol\u00eamica, desta vez, seria um suposto terceiro filho.<\/p>\n<p>A influenciadora digital Jamile Lima foi apontada como a respons\u00e1vel pelo boato de haver uma crian\u00e7a sendo gerada como filho do craque, ap\u00f3s fazer um coment\u00e1rio em uma rede social do craque.<\/p>\n<p>Acontece que n\u00e3o \u00e9 a primeira vez em que seu nome \u00e9 envolvido em algum tipo de confus\u00e3o com famoso gerando grande repercuss\u00e3o. A influenciadora j\u00e1 chegou a ser processada pelo cantor Wesley Safad\u00e3o em 2018.<\/p>\n<p>Tudo isso porque Jamile teve uma conversa, em que falava sobre a atual esposa de Wesley, Thyane, exposta. Na conversa, ela se referia a Thyane de maneira que irritou o cantor.<\/p>\n<p>Ela estaria conversando com outra pessoa e se queixava de uma suposta queixa que a esposa de Safad\u00e3o teria feito contra ela que a deixou irritada.<\/p>\n<p><em>\u201cSe isso for verdade, eu vou acabar com a boca dessa v*. Porque ela faz as coisas, rouba os homens casados dos outros\u201d<\/em>, escreveu ela na mensagem divulgada.<\/p>\n<p>No processo, segundo o jornal Extra, ela teria sido processada por cal\u00fania, difama\u00e7\u00e3o e amea\u00e7as. Ela chagou a recusar a pena recebida, que teria sido convertida em realizar trabalhos comunit\u00e1rios.<\/p>\n<p>Ainda sobre o caso do jogador, ela esclareceu as pol\u00eamicas se desculpando e alegando ter sido algu\u00e9m de sua equipe o respons\u00e1vel pela confus\u00e3o.<\/p>\n<\/div>\n<p><br \/>\n<br \/><a href=\"https:\/\/fnmais.com\/jamile-lima-envolvida-em-boato-sobre-neymar-influenciadora-ja-foi-processada-por-wesley-safadao-saiba-motivo\/\">Source link <\/a><\/p>\n<!-- CONTENT END 1 -->\n","protected":false},"excerpt":{"rendered":"<p>A primeira semana de janeiro tem andado muito agitada na vida do jogador de futebol Neymar Jr. Seu nome foi envolvido em mais uma pol\u00eamica,&#8230;<\/p>\n","protected":false},"author":1,"featured_media":23934,"comment_status":"open","ping_status":"open","sticky":false,"template":"","format":"standard","meta":{"advanced_seo_description":"","jetpack_seo_html_title":"","jetpack_seo_noindex":false,"jetpack_post_was_ever_published":false,"_jetpack_newsletter_access":"","_jetpack_dont_email_post_to_subs":false,"_jetpack_newsletter_tier_id":0,"_jetpack_memberships_contains_paywalled_content":false,"_jetpack_memberships_contains_paid_content":false,"footnotes":"","jetpack_publicize_message":"","jetpack_publicize_feature_enabled":true,"jetpack_social_post_already_shared":true,"jetpack_social_options":{"image_generator_settings":{"template":"highway","default_image_id":0,"font":"","enabled":false},"version":2}},"categories":[1],"tags":[],"class_list":["post-23933","post","type-post","status-publish","format-standard","has-post-thumbnail","hentry","category-blog"],"jetpack_publicize_connections":[],"jetpack_featured_media_url":"https:\/\/i0.wp.com\/noticiasribeiraopreto.com.br\/wp-content\/uploads\/2024\/01\/postimg-65956959e69b92115.jpg?fit=1200%2C628&ssl=1","jetpack-related-posts":[{"id":23599,"url":"https:\/\/noticiasribeiraopreto.com.br\/index.php\/2024\/01\/02\/neymar-jr-se-envolve-em-boato-de-que-seria-pai-pela-terceira-vez-detalhes-sao-expostos\/","url_meta":{"origin":23933,"position":0},"title":"Neymar Jr. se envolve em boato de que seria pai pela terceira vez; detalhes s\u00e3o expostos","author":"noticiasribeiraopreto.com.br","date":"2 de January de 2024","format":false,"excerpt":"Nesta ter\u00e7a-feira, dia 2 de janeiro, a internet ficou agitada com a not\u00edcia de que possivelmente o famoso jogador Neymar Jr ser\u00e1 pai pela terceira vez.Tudo aconteceu ap\u00f3s a influenciadora Jamile Lima ter causado alvoro\u00e7o ao deixar um coment\u00e1rio sugestivo em uma postagem sobre Mavie, a filha mais nova do\u2026","rel":"","context":"In &quot;Blog&quot;","block_context":{"text":"Blog","link":"https:\/\/noticiasribeiraopreto.com.br\/index.php\/category\/blog\/"},"img":{"alt_text":"","src":"https:\/\/i0.wp.com\/noticiasribeiraopreto.com.br\/wp-content\/uploads\/2024\/01\/postimg-65944826e64816971.jpg?fit=1200%2C628&ssl=1&resize=350%2C200","width":350,"height":200,"srcset":"https:\/\/i0.wp.com\/noticiasribeiraopreto.com.br\/wp-content\/uploads\/2024\/01\/postimg-65944826e64816971.jpg?fit=1200%2C628&ssl=1&resize=350%2C200 1x, https:\/\/i0.wp.com\/noticiasribeiraopreto.com.br\/wp-content\/uploads\/2024\/01\/postimg-65944826e64816971.jpg?fit=1200%2C628&ssl=1&resize=525%2C300 1.5x, https:\/\/i0.wp.com\/noticiasribeiraopreto.com.br\/wp-content\/uploads\/2024\/01\/postimg-65944826e64816971.jpg?fit=1200%2C628&ssl=1&resize=700%2C400 2x, https:\/\/i0.wp.com\/noticiasribeiraopreto.com.br\/wp-content\/uploads\/2024\/01\/postimg-65944826e64816971.jpg?fit=1200%2C628&ssl=1&resize=1050%2C600 3x"},"classes":[]},{"id":23693,"url":"https:\/\/noticiasribeiraopreto.com.br\/index.php\/2024\/01\/02\/polemica-em-torno-de-boato-de-terceiro-filho-de-neymar-gera-repercussao\/","url_meta":{"origin":23933,"position":1},"title":"Pol\u00eamica em torno de boato de terceiro filho de Neymar gera repercuss\u00e3o","author":"noticiasribeiraopreto.com.br","date":"2 de January de 2024","format":false,"excerpt":"A vida pessoal do jogador Neymar Jr. n\u00e3o para de ser assunto nas redes sociais. Desta vez, come\u00e7ou a circular o boato de que o atleta, que atualmente joga pelo Al-Hilal, iria ser pai novamente.A not\u00edcia foi divulgada na manh\u00e3 desta ter\u00e7a-feira (02\/12), pelo colunista Leo Dias. De acordo com\u2026","rel":"","context":"In &quot;Blog&quot;","block_context":{"text":"Blog","link":"https:\/\/noticiasribeiraopreto.com.br\/index.php\/category\/blog\/"},"img":{"alt_text":"","src":"https:\/\/i0.wp.com\/noticiasribeiraopreto.com.br\/wp-content\/uploads\/2024\/01\/postimg-659498a03c5504192.jpg?fit=1200%2C628&ssl=1&resize=350%2C200","width":350,"height":200,"srcset":"https:\/\/i0.wp.com\/noticiasribeiraopreto.com.br\/wp-content\/uploads\/2024\/01\/postimg-659498a03c5504192.jpg?fit=1200%2C628&ssl=1&resize=350%2C200 1x, https:\/\/i0.wp.com\/noticiasribeiraopreto.com.br\/wp-content\/uploads\/2024\/01\/postimg-659498a03c5504192.jpg?fit=1200%2C628&ssl=1&resize=525%2C300 1.5x, https:\/\/i0.wp.com\/noticiasribeiraopreto.com.br\/wp-content\/uploads\/2024\/01\/postimg-659498a03c5504192.jpg?fit=1200%2C628&ssl=1&resize=700%2C400 2x, https:\/\/i0.wp.com\/noticiasribeiraopreto.com.br\/wp-content\/uploads\/2024\/01\/postimg-659498a03c5504192.jpg?fit=1200%2C628&ssl=1&resize=1050%2C600 3x"},"classes":[]},{"id":24985,"url":"https:\/\/noticiasribeiraopreto.com.br\/index.php\/2024\/01\/05\/biancardi-desabafa-sobre-carater-e-detalhe-faz-fas-apontarem-indireta-para-neymar\/","url_meta":{"origin":23933,"position":2},"title":"Biancardi desabafa sobre car\u00e1ter e detalhe faz f\u00e3s apontarem indireta para Neymar","author":"noticiasribeiraopreto.com.br","date":"5 de January de 2024","format":false,"excerpt":"Bruna Biancardi voltou a desabafar nas redes sociais e chamar a aten\u00e7\u00e3o com o conte\u00fado publicado. A influenciadora postou um text\u00e3o sobre car\u00e1ter, o que muitos f\u00e3s entenderam como uma alfinetada em Neymar.\u201cCar\u00e1ter \u00e9 algo que est\u00e1 no cora\u00e7\u00e3o, nas veias, na pele, na alma. Car\u00e1ter corre no sangue. Quem\u2026","rel":"","context":"In &quot;Blog&quot;","block_context":{"text":"Blog","link":"https:\/\/noticiasribeiraopreto.com.br\/index.php\/category\/blog\/"},"img":{"alt_text":"","src":"https:\/\/i0.wp.com\/noticiasribeiraopreto.com.br\/wp-content\/uploads\/2024\/01\/postimg-659852396bb975844.jpg?fit=1200%2C628&ssl=1&resize=350%2C200","width":350,"height":200,"srcset":"https:\/\/i0.wp.com\/noticiasribeiraopreto.com.br\/wp-content\/uploads\/2024\/01\/postimg-659852396bb975844.jpg?fit=1200%2C628&ssl=1&resize=350%2C200 1x, https:\/\/i0.wp.com\/noticiasribeiraopreto.com.br\/wp-content\/uploads\/2024\/01\/postimg-659852396bb975844.jpg?fit=1200%2C628&ssl=1&resize=525%2C300 1.5x, https:\/\/i0.wp.com\/noticiasribeiraopreto.com.br\/wp-content\/uploads\/2024\/01\/postimg-659852396bb975844.jpg?fit=1200%2C628&ssl=1&resize=700%2C400 2x, https:\/\/i0.wp.com\/noticiasribeiraopreto.com.br\/wp-content\/uploads\/2024\/01\/postimg-659852396bb975844.jpg?fit=1200%2C628&ssl=1&resize=1050%2C600 3x"},"classes":[]},{"id":83432,"url":"https:\/\/noticiasribeiraopreto.com.br\/index.php\/2026\/03\/18\/volta-de-gusttavo-lima-primeira-atracao-internacional-e-estreias-aguardadas-o-que-vem-por-ai-no-ribeirao-rodeo-music-2026\/","url_meta":{"origin":23933,"position":3},"title":"Volta de Gusttavo Lima, primeira atra\u00e7\u00e3o internacional e estreias aguardadas: o que vem por a\u00ed no Ribeir\u00e3o Rodeo Music 2026","author":"noticiasribeiraopreto.com.br","date":"18 de March de 2026","format":false,"excerpt":"Faltam menos de 50 dias para uma das maiores festas sertanejas do pa\u00eds e a ansiedade dos f\u00e3s de m\u00fasica sertaneja come\u00e7a a ganhar forma. O Ribeir\u00e3o Rodeo Music 2026, trar\u00e1, em sua 20\u00aa edi\u00e7\u00e3o, 17 grandes shows, entre eles Gusttavo Lima, que volta ao palco em Ribeir\u00e3o ap\u00f3s ser\u2026","rel":"","context":"In &quot;Not\u00edcias de Ribeir\u00e3o Preto-SP e Regi\u00e3o&quot;","block_context":{"text":"Not\u00edcias de Ribeir\u00e3o Preto-SP e Regi\u00e3o","link":"https:\/\/noticiasribeiraopreto.com.br\/index.php\/category\/noticias-de-ribeirao-preto-sp-e-regiao-ismael-colosi\/"},"img":{"alt_text":"","src":"https:\/\/i0.wp.com\/noticiasribeiraopreto.com.br\/wp-content\/uploads\/2026\/03\/Design-sem-nome-8_2026-03-13_17-07-24.webp.webp?fit=1200%2C675&ssl=1&resize=350%2C200","width":350,"height":200,"srcset":"https:\/\/i0.wp.com\/noticiasribeiraopreto.com.br\/wp-content\/uploads\/2026\/03\/Design-sem-nome-8_2026-03-13_17-07-24.webp.webp?fit=1200%2C675&ssl=1&resize=350%2C200 1x, https:\/\/i0.wp.com\/noticiasribeiraopreto.com.br\/wp-content\/uploads\/2026\/03\/Design-sem-nome-8_2026-03-13_17-07-24.webp.webp?fit=1200%2C675&ssl=1&resize=525%2C300 1.5x, https:\/\/i0.wp.com\/noticiasribeiraopreto.com.br\/wp-content\/uploads\/2026\/03\/Design-sem-nome-8_2026-03-13_17-07-24.webp.webp?fit=1200%2C675&ssl=1&resize=700%2C400 2x, https:\/\/i0.wp.com\/noticiasribeiraopreto.com.br\/wp-content\/uploads\/2026\/03\/Design-sem-nome-8_2026-03-13_17-07-24.webp.webp?fit=1200%2C675&ssl=1&resize=1050%2C600 3x"},"classes":[]},{"id":4604,"url":"https:\/\/noticiasribeiraopreto.com.br\/index.php\/2023\/11\/21\/irma-de-neymar-rafaella-santos-nao-agrada-publico-na-web-em-ensaio-de-carnaval\/","url_meta":{"origin":23933,"position":4},"title":"Irm\u00e3 de Neymar, Rafaella Santos, n\u00e3o agrada p\u00fablico na web em ensaio de carnaval","author":"noticiasribeiraopreto.com.br","date":"21 de November de 2023","format":false,"excerpt":"\u2018 Fevereiro tem carnaval \u2018 como diz a m\u00fasica. O ano nem virou ainda, mas o carnaval j\u00e1 est\u00e1 na ponta do p\u00e9 de muita gente, ou quase todo mundo, desde o \u00faltimo espet\u00e1culo ainda esse ano.A irm\u00e3 de Neymar Jr, Rafaella Santos foi convidada a participar do ensaio de\u2026","rel":"","context":"In &quot;Blog&quot;","block_context":{"text":"Blog","link":"https:\/\/noticiasribeiraopreto.com.br\/index.php\/category\/blog\/"},"img":{"alt_text":"","src":"https:\/\/i0.wp.com\/noticiasribeiraopreto.com.br\/wp-content\/uploads\/2023\/11\/postimg-655d4d8d12fa97160.jpg?fit=1200%2C713&ssl=1&resize=350%2C200","width":350,"height":200,"srcset":"https:\/\/i0.wp.com\/noticiasribeiraopreto.com.br\/wp-content\/uploads\/2023\/11\/postimg-655d4d8d12fa97160.jpg?fit=1200%2C713&ssl=1&resize=350%2C200 1x, https:\/\/i0.wp.com\/noticiasribeiraopreto.com.br\/wp-content\/uploads\/2023\/11\/postimg-655d4d8d12fa97160.jpg?fit=1200%2C713&ssl=1&resize=525%2C300 1.5x, https:\/\/i0.wp.com\/noticiasribeiraopreto.com.br\/wp-content\/uploads\/2023\/11\/postimg-655d4d8d12fa97160.jpg?fit=1200%2C713&ssl=1&resize=700%2C400 2x, https:\/\/i0.wp.com\/noticiasribeiraopreto.com.br\/wp-content\/uploads\/2023\/11\/postimg-655d4d8d12fa97160.jpg?fit=1200%2C713&ssl=1&resize=1050%2C600 3x"},"classes":[]},{"id":8024,"url":"https:\/\/noticiasribeiraopreto.com.br\/index.php\/2023\/11\/29\/quem-e-nathalia-morais-atriz-da-globo-que-teria-dado-um-fora-em-neymar-segundo-colunista\/","url_meta":{"origin":23933,"position":5},"title":"Quem \u00e9 Nathalia Morais, atriz da Globo que teria dado um fora em Neymar segundo colunista","author":"noticiasribeiraopreto.com.br","date":"29 de November de 2023","format":false,"excerpt":"Mais uma para q cole\u00e7\u00e3o. O jogador Neymar, em sua estadia no Brasil j\u00e1 pode colecionar pol\u00eamicas envolvendo seu nome. Esta, seria relacionado a uma atriz global.No \u00faltimo domingo, 26 de novembro, o jogador resolveu fazer uma festa em sua mans\u00e3o em Mangaratiba, na Costa Verde do Rio de Janeiro\u2026","rel":"","context":"In &quot;Blog&quot;","block_context":{"text":"Blog","link":"https:\/\/noticiasribeiraopreto.com.br\/index.php\/category\/blog\/"},"img":{"alt_text":"","src":"https:\/\/i0.wp.com\/noticiasribeiraopreto.com.br\/wp-content\/uploads\/2023\/11\/postimg-6567397478ad57414.jpg?fit=1200%2C628&ssl=1&resize=350%2C200","width":350,"height":200,"srcset":"https:\/\/i0.wp.com\/noticiasribeiraopreto.com.br\/wp-content\/uploads\/2023\/11\/postimg-6567397478ad57414.jpg?fit=1200%2C628&ssl=1&resize=350%2C200 1x, https:\/\/i0.wp.com\/noticiasribeiraopreto.com.br\/wp-content\/uploads\/2023\/11\/postimg-6567397478ad57414.jpg?fit=1200%2C628&ssl=1&resize=525%2C300 1.5x, https:\/\/i0.wp.com\/noticiasribeiraopreto.com.br\/wp-content\/uploads\/2023\/11\/postimg-6567397478ad57414.jpg?fit=1200%2C628&ssl=1&resize=700%2C400 2x, https:\/\/i0.wp.com\/noticiasribeiraopreto.com.br\/wp-content\/uploads\/2023\/11\/postimg-6567397478ad57414.jpg?fit=1200%2C628&ssl=1&resize=1050%2C600 3x"},"classes":[]}],"jetpack_sharing_enabled":true,"jetpack_shortlink":"https:\/\/wp.me\/peQAOb-6e1","_links":{"self":[{"href":"https:\/\/noticiasribeiraopreto.com.br\/index.php\/wp-json\/wp\/v2\/posts\/23933","targetHints":{"allow":["GET"]}}],"collection":[{"href":"https:\/\/noticiasribeiraopreto.com.br\/index.php\/wp-json\/wp\/v2\/posts"}],"about":[{"href":"https:\/\/noticiasribeiraopreto.com.br\/index.php\/wp-json\/wp\/v2\/types\/post"}],"author":[{"embeddable":true,"href":"https:\/\/noticiasribeiraopreto.com.br\/index.php\/wp-json\/wp\/v2\/users\/1"}],"replies":[{"embeddable":true,"href":"https:\/\/noticiasribeiraopreto.com.br\/index.php\/wp-json\/wp\/v2\/comments?post=23933"}],"version-history":[{"count":0,"href":"https:\/\/noticiasribeiraopreto.com.br\/index.php\/wp-json\/wp\/v2\/posts\/23933\/revisions"}],"wp:featuredmedia":[{"embeddable":true,"href":"https:\/\/noticiasribeiraopreto.com.br\/index.php\/wp-json\/wp\/v2\/media\/23934"}],"wp:attachment":[{"href":"https:\/\/noticiasribeiraopreto.com.br\/index.php\/wp-json\/wp\/v2\/media?parent=23933"}],"wp:term":[{"taxonomy":"category","embeddable":true,"href":"https:\/\/noticiasribeiraopreto.com.br\/index.php\/wp-json\/wp\/v2\/categories?post=23933"},{"taxonomy":"post_tag","embeddable":true,"href":"https:\/\/noticiasribeiraopreto.com.br\/index.php\/wp-json\/wp\/v2\/tags?post=23933"}],"curies":[{"name":"wp","href":"https:\/\/api.w.org\/{rel}","templated":true}]}}