{"id":23938,"date":"2024-01-03T11:43:14","date_gmt":"2024-01-03T14:43:14","guid":{"rendered":"https:\/\/noticiasribeiraopreto.com.br\/index.php\/2024\/01\/03\/canoo-lanca-picape-eletrica-surpreendente-com-600-cavalos-pneus-de-32-e-800-km-de-autonomia\/"},"modified":"2024-01-03T11:43:14","modified_gmt":"2024-01-03T14:43:14","slug":"canoo-lanca-picape-eletrica-surpreendente-com-600-cavalos-pneus-de-32-e-800-km-de-autonomia","status":"publish","type":"post","link":"https:\/\/noticiasribeiraopreto.com.br\/index.php\/2024\/01\/03\/canoo-lanca-picape-eletrica-surpreendente-com-600-cavalos-pneus-de-32-e-800-km-de-autonomia\/","title":{"rendered":"Canoo lan\u00e7a picape el\u00e9trica surpreendente com 600 cavalos, pneus de 32&#8243; e 800 km de autonomia\u00a0\u00a0"},"content":{"rendered":"<div class='code-block code-block-1' style='margin: 8px 0 8px auto; text-align: right; display: block; clear: both;'>\n<p><a href=\"https:\/\/wa.link\/vpicfd\"><img data-recalc-dims=\"1\" class=\"wp-image-4922\" style=\"aspect-ratio: 2.0253164556962027; width: 561px; height: auto;\" src=\"https:\/\/i0.wp.com\/ismaelcolosi.com.br\/wp-content\/uploads\/2023\/11\/grupo-de-empregos-whatsapp-e-facebook-ismael-colosi-vagas.jpg?ssl=1\" alt=\"\" \/><\/a><\/p>\n<!-- \/wp:image -->\n<\/div>\n<p> <br \/>\n<\/p>\n<div>\n<figure><picture><source srcset=\"https:\/\/clickpetroleoegas.com.br\/wp-content\/uploads\/2024\/01\/Canoo-lanca-picape-eletrica-surpreendente-com-600-cavalos-de-forca-pneus-de-32-e-muita-autonomia--830x450.jpg.webp\" type=\"image\/webp\"><img data-recalc-dims=\"1\" loading=\"lazy\" width=\"830\" height=\"450\" src=\"https:\/\/i0.wp.com\/clickpetroleoegas.com.br\/wp-content\/uploads\/2024\/01\/Canoo-lanca-picape-eletrica-surpreendente-com-600-cavalos-de-forca-pneus-de-32-e-muita-autonomia--830x450.jpg?resize=830%2C450&#038;ssl=1\" class=\"fdnw-post-thumbnail fdnw-first-card-thumbnail wp-post-image\" alt=\"Canoo lan\u00e7a picape el\u00e9trica surpreendente com 600 cavalos de for\u00e7a, pneus de 32 e muita autonomia\u00a0\u00a0\" decoding=\"async\" data-eio=\"p\"\/><\/source><\/picture><figcaption class=\"fdnw-image-caption\">Foto: Canoo\/Divulga\u00e7\u00e3o<\/figcaption><\/figure>\n<p>A Canoo, uma startup de tecnologia automotiva da Calif\u00f3rnia que esteve no radar da <a href=\"https:\/\/clickpetroleoegas.com.br\/huawei-e-xiaomi-ensinam-apple-a-fazer-carro-eletrico\/\" target=\"_blank\" rel=\"noreferrer noopener\">Apple <\/a>para uma poss\u00edvel aquisi\u00e7\u00e3o, anunciou recentemente um grande passo em sua trajet\u00f3ria. No in\u00edcio de dezembro do ano passado, a empresa entregou o primeiro modelo de sua picape el\u00e9trica, ainda sem nome, ao <strong>Ex\u00e9rcito dos Estados Unidos<\/strong>. Este ve\u00edculo, que se baseia em um prot\u00f3tipo revelado em 2022, ser\u00e1 utilizado para an\u00e1lise e demonstra\u00e7\u00e3o em aplica\u00e7\u00f5es t\u00e1ticas.<\/p>\n<h2 class=\"wp-block-heading\" id=\"h-nova-picape-eletrica-da-canoo-entrega-600-cavalos-de-potencia\"><strong>Nova picape el\u00e9trica da Canoo entrega 600 cavalos de pot\u00eancia<\/strong><\/h2>\n<figure class=\"wp-block-embed is-type-video is-provider-youtube wp-block-embed-youtube wp-embed-aspect-16-9 wp-has-aspect-ratio\">\n<p><noscript><iframe loading=\"lazy\" title=\"IT\u2019S HERE! GENUIS All-Electric Canoo Pick-Up Truck!\" width=\"500\" height=\"281\" src=\"https:\/\/www.youtube.com\/embed\/7yDvctpWb2Y?feature=oembed\" frameborder=\"0\" allow=\"accelerometer; autoplay; clipboard-write; encrypted-media; gyroscope; picture-in-picture; web-share\" referrerpolicy=\"strict-origin-when-cross-origin\" allowfullscreen><\/iframe><\/noscript><\/p>\n<\/figure>\n<p>Contando com constru\u00e7\u00e3o modular, a fabricante afirma que a picape el\u00e9trica pode cumprir atividades diversas, incluindo transporte de cargas pesadas ou uso de sistemas t\u00e1ticos, por exemplo. <\/p>\n<p> <span class=\"fdnw-card-article-related\"> <span class=\"h4 fdnw-card-article-related-title\">Artigos recomendados<\/span> <\/span> <\/p>\n<p>Com tra\u00e7\u00e3o nas quatro rodas, o motor el\u00e9trico tamb\u00e9m gera bastante pot\u00eancia \u00e0 picape da Canoo, visto que s\u00e3o 600 cavalos de pot\u00eancia. J\u00e1 as molas pneum\u00e1ticas, a suspens\u00e3o elevada e os pneus para todo-o-terreno de 32\u2019\u2019, ajudam a manter o ve\u00edculo mais longe do ch\u00e3o e a rodar em terrenos acidentados.<\/p>\n<p>No fim, a decis\u00e3o de come\u00e7ar a produ\u00e7\u00e3o em larga escala da picape el\u00e9trica caber\u00e1 ao governo americano. De acordo com o<strong> The Verge<\/strong>, o futuro da empresa pode estar em jogo caso o contrato com os militares n\u00e3o seja aprovado. A parceria foi iniciada em julho, quando foi anunciado um acordo que previa a produ\u00e7\u00e3o de um novo modelo el\u00e9trico ou h\u00edbrido para uso militar. <\/p>\n<p>No come\u00e7o de 2022, a Canoo chegou a alertar que poderia ficar no vermelho em um futuro pr\u00f3ximo, caso n\u00e3o conseguisse mais investimentos. Pagamentos atrasados e falta de pe\u00e7as tamb\u00e9m prejudicam o cronograma da startup. Fundada em 2017, a empresa n\u00e3o \u00e9 exatamente nova no ramo automotivo e a marca tamb\u00e9m est\u00e1 desenvolvendo outros ve\u00edculos el\u00e9tricos, como uma van de entregas e tamb\u00e9m um caminh\u00e3o el\u00e9trico.<\/p>\n<h2 class=\"wp-block-heading\" id=\"h-picape-eletrica-da-canoo-entrega-mais-de-800-km-de-autonomia\"><strong>Picape el\u00e9trica da Canoo entrega <\/strong>mais de 800 km de autonomia<\/h2>\n<p>A picape el\u00e9trica da Canoo n\u00e3o \u00e9 apenas um modelo que promete revolucionar a ind\u00fastria, mas ele tamb\u00e9m muda o jogo unindo o design futurista com funcionalidade. A picape el\u00e9trica consegue entregar uma autonomia de at\u00e9 805 km, contando com uma ca\u00e7amba estendida de at\u00e9 8 p\u00e9s e uma pegada compacta. \u00c9 importante destacar que a picape el\u00e9trica \u00e9 eleg\u00edvel para um substancial cr\u00e9dito fiscal federal de acordo com a lei de redu\u00e7\u00e3o da infla\u00e7\u00e3o de 2023.<\/p>\n<p>Desta forma, compradores do modelo de 2024 podem se beneficiar de at\u00e9 US$ 7,5 mil em cr\u00e9ditos fiscais federais, sendo um \u00f3timo incentivo, visto que a Canoo j\u00e1 conta com pre\u00e7os competitivos, entre R$ 35 mil e 50 mil. Possuir a picape el\u00e9trica se tornou uma oportunidade dif\u00edcil de resistir, mas a caminhonete el\u00e9trica n\u00e3o se trata apenas de economia de dinheiro, e sim, de fornecer um el\u00e9trico f\u00e1cil de carregar e entregando at\u00e9 805 km de autonomia.<\/p>\n<h2 class=\"wp-block-heading\" id=\"h-prototipos-da-canoo-sao-testados-pela-nasa\"><strong>Prot\u00f3tipos da Canoo s\u00e3o testados pela NASA<\/strong><\/h2>\n<p>Vale destacar que a empresa, al\u00e9m de sua nova picape el\u00e9trica, tamb\u00e9m est\u00e1 trabalhando em outro projeto importante, uma minivan escolhida pela NASA para transportar astronautas at\u00e9 a plataforma de lan\u00e7amento da miss\u00e3o Artemis. <\/p>\n<p>O modelo tem formato de casulo e foi desenvolvido para ter emiss\u00e3o zero de carbono. Foram fabricadas apenas tr\u00eas unidades, que ficaram prontas em junho de 2023, quando foram realizados os primeiros testes oficiais.<\/p>\n<p>Entretanto, tr\u00eas prot\u00f3tipos foram apresentados pela empresa nas redes sociais em outro momento, mostrando um teste que conduziu t\u00e9cnicos da<a href=\"https:\/\/www.nasa.gov\/humans-in-space\/exploration-ground-systems\/\" target=\"_blank\" rel=\"noreferrer noopener nofollow\" class=\"external\"> NASA Exploration Ground Systems<\/a> vestidos com trajes de astronautas em um trajeto de 14 km do Centro de Opera\u00e7\u00f5es Neil Armstrong at\u00e9 a plataforma de lan\u00e7amento 39B no Centro Espacial Kennedy, em Cabo Canaveral, na Fl\u00f3rida.<\/p>\n<div class=\"code-block code-block-10\" style=\"margin: 8px auto; text-align: center; display: block; clear: both;\">\n<hr class=\"wp-block-separator has-alpha-channel-opacity is-style-wide\"\/>\n<p>Voc\u00ea quer receber apenas not\u00edcias e vagas de emprego do seu interesse? A solu\u00e7\u00e3o chegou atrav\u00e9s do app <a href=\"https:\/\/play.google.com\/store\/apps\/details?id=com.clickpetroleoapp&amp;hl=pt&amp;gl=US\" class=\"external\" rel=\"nofollow noopener\" target=\"_blank\"><strong>CPG VAGAS E NOT\u00cdCIAS!<\/strong><\/a> Se voc\u00ea \u00e9 pintor, vai receber no seu celular apenas oportunidades neste cargo. E ser\u00e1 assim com pedreiro, t\u00e9cnico, engenheiro e etc\u2026.. N\u00e3o perca nada do que acontece no mercado de trabalho e econ\u00f4mico do Brasil, baixe agora o app <a href=\"https:\/\/play.google.com\/store\/apps\/details?id=com.clickpetroleoapp&amp;hl=pt&amp;gl=US\" class=\"external\" rel=\"nofollow noopener\" target=\"_blank\">CPG VAGAS E NOT\u00cdCIAS, dispon\u00edvel para Android e IOS!<\/a><\/p>\n<figure class=\"wp-block-image aligncenter size-full\"><a href=\"https:\/\/play.google.com\/store\/apps\/details?id=com.clickpetroleoapp&amp;hl=pt&amp;gl=US\" target=\"_blank\" rel=\"noreferrer noopener nofollow\" class=\"external\"><img data-recalc-dims=\"1\" loading=\"lazy\" decoding=\"async\" width=\"1280\" height=\"387\" http=\"\" alt=\"APP CPG VAGAS E NOT\u00cdCIAS\" class=\"wp-image-105306 ewww_webp_lazy_load\" src=\"https:\/\/i0.wp.com\/clickpetroleoegas.com.br\/wp-content\/uploads\/2023\/09\/Aplicativo-de-vagas-de-empregos-e-noticias-da-sua-regiao.jpg?resize=1280%2C387&#038;ssl=1\" src-webp=\"https:\/\/clickpetroleoegas.com.br\/wp-content\/uploads\/2023\/09\/Aplicativo-de-vagas-de-empregos-e-noticias-da-sua-regiao.jpg.webp\"\/><noscript><img data-recalc-dims=\"1\" loading=\"lazy\" decoding=\"async\" width=\"1280\" height=\"387\" src=\"https:\/\/i0.wp.com\/clickpetroleoegas.com.br\/wp-content\/uploads\/2023\/09\/Aplicativo-de-vagas-de-empregos-e-noticias-da-sua-regiao.jpg?resize=1280%2C387&#038;ssl=1\" alt=\"APP CPG VAGAS E NOT\u00cdCIAS\" class=\"wp-image-105306\"\/><\/noscript><\/a><\/figure>\n<\/p><\/div>\n<\/p><\/div>\n<p><script type=\"text\/plain\" data-service=\"facebook\" data-category=\"marketing\">\n!function(f,b,e,v,n,t,s)\n{if(f.fbq)return;n=f.fbq=function(){n.callMethod?\nn.callMethod.apply(n,arguments):n.queue.push(arguments)};\nif(!f._fbq)f._fbq=n;n.push=n;n.loaded=!0;n.version='2.0';\nn.queue=[];t=b.createElement(e);t.async=!0;\nt.src=v;s=b.getElementsByTagName(e)[0];\ns.parentNode.insertBefore(t,s)}(window, document,'script',\n'https:\/\/connect.facebook.net\/en_US\/fbevents.js');\nfbq('init', '5536651029690406');\nfbq('track', 'PageView');\n<\/script><script type=\"text\/plain\" data-service=\"facebook\" data-category=\"marketing\" async defer crossorigin=\"anonymous\" data-rocket-data-cmplz-src=\"https:\/\/connect.facebook.net\/en_US\/sdk.js#xfbml=1&#038;version=v12.0&amp;appId=1127332727839552&#038;autoLogAppEvents=1\">\n<\/script><br \/>\n<br \/><br \/>\n<br \/><a href=\"https:\/\/ismaelcolosi.com.br\/canoo-lanca-picape-eletrica-surpreendente-com-600-cavalos-pneus-de-32-e-800-km-de-autonomia\/\">Source link <\/a><\/p>\n<!-- CONTENT END 1 -->\n","protected":false},"excerpt":{"rendered":"<p>Foto: Canoo\/Divulga\u00e7\u00e3o A Canoo, uma startup de tecnologia automotiva da Calif\u00f3rnia que esteve no radar da Apple para uma poss\u00edvel aquisi\u00e7\u00e3o, anunciou recentemente um grande&#8230;<\/p>\n","protected":false},"author":1,"featured_media":23939,"comment_status":"open","ping_status":"open","sticky":false,"template":"","format":"standard","meta":{"advanced_seo_description":"","jetpack_seo_html_title":"","jetpack_seo_noindex":false,"jetpack_post_was_ever_published":false,"_jetpack_newsletter_access":"","_jetpack_dont_email_post_to_subs":false,"_jetpack_newsletter_tier_id":0,"_jetpack_memberships_contains_paywalled_content":false,"_jetpack_memberships_contains_paid_content":false,"footnotes":"","jetpack_publicize_message":"","jetpack_publicize_feature_enabled":true,"jetpack_social_post_already_shared":true,"jetpack_social_options":{"image_generator_settings":{"template":"highway","default_image_id":0,"font":"","enabled":false},"version":2}},"categories":[7],"tags":[],"class_list":["post-23938","post","type-post","status-publish","format-standard","has-post-thumbnail","hentry","category-vagas-de-empregos-em-ribeirao-preto-regiao-brasil"],"jetpack_publicize_connections":[],"jetpack_featured_media_url":"https:\/\/i0.wp.com\/noticiasribeiraopreto.com.br\/wp-content\/uploads\/2024\/01\/Canoo-lanca-picape-eletrica-surpreendente-com-600-cavalos-de-forca-pneus-de-32-e-muita-autonomia-830x450.jpg?fit=830%2C450&ssl=1","jetpack-related-posts":[{"id":13830,"url":"https:\/\/noticiasribeiraopreto.com.br\/index.php\/2023\/12\/11\/veja-como-jogar-e-quais-as-chances-de-ganhar\/","url_meta":{"origin":23938,"position":0},"title":"Veja como jogar e quais as chances de ganhar","author":"noticiasribeiraopreto.com.br","date":"11 de December de 2023","format":false,"excerpt":"Os brasileiros continuam fazendo suas apostas na Mega da Virada. O concurso especial dever\u00e1 pagar o maior pr\u00eamio da hist\u00f3ria da Mega-Sena, de R$ 550 milh\u00f5es, e ningu\u00e9m quer perder a chance de se transformar em um grande milion\u00e1ria de uma hora para outra. As apostas est\u00e3o abertas desde o\u2026","rel":"","context":"In &quot;Vagas de Emprego em Ribeir\u00e3o Preto-SP&quot;","block_context":{"text":"Vagas de Emprego em Ribeir\u00e3o Preto-SP","link":"https:\/\/noticiasribeiraopreto.com.br\/index.php\/category\/empregos-classificados-vagas-trabalho\/vagas-de-empregos-em-ribeirao-preto-regiao-brasil\/"},"img":{"alt_text":"","src":"https:\/\/i0.wp.com\/noticiasribeiraopreto.com.br\/wp-content\/uploads\/2023\/12\/noticiasconcursos.com_.br-mega-da-virada-veja-como-jogar-quais-as-chances-de-ganhar-e-como-conferir-o-resultado-mega-sena-da-virada-agencia-brasil-750x430.jpg?fit=750%2C430&ssl=1&resize=350%2C200","width":350,"height":200,"srcset":"https:\/\/i0.wp.com\/noticiasribeiraopreto.com.br\/wp-content\/uploads\/2023\/12\/noticiasconcursos.com_.br-mega-da-virada-veja-como-jogar-quais-as-chances-de-ganhar-e-como-conferir-o-resultado-mega-sena-da-virada-agencia-brasil-750x430.jpg?fit=750%2C430&ssl=1&resize=350%2C200 1x, https:\/\/i0.wp.com\/noticiasribeiraopreto.com.br\/wp-content\/uploads\/2023\/12\/noticiasconcursos.com_.br-mega-da-virada-veja-como-jogar-quais-as-chances-de-ganhar-e-como-conferir-o-resultado-mega-sena-da-virada-agencia-brasil-750x430.jpg?fit=750%2C430&ssl=1&resize=525%2C300 1.5x, https:\/\/i0.wp.com\/noticiasribeiraopreto.com.br\/wp-content\/uploads\/2023\/12\/noticiasconcursos.com_.br-mega-da-virada-veja-como-jogar-quais-as-chances-de-ganhar-e-como-conferir-o-resultado-mega-sena-da-virada-agencia-brasil-750x430.jpg?fit=750%2C430&ssl=1&resize=700%2C400 2x"},"classes":[]},{"id":67476,"url":"https:\/\/noticiasribeiraopreto.com.br\/index.php\/2025\/04\/14\/acidente-deixa-uma-pessoa-morta-em-rodovia-da-regiao-de-ribeirao-preto\/","url_meta":{"origin":23938,"position":1},"title":"Acidente deixa uma pessoa morta em rodovia da regi\u00e3o de Ribeir\u00e3o Preto","author":"noticiasribeiraopreto.com.br","date":"14 de April de 2025","format":false,"excerpt":"Na tarde desta segunda-feira (14), um acidente envolvendo uma carreta e um semi-reboque deixa uma pessoa morta na rodovia C\u00e2ndido Portinari, em Jardin\u00f3polis, regi\u00e3o de Ribeir\u00e3o Preto. A Pol\u00edcia Rodovi\u00e1ria est\u00e1 no local junto com equipes da concession\u00e1ria. Em nota, a Arteris ViaPaulista confirmou a morte de um prestador de\u2026","rel":"","context":"In &quot;Not\u00edcias de Ribeir\u00e3o Preto-SP e Regi\u00e3o&quot;","block_context":{"text":"Not\u00edcias de Ribeir\u00e3o Preto-SP e Regi\u00e3o","link":"https:\/\/noticiasribeiraopreto.com.br\/index.php\/category\/noticias-de-ribeirao-preto-sp-e-regiao-ismael-colosi\/"},"img":{"alt_text":"","src":"https:\/\/i0.wp.com\/noticiasribeiraopreto.com.br\/wp-content\/uploads\/2025\/04\/Copia-de-Copia-de-Copia-de-TAMANHO-EXATO-PARA-FOTOS-NO-SISTEMA-NOVO-2025-04-14T165557.979_2025-04-14_19-56-11_png_2025-04-14_19-56-11.webp.webp?fit=1200%2C675&ssl=1&resize=350%2C200","width":350,"height":200,"srcset":"https:\/\/i0.wp.com\/noticiasribeiraopreto.com.br\/wp-content\/uploads\/2025\/04\/Copia-de-Copia-de-Copia-de-TAMANHO-EXATO-PARA-FOTOS-NO-SISTEMA-NOVO-2025-04-14T165557.979_2025-04-14_19-56-11_png_2025-04-14_19-56-11.webp.webp?fit=1200%2C675&ssl=1&resize=350%2C200 1x, https:\/\/i0.wp.com\/noticiasribeiraopreto.com.br\/wp-content\/uploads\/2025\/04\/Copia-de-Copia-de-Copia-de-TAMANHO-EXATO-PARA-FOTOS-NO-SISTEMA-NOVO-2025-04-14T165557.979_2025-04-14_19-56-11_png_2025-04-14_19-56-11.webp.webp?fit=1200%2C675&ssl=1&resize=525%2C300 1.5x, https:\/\/i0.wp.com\/noticiasribeiraopreto.com.br\/wp-content\/uploads\/2025\/04\/Copia-de-Copia-de-Copia-de-TAMANHO-EXATO-PARA-FOTOS-NO-SISTEMA-NOVO-2025-04-14T165557.979_2025-04-14_19-56-11_png_2025-04-14_19-56-11.webp.webp?fit=1200%2C675&ssl=1&resize=700%2C400 2x, https:\/\/i0.wp.com\/noticiasribeiraopreto.com.br\/wp-content\/uploads\/2025\/04\/Copia-de-Copia-de-Copia-de-TAMANHO-EXATO-PARA-FOTOS-NO-SISTEMA-NOVO-2025-04-14T165557.979_2025-04-14_19-56-11_png_2025-04-14_19-56-11.webp.webp?fit=1200%2C675&ssl=1&resize=1050%2C600 3x"},"classes":[]},{"id":20678,"url":"https:\/\/noticiasribeiraopreto.com.br\/index.php\/2023\/12\/26\/aposta-simples-ou-bolao-veja-como-aumentar-suas-chances-de-ganhar-na-mega-da-virada\/","url_meta":{"origin":23938,"position":2},"title":"Aposta simples ou bol\u00e3o? Veja como aumentar suas chances de ganhar na Mega da Virada","author":"noticiasribeiraopreto.com.br","date":"26 de December de 2023","format":false,"excerpt":"Voc\u00ea ainda nem ganhou na Mega da Virada, mas tenho certeza de que j\u00e1 tem planos para o dinheiro \u2014 ou pelo menos para uma parte dele. Afinal, o pr\u00eamio estimado para a faixa principal \u00e9 de R$ 570 milh\u00f5es. E pouqu\u00edssima gente no Brasil tem familiaridade com tanta grana.\u2026","rel":"","context":"In &quot;Dinheiro e Investimento&quot;","block_context":{"text":"Dinheiro e Investimento","link":"https:\/\/noticiasribeiraopreto.com.br\/index.php\/category\/dinheiro-e-investimento-como-fazer-como-ganhar\/"},"img":{"alt_text":"","src":"https:\/\/i0.wp.com\/noticiasribeiraopreto.com.br\/wp-content\/uploads\/2023\/12\/Willy-Wonka-mega-sena-creditos-Shutterstock-filme-oficial-montagem-Brenda-Silva-715x402.jpg?fit=715%2C402&ssl=1&resize=350%2C200","width":350,"height":200,"srcset":"https:\/\/i0.wp.com\/noticiasribeiraopreto.com.br\/wp-content\/uploads\/2023\/12\/Willy-Wonka-mega-sena-creditos-Shutterstock-filme-oficial-montagem-Brenda-Silva-715x402.jpg?fit=715%2C402&ssl=1&resize=350%2C200 1x, https:\/\/i0.wp.com\/noticiasribeiraopreto.com.br\/wp-content\/uploads\/2023\/12\/Willy-Wonka-mega-sena-creditos-Shutterstock-filme-oficial-montagem-Brenda-Silva-715x402.jpg?fit=715%2C402&ssl=1&resize=525%2C300 1.5x, https:\/\/i0.wp.com\/noticiasribeiraopreto.com.br\/wp-content\/uploads\/2023\/12\/Willy-Wonka-mega-sena-creditos-Shutterstock-filme-oficial-montagem-Brenda-Silva-715x402.jpg?fit=715%2C402&ssl=1&resize=700%2C400 2x"},"classes":[]},{"id":20298,"url":"https:\/\/noticiasribeiraopreto.com.br\/index.php\/2023\/12\/24\/familia-que-morreu-apos-acidente-de-aviao-em-praca-de-sp-e-enterrada-em-indiapora-uma-das-vitimas-tinha-5-anos\/","url_meta":{"origin":23938,"position":3},"title":"Fam\u00edlia que morreu ap\u00f3s acidente de avi\u00e3o em pra\u00e7a de SP \u00e9 enterrada em Indiapor\u00e3; uma das v\u00edtimas tinha 5 anos","author":"noticiasribeiraopreto.com.br","date":"24 de December de 2023","format":false,"excerpt":"Na manh\u00e3 do \u00faltimo s\u00e1bado (23\/12), uma trag\u00e9dia abalou a cidade de Jaboticabal, em SP. Um avi\u00e3o monomotor caiu em uma pra\u00e7a, pr\u00f3ximo a v\u00e1rias casas, deixando como resultado a morte de cinco pessoas.Uma das v\u00edtimas do acidente era Delcides Menezes Tiago, tamb\u00e9m conhecido na cidade como Tiago da \u00d3tica.\u2026","rel":"","context":"In &quot;Blog&quot;","block_context":{"text":"Blog","link":"https:\/\/noticiasribeiraopreto.com.br\/index.php\/category\/blog\/"},"img":{"alt_text":"","src":"https:\/\/i0.wp.com\/noticiasribeiraopreto.com.br\/wp-content\/uploads\/2023\/12\/postimg-6588ba0f785563352.jpg?fit=1200%2C628&ssl=1&resize=350%2C200","width":350,"height":200,"srcset":"https:\/\/i0.wp.com\/noticiasribeiraopreto.com.br\/wp-content\/uploads\/2023\/12\/postimg-6588ba0f785563352.jpg?fit=1200%2C628&ssl=1&resize=350%2C200 1x, https:\/\/i0.wp.com\/noticiasribeiraopreto.com.br\/wp-content\/uploads\/2023\/12\/postimg-6588ba0f785563352.jpg?fit=1200%2C628&ssl=1&resize=525%2C300 1.5x, https:\/\/i0.wp.com\/noticiasribeiraopreto.com.br\/wp-content\/uploads\/2023\/12\/postimg-6588ba0f785563352.jpg?fit=1200%2C628&ssl=1&resize=700%2C400 2x, https:\/\/i0.wp.com\/noticiasribeiraopreto.com.br\/wp-content\/uploads\/2023\/12\/postimg-6588ba0f785563352.jpg?fit=1200%2C628&ssl=1&resize=1050%2C600 3x"},"classes":[]},{"id":19526,"url":"https:\/\/noticiasribeiraopreto.com.br\/index.php\/2023\/12\/22\/pai-e-filho-perdem-a-vida-apos-baterem-de-frente-um-com-o-outro-diz-policia\/","url_meta":{"origin":23938,"position":4},"title":"Pai e filho perdem a vida ap\u00f3s baterem de frente um com o outro, diz pol\u00edcia","author":"noticiasribeiraopreto.com.br","date":"22 de December de 2023","format":false,"excerpt":"Um acidente provocou uma verdadeira trag\u00e9dia em fam\u00edlia, pai e filho morreram em decorr\u00eancia de uma colis\u00e3o. Entretanto, a din\u00e2mica do acidente chamou a aten\u00e7\u00e3o da pol\u00edcia e da comunidade local, uma colis\u00e3o frontal entre pai e filho provocou a morte de ambos.As duas v\u00edtimas fatais transitavam em sentidos opostos,\u2026","rel":"","context":"In &quot;Blog&quot;","block_context":{"text":"Blog","link":"https:\/\/noticiasribeiraopreto.com.br\/index.php\/category\/blog\/"},"img":{"alt_text":"","src":"https:\/\/i0.wp.com\/noticiasribeiraopreto.com.br\/wp-content\/uploads\/2023\/12\/postimg-6585ca81c80782332.jpg?fit=1200%2C628&ssl=1&resize=350%2C200","width":350,"height":200,"srcset":"https:\/\/i0.wp.com\/noticiasribeiraopreto.com.br\/wp-content\/uploads\/2023\/12\/postimg-6585ca81c80782332.jpg?fit=1200%2C628&ssl=1&resize=350%2C200 1x, https:\/\/i0.wp.com\/noticiasribeiraopreto.com.br\/wp-content\/uploads\/2023\/12\/postimg-6585ca81c80782332.jpg?fit=1200%2C628&ssl=1&resize=525%2C300 1.5x, https:\/\/i0.wp.com\/noticiasribeiraopreto.com.br\/wp-content\/uploads\/2023\/12\/postimg-6585ca81c80782332.jpg?fit=1200%2C628&ssl=1&resize=700%2C400 2x, https:\/\/i0.wp.com\/noticiasribeiraopreto.com.br\/wp-content\/uploads\/2023\/12\/postimg-6585ca81c80782332.jpg?fit=1200%2C628&ssl=1&resize=1050%2C600 3x"},"classes":[]},{"id":85264,"url":"https:\/\/noticiasribeiraopreto.com.br\/index.php\/2026\/04\/27\/mais-uma-mulher-e-vitima-de-feminicidio-em-rp\/","url_meta":{"origin":23938,"position":5},"title":"Mais uma mulher \u00e9 v\u00edtima de feminic\u00eddio em RP","author":"noticiasribeiraopreto.com.br","date":"27 de April de 2026","format":false,"excerpt":"\r Crime ocorreu na zona Norte da cidade e suspeito, que confessou o crime, foi preso horas depois na regi\u00e3o\r \r 27 de abril de 2026 09:53 \r Compartilhar1 | Por: Adalberto Luque | Uma mulher de 24 anos foi morta, neste s\u00e1bado (25) a facadas. O crime teria sido\u2026","rel":"","context":"In &quot;Not\u00edcias de Ribeir\u00e3o Preto-SP e Regi\u00e3o&quot;","block_context":{"text":"Not\u00edcias de Ribeir\u00e3o Preto-SP e Regi\u00e3o","link":"https:\/\/noticiasribeiraopreto.com.br\/index.php\/category\/noticias-de-ribeirao-preto-sp-e-regiao-ismael-colosi\/"},"img":{"alt_text":"","src":"https:\/\/i0.wp.com\/noticiasribeiraopreto.com.br\/wp-content\/uploads\/2026\/04\/27-abr-2026-feminicidiorp-scaled.jpg?fit=1200%2C670&ssl=1&resize=350%2C200","width":350,"height":200,"srcset":"https:\/\/i0.wp.com\/noticiasribeiraopreto.com.br\/wp-content\/uploads\/2026\/04\/27-abr-2026-feminicidiorp-scaled.jpg?fit=1200%2C670&ssl=1&resize=350%2C200 1x, https:\/\/i0.wp.com\/noticiasribeiraopreto.com.br\/wp-content\/uploads\/2026\/04\/27-abr-2026-feminicidiorp-scaled.jpg?fit=1200%2C670&ssl=1&resize=525%2C300 1.5x, https:\/\/i0.wp.com\/noticiasribeiraopreto.com.br\/wp-content\/uploads\/2026\/04\/27-abr-2026-feminicidiorp-scaled.jpg?fit=1200%2C670&ssl=1&resize=700%2C400 2x, https:\/\/i0.wp.com\/noticiasribeiraopreto.com.br\/wp-content\/uploads\/2026\/04\/27-abr-2026-feminicidiorp-scaled.jpg?fit=1200%2C670&ssl=1&resize=1050%2C600 3x"},"classes":[]}],"jetpack_sharing_enabled":true,"jetpack_shortlink":"https:\/\/wp.me\/peQAOb-6e6","_links":{"self":[{"href":"https:\/\/noticiasribeiraopreto.com.br\/index.php\/wp-json\/wp\/v2\/posts\/23938","targetHints":{"allow":["GET"]}}],"collection":[{"href":"https:\/\/noticiasribeiraopreto.com.br\/index.php\/wp-json\/wp\/v2\/posts"}],"about":[{"href":"https:\/\/noticiasribeiraopreto.com.br\/index.php\/wp-json\/wp\/v2\/types\/post"}],"author":[{"embeddable":true,"href":"https:\/\/noticiasribeiraopreto.com.br\/index.php\/wp-json\/wp\/v2\/users\/1"}],"replies":[{"embeddable":true,"href":"https:\/\/noticiasribeiraopreto.com.br\/index.php\/wp-json\/wp\/v2\/comments?post=23938"}],"version-history":[{"count":0,"href":"https:\/\/noticiasribeiraopreto.com.br\/index.php\/wp-json\/wp\/v2\/posts\/23938\/revisions"}],"wp:featuredmedia":[{"embeddable":true,"href":"https:\/\/noticiasribeiraopreto.com.br\/index.php\/wp-json\/wp\/v2\/media\/23939"}],"wp:attachment":[{"href":"https:\/\/noticiasribeiraopreto.com.br\/index.php\/wp-json\/wp\/v2\/media?parent=23938"}],"wp:term":[{"taxonomy":"category","embeddable":true,"href":"https:\/\/noticiasribeiraopreto.com.br\/index.php\/wp-json\/wp\/v2\/categories?post=23938"},{"taxonomy":"post_tag","embeddable":true,"href":"https:\/\/noticiasribeiraopreto.com.br\/index.php\/wp-json\/wp\/v2\/tags?post=23938"}],"curies":[{"name":"wp","href":"https:\/\/api.w.org\/{rel}","templated":true}]}}