{"id":23942,"date":"2024-01-03T11:59:52","date_gmt":"2024-01-03T14:59:52","guid":{"rendered":"https:\/\/noticiasribeiraopreto.com.br\/index.php\/2024\/01\/03\/querido-ator-tem-falecimento-confirmado-apos-passar-varios-dias-internado-ele-fez-grandes-sucessos\/"},"modified":"2024-01-03T11:59:52","modified_gmt":"2024-01-03T14:59:52","slug":"querido-ator-tem-falecimento-confirmado-apos-passar-varios-dias-internado-ele-fez-grandes-sucessos","status":"publish","type":"post","link":"https:\/\/noticiasribeiraopreto.com.br\/index.php\/2024\/01\/03\/querido-ator-tem-falecimento-confirmado-apos-passar-varios-dias-internado-ele-fez-grandes-sucessos\/","title":{"rendered":"Querido ator tem falecimento confirmado ap\u00f3s passar v\u00e1rios dias internado; ele fez grandes sucessos"},"content":{"rendered":"<div class='code-block code-block-1' style='margin: 8px 0 8px auto; text-align: right; display: block; clear: both;'>\n<p><a href=\"https:\/\/wa.link\/vpicfd\"><img data-recalc-dims=\"1\" class=\"wp-image-4922\" style=\"aspect-ratio: 2.0253164556962027; width: 561px; height: auto;\" src=\"https:\/\/i0.wp.com\/ismaelcolosi.com.br\/wp-content\/uploads\/2023\/11\/grupo-de-empregos-whatsapp-e-facebook-ismael-colosi-vagas.jpg?ssl=1\" alt=\"\" \/><\/a><\/p>\n<!-- \/wp:image -->\n<\/div>\n<p> <br \/>\n<\/p>\n<div itemprop=\"text\">\n<p>Os f\u00e3s que acompanharam os trabalhos de um querido artista foram surpreendidos nesta semana com a not\u00edcia dolorosa de sua morte. Trata-se do ator Mickey Cottrel, que fez diversos pap\u00e9is de sucesso no cinema, sendo Star Trek seu principal trabalho da carreira.<\/p>\n<p>Mickey tinha 79 anos de idade e estava lutando contra Parkinson. O artista havia sido internado em um hospital de Los angeles, Calif\u00f3rnia, nos Estados Unidos, devido \u00e0 gravidade de seu quadro de sa\u00fade, mas acabou n\u00e3o resistindo e veio a \u00f3bito.<\/p>\n<p>As primeiras informa\u00e7\u00f5es sobre a morte de Mickey foram divulgadas pelo portal americano Deadline. Suzie Cottrel-Smith, irm\u00e3 do ator, publicou uma nota lamentando a perda e confirmando o falecimento.<\/p>\n<p><img data-recalc-dims=\"1\" decoding=\"async\" src=\"https:\/\/i0.wp.com\/fnmais.com\/wp-content\/uploads\/2024\/01\/postiimg-65956926b208d8788.jpg?ssl=1\" alt=\"Mickey Cottrell Foto Getty Images\"\/><\/p>\n<p>\u201cEle era o irm\u00e3o mais divertido de todos os tempos. Tantas lembran\u00e7as boas de quando eu era crian\u00e7a \u2013 cant\u00e1vamos juntos, dan\u00e7\u00e1vamos, todos os tipos de coisas divertidas que aconteciam o tempo todo quando ele estava por perto\u201d, disse Sizie. A mulher ainda frisou a personalidade e talento do irm\u00e3o para o meio art\u00edstico.<\/p>\n<p>Al\u00e9m de atuar, Mickey tamb\u00e9m fez sucesso como produtor de filmes independentes. Por seus trabalhos marcantes, o artista foi ganhador de diversos pr\u00eamios da ind\u00fastria do cinema. N\u00e3o foram divulgados detalhes sobre o vel\u00f3rio e o sepultamento do artista.<\/p>\n<p>O ator teve falecimento constatado no \u00faltimo dia 1 de janeiro durante a interna\u00e7\u00e3o no Motion Picture &amp; Television Country House and Hospital em Woodland Hills em Los Angeles.<\/p>\n<\/div>\n<p><br \/>\n<br \/><a href=\"https:\/\/fnmais.com\/querido-ator-tem-falecimento-confirmado-apos-passar-varios-dias-internado-ele-fez-grandes-sucessos\/\">Source link <\/a><\/p>\n<!-- CONTENT END 1 -->\n","protected":false},"excerpt":{"rendered":"<p>Os f\u00e3s que acompanharam os trabalhos de um querido artista foram surpreendidos nesta semana com a not\u00edcia dolorosa de sua morte. Trata-se do ator Mickey&#8230;<\/p>\n","protected":false},"author":1,"featured_media":23943,"comment_status":"open","ping_status":"open","sticky":false,"template":"","format":"standard","meta":{"advanced_seo_description":"","jetpack_seo_html_title":"","jetpack_seo_noindex":false,"jetpack_post_was_ever_published":false,"_jetpack_newsletter_access":"","_jetpack_dont_email_post_to_subs":false,"_jetpack_newsletter_tier_id":0,"_jetpack_memberships_contains_paywalled_content":false,"_jetpack_memberships_contains_paid_content":false,"footnotes":"","jetpack_publicize_message":"","jetpack_publicize_feature_enabled":true,"jetpack_social_post_already_shared":true,"jetpack_social_options":{"image_generator_settings":{"template":"highway","default_image_id":0,"font":"","enabled":false},"version":2}},"categories":[1],"tags":[],"class_list":["post-23942","post","type-post","status-publish","format-standard","has-post-thumbnail","hentry","category-blog"],"jetpack_publicize_connections":[],"jetpack_featured_media_url":"https:\/\/i0.wp.com\/noticiasribeiraopreto.com.br\/wp-content\/uploads\/2024\/01\/postimg-65956929e4cd86225.jpg?fit=1200%2C628&ssl=1","jetpack-related-posts":[{"id":21014,"url":"https:\/\/noticiasribeiraopreto.com.br\/index.php\/2023\/12\/26\/ator-de-novelas-de-sucesso-perde-a-vida-apos-lutar-contra-doenca-infelizmente\/","url_meta":{"origin":23942,"position":0},"title":"Ator de novelas de sucesso perde a vida ap\u00f3s lutar contra doen\u00e7a: &#8216;Infelizmente&#8217;","author":"noticiasribeiraopreto.com.br","date":"26 de December de 2023","format":false,"excerpt":"Os f\u00e3s de um querido artista foram surpreendidos com a triste not\u00edcia de sua morte nesta semana. Foi a \u00f3bito o ator Richar Franklin, que ficou conhecido em todo o mundo por sua atua\u00e7\u00e3o na s\u00e9rie Doctor Who.O comunicado da morte de Richard foi feito em seu perfil oficial do\u2026","rel":"","context":"In &quot;Blog&quot;","block_context":{"text":"Blog","link":"https:\/\/noticiasribeiraopreto.com.br\/index.php\/category\/blog\/"},"img":{"alt_text":"","src":"https:\/\/i0.wp.com\/noticiasribeiraopreto.com.br\/wp-content\/uploads\/2023\/12\/postimg-658b857cecc973015.jpg?fit=1200%2C628&ssl=1&resize=350%2C200","width":350,"height":200,"srcset":"https:\/\/i0.wp.com\/noticiasribeiraopreto.com.br\/wp-content\/uploads\/2023\/12\/postimg-658b857cecc973015.jpg?fit=1200%2C628&ssl=1&resize=350%2C200 1x, https:\/\/i0.wp.com\/noticiasribeiraopreto.com.br\/wp-content\/uploads\/2023\/12\/postimg-658b857cecc973015.jpg?fit=1200%2C628&ssl=1&resize=525%2C300 1.5x, https:\/\/i0.wp.com\/noticiasribeiraopreto.com.br\/wp-content\/uploads\/2023\/12\/postimg-658b857cecc973015.jpg?fit=1200%2C628&ssl=1&resize=700%2C400 2x, https:\/\/i0.wp.com\/noticiasribeiraopreto.com.br\/wp-content\/uploads\/2023\/12\/postimg-658b857cecc973015.jpg?fit=1200%2C628&ssl=1&resize=1050%2C600 3x"},"classes":[]},{"id":27806,"url":"https:\/\/noticiasribeiraopreto.com.br\/index.php\/2024\/01\/13\/falece-ator-que-fez-papel-queridinho-dos-fas-e-esposa-vem-a-publico-comunicar-a-triste-noticia\/","url_meta":{"origin":23942,"position":1},"title":"Falece ator que fez papel &#8220;queridinho dos f\u00e3s&#8221; e esposa vem a p\u00fablico comunicar a triste not\u00edcia","author":"noticiasribeiraopreto.com.br","date":"13 de January de 2024","format":false,"excerpt":"Quem acompanhou os trabalhos de um amado ator recebeu com imenso pesar a not\u00edcia de sua morte. Peter Crombie, que tinha 71 anos de idade, teve falecimento constatado na \u00faltima quarta-feira (10\/01) ap\u00f3s um problema de sa\u00fade.Peter se tornou conhecido por atuar na s\u00e9rie americana Seinfield, que fez muito sucesso\u2026","rel":"","context":"In &quot;Blog&quot;","block_context":{"text":"Blog","link":"https:\/\/noticiasribeiraopreto.com.br\/index.php\/category\/blog\/"},"img":{"alt_text":"","src":"https:\/\/i0.wp.com\/noticiasribeiraopreto.com.br\/wp-content\/uploads\/2024\/01\/postimg-65a2a785e29686832.jpg?fit=1200%2C628&ssl=1&resize=350%2C200","width":350,"height":200,"srcset":"https:\/\/i0.wp.com\/noticiasribeiraopreto.com.br\/wp-content\/uploads\/2024\/01\/postimg-65a2a785e29686832.jpg?fit=1200%2C628&ssl=1&resize=350%2C200 1x, https:\/\/i0.wp.com\/noticiasribeiraopreto.com.br\/wp-content\/uploads\/2024\/01\/postimg-65a2a785e29686832.jpg?fit=1200%2C628&ssl=1&resize=525%2C300 1.5x, https:\/\/i0.wp.com\/noticiasribeiraopreto.com.br\/wp-content\/uploads\/2024\/01\/postimg-65a2a785e29686832.jpg?fit=1200%2C628&ssl=1&resize=700%2C400 2x, https:\/\/i0.wp.com\/noticiasribeiraopreto.com.br\/wp-content\/uploads\/2024\/01\/postimg-65a2a785e29686832.jpg?fit=1200%2C628&ssl=1&resize=1050%2C600 3x"},"classes":[]},{"id":24478,"url":"https:\/\/noticiasribeiraopreto.com.br\/index.php\/2024\/01\/04\/morre-querido-cantor-que-fez-sucessos-nos-carnavais-apos-grave-doenca\/","url_meta":{"origin":23942,"position":2},"title":"morre querido cantor que fez sucessos nos carnavais ap\u00f3s grave doen\u00e7a","author":"noticiasribeiraopreto.com.br","date":"4 de January de 2024","format":false,"excerpt":"Foi a \u00f3bito, na madrugada desta quinta-feira (04\/01), um nome muito querido do samba no Brasil. Melquisedeque Marins Marques, que era mais conhecido no meio art\u00edstico pelo apelido de Quinho do Salgueiro, faleceu ap\u00f3s perder a luta contra um grave problema de sa\u00fade.Quinho, que tinha 66 anos de idade, era\u2026","rel":"","context":"In &quot;Blog&quot;","block_context":{"text":"Blog","link":"https:\/\/noticiasribeiraopreto.com.br\/index.php\/category\/blog\/"},"img":{"alt_text":"","src":"https:\/\/i0.wp.com\/noticiasribeiraopreto.com.br\/wp-content\/uploads\/2024\/01\/postimg-6596cdf704b9a3171.jpg?fit=1200%2C628&ssl=1&resize=350%2C200","width":350,"height":200,"srcset":"https:\/\/i0.wp.com\/noticiasribeiraopreto.com.br\/wp-content\/uploads\/2024\/01\/postimg-6596cdf704b9a3171.jpg?fit=1200%2C628&ssl=1&resize=350%2C200 1x, https:\/\/i0.wp.com\/noticiasribeiraopreto.com.br\/wp-content\/uploads\/2024\/01\/postimg-6596cdf704b9a3171.jpg?fit=1200%2C628&ssl=1&resize=525%2C300 1.5x, https:\/\/i0.wp.com\/noticiasribeiraopreto.com.br\/wp-content\/uploads\/2024\/01\/postimg-6596cdf704b9a3171.jpg?fit=1200%2C628&ssl=1&resize=700%2C400 2x, https:\/\/i0.wp.com\/noticiasribeiraopreto.com.br\/wp-content\/uploads\/2024\/01\/postimg-6596cdf704b9a3171.jpg?fit=1200%2C628&ssl=1&resize=1050%2C600 3x"},"classes":[]},{"id":26388,"url":"https:\/\/noticiasribeiraopreto.com.br\/index.php\/2024\/01\/09\/querido-ator-da-serie-designated-survivor-morre-aos-42-anos-apos-luta-contra-o-cancer\/","url_meta":{"origin":23942,"position":3},"title":"Querido ator da s\u00e9rie &#8216;Designated Survivor&#8217;, morre aos 42 anos ap\u00f3s luta contra o c\u00e2ncer","author":"noticiasribeiraopreto.com.br","date":"9 de January de 2024","format":false,"excerpt":"O mundo do entretenimento est\u00e1 de luto com a partida precoce do querido ator Adan Canto, conhecido por seus pap\u00e9is em s\u00e9ries de sucesso como \u201cDesignated Survivor\u201d e \u201cThe Following\u201d.Aos 42 anos, o ator perdeu a dura batalha contra um c\u00e2ncer de ap\u00eandice, deixando um legado de talento e carisma.\u2026","rel":"","context":"In &quot;Blog&quot;","block_context":{"text":"Blog","link":"https:\/\/noticiasribeiraopreto.com.br\/index.php\/category\/blog\/"},"img":{"alt_text":"","src":"https:\/\/i0.wp.com\/noticiasribeiraopreto.com.br\/wp-content\/uploads\/2024\/01\/postimg-659dc98202c098195.jpg?fit=1200%2C628&ssl=1&resize=350%2C200","width":350,"height":200,"srcset":"https:\/\/i0.wp.com\/noticiasribeiraopreto.com.br\/wp-content\/uploads\/2024\/01\/postimg-659dc98202c098195.jpg?fit=1200%2C628&ssl=1&resize=350%2C200 1x, https:\/\/i0.wp.com\/noticiasribeiraopreto.com.br\/wp-content\/uploads\/2024\/01\/postimg-659dc98202c098195.jpg?fit=1200%2C628&ssl=1&resize=525%2C300 1.5x, https:\/\/i0.wp.com\/noticiasribeiraopreto.com.br\/wp-content\/uploads\/2024\/01\/postimg-659dc98202c098195.jpg?fit=1200%2C628&ssl=1&resize=700%2C400 2x, https:\/\/i0.wp.com\/noticiasribeiraopreto.com.br\/wp-content\/uploads\/2024\/01\/postimg-659dc98202c098195.jpg?fit=1200%2C628&ssl=1&resize=1050%2C600 3x"},"classes":[]},{"id":26451,"url":"https:\/\/noticiasribeiraopreto.com.br\/index.php\/2024\/01\/10\/querido-cantor-de-dupla-sertaneja-e-encontrado-sem-vida-em-casa-suspeita-e-de-infarto\/","url_meta":{"origin":23942,"position":4},"title":"Querido cantor de dupla sertaneja \u00e9 encontrado sem vida em casa; suspeita \u00e9 de infarto","author":"noticiasribeiraopreto.com.br","date":"10 de January de 2024","format":false,"excerpt":"Foi a \u00f3bito nesta segunda-feira (09\/01) um querido artista sertanejo que brilhou com can\u00e7\u00f5es de sucesso. Aparecido Antonio dos Santos, que era famoso por seu nome art\u00edstico de Edivan, formava dupla com a esposa Gisele, com quem era casado h\u00e1 mais de tr\u00eas d\u00e9cadas.De acordo com as informa\u00e7\u00f5es trazidas a\u2026","rel":"","context":"In &quot;Blog&quot;","block_context":{"text":"Blog","link":"https:\/\/noticiasribeiraopreto.com.br\/index.php\/category\/blog\/"},"img":{"alt_text":"","src":"https:\/\/i0.wp.com\/noticiasribeiraopreto.com.br\/wp-content\/uploads\/2024\/01\/postimg-659de5cf4ccbb4252.jpg?fit=1200%2C628&ssl=1&resize=350%2C200","width":350,"height":200,"srcset":"https:\/\/i0.wp.com\/noticiasribeiraopreto.com.br\/wp-content\/uploads\/2024\/01\/postimg-659de5cf4ccbb4252.jpg?fit=1200%2C628&ssl=1&resize=350%2C200 1x, https:\/\/i0.wp.com\/noticiasribeiraopreto.com.br\/wp-content\/uploads\/2024\/01\/postimg-659de5cf4ccbb4252.jpg?fit=1200%2C628&ssl=1&resize=525%2C300 1.5x, https:\/\/i0.wp.com\/noticiasribeiraopreto.com.br\/wp-content\/uploads\/2024\/01\/postimg-659de5cf4ccbb4252.jpg?fit=1200%2C628&ssl=1&resize=700%2C400 2x, https:\/\/i0.wp.com\/noticiasribeiraopreto.com.br\/wp-content\/uploads\/2024\/01\/postimg-659de5cf4ccbb4252.jpg?fit=1200%2C628&ssl=1&resize=1050%2C600 3x"},"classes":[]},{"id":8352,"url":"https:\/\/noticiasribeiraopreto.com.br\/index.php\/2023\/11\/30\/famosa-atriz-da-globo-que-fez-parte-de-diversas-novelas-como-o-cravo-e-a-rosa-tem-falecimento-confirmado\/","url_meta":{"origin":23942,"position":5},"title":"Famosa atriz da Globo que fez parte de diversas novelas como &#8216;O Cravo e a Rosa&#8217; tem falecimento confirmado","author":"noticiasribeiraopreto.com.br","date":"30 de November de 2023","format":false,"excerpt":"Na tarde desta \u00faltima quarta-feira, dia 28 de novembro, foi confirmada a morte de uma famosa atriz que fez parte do elenco da novela \u2018O Cravo e a Rosa\u2019. O falecimento da artista chegou a ser anunciada por sua filha e muitos ficaram abalados com a not\u00edcia.Se trata da atriz\u2026","rel":"","context":"In &quot;Blog&quot;","block_context":{"text":"Blog","link":"https:\/\/noticiasribeiraopreto.com.br\/index.php\/category\/blog\/"},"img":{"alt_text":"","src":"https:\/\/i0.wp.com\/noticiasribeiraopreto.com.br\/wp-content\/uploads\/2023\/11\/postimg-65680121bce401429.jpg?fit=1200%2C628&ssl=1&resize=350%2C200","width":350,"height":200,"srcset":"https:\/\/i0.wp.com\/noticiasribeiraopreto.com.br\/wp-content\/uploads\/2023\/11\/postimg-65680121bce401429.jpg?fit=1200%2C628&ssl=1&resize=350%2C200 1x, https:\/\/i0.wp.com\/noticiasribeiraopreto.com.br\/wp-content\/uploads\/2023\/11\/postimg-65680121bce401429.jpg?fit=1200%2C628&ssl=1&resize=525%2C300 1.5x, https:\/\/i0.wp.com\/noticiasribeiraopreto.com.br\/wp-content\/uploads\/2023\/11\/postimg-65680121bce401429.jpg?fit=1200%2C628&ssl=1&resize=700%2C400 2x, https:\/\/i0.wp.com\/noticiasribeiraopreto.com.br\/wp-content\/uploads\/2023\/11\/postimg-65680121bce401429.jpg?fit=1200%2C628&ssl=1&resize=1050%2C600 3x"},"classes":[]}],"jetpack_sharing_enabled":true,"jetpack_shortlink":"https:\/\/wp.me\/peQAOb-6ea","_links":{"self":[{"href":"https:\/\/noticiasribeiraopreto.com.br\/index.php\/wp-json\/wp\/v2\/posts\/23942","targetHints":{"allow":["GET"]}}],"collection":[{"href":"https:\/\/noticiasribeiraopreto.com.br\/index.php\/wp-json\/wp\/v2\/posts"}],"about":[{"href":"https:\/\/noticiasribeiraopreto.com.br\/index.php\/wp-json\/wp\/v2\/types\/post"}],"author":[{"embeddable":true,"href":"https:\/\/noticiasribeiraopreto.com.br\/index.php\/wp-json\/wp\/v2\/users\/1"}],"replies":[{"embeddable":true,"href":"https:\/\/noticiasribeiraopreto.com.br\/index.php\/wp-json\/wp\/v2\/comments?post=23942"}],"version-history":[{"count":0,"href":"https:\/\/noticiasribeiraopreto.com.br\/index.php\/wp-json\/wp\/v2\/posts\/23942\/revisions"}],"wp:featuredmedia":[{"embeddable":true,"href":"https:\/\/noticiasribeiraopreto.com.br\/index.php\/wp-json\/wp\/v2\/media\/23943"}],"wp:attachment":[{"href":"https:\/\/noticiasribeiraopreto.com.br\/index.php\/wp-json\/wp\/v2\/media?parent=23942"}],"wp:term":[{"taxonomy":"category","embeddable":true,"href":"https:\/\/noticiasribeiraopreto.com.br\/index.php\/wp-json\/wp\/v2\/categories?post=23942"},{"taxonomy":"post_tag","embeddable":true,"href":"https:\/\/noticiasribeiraopreto.com.br\/index.php\/wp-json\/wp\/v2\/tags?post=23942"}],"curies":[{"name":"wp","href":"https:\/\/api.w.org\/{rel}","templated":true}]}}