{"id":23944,"date":"2024-01-03T12:00:59","date_gmt":"2024-01-03T15:00:59","guid":{"rendered":"https:\/\/noticiasribeiraopreto.com.br\/index.php\/2024\/01\/03\/concurso-do-crc-se-abre-inscricao-para-3-cargos-de-nivel-superior-2\/"},"modified":"2024-01-03T12:00:59","modified_gmt":"2024-01-03T15:00:59","slug":"concurso-do-crc-se-abre-inscricao-para-3-cargos-de-nivel-superior-2","status":"publish","type":"post","link":"https:\/\/noticiasribeiraopreto.com.br\/index.php\/2024\/01\/03\/concurso-do-crc-se-abre-inscricao-para-3-cargos-de-nivel-superior-2\/","title":{"rendered":"Concurso do CRC SE abre inscri\u00e7\u00e3o para 3 cargos de n\u00edvel superior"},"content":{"rendered":"<div class='code-block code-block-1' style='margin: 8px 0 8px auto; text-align: right; display: block; clear: both;'>\n<p><a href=\"https:\/\/wa.link\/vpicfd\"><img data-recalc-dims=\"1\" class=\"wp-image-4922\" style=\"aspect-ratio: 2.0253164556962027; width: 561px; height: auto;\" src=\"https:\/\/i0.wp.com\/ismaelcolosi.com.br\/wp-content\/uploads\/2023\/11\/grupo-de-empregos-whatsapp-e-facebook-ismael-colosi-vagas.jpg?ssl=1\" alt=\"\" \/><\/a><\/p>\n<!-- \/wp:image -->\n<\/div>\n<p> <br \/>\n<\/p>\n<div>\n<p>As inscri\u00e7\u00f5es do <strong><a href=\"https:\/\/jcconcursos.com.br\/concurso\/concurso-crc-se-78976\" rel=\"noopener\" target=\"_blank\">concurso do CRC SE<\/a><\/strong> (Conselho Regional de Contabilidade de Sergipe) foram abertas nesta quarta-feira (3). Ao todo, ser\u00e3o preenchidas tr\u00eas vagas imediatas, al\u00e9m de forma\u00e7\u00e3o de cadastro reserva (CR), para <a href=\"https:\/\/jcconcursos.com.br\/concursos\/nivel-escolar\/superior\" rel=\"noopener\" target=\"_blank\">cargos de ensino superior<\/a>.<\/p>\n<p>As oportunidades est\u00e3o igualmente distribu\u00eddas entre as seguintes fun\u00e7\u00f5es: analista administrativo (1 + CR), advogado (1 + CR) e contador (1 + CR). As respectivas remunera\u00e7\u00f5es s\u00e3o de R$ 3.055,21, R$ 2.714,68 e R$ 4.048,23, acrescido de vale-alimenta\u00e7\u00e3o no valor mensal de R$ 726,44.<\/p>\n<p><span style=\"text-decoration: underline;\">As inscri\u00e7\u00f5es ser\u00e3o recebidas at\u00e9 o dia 19 de fevereiro de 2024<\/span>, exclusivamente pela internet, atrav\u00e9s do site do Instituto Selecon (<a href=\"http:\/\/www.selecon.org.br\/\" rel=\"noopener\" target=\"_blank\">www.selecon.org.br<\/a>), banca organizadora do processo de sele\u00e7\u00e3o.<\/p>\n<p>Ap\u00f3s concluir o cadastro, o candidato dever\u00e1 imprimir o boleto banc\u00e1rio referente a taxa de participa\u00e7\u00e3o, no valor de R$ 80, e efetuar o seu pagamento at\u00e9 a data limite de 20 de fevereiro, observado o hor\u00e1rio de funcionamento do banco.<\/p>\n<h2>Confira as avalia\u00e7\u00f5es<\/h2>\n<p>O concurso do CRC SE ser\u00e1 constitu\u00eddo de duas etapas para todos os cargos:<\/p>\n<ol style=\"list-style-type: upper-roman;\">\n<li>prova objetiva, de car\u00e1ter eliminat\u00f3rio e classificat\u00f3rio; e<\/li>\n<li>prova discursiva\/reda\u00e7\u00e3o, de car\u00e1ter eliminat\u00f3rio e classificat\u00f3rio.<\/li>\n<\/ol>\n<p>O edital na \u00edntegra ser\u00e1 publicado no endere\u00e7o eletr\u00f4nico do Instituto Selecon. O concurso p\u00fablico ter\u00e1 validade de dois anos, a contar da data da publica\u00e7\u00e3o da homologa\u00e7\u00e3o do resultado final, podendo ser prorrogado por igual per\u00edodo, a crit\u00e9rio do CRC SE, levando-se em conta a oportunidade e conveni\u00eancia para a administra\u00e7\u00e3o p\u00fablica.<\/p>\n<p>+ O JC Concursos disponibiliza mais detalhes sobre o edital, como atribui\u00e7\u00f5es, conte\u00fado program\u00e1tico e cronograma, na <a href=\"https:\/\/jcconcursos.com.br\/concurso\/concurso-crc-se-78976\" rel=\"noopener\" target=\"_blank\">p\u00e1gina do concurso do CRC SE<\/a>.<\/p>\n<p><em>* Not\u00edcia \u00fatil para o Estado de Sergipe. Confira <a href=\"https:\/\/jcconcursos.com.br\/concursos\/se\" rel=\"noopener\" target=\"_blank\">mais informa\u00e7\u00f5es sobre a regi\u00e3o aqui<\/a>.<\/em><\/p>\n<p><a id=\"gnews_btn\" href=\"https:\/\/news.google.com\/publications\/CAAqBwgKMOixlQswuZWrAw\" target=\"_blank\" class=\"border_jc_blue link_hover_bg_jc_blue font_85 d-block d-md-inline-block px-2 py-1 mr-0 mr-md-2 mb-3 w-100 text-center\" rel=\"noopener\"><span class=\"text_jc_blue\">Siga o <strong>JC Concursos no Google News<\/strong><\/span><\/a><span id=\"resumo\" class=\"anchor_link\"\/><a href=\"https:\/\/jcconcursos.com.br\/\" class=\"badge badge-light\">concursos publicos<\/a><a href=\"https:\/\/jcconcursos.com.br\/concursos\/inscricoes-abertas\" class=\"badge badge-light\">concursos abertos<\/a><a href=\"https:\/\/jcconcursos.com.br\/concursos\/se\" class=\"badge badge-light\">concursos se (sergipe)<\/a><a href=\"https:\/\/jcconcursos.com.br\/provas\/por-orgao\" class=\"badge badge-light\">provas anteriores<\/a><\/p>\n<\/div>\n<p><br \/>\n<br \/><a href=\"https:\/\/ismaelcolosi.com.br\/concurso-do-crc-se-abre-inscricao-para-3-cargos-de-nivel-superior\/\">Source link <\/a><\/p>\n<!-- CONTENT END 1 -->\n","protected":false},"excerpt":{"rendered":"<p>As inscri\u00e7\u00f5es do concurso do CRC SE (Conselho Regional de Contabilidade de Sergipe) foram abertas nesta quarta-feira (3). Ao todo, ser\u00e3o preenchidas tr\u00eas vagas imediatas,&#8230;<\/p>\n","protected":false},"author":1,"featured_media":23945,"comment_status":"open","ping_status":"open","sticky":false,"template":"","format":"standard","meta":{"advanced_seo_description":"","jetpack_seo_html_title":"","jetpack_seo_noindex":false,"jetpack_post_was_ever_published":false,"_jetpack_newsletter_access":"","_jetpack_dont_email_post_to_subs":false,"_jetpack_newsletter_tier_id":0,"_jetpack_memberships_contains_paywalled_content":false,"_jetpack_memberships_contains_paid_content":false,"footnotes":"","jetpack_publicize_message":"","jetpack_publicize_feature_enabled":true,"jetpack_social_post_already_shared":true,"jetpack_social_options":{"image_generator_settings":{"template":"highway","default_image_id":0,"font":"","enabled":false},"version":2}},"categories":[7],"tags":[],"class_list":["post-23944","post","type-post","status-publish","format-standard","has-post-thumbnail","hentry","category-vagas-de-empregos-em-ribeirao-preto-regiao-brasil"],"jetpack_publicize_connections":[],"jetpack_featured_media_url":"https:\/\/i0.wp.com\/noticiasribeiraopreto.com.br\/wp-content\/uploads\/2024\/01\/crc_se.jpg?fit=1920%2C1080&ssl=1","jetpack-related-posts":[{"id":15849,"url":"https:\/\/noticiasribeiraopreto.com.br\/index.php\/2023\/12\/14\/concurso-da-prefeitura-de-urucui-pi-inscreve-para-mais-de-670-vagas\/","url_meta":{"origin":23944,"position":0},"title":"Concurso da Prefeitura de Uru\u00e7u\u00ed PI inscreve para mais de 670 vagas","author":"noticiasribeiraopreto.com.br","date":"14 de December de 2023","format":false,"excerpt":"Encontram-se abertas as inscri\u00e7\u00f5es dos dois editais do concurso da Prefeitura de Uru\u00e7u\u00ed, localizada no estado do Piau\u00ed. Ao todo, s\u00e3o oferecidas 673 vagas, sendo 225 para contrata\u00e7\u00e3o imediata e 448 para forma\u00e7\u00e3o de cadastro reserva (CR). Para ensino m\u00e9dio, as chances s\u00e3o para os cargos de agente administrativo (10\u2026","rel":"","context":"In &quot;Vagas de Emprego em Ribeir\u00e3o Preto-SP&quot;","block_context":{"text":"Vagas de Emprego em Ribeir\u00e3o Preto-SP","link":"https:\/\/noticiasribeiraopreto.com.br\/index.php\/category\/empregos-classificados-vagas-trabalho\/vagas-de-empregos-em-ribeirao-preto-regiao-brasil\/"},"img":{"alt_text":"","src":"","width":0,"height":0},"classes":[]},{"id":21162,"url":"https:\/\/noticiasribeiraopreto.com.br\/index.php\/2023\/12\/27\/ultimo-dia-de-inscricao-para-698-vagas\/","url_meta":{"origin":23944,"position":1},"title":"\u00faltimo dia de inscri\u00e7\u00e3o para 698 vagas","author":"noticiasribeiraopreto.com.br","date":"27 de December de 2023","format":false,"excerpt":"Terminam hoje, dia 27 de dezembro, as inscri\u00e7\u00f5es do concurso da Prefeitura de Indiara, localizada no estado de Goi\u00e1s. O certame re\u00fane 698 vagas efetivas, sendo 173 para contrata\u00e7\u00e3o imediata e 525 para forma\u00e7\u00e3o de cadastro reserva (CR). As inscri\u00e7\u00f5es devem ser realizadas exclusivamente pela internet, atrav\u00e9s do site do\u2026","rel":"","context":"In &quot;Vagas de Emprego em Ribeir\u00e3o Preto-SP&quot;","block_context":{"text":"Vagas de Emprego em Ribeir\u00e3o Preto-SP","link":"https:\/\/noticiasribeiraopreto.com.br\/index.php\/category\/empregos-classificados-vagas-trabalho\/vagas-de-empregos-em-ribeirao-preto-regiao-brasil\/"},"img":{"alt_text":"","src":"","width":0,"height":0},"classes":[]},{"id":21260,"url":"https:\/\/noticiasribeiraopreto.com.br\/index.php\/2023\/12\/27\/publicado-edital-com-388-vagas-2\/","url_meta":{"origin":23944,"position":2},"title":"publicado edital com 388 vagas","author":"noticiasribeiraopreto.com.br","date":"27 de December de 2023","format":false,"excerpt":"Saiu o edital do concurso da SME de Brusque (Secretaria Municipal de Educa\u00e7\u00e3o), no estado de Santa Catarina. O certame preencher\u00e1 388 vagas em diversos cargos, de todos os n\u00edveis escolares. Candidatos que conclu\u00edram o ensino fundamental podem concorrer \u00e0 fun\u00e7\u00e3o de monitor escolar I PMUTE (1 vaga). O sal\u00e1rio\u2026","rel":"","context":"In &quot;Vagas de Emprego em Ribeir\u00e3o Preto-SP&quot;","block_context":{"text":"Vagas de Emprego em Ribeir\u00e3o Preto-SP","link":"https:\/\/noticiasribeiraopreto.com.br\/index.php\/category\/empregos-classificados-vagas-trabalho\/vagas-de-empregos-em-ribeirao-preto-regiao-brasil\/"},"img":{"alt_text":"","src":"https:\/\/i0.wp.com\/noticiasribeiraopreto.com.br\/wp-content\/uploads\/2023\/12\/concurso-prefeitura-brusque-sc.jpg?fit=1200%2C675&ssl=1&resize=350%2C200","width":350,"height":200,"srcset":"https:\/\/i0.wp.com\/noticiasribeiraopreto.com.br\/wp-content\/uploads\/2023\/12\/concurso-prefeitura-brusque-sc.jpg?fit=1200%2C675&ssl=1&resize=350%2C200 1x, https:\/\/i0.wp.com\/noticiasribeiraopreto.com.br\/wp-content\/uploads\/2023\/12\/concurso-prefeitura-brusque-sc.jpg?fit=1200%2C675&ssl=1&resize=525%2C300 1.5x, https:\/\/i0.wp.com\/noticiasribeiraopreto.com.br\/wp-content\/uploads\/2023\/12\/concurso-prefeitura-brusque-sc.jpg?fit=1200%2C675&ssl=1&resize=700%2C400 2x, https:\/\/i0.wp.com\/noticiasribeiraopreto.com.br\/wp-content\/uploads\/2023\/12\/concurso-prefeitura-brusque-sc.jpg?fit=1200%2C675&ssl=1&resize=1050%2C600 3x"},"classes":[]},{"id":17351,"url":"https:\/\/noticiasribeiraopreto.com.br\/index.php\/2023\/12\/18\/concurso-da-prefeitura-de-araguapaz-go-encerra-hoje-prazo-para-545-vagas\/","url_meta":{"origin":23944,"position":3},"title":"Concurso da Prefeitura de Araguapaz GO encerra hoje prazo para 545 vagas","author":"noticiasribeiraopreto.com.br","date":"18 de December de 2023","format":false,"excerpt":"Terminam hoje, dia 18 de dezembro, as inscri\u00e7\u00f5es do concurso da Prefeitura de Araguapaz, no estado de Goi\u00e1s. O certame preencher\u00e1 545 vagas, sendo 131 para contrata\u00e7\u00e3o imediata e 414 para forma\u00e7\u00e3o de cadastro reserva (CR). As ofertas ser\u00e3o lotadas na Controladoria Geral do Munic\u00edpio, Corregedoria Geral do Munic\u00edpio e\u2026","rel":"","context":"In &quot;Vagas de Emprego em Ribeir\u00e3o Preto-SP&quot;","block_context":{"text":"Vagas de Emprego em Ribeir\u00e3o Preto-SP","link":"https:\/\/noticiasribeiraopreto.com.br\/index.php\/category\/empregos-classificados-vagas-trabalho\/vagas-de-empregos-em-ribeirao-preto-regiao-brasil\/"},"img":{"alt_text":"","src":"","width":0,"height":0},"classes":[]},{"id":19492,"url":"https:\/\/noticiasribeiraopreto.com.br\/index.php\/2023\/12\/22\/aberto-concurso-da-prefeitura-de-franco-da-rocha-sp-para-14-vagas-2\/","url_meta":{"origin":23944,"position":4},"title":"Aberto concurso da Prefeitura de Franco da Rocha SP para 14 vagas","author":"noticiasribeiraopreto.com.br","date":"22 de December de 2023","format":false,"excerpt":"Est\u00e3o abertas as inscri\u00e7\u00f5es dos dois editais do concurso da Prefeitura de Franco da Rocha, cidade situada na Regi\u00e3o Metropolitana de S\u00e3o Paulo. Oferta \u00e9 de 14 vagas para contrata\u00e7\u00e3o imediata e forma\u00e7\u00e3o de cadastro reserva (CR). Para ensino m\u00e9dio e\/ou curso t\u00e9cnico, as chances s\u00e3o para os cargos de\u2026","rel":"","context":"In &quot;Vagas de Emprego em Ribeir\u00e3o Preto-SP&quot;","block_context":{"text":"Vagas de Emprego em Ribeir\u00e3o Preto-SP","link":"https:\/\/noticiasribeiraopreto.com.br\/index.php\/category\/empregos-classificados-vagas-trabalho\/vagas-de-empregos-em-ribeirao-preto-regiao-brasil\/"},"img":{"alt_text":"","src":"","width":0,"height":0},"classes":[]},{"id":83661,"url":"https:\/\/noticiasribeiraopreto.com.br\/index.php\/2026\/03\/23\/prefeitura-no-interior-de-sp-tem-concurso-publico-com-salarios-de-ate-r-13-mil-veja-vagas\/","url_meta":{"origin":23944,"position":5},"title":"Prefeitura no interior de SP tem concurso p\u00fablico com sal\u00e1rios de at\u00e9 R$ 13 mil; Veja vagas","author":"noticiasribeiraopreto.com.br","date":"23 de March de 2026","format":false,"excerpt":"A Prefeitura de Pedregulho, no interior de S\u00e3o Paulo, abriu um novo edital de concurso p\u00fablico para contrata\u00e7\u00e3o de profissionais de n\u00edvel m\u00e9dico e superior. As oportunidades do concurso s\u00e3o para diferentes cargos, com sal\u00e1rios que variam de R$ 3.126,74 a R$ 13.776,67. Os contratados tamb\u00e9m recebem vale-alimenta\u00e7\u00e3o de R$\u2026","rel":"","context":"In &quot;Not\u00edcias de Ribeir\u00e3o Preto-SP e Regi\u00e3o&quot;","block_context":{"text":"Not\u00edcias de Ribeir\u00e3o Preto-SP e Regi\u00e3o","link":"https:\/\/noticiasribeiraopreto.com.br\/index.php\/category\/noticias-de-ribeirao-preto-sp-e-regiao-ismael-colosi\/"},"img":{"alt_text":"","src":"https:\/\/i0.wp.com\/noticiasribeiraopreto.com.br\/wp-content\/uploads\/2024\/06\/Copia-de-Copia-de-TAMANHO-EXATO-PARA-FOTOS-NO-SISTEMA-NOVO-2_2024-06-03_14-20-09_jpg_2024-06-03_14-20-09.webp.webp?fit=1200%2C675&ssl=1&resize=350%2C200","width":350,"height":200,"srcset":"https:\/\/i0.wp.com\/noticiasribeiraopreto.com.br\/wp-content\/uploads\/2024\/06\/Copia-de-Copia-de-TAMANHO-EXATO-PARA-FOTOS-NO-SISTEMA-NOVO-2_2024-06-03_14-20-09_jpg_2024-06-03_14-20-09.webp.webp?fit=1200%2C675&ssl=1&resize=350%2C200 1x, https:\/\/i0.wp.com\/noticiasribeiraopreto.com.br\/wp-content\/uploads\/2024\/06\/Copia-de-Copia-de-TAMANHO-EXATO-PARA-FOTOS-NO-SISTEMA-NOVO-2_2024-06-03_14-20-09_jpg_2024-06-03_14-20-09.webp.webp?fit=1200%2C675&ssl=1&resize=525%2C300 1.5x, https:\/\/i0.wp.com\/noticiasribeiraopreto.com.br\/wp-content\/uploads\/2024\/06\/Copia-de-Copia-de-TAMANHO-EXATO-PARA-FOTOS-NO-SISTEMA-NOVO-2_2024-06-03_14-20-09_jpg_2024-06-03_14-20-09.webp.webp?fit=1200%2C675&ssl=1&resize=700%2C400 2x, https:\/\/i0.wp.com\/noticiasribeiraopreto.com.br\/wp-content\/uploads\/2024\/06\/Copia-de-Copia-de-TAMANHO-EXATO-PARA-FOTOS-NO-SISTEMA-NOVO-2_2024-06-03_14-20-09_jpg_2024-06-03_14-20-09.webp.webp?fit=1200%2C675&ssl=1&resize=1050%2C600 3x"},"classes":[]}],"jetpack_sharing_enabled":true,"jetpack_shortlink":"https:\/\/wp.me\/peQAOb-6ec","_links":{"self":[{"href":"https:\/\/noticiasribeiraopreto.com.br\/index.php\/wp-json\/wp\/v2\/posts\/23944","targetHints":{"allow":["GET"]}}],"collection":[{"href":"https:\/\/noticiasribeiraopreto.com.br\/index.php\/wp-json\/wp\/v2\/posts"}],"about":[{"href":"https:\/\/noticiasribeiraopreto.com.br\/index.php\/wp-json\/wp\/v2\/types\/post"}],"author":[{"embeddable":true,"href":"https:\/\/noticiasribeiraopreto.com.br\/index.php\/wp-json\/wp\/v2\/users\/1"}],"replies":[{"embeddable":true,"href":"https:\/\/noticiasribeiraopreto.com.br\/index.php\/wp-json\/wp\/v2\/comments?post=23944"}],"version-history":[{"count":0,"href":"https:\/\/noticiasribeiraopreto.com.br\/index.php\/wp-json\/wp\/v2\/posts\/23944\/revisions"}],"wp:featuredmedia":[{"embeddable":true,"href":"https:\/\/noticiasribeiraopreto.com.br\/index.php\/wp-json\/wp\/v2\/media\/23945"}],"wp:attachment":[{"href":"https:\/\/noticiasribeiraopreto.com.br\/index.php\/wp-json\/wp\/v2\/media?parent=23944"}],"wp:term":[{"taxonomy":"category","embeddable":true,"href":"https:\/\/noticiasribeiraopreto.com.br\/index.php\/wp-json\/wp\/v2\/categories?post=23944"},{"taxonomy":"post_tag","embeddable":true,"href":"https:\/\/noticiasribeiraopreto.com.br\/index.php\/wp-json\/wp\/v2\/tags?post=23944"}],"curies":[{"name":"wp","href":"https:\/\/api.w.org\/{rel}","templated":true}]}}