{"id":24092,"date":"2024-01-03T14:21:15","date_gmt":"2024-01-03T17:21:15","guid":{"rendered":"https:\/\/noticiasribeiraopreto.com.br\/index.php\/2024\/01\/03\/explosoes-no-ira-deixam-cerca-de-100-mortos-e-tensao-na-regiao-aumenta\/"},"modified":"2024-01-03T14:21:15","modified_gmt":"2024-01-03T17:21:15","slug":"explosoes-no-ira-deixam-cerca-de-100-mortos-e-tensao-na-regiao-aumenta","status":"publish","type":"post","link":"https:\/\/noticiasribeiraopreto.com.br\/index.php\/2024\/01\/03\/explosoes-no-ira-deixam-cerca-de-100-mortos-e-tensao-na-regiao-aumenta\/","title":{"rendered":"Explos\u00f5es no Ir\u00e3 deixam cerca de 100 mortos e tens\u00e3o na regi\u00e3o aumenta"},"content":{"rendered":"<div class='code-block code-block-1' style='margin: 8px 0 8px auto; text-align: right; display: block; clear: both;'>\n<p><a href=\"https:\/\/wa.link\/vpicfd\"><img data-recalc-dims=\"1\" class=\"wp-image-4922\" style=\"aspect-ratio: 2.0253164556962027; width: 561px; height: auto;\" src=\"https:\/\/i0.wp.com\/ismaelcolosi.com.br\/wp-content\/uploads\/2023\/11\/grupo-de-empregos-whatsapp-e-facebook-ismael-colosi-vagas.jpg?ssl=1\" alt=\"\" \/><\/a><\/p>\n<!-- \/wp:image -->\n<\/div>\n<p> <br \/>\n<\/p>\n<div itemprop=\"text\">\n<p>Autoridades iranianas confirmaram a morte de dezenas de civis ap\u00f3s explos\u00f5es serem registradas na cidade de Kerman, na regi\u00e3o central do pa\u00eds. O caso \u00e9 tratado pelas autoridades locais como um atentado terrorista.<\/p>\n<p>As explos\u00f5es aconteceram nas proximidades do t\u00famulo de Qassem Soleimani. No momento do atentado, centenas de pessoas participavam de uma prociss\u00e3o em homenagem \u00e0 mem\u00f3ria de Soleimani.<\/p>\n<p>Soleimani foi um grande general do ex\u00e9rcito iraniano, com grande aprova\u00e7\u00e3o popular. O general era comandante da Guarda Revolucion\u00e1ria do Ir\u00e3 e uma das figuras mais influentes do pa\u00eds.<\/p>\n<p>Sua morte foi confirmada no dia 3 de janeiro, de 2020, v\u00edtima de um ataque de drones dos Estados Unidos. Desde ent\u00e3o, s\u00e3o realizadas a\u00e7\u00f5es em mem\u00f3ria do general e, neste ano, foi confirmado um atentado.<\/p>\n<p>Segundo as informa\u00e7\u00f5es das autoridades locais, cerca de 103 mortes foram confirmadas. O n\u00famero de feridos ainda n\u00e3o foi atualizado. Nas redes sociais, testemunhas alegam que o n\u00famero de mortos era maior j\u00e1 que haviam \u201ccentenas de corpos\u201d pelo ch\u00e3o.<\/p>\n<h4>Tens\u00e3o na regi\u00e3o pode aumentar e guerra regional pode eclodir<\/h4>\n<p>Desde outubro do ano passado, Israel conduz opera\u00e7\u00f5es intensas contra Gaza, com ataques a\u00e9reos e terrestres, deixando mais de 20 mil palestinos mortos e mais de 50 mil feridos.<\/p>\n<p>Israel tamb\u00e9m intensifica as ofensivas contra o territ\u00f3rio palestino da Cisjordania e conduz ataques contra S\u00edria e L\u00edbano. Durante ataques indiscriminados, cidades do Egito tamb\u00e9m foram bombardeada, o que Israel chamou de \u201cincidente\u201d.<\/p>\n<p>O governo de Israel afirma que a guerra contra o Hamas pode durar meses, mas falha em identificar quem s\u00e3o os combatentes do Hamas, enquanto a press\u00e3o internacional contra o caos humanit\u00e1rio em Gaza se intensifica.<\/p>\n<p>O Ir\u00e3, por sua vez, j\u00e1 se manifestou contra o governo de Israel em diversas ocasi\u00f5es, assim como a Turquia. Para os governantes destes pa\u00edses, o mundo precisa reagir ao regime \u201csionista\u201d que opera em Israel.<\/p>\n<\/div>\n<p><br \/>\n<br \/><a href=\"https:\/\/fnmais.com\/explosoes-no-ira-deixam-cerca-100-mortos-tensao-na-regiao-aumenta\/\">Source link <\/a><\/p>\n<!-- CONTENT END 1 -->\n","protected":false},"excerpt":{"rendered":"<p>Autoridades iranianas confirmaram a morte de dezenas de civis ap\u00f3s explos\u00f5es serem registradas na cidade de Kerman, na regi\u00e3o central do pa\u00eds. O caso \u00e9&#8230;<\/p>\n","protected":false},"author":1,"featured_media":24093,"comment_status":"open","ping_status":"open","sticky":false,"template":"","format":"standard","meta":{"advanced_seo_description":"","jetpack_seo_html_title":"","jetpack_seo_noindex":false,"jetpack_post_was_ever_published":false,"_jetpack_newsletter_access":"","_jetpack_dont_email_post_to_subs":false,"_jetpack_newsletter_tier_id":0,"_jetpack_memberships_contains_paywalled_content":false,"_jetpack_memberships_contains_paid_content":false,"footnotes":"","jetpack_publicize_message":"","jetpack_publicize_feature_enabled":true,"jetpack_social_post_already_shared":true,"jetpack_social_options":{"image_generator_settings":{"template":"highway","default_image_id":0,"font":"","enabled":false},"version":2}},"categories":[1],"tags":[],"class_list":["post-24092","post","type-post","status-publish","format-standard","has-post-thumbnail","hentry","category-blog"],"jetpack_publicize_connections":[],"jetpack_featured_media_url":"https:\/\/i0.wp.com\/noticiasribeiraopreto.com.br\/wp-content\/uploads\/2024\/01\/postimg-659593a66bf902774.jpg?fit=1200%2C628&ssl=1","jetpack-related-posts":[{"id":24103,"url":"https:\/\/noticiasribeiraopreto.com.br\/index.php\/2024\/01\/03\/video-mostra-caos-apos-explosoes-atingirem-procissao-no-ira\/","url_meta":{"origin":24092,"position":0},"title":"video mostra caos ap\u00f3s explos\u00f5es atingirem prociss\u00e3o no Ir\u00e3","author":"noticiasribeiraopreto.com.br","date":"3 de January de 2024","format":false,"excerpt":"Nesta quarta-feira (03\/01), autoridades do Ir\u00e3 confirmaram a morte de dezenas de civis ap\u00f3s um atentado com bombas atingir a regi\u00e3o central do pa\u00eds, na cidade de Kerman.A explos\u00f5es tinham como alvo a \u00e1rea pr\u00f3xima ao cemit\u00e9rio onde esta enterrado o general Qasem Soleimani, que foi uma das pessoas mais\u2026","rel":"","context":"In &quot;Blog&quot;","block_context":{"text":"Blog","link":"https:\/\/noticiasribeiraopreto.com.br\/index.php\/category\/blog\/"},"img":{"alt_text":"","src":"https:\/\/i0.wp.com\/noticiasribeiraopreto.com.br\/wp-content\/uploads\/2024\/01\/postimg-65959b336a3144859.jpg?fit=1200%2C628&ssl=1&resize=350%2C200","width":350,"height":200,"srcset":"https:\/\/i0.wp.com\/noticiasribeiraopreto.com.br\/wp-content\/uploads\/2024\/01\/postimg-65959b336a3144859.jpg?fit=1200%2C628&ssl=1&resize=350%2C200 1x, https:\/\/i0.wp.com\/noticiasribeiraopreto.com.br\/wp-content\/uploads\/2024\/01\/postimg-65959b336a3144859.jpg?fit=1200%2C628&ssl=1&resize=525%2C300 1.5x, https:\/\/i0.wp.com\/noticiasribeiraopreto.com.br\/wp-content\/uploads\/2024\/01\/postimg-65959b336a3144859.jpg?fit=1200%2C628&ssl=1&resize=700%2C400 2x, https:\/\/i0.wp.com\/noticiasribeiraopreto.com.br\/wp-content\/uploads\/2024\/01\/postimg-65959b336a3144859.jpg?fit=1200%2C628&ssl=1&resize=1050%2C600 3x"},"classes":[]},{"id":23999,"url":"https:\/\/noticiasribeiraopreto.com.br\/index.php\/2024\/01\/03\/explosoes-deixam-mais-de-100-mortos-no-ira-e-governo-fala-em-ataque-terrorista\/","url_meta":{"origin":24092,"position":1},"title":"Explos\u00f5es deixam mais de 100 mortos no Ir\u00e3, e governo fala em ataque terrorista","author":"noticiasribeiraopreto.com.br","date":"3 de January de 2024","format":false,"excerpt":"As tens\u00f5es geopol\u00edticas no Oriente M\u00e9dio ganharam um novo e tr\u00e1gico cap\u00edtulo nesta quarta-feira. A explos\u00e3o de duas bombas na cidade de Kerman, no sudeste do Ir\u00e3, matou pelo menos 103 pessoas, de acordo com a m\u00eddia do pa\u00eds. As explos\u00f5es ocorreram perto da mesquita Saheb al-Zaman e do t\u00famulo\u2026","rel":"","context":"In &quot;Dinheiro e Investimento&quot;","block_context":{"text":"Dinheiro e Investimento","link":"https:\/\/noticiasribeiraopreto.com.br\/index.php\/category\/dinheiro-e-investimento-como-fazer-como-ganhar\/"},"img":{"alt_text":"","src":"https:\/\/i0.wp.com\/noticiasribeiraopreto.com.br\/wp-content\/uploads\/2024\/01\/bandeira-do-ira-715x402.jpg?fit=715%2C402&ssl=1&resize=350%2C200","width":350,"height":200,"srcset":"https:\/\/i0.wp.com\/noticiasribeiraopreto.com.br\/wp-content\/uploads\/2024\/01\/bandeira-do-ira-715x402.jpg?fit=715%2C402&ssl=1&resize=350%2C200 1x, https:\/\/i0.wp.com\/noticiasribeiraopreto.com.br\/wp-content\/uploads\/2024\/01\/bandeira-do-ira-715x402.jpg?fit=715%2C402&ssl=1&resize=525%2C300 1.5x, https:\/\/i0.wp.com\/noticiasribeiraopreto.com.br\/wp-content\/uploads\/2024\/01\/bandeira-do-ira-715x402.jpg?fit=715%2C402&ssl=1&resize=700%2C400 2x"},"classes":[]},{"id":6471,"url":"https:\/\/noticiasribeiraopreto.com.br\/index.php\/2023\/11\/25\/ex-policial-preso-pela-morte-de-george-floyd-sofre-atentado-na-prisao\/","url_meta":{"origin":24092,"position":2},"title":"Ex-policial preso pela morte de George Floyd sofre atentado na pris\u00e3o","author":"noticiasribeiraopreto.com.br","date":"25 de November de 2023","format":false,"excerpt":"Neste s\u00e1bado (25\/11) foi confirmada a informa\u00e7\u00e3o de que Derek Chauvin, ex-policial condenado pela homic\u00eddio de George Floyd, nos Estados Unidos, foi alvo de um atentado.Chauvin esta cumprindo pena na Institui\u00e7\u00e3o Correcional Federal de Tucson, onde foi atacado. Segundo informa\u00e7\u00f5es do pa\u00eds, ele recebeu atendimento m\u00e9dico prontamente ap\u00f3s o ataque.De\u2026","rel":"","context":"In &quot;Blog&quot;","block_context":{"text":"Blog","link":"https:\/\/noticiasribeiraopreto.com.br\/index.php\/category\/blog\/"},"img":{"alt_text":"","src":"https:\/\/i0.wp.com\/noticiasribeiraopreto.com.br\/wp-content\/uploads\/2023\/11\/postimg-6562a086560c47859.jpg?fit=1200%2C628&ssl=1&resize=350%2C200","width":350,"height":200,"srcset":"https:\/\/i0.wp.com\/noticiasribeiraopreto.com.br\/wp-content\/uploads\/2023\/11\/postimg-6562a086560c47859.jpg?fit=1200%2C628&ssl=1&resize=350%2C200 1x, https:\/\/i0.wp.com\/noticiasribeiraopreto.com.br\/wp-content\/uploads\/2023\/11\/postimg-6562a086560c47859.jpg?fit=1200%2C628&ssl=1&resize=525%2C300 1.5x, https:\/\/i0.wp.com\/noticiasribeiraopreto.com.br\/wp-content\/uploads\/2023\/11\/postimg-6562a086560c47859.jpg?fit=1200%2C628&ssl=1&resize=700%2C400 2x, https:\/\/i0.wp.com\/noticiasribeiraopreto.com.br\/wp-content\/uploads\/2023\/11\/postimg-6562a086560c47859.jpg?fit=1200%2C628&ssl=1&resize=1050%2C600 3x"},"classes":[]},{"id":74084,"url":"https:\/\/noticiasribeiraopreto.com.br\/index.php\/2025\/07\/15\/ameacas-explosoes-e-maus-tratos-a-animais-quem-e-o-fazendeiro-investigado-em-ribeirao\/","url_meta":{"origin":24092,"position":3},"title":"Amea\u00e7as, explos\u00f5es e maus-tratos a animais: quem \u00e9 o fazendeiro investigado em Ribeir\u00e3o","author":"noticiasribeiraopreto.com.br","date":"15 de July de 2025","format":false,"excerpt":"O fazendeiro Al\u00edpio Jo\u00e3o J\u00fanior, de 58 anos, acumula hist\u00f3rico de disputas judiciais, problemas com vizinhos e casos de maus-tratos a animais. Ele \u00e9 investigado pela Pol\u00edcia Civil e pelo Minist\u00e9rio P\u00fablico de Ribeir\u00e3o Preto por amea\u00e7as, intimida\u00e7\u00f5es e perturba\u00e7\u00e3o da ordem em um condom\u00ednio no Centro da cidade. Natural\u2026","rel":"","context":"In &quot;Not\u00edcias de Ribeir\u00e3o Preto-SP e Regi\u00e3o&quot;","block_context":{"text":"Not\u00edcias de Ribeir\u00e3o Preto-SP e Regi\u00e3o","link":"https:\/\/noticiasribeiraopreto.com.br\/index.php\/category\/noticias-de-ribeirao-preto-sp-e-regiao-ismael-colosi\/"},"img":{"alt_text":"","src":"https:\/\/i0.wp.com\/noticiasribeiraopreto.com.br\/wp-content\/uploads\/2025\/07\/Copia-de-Copia-de-Copia-de-TAMANHO-EXATO-PARA-FOTOS-NO-SISTEMA-NOVO-2025-07-15T152539.277_2025-07-15_18-26-12.webp.webp?fit=1200%2C675&ssl=1&resize=350%2C200","width":350,"height":200,"srcset":"https:\/\/i0.wp.com\/noticiasribeiraopreto.com.br\/wp-content\/uploads\/2025\/07\/Copia-de-Copia-de-Copia-de-TAMANHO-EXATO-PARA-FOTOS-NO-SISTEMA-NOVO-2025-07-15T152539.277_2025-07-15_18-26-12.webp.webp?fit=1200%2C675&ssl=1&resize=350%2C200 1x, https:\/\/i0.wp.com\/noticiasribeiraopreto.com.br\/wp-content\/uploads\/2025\/07\/Copia-de-Copia-de-Copia-de-TAMANHO-EXATO-PARA-FOTOS-NO-SISTEMA-NOVO-2025-07-15T152539.277_2025-07-15_18-26-12.webp.webp?fit=1200%2C675&ssl=1&resize=525%2C300 1.5x, https:\/\/i0.wp.com\/noticiasribeiraopreto.com.br\/wp-content\/uploads\/2025\/07\/Copia-de-Copia-de-Copia-de-TAMANHO-EXATO-PARA-FOTOS-NO-SISTEMA-NOVO-2025-07-15T152539.277_2025-07-15_18-26-12.webp.webp?fit=1200%2C675&ssl=1&resize=700%2C400 2x, https:\/\/i0.wp.com\/noticiasribeiraopreto.com.br\/wp-content\/uploads\/2025\/07\/Copia-de-Copia-de-Copia-de-TAMANHO-EXATO-PARA-FOTOS-NO-SISTEMA-NOVO-2025-07-15T152539.277_2025-07-15_18-26-12.webp.webp?fit=1200%2C675&ssl=1&resize=1050%2C600 3x"},"classes":[]},{"id":60440,"url":"https:\/\/noticiasribeiraopreto.com.br\/index.php\/2024\/11\/13\/praca-dos-tres-poderes-em-brasilia-e-isolada-apos-explosoes-um-homem-morreu\/","url_meta":{"origin":24092,"position":4},"title":"Pra\u00e7a dos Tr\u00eas Poderes em Bras\u00edlia \u00e9 isolada ap\u00f3s explos\u00f5es; um homem morreu","author":"noticiasribeiraopreto.com.br","date":"13 de November de 2024","format":false,"excerpt":"Fortes explos\u00f5es em sequencia foram registradas na noite desta quarta-feira (13), na Pra\u00e7a dos Tr\u00eas Poderes, em Bras\u00edlia. De acordo com o Corpo de Bombeiros, um homem morreu e a \u00e1rea permanece isolada. Segundo testemunhas, foram ouvidas duas explos\u00f5es em diferentes pontos na Esplanada dos Minist\u00e9rios. Um homem teria acionado\u2026","rel":"","context":"In &quot;Not\u00edcias de Ribeir\u00e3o Preto-SP e Regi\u00e3o&quot;","block_context":{"text":"Not\u00edcias de Ribeir\u00e3o Preto-SP e Regi\u00e3o","link":"https:\/\/noticiasribeiraopreto.com.br\/index.php\/category\/noticias-de-ribeirao-preto-sp-e-regiao-ismael-colosi\/"},"img":{"alt_text":"","src":"https:\/\/i0.wp.com\/noticiasribeiraopreto.com.br\/wp-content\/uploads\/2024\/11\/Copia-de-Copia-de-Copia-de-TAMANHO-EXATO-PARA-FOTOS-NO-SISTEMA-NOVO-91_2024-11-14_00-00-30_png_2024-11-14_00-00-30.webp.webp?fit=1200%2C675&ssl=1&resize=350%2C200","width":350,"height":200,"srcset":"https:\/\/i0.wp.com\/noticiasribeiraopreto.com.br\/wp-content\/uploads\/2024\/11\/Copia-de-Copia-de-Copia-de-TAMANHO-EXATO-PARA-FOTOS-NO-SISTEMA-NOVO-91_2024-11-14_00-00-30_png_2024-11-14_00-00-30.webp.webp?fit=1200%2C675&ssl=1&resize=350%2C200 1x, https:\/\/i0.wp.com\/noticiasribeiraopreto.com.br\/wp-content\/uploads\/2024\/11\/Copia-de-Copia-de-Copia-de-TAMANHO-EXATO-PARA-FOTOS-NO-SISTEMA-NOVO-91_2024-11-14_00-00-30_png_2024-11-14_00-00-30.webp.webp?fit=1200%2C675&ssl=1&resize=525%2C300 1.5x, https:\/\/i0.wp.com\/noticiasribeiraopreto.com.br\/wp-content\/uploads\/2024\/11\/Copia-de-Copia-de-Copia-de-TAMANHO-EXATO-PARA-FOTOS-NO-SISTEMA-NOVO-91_2024-11-14_00-00-30_png_2024-11-14_00-00-30.webp.webp?fit=1200%2C675&ssl=1&resize=700%2C400 2x, https:\/\/i0.wp.com\/noticiasribeiraopreto.com.br\/wp-content\/uploads\/2024\/11\/Copia-de-Copia-de-Copia-de-TAMANHO-EXATO-PARA-FOTOS-NO-SISTEMA-NOVO-91_2024-11-14_00-00-30_png_2024-11-14_00-00-30.webp.webp?fit=1200%2C675&ssl=1&resize=1050%2C600 3x"},"classes":[]},{"id":28680,"url":"https:\/\/noticiasribeiraopreto.com.br\/index.php\/2024\/01\/16\/quem-e-o-medico-encontrado-em-obito-dentro-de-hospital-ha-suspeita-que-ele-tenha-atentado-contra-a-propria-vida\/","url_meta":{"origin":24092,"position":5},"title":"Quem \u00e9 o m\u00e9dico encontrado em \u00f3bito dentro de hospital, h\u00e1 suspeita que ele tenha atentado contra a pr\u00f3pria vida","author":"noticiasribeiraopreto.com.br","date":"16 de January de 2024","format":false,"excerpt":"Na manh\u00e3 desta segunda-feira (15), foi localizado sem vida, em uma unidade hospitalar, em Natal, capital do Rio Grande do Norte, o corpo de Igor de Oliveira Sim\u00f5es, m\u00e9dico de 30 anos.Igor n\u00e3o fazia parte do corpo de funcion\u00e1rios da SSP do Rio Grande do Norte, mas atuava atrav\u00e9s de\u2026","rel":"","context":"In &quot;Blog&quot;","block_context":{"text":"Blog","link":"https:\/\/noticiasribeiraopreto.com.br\/index.php\/category\/blog\/"},"img":{"alt_text":"","src":"https:\/\/i0.wp.com\/noticiasribeiraopreto.com.br\/wp-content\/uploads\/2024\/01\/postimg-65a69dcc6335a7904.jpg?fit=1200%2C628&ssl=1&resize=350%2C200","width":350,"height":200,"srcset":"https:\/\/i0.wp.com\/noticiasribeiraopreto.com.br\/wp-content\/uploads\/2024\/01\/postimg-65a69dcc6335a7904.jpg?fit=1200%2C628&ssl=1&resize=350%2C200 1x, https:\/\/i0.wp.com\/noticiasribeiraopreto.com.br\/wp-content\/uploads\/2024\/01\/postimg-65a69dcc6335a7904.jpg?fit=1200%2C628&ssl=1&resize=525%2C300 1.5x, https:\/\/i0.wp.com\/noticiasribeiraopreto.com.br\/wp-content\/uploads\/2024\/01\/postimg-65a69dcc6335a7904.jpg?fit=1200%2C628&ssl=1&resize=700%2C400 2x, https:\/\/i0.wp.com\/noticiasribeiraopreto.com.br\/wp-content\/uploads\/2024\/01\/postimg-65a69dcc6335a7904.jpg?fit=1200%2C628&ssl=1&resize=1050%2C600 3x"},"classes":[]}],"jetpack_sharing_enabled":true,"jetpack_shortlink":"https:\/\/wp.me\/peQAOb-6gA","_links":{"self":[{"href":"https:\/\/noticiasribeiraopreto.com.br\/index.php\/wp-json\/wp\/v2\/posts\/24092","targetHints":{"allow":["GET"]}}],"collection":[{"href":"https:\/\/noticiasribeiraopreto.com.br\/index.php\/wp-json\/wp\/v2\/posts"}],"about":[{"href":"https:\/\/noticiasribeiraopreto.com.br\/index.php\/wp-json\/wp\/v2\/types\/post"}],"author":[{"embeddable":true,"href":"https:\/\/noticiasribeiraopreto.com.br\/index.php\/wp-json\/wp\/v2\/users\/1"}],"replies":[{"embeddable":true,"href":"https:\/\/noticiasribeiraopreto.com.br\/index.php\/wp-json\/wp\/v2\/comments?post=24092"}],"version-history":[{"count":0,"href":"https:\/\/noticiasribeiraopreto.com.br\/index.php\/wp-json\/wp\/v2\/posts\/24092\/revisions"}],"wp:featuredmedia":[{"embeddable":true,"href":"https:\/\/noticiasribeiraopreto.com.br\/index.php\/wp-json\/wp\/v2\/media\/24093"}],"wp:attachment":[{"href":"https:\/\/noticiasribeiraopreto.com.br\/index.php\/wp-json\/wp\/v2\/media?parent=24092"}],"wp:term":[{"taxonomy":"category","embeddable":true,"href":"https:\/\/noticiasribeiraopreto.com.br\/index.php\/wp-json\/wp\/v2\/categories?post=24092"},{"taxonomy":"post_tag","embeddable":true,"href":"https:\/\/noticiasribeiraopreto.com.br\/index.php\/wp-json\/wp\/v2\/tags?post=24092"}],"curies":[{"name":"wp","href":"https:\/\/api.w.org\/{rel}","templated":true}]}}