{"id":24094,"date":"2024-01-03T14:24:52","date_gmt":"2024-01-03T17:24:52","guid":{"rendered":"https:\/\/noticiasribeiraopreto.com.br\/index.php\/2024\/01\/03\/prefeitura-de-ribeirao-preto-ampliou-equipamentos-sociais-e-qualificou-mais-de-1-500-pessoas-em-2023\/"},"modified":"2024-01-03T14:24:52","modified_gmt":"2024-01-03T17:24:52","slug":"prefeitura-de-ribeirao-preto-ampliou-equipamentos-sociais-e-qualificou-mais-de-1-500-pessoas-em-2023","status":"publish","type":"post","link":"https:\/\/noticiasribeiraopreto.com.br\/index.php\/2024\/01\/03\/prefeitura-de-ribeirao-preto-ampliou-equipamentos-sociais-e-qualificou-mais-de-1-500-pessoas-em-2023\/","title":{"rendered":"Prefeitura de Ribeir\u00e3o Preto ampliou equipamentos sociais e qualificou mais de 1.500 pessoas em 2023 \u2013 Folha de Ribeir\u00e3o"},"content":{"rendered":"<div class='code-block code-block-1' style='margin: 8px 0 8px auto; text-align: right; display: block; clear: both;'>\n<p><a href=\"https:\/\/wa.link\/vpicfd\"><img data-recalc-dims=\"1\" class=\"wp-image-4922\" style=\"aspect-ratio: 2.0253164556962027; width: 561px; height: auto;\" src=\"https:\/\/i0.wp.com\/ismaelcolosi.com.br\/wp-content\/uploads\/2023\/11\/grupo-de-empregos-whatsapp-e-facebook-ismael-colosi-vagas.jpg?ssl=1\" alt=\"\" \/><\/a><\/p>\n<!-- \/wp:image -->\n<\/div>\n<p> <br \/>\n<\/p>\n<div>\n<p>No cen\u00e1rio da assist\u00eancia social em Ribeir\u00e3o Preto, o ano de 2023 foi marcado por significativos avan\u00e7os e realiza\u00e7\u00f5es promovidos pela Secretaria de Assist\u00eancia Social. A pasta dedicou esfor\u00e7os \u00e0 estrutura\u00e7\u00e3o das redes protetivas, direcionando aten\u00e7\u00e3o especial \u00e0 Pessoa Idosa, Pessoa com Defici\u00eancia, Pessoa em Situa\u00e7\u00e3o de Rua e \u00e0 Crian\u00e7a e Adolescente.<\/p>\n<p>Entre os destaques, o Centro de Qualifica\u00e7\u00e3o ofertou 3.300 vagas, certificando 1.694 pessoas. Al\u00e9m disso, a entrega de seis ve\u00edculos a entidades locais fortaleceu a infraestrutura de apoio social na regi\u00e3o.<\/p>\n<p>O Projeto QualificA\u00e7\u00e3o, por sua vez, estendeu seus benef\u00edcios a cinco comunidades, enquanto o Banco de Alimentos arrecadou impressionantes 32 toneladas, distribuindo integralmente a ajuda em 10 mil cestas b\u00e1sicas para CRAS, CREPD e Se\u00e7\u00e3o para Mulheres, al\u00e9m de atendimentos emergenciais \u00e0 Defesa Civil.<\/p>\n<p>No \u00e2mbito do Servi\u00e7o de Conviv\u00eancia e Fortalecimento de V\u00ednculos (SCFV), diversas atividades foram promovidas, como oficinas de esportes, educa\u00e7\u00e3o financeira, visitas \u00e0 Feira Internacional do Livro, e o projeto \u201cM\u00e3ozinha na Massa\u201d, que ensina receitas saud\u00e1veis. A inaugura\u00e7\u00e3o da nova sede do SCFV Esta\u00e7\u00e3o do Alto e a implanta\u00e7\u00e3o do ciclo de vida 60+ foram passos importantes na consolida\u00e7\u00e3o desses servi\u00e7os.<\/p>\n<p>Os Centros de Refer\u00eancia da Assist\u00eancia Social (CRAS) desempenharam papel crucial ao realizar 75.789 atendimentos, alcan\u00e7ando 54.373 fam\u00edlias atrav\u00e9s do PAIF. As reformas dos CRAS 2 e as inaugura\u00e7\u00f5es do CRAS 8 na Zona Leste e do CRAS 9 no Bonfim Paulista fortaleceram a presen\u00e7a e o alcance dessas institui\u00e7\u00f5es. Destaque ainda para a campanha Setembro Amarelo nos CRAS e a inaugura\u00e7\u00e3o da nova sede do CRAS 1, localizada no Centro de Ribeir\u00e3o.<\/p>\n<p>A aten\u00e7\u00e3o \u00e0s pessoas em situa\u00e7\u00e3o de rua foi um ponto central das a\u00e7\u00f5es sociais. O Centro POP realizou 79.952 atendimentos, incluindo o Mutir\u00e3o POP Rua Jud, que atendeu 700 pessoas. A extin\u00e7\u00e3o da CETREM e a amplia\u00e7\u00e3o das vagas femininas em Casas de Passagem tamb\u00e9m foram marcos importantes<\/p>\n<p>Tr\u00eas novas Casas de Passagem foram inauguradas, sendo a Casa de Passagem \u201cSanta Teresinha\u201d, a Casa de Passagem \u201cFilhos do Vento\u201d e a Casa de Passagem \u201cProjeto Esperan\u00e7a\u201d. O Programa Recome\u00e7o e o Programa Rec\u00e2mbio demonstraram resultados expressivos, com 680 pessoas buscando tratamento e 304 acolhimentos em comunidades terap\u00eauticas.<\/p>\n<p><\/p>\n<p>A\u00e7\u00f5es variadas, como a Caravana do Empreendedorismo, a realiza\u00e7\u00e3o da 14\u00aa Confer\u00eancia Municipal de Assist\u00eancia Social, e a parceria para curso de capacita\u00e7\u00e3o em higieniza\u00e7\u00e3o hospitalar, ressaltam o compromisso da Secretaria com a diversidade de necessidades da popula\u00e7\u00e3o.<\/p>\n<p>O cronograma de obras licitadas revela o compromisso cont\u00ednuo da Secretaria com a melhoria dos servi\u00e7os, incluindo o Centro de Qualifica\u00e7\u00e3o, Bom Prato Centro, SCVF Synira e SCVF Vila Mariana.<\/p>\n<p>Ribeir\u00e3o Preto segue firme em sua miss\u00e3o de proporcionar assist\u00eancia social eficiente e inclusiva, construindo uma cidade mais justa e acolhedora para todos os seus cidad\u00e3os.<\/p>\n<p>\u00a0<\/p>\n<p>\u00a0<\/p>\n<\/p><\/div>\n<p><br \/>\n<br \/><a href=\"https:\/\/folhaderibeirao.com.br\/2024\/01\/03\/prefeitura-de-ribeirao-preto-ampliou-equipamentos-sociais-e-qualificou-mais-de-1-500-pessoas-em-2023\/\">Source link <\/a><\/p>\n<!-- CONTENT END 1 -->\n","protected":false},"excerpt":{"rendered":"<p>No cen\u00e1rio da assist\u00eancia social em Ribeir\u00e3o Preto, o ano de 2023 foi marcado por significativos avan\u00e7os e realiza\u00e7\u00f5es promovidos pela Secretaria de Assist\u00eancia Social&#8230;.<\/p>\n","protected":false},"author":1,"featured_media":24095,"comment_status":"open","ping_status":"open","sticky":false,"template":"","format":"standard","meta":{"advanced_seo_description":"","jetpack_seo_html_title":"","jetpack_seo_noindex":false,"jetpack_post_was_ever_published":false,"_jetpack_newsletter_access":"","_jetpack_dont_email_post_to_subs":false,"_jetpack_newsletter_tier_id":0,"_jetpack_memberships_contains_paywalled_content":false,"_jetpack_memberships_contains_paid_content":false,"footnotes":"","jetpack_publicize_message":"","jetpack_publicize_feature_enabled":true,"jetpack_social_post_already_shared":true,"jetpack_social_options":{"image_generator_settings":{"template":"highway","default_image_id":0,"font":"","enabled":false},"version":2}},"categories":[11],"tags":[2954,2955,753,276,581,244,27,2957,26,2956],"class_list":["post-24094","post","type-post","status-publish","format-standard","has-post-thumbnail","hentry","category-noticias-de-ribeirao-preto-sp-e-regiao-ismael-colosi","tag-ampliou","tag-equipamentos","tag-folha","tag-mais","tag-pessoas","tag-prefeitura","tag-preto","tag-qualificou","tag-ribeirao","tag-sociais"],"jetpack_publicize_connections":[],"jetpack_featured_media_url":"https:\/\/i0.wp.com\/noticiasribeiraopreto.com.br\/wp-content\/uploads\/2024\/01\/semas.jpg?fit=1000%2C666&ssl=1","jetpack-related-posts":[{"id":64083,"url":"https:\/\/noticiasribeiraopreto.com.br\/index.php\/2025\/02\/28\/ex-vereador-de-ribeirao-preto-e-nomeado-para-cargo-no-governo-municipal\/","url_meta":{"origin":24094,"position":0},"title":"Ex-vereador de Ribeir\u00e3o Preto \u00e9 nomeado para cargo no governo municipal","author":"noticiasribeiraopreto.com.br","date":"28 de February de 2025","format":false,"excerpt":"O ex-vereador S\u00e9rgio Zerbinato (PSDB) foi nomeado diretor do Departamento de Gest\u00e3o do Sistema Municipal de Sa\u00fade da Secretaria Municipal de Assist\u00eancia Social de Ribeir\u00e3o Preto. A nomea\u00e7\u00e3o do ex-parlamentar foi publicada no Di\u00e1rio Oficial desta sexta-feira (28) e tem efeito retroativo a 10 de fevereiro. Nas elei\u00e7\u00f5es municipais de\u2026","rel":"","context":"In &quot;Not\u00edcias de Ribeir\u00e3o Preto-SP e Regi\u00e3o&quot;","block_context":{"text":"Not\u00edcias de Ribeir\u00e3o Preto-SP e Regi\u00e3o","link":"https:\/\/noticiasribeiraopreto.com.br\/index.php\/category\/noticias-de-ribeirao-preto-sp-e-regiao-ismael-colosi\/"},"img":{"alt_text":"","src":"https:\/\/i0.wp.com\/noticiasribeiraopreto.com.br\/wp-content\/uploads\/2025\/02\/Copia-de-Copia-de-Copia-de-TAMANHO-EXATO-PARA-FOTOS-NO-SISTEMA-NOVO-2025-02-28T193352.729_2025-02-28_22-34-02_png_2025-02-28_22-34-02.webp.webp?fit=1200%2C675&ssl=1&resize=350%2C200","width":350,"height":200,"srcset":"https:\/\/i0.wp.com\/noticiasribeiraopreto.com.br\/wp-content\/uploads\/2025\/02\/Copia-de-Copia-de-Copia-de-TAMANHO-EXATO-PARA-FOTOS-NO-SISTEMA-NOVO-2025-02-28T193352.729_2025-02-28_22-34-02_png_2025-02-28_22-34-02.webp.webp?fit=1200%2C675&ssl=1&resize=350%2C200 1x, https:\/\/i0.wp.com\/noticiasribeiraopreto.com.br\/wp-content\/uploads\/2025\/02\/Copia-de-Copia-de-Copia-de-TAMANHO-EXATO-PARA-FOTOS-NO-SISTEMA-NOVO-2025-02-28T193352.729_2025-02-28_22-34-02_png_2025-02-28_22-34-02.webp.webp?fit=1200%2C675&ssl=1&resize=525%2C300 1.5x, https:\/\/i0.wp.com\/noticiasribeiraopreto.com.br\/wp-content\/uploads\/2025\/02\/Copia-de-Copia-de-Copia-de-TAMANHO-EXATO-PARA-FOTOS-NO-SISTEMA-NOVO-2025-02-28T193352.729_2025-02-28_22-34-02_png_2025-02-28_22-34-02.webp.webp?fit=1200%2C675&ssl=1&resize=700%2C400 2x, https:\/\/i0.wp.com\/noticiasribeiraopreto.com.br\/wp-content\/uploads\/2025\/02\/Copia-de-Copia-de-Copia-de-TAMANHO-EXATO-PARA-FOTOS-NO-SISTEMA-NOVO-2025-02-28T193352.729_2025-02-28_22-34-02_png_2025-02-28_22-34-02.webp.webp?fit=1200%2C675&ssl=1&resize=1050%2C600 3x"},"classes":[]},{"id":64079,"url":"https:\/\/noticiasribeiraopreto.com.br\/index.php\/2025\/02\/28\/ex-vereador-de-ribeirao-preto-assume-novo-cargo-no-governo-municipal\/","url_meta":{"origin":24094,"position":1},"title":"Ex-vereador de Ribeir\u00e3o Preto assume novo cargo no governo municipal","author":"noticiasribeiraopreto.com.br","date":"28 de February de 2025","format":false,"excerpt":"O ex-vereador S\u00e9rgio Zerbinato (PSDB) foi nomeado diretor do Departamento de Gest\u00e3o do Sistema Municipal de Sa\u00fade da Secretaria Municipal de Assist\u00eancia Social de Ribeir\u00e3o Preto. A nomea\u00e7\u00e3o do ex-parlamentar foi publicada no Di\u00e1rio Oficial desta sexta-feira (28) e tem efeito retroativo a 10 de fevereiro. Nas elei\u00e7\u00f5es municipais de\u2026","rel":"","context":"In &quot;Not\u00edcias de Ribeir\u00e3o Preto-SP e Regi\u00e3o&quot;","block_context":{"text":"Not\u00edcias de Ribeir\u00e3o Preto-SP e Regi\u00e3o","link":"https:\/\/noticiasribeiraopreto.com.br\/index.php\/category\/noticias-de-ribeirao-preto-sp-e-regiao-ismael-colosi\/"},"img":{"alt_text":"","src":"https:\/\/i0.wp.com\/noticiasribeiraopreto.com.br\/wp-content\/uploads\/2025\/02\/Copia-de-Copia-de-Copia-de-TAMANHO-EXATO-PARA-FOTOS-NO-SISTEMA-NOVO-2025-02-28T193352.729_2025-02-28_22-34-02_png_2025-02-28_22-34-02.webp.webp?fit=1200%2C675&ssl=1&resize=350%2C200","width":350,"height":200,"srcset":"https:\/\/i0.wp.com\/noticiasribeiraopreto.com.br\/wp-content\/uploads\/2025\/02\/Copia-de-Copia-de-Copia-de-TAMANHO-EXATO-PARA-FOTOS-NO-SISTEMA-NOVO-2025-02-28T193352.729_2025-02-28_22-34-02_png_2025-02-28_22-34-02.webp.webp?fit=1200%2C675&ssl=1&resize=350%2C200 1x, https:\/\/i0.wp.com\/noticiasribeiraopreto.com.br\/wp-content\/uploads\/2025\/02\/Copia-de-Copia-de-Copia-de-TAMANHO-EXATO-PARA-FOTOS-NO-SISTEMA-NOVO-2025-02-28T193352.729_2025-02-28_22-34-02_png_2025-02-28_22-34-02.webp.webp?fit=1200%2C675&ssl=1&resize=525%2C300 1.5x, https:\/\/i0.wp.com\/noticiasribeiraopreto.com.br\/wp-content\/uploads\/2025\/02\/Copia-de-Copia-de-Copia-de-TAMANHO-EXATO-PARA-FOTOS-NO-SISTEMA-NOVO-2025-02-28T193352.729_2025-02-28_22-34-02_png_2025-02-28_22-34-02.webp.webp?fit=1200%2C675&ssl=1&resize=700%2C400 2x, https:\/\/i0.wp.com\/noticiasribeiraopreto.com.br\/wp-content\/uploads\/2025\/02\/Copia-de-Copia-de-Copia-de-TAMANHO-EXATO-PARA-FOTOS-NO-SISTEMA-NOVO-2025-02-28T193352.729_2025-02-28_22-34-02_png_2025-02-28_22-34-02.webp.webp?fit=1200%2C675&ssl=1&resize=1050%2C600 3x"},"classes":[]},{"id":61451,"url":"https:\/\/noticiasribeiraopreto.com.br\/index.php\/2024\/12\/12\/central-de-beneficios-sociais-de-ribeirao-esta-em-novo-endereco-veja-onde\/","url_meta":{"origin":24094,"position":2},"title":"Central de Benef\u00edcios Sociais de Ribeir\u00e3o est\u00e1 em novo endere\u00e7o; Veja onde","author":"noticiasribeiraopreto.com.br","date":"12 de December de 2024","format":false,"excerpt":"A sede da CABS (Central Administrativa de Benef\u00edcios Sociais) de Ribeir\u00e3o Preto inaugurou, nesta quarta-feira (11), sua nova sede na rua Visconde do Rio Branco, 638, no Centro da cidade. O equipamento, vinculado \u00e0 Secretaria de Assist\u00eancia Social, \u00e9 respons\u00e1vel por gerir programas sociais essenciais \u00e0 popula\u00e7\u00e3o, como por exemplo,\u2026","rel":"","context":"In &quot;Not\u00edcias de Ribeir\u00e3o Preto-SP e Regi\u00e3o&quot;","block_context":{"text":"Not\u00edcias de Ribeir\u00e3o Preto-SP e Regi\u00e3o","link":"https:\/\/noticiasribeiraopreto.com.br\/index.php\/category\/noticias-de-ribeirao-preto-sp-e-regiao-ismael-colosi\/"},"img":{"alt_text":"","src":"https:\/\/i0.wp.com\/noticiasribeiraopreto.com.br\/wp-content\/uploads\/2024\/12\/novo-cartao-bolsa-familia-2023.jpg?fit=1170%2C700&ssl=1&resize=350%2C200","width":350,"height":200,"srcset":"https:\/\/i0.wp.com\/noticiasribeiraopreto.com.br\/wp-content\/uploads\/2024\/12\/novo-cartao-bolsa-familia-2023.jpg?fit=1170%2C700&ssl=1&resize=350%2C200 1x, https:\/\/i0.wp.com\/noticiasribeiraopreto.com.br\/wp-content\/uploads\/2024\/12\/novo-cartao-bolsa-familia-2023.jpg?fit=1170%2C700&ssl=1&resize=525%2C300 1.5x, https:\/\/i0.wp.com\/noticiasribeiraopreto.com.br\/wp-content\/uploads\/2024\/12\/novo-cartao-bolsa-familia-2023.jpg?fit=1170%2C700&ssl=1&resize=700%2C400 2x, https:\/\/i0.wp.com\/noticiasribeiraopreto.com.br\/wp-content\/uploads\/2024\/12\/novo-cartao-bolsa-familia-2023.jpg?fit=1170%2C700&ssl=1&resize=1050%2C600 3x"},"classes":[]},{"id":63559,"url":"https:\/\/noticiasribeiraopreto.com.br\/index.php\/2025\/02\/16\/secretario-de-assistencia-social-quer-novo-censo-sobre-populacao-de-rua-em-ribeirao-preto\/","url_meta":{"origin":24094,"position":3},"title":"Secret\u00e1rio de Assist\u00eancia Social quer novo censo sobre popula\u00e7\u00e3o de rua em Ribeir\u00e3o Preto","author":"noticiasribeiraopreto.com.br","date":"16 de February de 2025","format":false,"excerpt":"A Prefeitura de Ribeir\u00e3o Preto, por meio da secretaria de Assist\u00eancia Social, pretende criar um plano de a\u00e7\u00e3o mais eficaz para a popula\u00e7\u00e3o em situa\u00e7\u00e3o de rua e recuperar a regi\u00e3o da baixada, que envolve todo o Quadril\u00e1tero Central do munic\u00edpio. Em entrevista ao portal acidade on, o novo secret\u00e1rio\u2026","rel":"","context":"In &quot;Not\u00edcias de Ribeir\u00e3o Preto-SP e Regi\u00e3o&quot;","block_context":{"text":"Not\u00edcias de Ribeir\u00e3o Preto-SP e Regi\u00e3o","link":"https:\/\/noticiasribeiraopreto.com.br\/index.php\/category\/noticias-de-ribeirao-preto-sp-e-regiao-ismael-colosi\/"},"img":{"alt_text":"","src":"https:\/\/i0.wp.com\/noticiasribeiraopreto.com.br\/wp-content\/uploads\/2025\/02\/prefeitura_deve_1024x576_14072020092007.jpg?fit=1024%2C576&ssl=1&resize=350%2C200","width":350,"height":200,"srcset":"https:\/\/i0.wp.com\/noticiasribeiraopreto.com.br\/wp-content\/uploads\/2025\/02\/prefeitura_deve_1024x576_14072020092007.jpg?fit=1024%2C576&ssl=1&resize=350%2C200 1x, https:\/\/i0.wp.com\/noticiasribeiraopreto.com.br\/wp-content\/uploads\/2025\/02\/prefeitura_deve_1024x576_14072020092007.jpg?fit=1024%2C576&ssl=1&resize=525%2C300 1.5x, https:\/\/i0.wp.com\/noticiasribeiraopreto.com.br\/wp-content\/uploads\/2025\/02\/prefeitura_deve_1024x576_14072020092007.jpg?fit=1024%2C576&ssl=1&resize=700%2C400 2x"},"classes":[]},{"id":74348,"url":"https:\/\/noticiasribeiraopreto.com.br\/index.php\/2025\/07\/21\/prefeitura-abre-396-vagas-em-22-cursos\/","url_meta":{"origin":24094,"position":4},"title":"Prefeitura abre 396 vagas em 22 cursos","author":"noticiasribeiraopreto.com.br","date":"21 de July de 2025","format":false,"excerpt":"21 de julho de 2025 09:0020 de julho de 2025 18:5610 Compartilhar0 A prefeitura de Ribeir\u00e3o Preto, por meio da Secretaria Municipal de Assist\u00eancia Social, abrir\u00e1 nesta segunda-feira, 21 de julho, as inscri\u00e7\u00f5es para 396 vagas em 22 cursos profissionalizantes totalmente gratuitos, oferecidos pelo Centro de Qualifica\u00e7\u00e3o Social e Profissional.\u2026","rel":"","context":"In &quot;Not\u00edcias de Ribeir\u00e3o Preto-SP e Regi\u00e3o&quot;","block_context":{"text":"Not\u00edcias de Ribeir\u00e3o Preto-SP e Regi\u00e3o","link":"https:\/\/noticiasribeiraopreto.com.br\/index.php\/category\/noticias-de-ribeirao-preto-sp-e-regiao-ismael-colosi\/"},"img":{"alt_text":"","src":"https:\/\/i0.wp.com\/noticiasribeiraopreto.com.br\/wp-content\/uploads\/2025\/07\/QualiRP-Fernando-Gonzaga-ok-.jpg?fit=1000%2C667&ssl=1&resize=350%2C200","width":350,"height":200,"srcset":"https:\/\/i0.wp.com\/noticiasribeiraopreto.com.br\/wp-content\/uploads\/2025\/07\/QualiRP-Fernando-Gonzaga-ok-.jpg?fit=1000%2C667&ssl=1&resize=350%2C200 1x, https:\/\/i0.wp.com\/noticiasribeiraopreto.com.br\/wp-content\/uploads\/2025\/07\/QualiRP-Fernando-Gonzaga-ok-.jpg?fit=1000%2C667&ssl=1&resize=525%2C300 1.5x, https:\/\/i0.wp.com\/noticiasribeiraopreto.com.br\/wp-content\/uploads\/2025\/07\/QualiRP-Fernando-Gonzaga-ok-.jpg?fit=1000%2C667&ssl=1&resize=700%2C400 2x"},"classes":[]},{"id":82461,"url":"https:\/\/noticiasribeiraopreto.com.br\/index.php\/2026\/02\/15\/dulce-neves-e-nomeada-secretaria-adjunta-da-cidadania-e-pessoa-com-deficiencia-em-ribeirao-preto\/","url_meta":{"origin":24094,"position":5},"title":"Dulce Neves \u00e9 nomeada secret\u00e1ria adjunta da Cidadania e Pessoa com Defici\u00eancia em Ribeir\u00e3o Preto","author":"noticiasribeiraopreto.com.br","date":"15 de February de 2026","format":false,"excerpt":"A presidente da Funda\u00e7\u00e3o do Livro e Leitura de Ribeir\u00e3o Preto, Dulce Neves, foi nomeada para o cargo de secret\u00e1ria adjunta da Secretaria Municipal da Cidadania, Pessoa com Defici\u00eancia e Inclus\u00e3o Social. A Pasta, cujo secret\u00e1rio \u00e9 o professor\u00a0Claudio Romualdo, foi criada em 2025 na reforma administrativa\u00a0do prefeito\u00a0Ricardo Silva (PSD).\u2026","rel":"","context":"In &quot;Not\u00edcias de Ribeir\u00e3o Preto-SP e Regi\u00e3o&quot;","block_context":{"text":"Not\u00edcias de Ribeir\u00e3o Preto-SP e Regi\u00e3o","link":"https:\/\/noticiasribeiraopreto.com.br\/index.php\/category\/noticias-de-ribeirao-preto-sp-e-regiao-ismael-colosi\/"},"img":{"alt_text":"","src":"https:\/\/i0.wp.com\/noticiasribeiraopreto.com.br\/wp-content\/uploads\/2026\/02\/dulce-neves_2026-02-14_20-05-49.webp.webp?fit=1200%2C732&ssl=1&resize=350%2C200","width":350,"height":200,"srcset":"https:\/\/i0.wp.com\/noticiasribeiraopreto.com.br\/wp-content\/uploads\/2026\/02\/dulce-neves_2026-02-14_20-05-49.webp.webp?fit=1200%2C732&ssl=1&resize=350%2C200 1x, https:\/\/i0.wp.com\/noticiasribeiraopreto.com.br\/wp-content\/uploads\/2026\/02\/dulce-neves_2026-02-14_20-05-49.webp.webp?fit=1200%2C732&ssl=1&resize=525%2C300 1.5x, https:\/\/i0.wp.com\/noticiasribeiraopreto.com.br\/wp-content\/uploads\/2026\/02\/dulce-neves_2026-02-14_20-05-49.webp.webp?fit=1200%2C732&ssl=1&resize=700%2C400 2x, https:\/\/i0.wp.com\/noticiasribeiraopreto.com.br\/wp-content\/uploads\/2026\/02\/dulce-neves_2026-02-14_20-05-49.webp.webp?fit=1200%2C732&ssl=1&resize=1050%2C600 3x"},"classes":[]}],"jetpack_sharing_enabled":true,"jetpack_shortlink":"https:\/\/wp.me\/peQAOb-6gC","_links":{"self":[{"href":"https:\/\/noticiasribeiraopreto.com.br\/index.php\/wp-json\/wp\/v2\/posts\/24094","targetHints":{"allow":["GET"]}}],"collection":[{"href":"https:\/\/noticiasribeiraopreto.com.br\/index.php\/wp-json\/wp\/v2\/posts"}],"about":[{"href":"https:\/\/noticiasribeiraopreto.com.br\/index.php\/wp-json\/wp\/v2\/types\/post"}],"author":[{"embeddable":true,"href":"https:\/\/noticiasribeiraopreto.com.br\/index.php\/wp-json\/wp\/v2\/users\/1"}],"replies":[{"embeddable":true,"href":"https:\/\/noticiasribeiraopreto.com.br\/index.php\/wp-json\/wp\/v2\/comments?post=24094"}],"version-history":[{"count":0,"href":"https:\/\/noticiasribeiraopreto.com.br\/index.php\/wp-json\/wp\/v2\/posts\/24094\/revisions"}],"wp:featuredmedia":[{"embeddable":true,"href":"https:\/\/noticiasribeiraopreto.com.br\/index.php\/wp-json\/wp\/v2\/media\/24095"}],"wp:attachment":[{"href":"https:\/\/noticiasribeiraopreto.com.br\/index.php\/wp-json\/wp\/v2\/media?parent=24094"}],"wp:term":[{"taxonomy":"category","embeddable":true,"href":"https:\/\/noticiasribeiraopreto.com.br\/index.php\/wp-json\/wp\/v2\/categories?post=24094"},{"taxonomy":"post_tag","embeddable":true,"href":"https:\/\/noticiasribeiraopreto.com.br\/index.php\/wp-json\/wp\/v2\/tags?post=24094"}],"curies":[{"name":"wp","href":"https:\/\/api.w.org\/{rel}","templated":true}]}}