{"id":24103,"date":"2024-01-03T14:46:58","date_gmt":"2024-01-03T17:46:58","guid":{"rendered":"https:\/\/noticiasribeiraopreto.com.br\/index.php\/2024\/01\/03\/video-mostra-caos-apos-explosoes-atingirem-procissao-no-ira\/"},"modified":"2024-01-03T14:46:58","modified_gmt":"2024-01-03T17:46:58","slug":"video-mostra-caos-apos-explosoes-atingirem-procissao-no-ira","status":"publish","type":"post","link":"https:\/\/noticiasribeiraopreto.com.br\/index.php\/2024\/01\/03\/video-mostra-caos-apos-explosoes-atingirem-procissao-no-ira\/","title":{"rendered":"video mostra caos ap\u00f3s explos\u00f5es atingirem prociss\u00e3o no Ir\u00e3"},"content":{"rendered":"<div class='code-block code-block-1' style='margin: 8px 0 8px auto; text-align: right; display: block; clear: both;'>\n<p><a href=\"https:\/\/wa.link\/vpicfd\"><img data-recalc-dims=\"1\" class=\"wp-image-4922\" style=\"aspect-ratio: 2.0253164556962027; width: 561px; height: auto;\" src=\"https:\/\/i0.wp.com\/ismaelcolosi.com.br\/wp-content\/uploads\/2023\/11\/grupo-de-empregos-whatsapp-e-facebook-ismael-colosi-vagas.jpg?ssl=1\" alt=\"\" \/><\/a><\/p>\n<!-- \/wp:image -->\n<\/div>\n<p> <br \/>\n<\/p>\n<div itemprop=\"text\">\n<p>Nesta quarta-feira (03\/01), autoridades do Ir\u00e3 confirmaram a morte de dezenas de civis ap\u00f3s um atentado com bombas atingir a regi\u00e3o central do pa\u00eds, na cidade de Kerman.<\/p>\n<p>A explos\u00f5es tinham como alvo a \u00e1rea pr\u00f3xima ao cemit\u00e9rio onde esta enterrado o general Qasem Soleimani, que foi uma das pessoas mais influentes do pa\u00eds. Soleimani foi morto em 2020, no dia 3 de janeiro, ap\u00f3s ser alvo de um ataque de drones dos Estados Unidos.<\/p>\n<p>Nesta data, centenas de pessoas participavam de uma prociss\u00e3o em homenagem ao general quando foram surpreendidas por explos\u00f5es. De acordo com as informa\u00e7\u00f5es, pelo menos 103 pessoas tiveram as mortes confirmadas.<\/p>\n<p>Ainda n\u00e3o h\u00e1 informa\u00e7\u00f5es confirmadas sobre o n\u00famero de feridos e o n\u00famero de mortos ainda pode aumentar. Nas redes sociais, muitos iranianos compartilharam relatos e v\u00eddeos sobre o ataque.<\/p>\n<p>Segundo as autoridades, uma primeira explos\u00e3o aconteceu a cerca de 700 metros do cemit\u00e9rio, deixando dezenas de mortos e feridos. Durante o caos, quando os primeiros socorristas chegaram ao local, uma segunda bomba explodiu.<\/p>\n<p><iframe loading=\"lazy\" src=\"https:\/\/content.jwplatform.com\/players\/KEUPhIlz-HdA8q6gX.html\" width=\"640\" height=\"360\" frameborder=\"0\" scrolling=\"auto\"><\/iframe><\/p>\n<h4>Ir\u00e3 classifica atentado como terrorista<\/h4>\n<p>Reagindo as explos\u00f5es, o governo iraniano afirmou se tratar de um atentado terrorista. O pa\u00eds vive uma forte tens\u00e3o com Israel e j\u00e1 se posicionou diversas vezes contra os ataques \u00e0 Gaza e Cisjordania.<\/p>\n<p>Assim como outros pa\u00edses, como Turquia e \u00c1frica do Sul, o Ir\u00e3 acusa o governo de Israel, que classificam como sionista, de ter em curso um massacre contra o povo palestino.<\/p>\n<\/div>\n<p><br \/>\n<br \/><a href=\"https:\/\/fnmais.com\/imagens-fortes-video-mostra-caos-apos-explosoes-atingirem-procissao-no-ira\/\">Source link <\/a><\/p>\n<!-- CONTENT END 1 -->\n","protected":false},"excerpt":{"rendered":"<p>Nesta quarta-feira (03\/01), autoridades do Ir\u00e3 confirmaram a morte de dezenas de civis ap\u00f3s um atentado com bombas atingir a regi\u00e3o central do pa\u00eds, na&#8230;<\/p>\n","protected":false},"author":1,"featured_media":24104,"comment_status":"open","ping_status":"open","sticky":false,"template":"","format":"standard","meta":{"advanced_seo_description":"","jetpack_seo_html_title":"","jetpack_seo_noindex":false,"jetpack_post_was_ever_published":false,"_jetpack_newsletter_access":"","_jetpack_dont_email_post_to_subs":false,"_jetpack_newsletter_tier_id":0,"_jetpack_memberships_contains_paywalled_content":false,"_jetpack_memberships_contains_paid_content":false,"footnotes":"","jetpack_publicize_message":"","jetpack_publicize_feature_enabled":true,"jetpack_social_post_already_shared":true,"jetpack_social_options":{"image_generator_settings":{"template":"highway","default_image_id":0,"font":"","enabled":false},"version":2}},"categories":[1],"tags":[],"class_list":["post-24103","post","type-post","status-publish","format-standard","has-post-thumbnail","hentry","category-blog"],"jetpack_publicize_connections":[],"jetpack_featured_media_url":"https:\/\/i0.wp.com\/noticiasribeiraopreto.com.br\/wp-content\/uploads\/2024\/01\/postimg-65959b336a3144859.jpg?fit=1200%2C628&ssl=1","jetpack-related-posts":[{"id":24092,"url":"https:\/\/noticiasribeiraopreto.com.br\/index.php\/2024\/01\/03\/explosoes-no-ira-deixam-cerca-de-100-mortos-e-tensao-na-regiao-aumenta\/","url_meta":{"origin":24103,"position":0},"title":"Explos\u00f5es no Ir\u00e3 deixam cerca de 100 mortos e tens\u00e3o na regi\u00e3o aumenta","author":"noticiasribeiraopreto.com.br","date":"3 de January de 2024","format":false,"excerpt":"Autoridades iranianas confirmaram a morte de dezenas de civis ap\u00f3s explos\u00f5es serem registradas na cidade de Kerman, na regi\u00e3o central do pa\u00eds. O caso \u00e9 tratado pelas autoridades locais como um atentado terrorista.As explos\u00f5es aconteceram nas proximidades do t\u00famulo de Qassem Soleimani. No momento do atentado, centenas de pessoas participavam\u2026","rel":"","context":"In &quot;Blog&quot;","block_context":{"text":"Blog","link":"https:\/\/noticiasribeiraopreto.com.br\/index.php\/category\/blog\/"},"img":{"alt_text":"","src":"https:\/\/i0.wp.com\/noticiasribeiraopreto.com.br\/wp-content\/uploads\/2024\/01\/postimg-659593a66bf902774.jpg?fit=1200%2C628&ssl=1&resize=350%2C200","width":350,"height":200,"srcset":"https:\/\/i0.wp.com\/noticiasribeiraopreto.com.br\/wp-content\/uploads\/2024\/01\/postimg-659593a66bf902774.jpg?fit=1200%2C628&ssl=1&resize=350%2C200 1x, https:\/\/i0.wp.com\/noticiasribeiraopreto.com.br\/wp-content\/uploads\/2024\/01\/postimg-659593a66bf902774.jpg?fit=1200%2C628&ssl=1&resize=525%2C300 1.5x, https:\/\/i0.wp.com\/noticiasribeiraopreto.com.br\/wp-content\/uploads\/2024\/01\/postimg-659593a66bf902774.jpg?fit=1200%2C628&ssl=1&resize=700%2C400 2x, https:\/\/i0.wp.com\/noticiasribeiraopreto.com.br\/wp-content\/uploads\/2024\/01\/postimg-659593a66bf902774.jpg?fit=1200%2C628&ssl=1&resize=1050%2C600 3x"},"classes":[]},{"id":23999,"url":"https:\/\/noticiasribeiraopreto.com.br\/index.php\/2024\/01\/03\/explosoes-deixam-mais-de-100-mortos-no-ira-e-governo-fala-em-ataque-terrorista\/","url_meta":{"origin":24103,"position":1},"title":"Explos\u00f5es deixam mais de 100 mortos no Ir\u00e3, e governo fala em ataque terrorista","author":"noticiasribeiraopreto.com.br","date":"3 de January de 2024","format":false,"excerpt":"As tens\u00f5es geopol\u00edticas no Oriente M\u00e9dio ganharam um novo e tr\u00e1gico cap\u00edtulo nesta quarta-feira. A explos\u00e3o de duas bombas na cidade de Kerman, no sudeste do Ir\u00e3, matou pelo menos 103 pessoas, de acordo com a m\u00eddia do pa\u00eds. As explos\u00f5es ocorreram perto da mesquita Saheb al-Zaman e do t\u00famulo\u2026","rel":"","context":"In &quot;Dinheiro e Investimento&quot;","block_context":{"text":"Dinheiro e Investimento","link":"https:\/\/noticiasribeiraopreto.com.br\/index.php\/category\/dinheiro-e-investimento-como-fazer-como-ganhar\/"},"img":{"alt_text":"","src":"https:\/\/i0.wp.com\/noticiasribeiraopreto.com.br\/wp-content\/uploads\/2024\/01\/bandeira-do-ira-715x402.jpg?fit=715%2C402&ssl=1&resize=350%2C200","width":350,"height":200,"srcset":"https:\/\/i0.wp.com\/noticiasribeiraopreto.com.br\/wp-content\/uploads\/2024\/01\/bandeira-do-ira-715x402.jpg?fit=715%2C402&ssl=1&resize=350%2C200 1x, https:\/\/i0.wp.com\/noticiasribeiraopreto.com.br\/wp-content\/uploads\/2024\/01\/bandeira-do-ira-715x402.jpg?fit=715%2C402&ssl=1&resize=525%2C300 1.5x, https:\/\/i0.wp.com\/noticiasribeiraopreto.com.br\/wp-content\/uploads\/2024\/01\/bandeira-do-ira-715x402.jpg?fit=715%2C402&ssl=1&resize=700%2C400 2x"},"classes":[]},{"id":60440,"url":"https:\/\/noticiasribeiraopreto.com.br\/index.php\/2024\/11\/13\/praca-dos-tres-poderes-em-brasilia-e-isolada-apos-explosoes-um-homem-morreu\/","url_meta":{"origin":24103,"position":2},"title":"Pra\u00e7a dos Tr\u00eas Poderes em Bras\u00edlia \u00e9 isolada ap\u00f3s explos\u00f5es; um homem morreu","author":"noticiasribeiraopreto.com.br","date":"13 de November de 2024","format":false,"excerpt":"Fortes explos\u00f5es em sequencia foram registradas na noite desta quarta-feira (13), na Pra\u00e7a dos Tr\u00eas Poderes, em Bras\u00edlia. De acordo com o Corpo de Bombeiros, um homem morreu e a \u00e1rea permanece isolada. Segundo testemunhas, foram ouvidas duas explos\u00f5es em diferentes pontos na Esplanada dos Minist\u00e9rios. Um homem teria acionado\u2026","rel":"","context":"In &quot;Not\u00edcias de Ribeir\u00e3o Preto-SP e Regi\u00e3o&quot;","block_context":{"text":"Not\u00edcias de Ribeir\u00e3o Preto-SP e Regi\u00e3o","link":"https:\/\/noticiasribeiraopreto.com.br\/index.php\/category\/noticias-de-ribeirao-preto-sp-e-regiao-ismael-colosi\/"},"img":{"alt_text":"","src":"https:\/\/i0.wp.com\/noticiasribeiraopreto.com.br\/wp-content\/uploads\/2024\/11\/Copia-de-Copia-de-Copia-de-TAMANHO-EXATO-PARA-FOTOS-NO-SISTEMA-NOVO-91_2024-11-14_00-00-30_png_2024-11-14_00-00-30.webp.webp?fit=1200%2C675&ssl=1&resize=350%2C200","width":350,"height":200,"srcset":"https:\/\/i0.wp.com\/noticiasribeiraopreto.com.br\/wp-content\/uploads\/2024\/11\/Copia-de-Copia-de-Copia-de-TAMANHO-EXATO-PARA-FOTOS-NO-SISTEMA-NOVO-91_2024-11-14_00-00-30_png_2024-11-14_00-00-30.webp.webp?fit=1200%2C675&ssl=1&resize=350%2C200 1x, https:\/\/i0.wp.com\/noticiasribeiraopreto.com.br\/wp-content\/uploads\/2024\/11\/Copia-de-Copia-de-Copia-de-TAMANHO-EXATO-PARA-FOTOS-NO-SISTEMA-NOVO-91_2024-11-14_00-00-30_png_2024-11-14_00-00-30.webp.webp?fit=1200%2C675&ssl=1&resize=525%2C300 1.5x, https:\/\/i0.wp.com\/noticiasribeiraopreto.com.br\/wp-content\/uploads\/2024\/11\/Copia-de-Copia-de-Copia-de-TAMANHO-EXATO-PARA-FOTOS-NO-SISTEMA-NOVO-91_2024-11-14_00-00-30_png_2024-11-14_00-00-30.webp.webp?fit=1200%2C675&ssl=1&resize=700%2C400 2x, https:\/\/i0.wp.com\/noticiasribeiraopreto.com.br\/wp-content\/uploads\/2024\/11\/Copia-de-Copia-de-Copia-de-TAMANHO-EXATO-PARA-FOTOS-NO-SISTEMA-NOVO-91_2024-11-14_00-00-30_png_2024-11-14_00-00-30.webp.webp?fit=1200%2C675&ssl=1&resize=1050%2C600 3x"},"classes":[]},{"id":24631,"url":"https:\/\/noticiasribeiraopreto.com.br\/index.php\/2024\/01\/04\/temor-no-mar-vermelho-ataque-do-ira-e-aviso-dos-eua-deixa-o-oriente-medio-em-estado-de-alerta\/","url_meta":{"origin":24103,"position":3},"title":"Temor no Mar Vermelho: ataque do Ir\u00e3 e aviso dos EUA deixa o Oriente M\u00e9dio em estado de alerta","author":"noticiasribeiraopreto.com.br","date":"4 de January de 2024","format":false,"excerpt":"O temor da escalada do conflito no Oriente M\u00e9dio j\u00e1 vinha tomando corpo no fim do ano passado e agora parece que s\u00e3o cada vez maiores as preocupa\u00e7\u00f5es de que as tens\u00f5es se alastrem por toda a regi\u00e3o, com o envolvimento de novos atores.\u00a0 E mais um sinal veio de\u2026","rel":"","context":"In &quot;Dinheiro e Investimento&quot;","block_context":{"text":"Dinheiro e Investimento","link":"https:\/\/noticiasribeiraopreto.com.br\/index.php\/category\/dinheiro-e-investimento-como-fazer-como-ganhar\/"},"img":{"alt_text":"","src":"https:\/\/i0.wp.com\/noticiasribeiraopreto.com.br\/wp-content\/uploads\/2024\/01\/Mapa-Israel-715x402.jpg?fit=715%2C402&ssl=1&resize=350%2C200","width":350,"height":200,"srcset":"https:\/\/i0.wp.com\/noticiasribeiraopreto.com.br\/wp-content\/uploads\/2024\/01\/Mapa-Israel-715x402.jpg?fit=715%2C402&ssl=1&resize=350%2C200 1x, https:\/\/i0.wp.com\/noticiasribeiraopreto.com.br\/wp-content\/uploads\/2024\/01\/Mapa-Israel-715x402.jpg?fit=715%2C402&ssl=1&resize=525%2C300 1.5x, https:\/\/i0.wp.com\/noticiasribeiraopreto.com.br\/wp-content\/uploads\/2024\/01\/Mapa-Israel-715x402.jpg?fit=715%2C402&ssl=1&resize=700%2C400 2x"},"classes":[]},{"id":71919,"url":"https:\/\/noticiasribeiraopreto.com.br\/index.php\/2025\/06\/11\/policia-indicia-diretores-de-industria-que-explodiu-em-sertaozinho\/","url_meta":{"origin":24103,"position":4},"title":"Pol\u00edcia indicia diretores de ind\u00fastria que explodiu em Sert\u00e3ozinho","author":"noticiasribeiraopreto.com.br","date":"11 de June de 2025","format":false,"excerpt":"Pol\u00edcia indicia diretores de ind\u00fastria que explodiu em Sert\u00e3ozinho 11 de junho de 2025 13:091 Compartilhar0 Pol\u00edcia entendeu que houve neglig\u00eancia no acidente que deixou tr\u00eas mortos, 10 feridos e diversas pessoas tiveram que deixar temporariamente suas casas A Delegacia Seccional de Sert\u00e3ozinho concluiu o inqu\u00e9rito que apura as explos\u00f5es\u2026","rel":"","context":"In &quot;Not\u00edcias de Ribeir\u00e3o Preto-SP e Regi\u00e3o&quot;","block_context":{"text":"Not\u00edcias de Ribeir\u00e3o Preto-SP e Regi\u00e3o","link":"https:\/\/noticiasribeiraopreto.com.br\/index.php\/category\/noticias-de-ribeirao-preto-sp-e-regiao-ismael-colosi\/"},"img":{"alt_text":"","src":"https:\/\/i0.wp.com\/noticiasribeiraopreto.com.br\/wp-content\/uploads\/2025\/06\/11-jun-2025-explosaosertaozinho1.jpg?fit=476%2C500&ssl=1&resize=350%2C200","width":350,"height":200},"classes":[]},{"id":74084,"url":"https:\/\/noticiasribeiraopreto.com.br\/index.php\/2025\/07\/15\/ameacas-explosoes-e-maus-tratos-a-animais-quem-e-o-fazendeiro-investigado-em-ribeirao\/","url_meta":{"origin":24103,"position":5},"title":"Amea\u00e7as, explos\u00f5es e maus-tratos a animais: quem \u00e9 o fazendeiro investigado em Ribeir\u00e3o","author":"noticiasribeiraopreto.com.br","date":"15 de July de 2025","format":false,"excerpt":"O fazendeiro Al\u00edpio Jo\u00e3o J\u00fanior, de 58 anos, acumula hist\u00f3rico de disputas judiciais, problemas com vizinhos e casos de maus-tratos a animais. Ele \u00e9 investigado pela Pol\u00edcia Civil e pelo Minist\u00e9rio P\u00fablico de Ribeir\u00e3o Preto por amea\u00e7as, intimida\u00e7\u00f5es e perturba\u00e7\u00e3o da ordem em um condom\u00ednio no Centro da cidade. Natural\u2026","rel":"","context":"In &quot;Not\u00edcias de Ribeir\u00e3o Preto-SP e Regi\u00e3o&quot;","block_context":{"text":"Not\u00edcias de Ribeir\u00e3o Preto-SP e Regi\u00e3o","link":"https:\/\/noticiasribeiraopreto.com.br\/index.php\/category\/noticias-de-ribeirao-preto-sp-e-regiao-ismael-colosi\/"},"img":{"alt_text":"","src":"https:\/\/i0.wp.com\/noticiasribeiraopreto.com.br\/wp-content\/uploads\/2025\/07\/Copia-de-Copia-de-Copia-de-TAMANHO-EXATO-PARA-FOTOS-NO-SISTEMA-NOVO-2025-07-15T152539.277_2025-07-15_18-26-12.webp.webp?fit=1200%2C675&ssl=1&resize=350%2C200","width":350,"height":200,"srcset":"https:\/\/i0.wp.com\/noticiasribeiraopreto.com.br\/wp-content\/uploads\/2025\/07\/Copia-de-Copia-de-Copia-de-TAMANHO-EXATO-PARA-FOTOS-NO-SISTEMA-NOVO-2025-07-15T152539.277_2025-07-15_18-26-12.webp.webp?fit=1200%2C675&ssl=1&resize=350%2C200 1x, https:\/\/i0.wp.com\/noticiasribeiraopreto.com.br\/wp-content\/uploads\/2025\/07\/Copia-de-Copia-de-Copia-de-TAMANHO-EXATO-PARA-FOTOS-NO-SISTEMA-NOVO-2025-07-15T152539.277_2025-07-15_18-26-12.webp.webp?fit=1200%2C675&ssl=1&resize=525%2C300 1.5x, https:\/\/i0.wp.com\/noticiasribeiraopreto.com.br\/wp-content\/uploads\/2025\/07\/Copia-de-Copia-de-Copia-de-TAMANHO-EXATO-PARA-FOTOS-NO-SISTEMA-NOVO-2025-07-15T152539.277_2025-07-15_18-26-12.webp.webp?fit=1200%2C675&ssl=1&resize=700%2C400 2x, https:\/\/i0.wp.com\/noticiasribeiraopreto.com.br\/wp-content\/uploads\/2025\/07\/Copia-de-Copia-de-Copia-de-TAMANHO-EXATO-PARA-FOTOS-NO-SISTEMA-NOVO-2025-07-15T152539.277_2025-07-15_18-26-12.webp.webp?fit=1200%2C675&ssl=1&resize=1050%2C600 3x"},"classes":[]}],"jetpack_sharing_enabled":true,"jetpack_shortlink":"https:\/\/wp.me\/peQAOb-6gL","_links":{"self":[{"href":"https:\/\/noticiasribeiraopreto.com.br\/index.php\/wp-json\/wp\/v2\/posts\/24103","targetHints":{"allow":["GET"]}}],"collection":[{"href":"https:\/\/noticiasribeiraopreto.com.br\/index.php\/wp-json\/wp\/v2\/posts"}],"about":[{"href":"https:\/\/noticiasribeiraopreto.com.br\/index.php\/wp-json\/wp\/v2\/types\/post"}],"author":[{"embeddable":true,"href":"https:\/\/noticiasribeiraopreto.com.br\/index.php\/wp-json\/wp\/v2\/users\/1"}],"replies":[{"embeddable":true,"href":"https:\/\/noticiasribeiraopreto.com.br\/index.php\/wp-json\/wp\/v2\/comments?post=24103"}],"version-history":[{"count":0,"href":"https:\/\/noticiasribeiraopreto.com.br\/index.php\/wp-json\/wp\/v2\/posts\/24103\/revisions"}],"wp:featuredmedia":[{"embeddable":true,"href":"https:\/\/noticiasribeiraopreto.com.br\/index.php\/wp-json\/wp\/v2\/media\/24104"}],"wp:attachment":[{"href":"https:\/\/noticiasribeiraopreto.com.br\/index.php\/wp-json\/wp\/v2\/media?parent=24103"}],"wp:term":[{"taxonomy":"category","embeddable":true,"href":"https:\/\/noticiasribeiraopreto.com.br\/index.php\/wp-json\/wp\/v2\/categories?post=24103"},{"taxonomy":"post_tag","embeddable":true,"href":"https:\/\/noticiasribeiraopreto.com.br\/index.php\/wp-json\/wp\/v2\/tags?post=24103"}],"curies":[{"name":"wp","href":"https:\/\/api.w.org\/{rel}","templated":true}]}}