{"id":24112,"date":"2024-01-03T15:14:12","date_gmt":"2024-01-03T18:14:12","guid":{"rendered":"https:\/\/noticiasribeiraopreto.com.br\/index.php\/2024\/01\/03\/multas-licenciamento-e-transferencia-de-veiculos-podem-ser-pagos-por-pix-veja-como\/"},"modified":"2024-01-03T15:14:12","modified_gmt":"2024-01-03T18:14:12","slug":"multas-licenciamento-e-transferencia-de-veiculos-podem-ser-pagos-por-pix-veja-como","status":"publish","type":"post","link":"https:\/\/noticiasribeiraopreto.com.br\/index.php\/2024\/01\/03\/multas-licenciamento-e-transferencia-de-veiculos-podem-ser-pagos-por-pix-veja-como\/","title":{"rendered":"Multas, licenciamento e transfer\u00eancia de ve\u00edculos podem ser pagos por Pix; Veja como"},"content":{"rendered":"<div class='code-block code-block-1' style='margin: 8px 0 8px auto; text-align: right; display: block; clear: both;'>\n<p><a href=\"https:\/\/wa.link\/vpicfd\"><img data-recalc-dims=\"1\" class=\"wp-image-4922\" style=\"aspect-ratio: 2.0253164556962027; width: 561px; height: auto;\" src=\"https:\/\/i0.wp.com\/ismaelcolosi.com.br\/wp-content\/uploads\/2023\/11\/grupo-de-empregos-whatsapp-e-facebook-ismael-colosi-vagas.jpg?ssl=1\" alt=\"\" \/><\/a><\/p>\n<!-- \/wp:image -->\n<\/div>\n<p> <br \/>\n<\/p>\n<div data-td-block-uid=\"tdi_104\">\n<div class=\"tdb-block-inner td-fix-index\">\n<p>A partir desta quarta-feira (3) o <strong><a href=\"https:\/\/www.saopaulo.sp.gov.br\/\" target=\"_blank\" rel=\"noreferrer noopener nofollow\">Governo de S\u00e3o Paulo<\/a><\/strong> vai liberar<mark style=\"background-color:#fcb900\" class=\"has-inline-color has-black-color\"> o pagamento do licenciamento, da transfer\u00eancia de ve\u00edculos e de multas de tr\u00e2nsito por Pix<\/mark>. A opera\u00e7\u00e3o ser\u00e1 feita por meio da gera\u00e7\u00e3o de um QR Code, obtido do portal da <strong>Sefaz-SP (Secretaria da Fazenda de S\u00e3o Paulo).<\/strong><\/p>\n<p>Desde outubro, o estado j\u00e1 havia liberado o pagamento do <strong>IPVA (Imposto sobre a Propriedade de Ve\u00edculos Automotores)<\/strong> via Pix.<\/p>\n<p>Confira como pagar os servi\u00e7os dispon\u00edveis por Pix:<\/p>\n<ul>\n<li>Efetue o login e selecione o servi\u00e7o desejado;<\/li>\n<\/ul>\n<ul>\n<li>Para consultar d\u00e9bitos pendentes, preencha os campos com as informa\u00e7\u00f5es necess\u00e1rias (Renavam e placa ou, em alguns servi\u00e7os, CPF\/CNPJ) e clique em \u201cConsultar\u201d.<\/li>\n<\/ul>\n<ul>\n<li>Selecione os d\u00e9bitos que deseja pagar e clique em \u201cPagar via Pix\u201d para a emiss\u00e3o do QR Code.<\/li>\n<\/ul>\n<ul>\n<li>Utilize o aplicativo de seu banco ou institui\u00e7\u00e3o de pagamento para ler o QR Code, ou clique em \u201cCopiar\u201d para utilizar a funcionalidade \u201cPix Copia e Cola\u201d.<\/li>\n<\/ul>\n<ul>\n<li>Em seu aplicativo financeiro, assegure-se de que o pagamento est\u00e1 direcionado \u00e0 Secretaria da Fazenda e Planejamento, sob o CNPJ 46.377.222\/0003-90, em conta do Banco do Brasil.<\/li>\n<\/ul>\n<ul>\n<li>Ap\u00f3s o pagamento, a mensagem \u201cPagamento Confirmado!\u201d ser\u00e1 exibida na tela do sistema da Sefaz.<\/li>\n<\/ul>\n<h4 class=\"wp-block-heading\"><strong>Lembretes importantes:<\/strong><\/h4>\n<ul>\n<li>Vale ressaltar que, a partir da inser\u00e7\u00e3o dos dados, o QR Code gerado tem validade de 15 minutos para o pagamento.<\/li>\n<\/ul>\n<ul>\n<li>Confira antes de pagar: se o destinat\u00e1rio do QR Code divergir, n\u00e3o conclua o pagamento Pix.<\/li>\n<\/ul>\n<ul>\n<li>Para evitar fraudes, o Detran-SP e a Sefaz-SP informam que n\u00e3o enviam boletos, e-mails ou mensagens via Whatsapp com QR Code para pagamento de suas taxas. A \u00fanica forma para realizar o Pix \u00e9 o interessado entrar no site da secretaria e solicitar o c\u00f3digo para o pagamento do d\u00e9bito.<\/li>\n<\/ul>\n<p>VEJA TAMB\u00c9M<br \/>Veja qual foi o resultado do segundo leil\u00e3o de \u00e1reas p\u00fablicas de Ribeir\u00e3o Preto<\/p>\n<h4 class=\"wp-block-heading\"><strong>FIQUE ON<\/strong><\/h4>\n<p>Fique ligado em tudo que acontece em Ribeir\u00e3o Preto e regi\u00e3o. Siga os perfis do <strong>acidade on<\/strong> no <a href=\"https:\/\/www.instagram.com\/acidadeonribeirao\" target=\"_blank\" rel=\"noreferrer noopener nofollow\">Instagram<\/a> e no<a href=\"https:\/\/www.facebook.com\/acidadeonribeirao\" target=\"_blank\" rel=\"noreferrer noopener nofollow\"> Facebook.<\/a><\/p>\n<p>Receba not\u00edcias do<strong> acidade on <\/strong>no WhatsApp. <a href=\"https:\/\/chat.whatsapp.com\/Bnv2w66ZT4VDyZW3oiZ69n\" target=\"_blank\" rel=\"noreferrer noopener nofollow\">Para entrar no grupo, basta clicar aqui.<\/a><\/p>\n<p>Fa\u00e7a uma den\u00fancia ou sugira uma reportagem sobre a Ribeir\u00e3o Preto e regi\u00e3o pelo WhatsApp: (16) 99117 7802.<\/p>\n<p>LEIA MAIS<br \/>Mudan\u00e7a no hor\u00e1rio do BBB 24 define in\u00edcio mais cedo; saiba que horas come\u00e7a o reality aos domingos<\/p>\n<p><!-- AI CONTENT END 1 -->\n<\/div>\n<\/div>\n<p><script async src=\"\/\/www.instagram.com\/embed.js\"><\/script><br \/>\n<br \/><br \/>\n<br \/><a href=\"https:\/\/www.acidadeon.com\/ribeiraopreto\/economia\/multas-licenciamento-e-transferencia-de-veiculos-podem-ser-pagos-por-pix-veja-como\/\">Source link <\/a><\/p>\n<!-- CONTENT END 1 -->\n","protected":false},"excerpt":{"rendered":"<p>A partir desta quarta-feira (3) o Governo de S\u00e3o Paulo vai liberar o pagamento do licenciamento, da transfer\u00eancia de ve\u00edculos e de multas de tr\u00e2nsito&#8230;<\/p>\n","protected":false},"author":1,"featured_media":24113,"comment_status":"open","ping_status":"open","sticky":false,"template":"","format":"standard","meta":{"advanced_seo_description":"","jetpack_seo_html_title":"","jetpack_seo_noindex":false,"jetpack_post_was_ever_published":false,"_jetpack_newsletter_access":"","_jetpack_dont_email_post_to_subs":false,"_jetpack_newsletter_tier_id":0,"_jetpack_memberships_contains_paywalled_content":false,"_jetpack_memberships_contains_paid_content":false,"footnotes":"","jetpack_publicize_message":"","jetpack_publicize_feature_enabled":true,"jetpack_social_post_already_shared":true,"jetpack_social_options":{"image_generator_settings":{"template":"highway","default_image_id":0,"font":"","enabled":false},"version":2}},"categories":[11],"tags":[265,2961,1014,2963,1778,1214,134,845,2962,76,48],"class_list":["post-24112","post","type-post","status-publish","format-standard","has-post-thumbnail","hentry","category-noticias-de-ribeirao-preto-sp-e-regiao-ismael-colosi","tag-como","tag-licenciamento","tag-multas","tag-pagos","tag-pix","tag-podem","tag-por","tag-ser","tag-transferencia","tag-veiculos","tag-veja"],"jetpack_publicize_connections":[],"jetpack_featured_media_url":"https:\/\/i0.wp.com\/noticiasribeiraopreto.com.br\/wp-content\/uploads\/2024\/01\/homem-segurando-celular-pix.jpg?fit=2000%2C1333&ssl=1","jetpack-related-posts":[{"id":33731,"url":"https:\/\/noticiasribeiraopreto.com.br\/index.php\/2024\/01\/30\/emissao-de-cnh-e-documento-de-carro-zero-podem-ser-pagos-via-pix\/","url_meta":{"origin":24112,"position":0},"title":"Emiss\u00e3o de CNH e documento de carro zero podem ser pagos via Pix","author":"noticiasribeiraopreto.com.br","date":"30 de January de 2024","format":false,"excerpt":"O Governo do Estado de S\u00e3o Paulo ampliou nesta segunda-feira (29), os pagamentos de tarifas, servi\u00e7os e impostos estaduais usando a modalidade PIX. Depois do IPVA, multa de tr\u00e2nsito, transfer\u00eancia e licenciamento de ve\u00edculos usados estarem liberados para este sistema de pagamento, agora outras taxas do Detran-SP integraram a lista\u2026","rel":"","context":"In &quot;Not\u00edcias de Ribeir\u00e3o Preto-SP e Regi\u00e3o&quot;","block_context":{"text":"Not\u00edcias de Ribeir\u00e3o Preto-SP e Regi\u00e3o","link":"https:\/\/noticiasribeiraopreto.com.br\/index.php\/category\/noticias-de-ribeirao-preto-sp-e-regiao-ismael-colosi\/"},"img":{"alt_text":"","src":"https:\/\/i0.wp.com\/noticiasribeiraopreto.com.br\/wp-content\/uploads\/2024\/01\/Capturar-7.jpg?fit=726%2C414&ssl=1&resize=350%2C200","width":350,"height":200,"srcset":"https:\/\/i0.wp.com\/noticiasribeiraopreto.com.br\/wp-content\/uploads\/2024\/01\/Capturar-7.jpg?fit=726%2C414&ssl=1&resize=350%2C200 1x, https:\/\/i0.wp.com\/noticiasribeiraopreto.com.br\/wp-content\/uploads\/2024\/01\/Capturar-7.jpg?fit=726%2C414&ssl=1&resize=525%2C300 1.5x, https:\/\/i0.wp.com\/noticiasribeiraopreto.com.br\/wp-content\/uploads\/2024\/01\/Capturar-7.jpg?fit=726%2C414&ssl=1&resize=700%2C400 2x"},"classes":[]},{"id":33773,"url":"https:\/\/noticiasribeiraopreto.com.br\/index.php\/2024\/01\/30\/emissao-de-cnh-e-documento-de-carro-zero-podem-ser-pagos-via-pix-2\/","url_meta":{"origin":24112,"position":1},"title":"Emiss\u00e3o de CNH e documento de carro zero podem ser pagos via Pix","author":"noticiasribeiraopreto.com.br","date":"30 de January de 2024","format":false,"excerpt":"O Governo do Estado de S\u00e3o Paulo ampliou nesta segunda-feira (29), os pagamentos de tarifas, servi\u00e7os e impostos estaduais usando a modalidade PIX. Depois do IPVA, multa de tr\u00e2nsito, transfer\u00eancia e licenciamento de ve\u00edculos usados estarem liberados para este sistema de pagamento, agora outras taxas do Detran-SP integraram a lista\u2026","rel":"","context":"In &quot;Not\u00edcias de Ribeir\u00e3o Preto-SP e Regi\u00e3o&quot;","block_context":{"text":"Not\u00edcias de Ribeir\u00e3o Preto-SP e Regi\u00e3o","link":"https:\/\/noticiasribeiraopreto.com.br\/index.php\/category\/noticias-de-ribeirao-preto-sp-e-regiao-ismael-colosi\/"},"img":{"alt_text":"","src":"https:\/\/i0.wp.com\/noticiasribeiraopreto.com.br\/wp-content\/uploads\/2024\/01\/1706649042_Capturar-7.jpg?fit=726%2C414&ssl=1&resize=350%2C200","width":350,"height":200,"srcset":"https:\/\/i0.wp.com\/noticiasribeiraopreto.com.br\/wp-content\/uploads\/2024\/01\/1706649042_Capturar-7.jpg?fit=726%2C414&ssl=1&resize=350%2C200 1x, https:\/\/i0.wp.com\/noticiasribeiraopreto.com.br\/wp-content\/uploads\/2024\/01\/1706649042_Capturar-7.jpg?fit=726%2C414&ssl=1&resize=525%2C300 1.5x, https:\/\/i0.wp.com\/noticiasribeiraopreto.com.br\/wp-content\/uploads\/2024\/01\/1706649042_Capturar-7.jpg?fit=726%2C414&ssl=1&resize=700%2C400 2x"},"classes":[]},{"id":11907,"url":"https:\/\/noticiasribeiraopreto.com.br\/index.php\/2023\/12\/07\/calendario-do-ipva-2024-e-divulgado-com-nova-opcao-de-pagamento-via-pix\/","url_meta":{"origin":24112,"position":2},"title":"Calend\u00e1rio do IPVA 2024 \u00e9 divulgado com nova op\u00e7\u00e3o de pagamento via Pix","author":"noticiasribeiraopreto.com.br","date":"7 de December de 2023","format":false,"excerpt":"O Governo do Estado de S\u00e3o Paulo divulgou nesta quarta-feira, 6 de dezembro, o calend\u00e1rio de pagamento do IPVA 2024 (Imposto sobre a Propriedade de Ve\u00edculos Automotores), com o primeiro vencimento para 11 de janeiro. A medida foi publicada por meio do Decreto n\u00ba 68.142\/2023, no Di\u00e1rio Oficial do Estado\u2026","rel":"","context":"In &quot;Vagas de Emprego em Ribeir\u00e3o Preto-SP&quot;","block_context":{"text":"Vagas de Emprego em Ribeir\u00e3o Preto-SP","link":"https:\/\/noticiasribeiraopreto.com.br\/index.php\/category\/empregos-classificados-vagas-trabalho\/vagas-de-empregos-em-ribeirao-preto-regiao-brasil\/"},"img":{"alt_text":"","src":"https:\/\/i0.wp.com\/noticiasribeiraopreto.com.br\/wp-content\/uploads\/2023\/12\/calendario-ipva-2024-sao-paulo.jpg?fit=570%2C555&ssl=1&resize=350%2C200","width":350,"height":200,"srcset":"https:\/\/i0.wp.com\/noticiasribeiraopreto.com.br\/wp-content\/uploads\/2023\/12\/calendario-ipva-2024-sao-paulo.jpg?fit=570%2C555&ssl=1&resize=350%2C200 1x, https:\/\/i0.wp.com\/noticiasribeiraopreto.com.br\/wp-content\/uploads\/2023\/12\/calendario-ipva-2024-sao-paulo.jpg?fit=570%2C555&ssl=1&resize=525%2C300 1.5x"},"classes":[]},{"id":11599,"url":"https:\/\/noticiasribeiraopreto.com.br\/index.php\/2023\/12\/06\/ipva-2024-em-sao-paulo-calendario-comeca-em-11-de-janeiro-veja-quando-vence-o-imposto-do-seu-carro-de-acordo-com-a-placa\/","url_meta":{"origin":24112,"position":3},"title":"IPVA 2024 em S\u00e3o Paulo: calend\u00e1rio come\u00e7a em 11 de janeiro; veja quando vence o imposto do seu carro, de acordo com a placa","author":"noticiasribeiraopreto.com.br","date":"6 de December de 2023","format":false,"excerpt":"Aten\u00e7\u00e3o: as despesas da virada do ano v\u00eam a\u00ed! O governo do estado de S\u00e3o Paulo publicou no Di\u00e1rio Oficial paulista desta quarta-feira (06) o calend\u00e1rio com as datas de vencimento do Imposto sobre a Propriedade de Ve\u00edculos Automotores - IPVA 2024, de acordo com o tipo e a placa\u2026","rel":"","context":"In &quot;Dinheiro e Investimento&quot;","block_context":{"text":"Dinheiro e Investimento","link":"https:\/\/noticiasribeiraopreto.com.br\/index.php\/category\/dinheiro-e-investimento-como-fazer-como-ganhar\/"},"img":{"alt_text":"","src":"https:\/\/i0.wp.com\/noticiasribeiraopreto.com.br\/wp-content\/uploads\/2023\/12\/shutterstock_420463105-628x353.jpg?fit=628%2C353&ssl=1&resize=350%2C200","width":350,"height":200,"srcset":"https:\/\/i0.wp.com\/noticiasribeiraopreto.com.br\/wp-content\/uploads\/2023\/12\/shutterstock_420463105-628x353.jpg?fit=628%2C353&ssl=1&resize=350%2C200 1x, https:\/\/i0.wp.com\/noticiasribeiraopreto.com.br\/wp-content\/uploads\/2023\/12\/shutterstock_420463105-628x353.jpg?fit=628%2C353&ssl=1&resize=525%2C300 1.5x"},"classes":[]},{"id":82118,"url":"https:\/\/noticiasribeiraopreto.com.br\/index.php\/2026\/02\/04\/ribeirao-preto-aparece-na-5a-posicao-em-sp-com-60-mil-veiculos-licenciados\/","url_meta":{"origin":24112,"position":4},"title":"Ribeir\u00e3o Preto aparece na 5\u00aa posi\u00e7\u00e3o em SP com 60 mil ve\u00edculos licenciados","author":"noticiasribeiraopreto.com.br","date":"4 de February de 2026","format":false,"excerpt":"Ribeir\u00e3o Preto est\u00e1 entre os munic\u00edpios com maior n\u00famero de ve\u00edculos licenciados no estado de S\u00e3o Paulo em 2026. Dados do Departamento Estadual de Tr\u00e2nsito de S\u00e3o Paulo (Detran-SP) indicam que 60.270 ve\u00edculos foram licenciados na cidade em janeiro, o que coloca o munic\u00edpio na 5\u00aa posi\u00e7\u00e3o no ranking estadual.\u2026","rel":"","context":"In &quot;Not\u00edcias de Ribeir\u00e3o Preto-SP e Regi\u00e3o&quot;","block_context":{"text":"Not\u00edcias de Ribeir\u00e3o Preto-SP e Regi\u00e3o","link":"https:\/\/noticiasribeiraopreto.com.br\/index.php\/category\/noticias-de-ribeirao-preto-sp-e-regiao-ismael-colosi\/"},"img":{"alt_text":"","src":"https:\/\/i0.wp.com\/noticiasribeiraopreto.com.br\/wp-content\/uploads\/2025\/07\/WhatsApp-Image-2025-04-28-at-07.17.05_2025-04-28_10-22-30.webp.webp?fit=1200%2C900&ssl=1&resize=350%2C200","width":350,"height":200,"srcset":"https:\/\/i0.wp.com\/noticiasribeiraopreto.com.br\/wp-content\/uploads\/2025\/07\/WhatsApp-Image-2025-04-28-at-07.17.05_2025-04-28_10-22-30.webp.webp?fit=1200%2C900&ssl=1&resize=350%2C200 1x, https:\/\/i0.wp.com\/noticiasribeiraopreto.com.br\/wp-content\/uploads\/2025\/07\/WhatsApp-Image-2025-04-28-at-07.17.05_2025-04-28_10-22-30.webp.webp?fit=1200%2C900&ssl=1&resize=525%2C300 1.5x, https:\/\/i0.wp.com\/noticiasribeiraopreto.com.br\/wp-content\/uploads\/2025\/07\/WhatsApp-Image-2025-04-28-at-07.17.05_2025-04-28_10-22-30.webp.webp?fit=1200%2C900&ssl=1&resize=700%2C400 2x, https:\/\/i0.wp.com\/noticiasribeiraopreto.com.br\/wp-content\/uploads\/2025\/07\/WhatsApp-Image-2025-04-28-at-07.17.05_2025-04-28_10-22-30.webp.webp?fit=1200%2C900&ssl=1&resize=1050%2C600 3x"},"classes":[]},{"id":22489,"url":"https:\/\/noticiasribeiraopreto.com.br\/index.php\/2023\/12\/29\/veja-calendario-e-novas-formas-de-pagamento\/","url_meta":{"origin":24112,"position":5},"title":"veja calend\u00e1rio e novas formas de pagamento","author":"noticiasribeiraopreto.com.br","date":"29 de December de 2023","format":false,"excerpt":"Os propriet\u00e1rios de ve\u00edculos registrados no Estado de S\u00e3o Paulo j\u00e1 podem conferir o valor do Imposto sobre a Propriedade de Ve\u00edculos Automotores (IPVA) de 2024 em toda a rede banc\u00e1ria. A consulta pode ser realizada nos terminais de autoatendimento, internet banking e aplicativos de celular disponibilizados pelos bancos, bastando\u2026","rel":"","context":"In &quot;Variedades&quot;","block_context":{"text":"Variedades","link":"https:\/\/noticiasribeiraopreto.com.br\/index.php\/category\/variedades\/"},"img":{"alt_text":"","src":"https:\/\/i0.wp.com\/noticiasribeiraopreto.com.br\/wp-content\/uploads\/2023\/12\/1703904404_istock-472213201.jpg?fit=1200%2C638&ssl=1&resize=350%2C200","width":350,"height":200,"srcset":"https:\/\/i0.wp.com\/noticiasribeiraopreto.com.br\/wp-content\/uploads\/2023\/12\/1703904404_istock-472213201.jpg?fit=1200%2C638&ssl=1&resize=350%2C200 1x, https:\/\/i0.wp.com\/noticiasribeiraopreto.com.br\/wp-content\/uploads\/2023\/12\/1703904404_istock-472213201.jpg?fit=1200%2C638&ssl=1&resize=525%2C300 1.5x, https:\/\/i0.wp.com\/noticiasribeiraopreto.com.br\/wp-content\/uploads\/2023\/12\/1703904404_istock-472213201.jpg?fit=1200%2C638&ssl=1&resize=700%2C400 2x, https:\/\/i0.wp.com\/noticiasribeiraopreto.com.br\/wp-content\/uploads\/2023\/12\/1703904404_istock-472213201.jpg?fit=1200%2C638&ssl=1&resize=1050%2C600 3x"},"classes":[]}],"jetpack_sharing_enabled":true,"jetpack_shortlink":"https:\/\/wp.me\/peQAOb-6gU","_links":{"self":[{"href":"https:\/\/noticiasribeiraopreto.com.br\/index.php\/wp-json\/wp\/v2\/posts\/24112","targetHints":{"allow":["GET"]}}],"collection":[{"href":"https:\/\/noticiasribeiraopreto.com.br\/index.php\/wp-json\/wp\/v2\/posts"}],"about":[{"href":"https:\/\/noticiasribeiraopreto.com.br\/index.php\/wp-json\/wp\/v2\/types\/post"}],"author":[{"embeddable":true,"href":"https:\/\/noticiasribeiraopreto.com.br\/index.php\/wp-json\/wp\/v2\/users\/1"}],"replies":[{"embeddable":true,"href":"https:\/\/noticiasribeiraopreto.com.br\/index.php\/wp-json\/wp\/v2\/comments?post=24112"}],"version-history":[{"count":0,"href":"https:\/\/noticiasribeiraopreto.com.br\/index.php\/wp-json\/wp\/v2\/posts\/24112\/revisions"}],"wp:featuredmedia":[{"embeddable":true,"href":"https:\/\/noticiasribeiraopreto.com.br\/index.php\/wp-json\/wp\/v2\/media\/24113"}],"wp:attachment":[{"href":"https:\/\/noticiasribeiraopreto.com.br\/index.php\/wp-json\/wp\/v2\/media?parent=24112"}],"wp:term":[{"taxonomy":"category","embeddable":true,"href":"https:\/\/noticiasribeiraopreto.com.br\/index.php\/wp-json\/wp\/v2\/categories?post=24112"},{"taxonomy":"post_tag","embeddable":true,"href":"https:\/\/noticiasribeiraopreto.com.br\/index.php\/wp-json\/wp\/v2\/tags?post=24112"}],"curies":[{"name":"wp","href":"https:\/\/api.w.org\/{rel}","templated":true}]}}