{"id":24151,"date":"2024-01-03T17:05:50","date_gmt":"2024-01-03T20:05:50","guid":{"rendered":"https:\/\/noticiasribeiraopreto.com.br\/index.php\/2024\/01\/03\/antonio-e-jogado-dentro-de-prisao-e-passa-apuros-nas-maos-de-criminoso-valentao\/"},"modified":"2024-01-03T17:05:50","modified_gmt":"2024-01-03T20:05:50","slug":"antonio-e-jogado-dentro-de-prisao-e-passa-apuros-nas-maos-de-criminoso-valentao","status":"publish","type":"post","link":"https:\/\/noticiasribeiraopreto.com.br\/index.php\/2024\/01\/03\/antonio-e-jogado-dentro-de-prisao-e-passa-apuros-nas-maos-de-criminoso-valentao\/","title":{"rendered":"Ant\u00f4nio \u00e9 jogado dentro de pris\u00e3o e passa apuros nas m\u00e3os de criminoso valent\u00e3o"},"content":{"rendered":"<div class='code-block code-block-1' style='margin: 8px 0 8px auto; text-align: right; display: block; clear: both;'>\n<p><a href=\"https:\/\/wa.link\/vpicfd\"><img data-recalc-dims=\"1\" class=\"wp-image-4922\" style=\"aspect-ratio: 2.0253164556962027; width: 561px; height: auto;\" src=\"https:\/\/i0.wp.com\/ismaelcolosi.com.br\/wp-content\/uploads\/2023\/11\/grupo-de-empregos-whatsapp-e-facebook-ismael-colosi-vagas.jpg?ssl=1\" alt=\"\" \/><\/a><\/p>\n<!-- \/wp:image -->\n<\/div>\n<p> <br \/>\n<\/p>\n<div itemprop=\"text\">\n<p>Aline e Teresinha s\u00e3o resgatadas com sucesso e, ao prestarem depoimento, identificam o esposo de Irene como o respons\u00e1vel por ordenar o sequestro. <em>\u201cPor mais exausta que esteja, eu quero justi\u00e7a! Quero ver Ant\u00f4nio La Selva na cadeia!\u201d<\/em>, revela Aline.<\/p>\n<p>Rapidamente, Marino chega \u00e0 resid\u00eancia do rei da soja com uma not\u00edcia desfavor\u00e1vel e lhe d\u00e1 voz de pris\u00e3o, deixando-o surtado. Quando Marino pega as algemas, Silv\u00e9rio, advogado dos La Selva, tenta convencer que n\u00e3o se faz necess\u00e1rio algemar seu cliente, mas ser\u00e1 em v\u00e3o.<\/p>\n<p>O delegado de Nova Primavera far\u00e1 quest\u00e3o de algemar Ant\u00f4nio La Selva e dir\u00e1 que assim o fazendeiro ter\u00e1 certeza de que n\u00e3o est\u00e1 acima de ningu\u00e9m e nem da lei.<\/p>\n<p>Proferindo xingamentos, Ant\u00f4nio \u00e9 conduzido at\u00e9 a delegacia, e, desta vez, seu advogado n\u00e3o consegue evitar a pris\u00e3o. Neste momento, o rei da soja, come\u00e7ar\u00e1 a esbravejar com seu advogado afirmando que ele \u00e9 um imprest\u00e1vel. Antes de ser jogado na cela da delegacia, Ant\u00f4nio ir\u00e1 jurar que se vingar\u00e1 de Marino.<\/p>\n<p>A arrog\u00e2ncia do fazendeiro e sua gritaria sem fim acaba incomodando seu companheiro de cela um criminoso que n\u00e3o se importa nem um pouco se Ant\u00f4nio \u00e9 poderoso ou n\u00e3o e logo vai partir para cima do rei da soja.<\/p>\n<p>Neste momento, o marido de Irene ir\u00e1 perguntar se o bandido sabe com quem est\u00e1 falando e ver\u00e1 que dentro da cadeia ele n\u00e3o \u00e9 mais que um criminoso.<\/p>\n<p><i>\u201cSei, sim. Com um velho seboso e metido a besta que t\u00e1 atrapalhando o meu sono! Vou te dar a real, vov\u00f4: aqui dentro, \u00e9 isso que voc\u00ea \u00e9! Ent\u00e3o, cala a boca e me deixa dormir, antes que eu perca a paci\u00eancia e arranque a sua l\u00edngua\u201d<\/i>, fazendo com que o algoz de Aline fique manso como um cordeirinho.<\/p>\n<\/div>\n<p><br \/>\n<br \/><a href=\"https:\/\/fnmais.com\/terra-paixao-antonio-jogado-dentro-prisao-passa-apuros-nas-maos-criminoso-valentao\/\">Source link <\/a><\/p>\n<!-- CONTENT END 1 -->\n","protected":false},"excerpt":{"rendered":"<p>Aline e Teresinha s\u00e3o resgatadas com sucesso e, ao prestarem depoimento, identificam o esposo de Irene como o respons\u00e1vel por ordenar o sequestro. \u201cPor mais&#8230;<\/p>\n","protected":false},"author":1,"featured_media":24152,"comment_status":"open","ping_status":"open","sticky":false,"template":"","format":"standard","meta":{"advanced_seo_description":"","jetpack_seo_html_title":"","jetpack_seo_noindex":false,"jetpack_post_was_ever_published":false,"_jetpack_newsletter_access":"","_jetpack_dont_email_post_to_subs":false,"_jetpack_newsletter_tier_id":0,"_jetpack_memberships_contains_paywalled_content":false,"_jetpack_memberships_contains_paid_content":false,"footnotes":"","jetpack_publicize_message":"","jetpack_publicize_feature_enabled":true,"jetpack_social_post_already_shared":true,"jetpack_social_options":{"image_generator_settings":{"template":"highway","default_image_id":0,"font":"","enabled":false},"version":2}},"categories":[1],"tags":[],"class_list":["post-24151","post","type-post","status-publish","format-standard","has-post-thumbnail","hentry","category-blog"],"jetpack_publicize_connections":[],"jetpack_featured_media_url":"https:\/\/i0.wp.com\/noticiasribeiraopreto.com.br\/wp-content\/uploads\/2024\/01\/postimg-65959b05cd1783517.jpg?fit=1200%2C628&ssl=1","jetpack-related-posts":[{"id":25017,"url":"https:\/\/noticiasribeiraopreto.com.br\/index.php\/2024\/01\/05\/resumo-sabado-6-antonio-coloca-plano-perverso-em-pratica-e-lucinda-tem-um-triste-desfecho-na-trama\/","url_meta":{"origin":24151,"position":0},"title":"Resumo s\u00e1bado (6) \u2013 Ant\u00f4nio coloca plano perverso em pr\u00e1tica e Lucinda tem um triste desfecho na trama","author":"noticiasribeiraopreto.com.br","date":"5 de January de 2024","format":false,"excerpt":"Nas pr\u00f3ximas semanas os \u00faltimos cap\u00edtulos de Terra e Paix\u00e3o ser\u00e3o exibidos e o p\u00fablico n\u00e3o perde por esperar os desfechos que v\u00e3o acontecer at\u00e9 a grande final.Ant\u00f4nio La Selva, mesmo com todos os crimes que cometeu vai conseguir deixar a cadeia e furioso far\u00e1 a terra tremer em Nova\u2026","rel":"","context":"In &quot;Blog&quot;","block_context":{"text":"Blog","link":"https:\/\/noticiasribeiraopreto.com.br\/index.php\/category\/blog\/"},"img":{"alt_text":"","src":"https:\/\/i0.wp.com\/noticiasribeiraopreto.com.br\/wp-content\/uploads\/2024\/01\/postimg-6598492700f1c3002.jpg?fit=1200%2C628&ssl=1&resize=350%2C200","width":350,"height":200,"srcset":"https:\/\/i0.wp.com\/noticiasribeiraopreto.com.br\/wp-content\/uploads\/2024\/01\/postimg-6598492700f1c3002.jpg?fit=1200%2C628&ssl=1&resize=350%2C200 1x, https:\/\/i0.wp.com\/noticiasribeiraopreto.com.br\/wp-content\/uploads\/2024\/01\/postimg-6598492700f1c3002.jpg?fit=1200%2C628&ssl=1&resize=525%2C300 1.5x, https:\/\/i0.wp.com\/noticiasribeiraopreto.com.br\/wp-content\/uploads\/2024\/01\/postimg-6598492700f1c3002.jpg?fit=1200%2C628&ssl=1&resize=700%2C400 2x, https:\/\/i0.wp.com\/noticiasribeiraopreto.com.br\/wp-content\/uploads\/2024\/01\/postimg-6598492700f1c3002.jpg?fit=1200%2C628&ssl=1&resize=1050%2C600 3x"},"classes":[]},{"id":25634,"url":"https:\/\/noticiasribeiraopreto.com.br\/index.php\/2024\/01\/08\/em-cena-de-cortar-o-coracao-lucinda-abre-os-olhos-apos-coma-profundo-e-tem-desfecho-inesperado\/","url_meta":{"origin":24151,"position":1},"title":"Em cena de cortar o cora\u00e7\u00e3o, Lucinda abre os olhos ap\u00f3s coma profundo e tem desfecho inesperado","author":"noticiasribeiraopreto.com.br","date":"8 de January de 2024","format":false,"excerpt":"Ant\u00f4nio La Selva n\u00e3o tem limites e desta vez foi Lucinda que pagou caro por sua ira e sede de poder. Ap\u00f3s ser preso por causa do sequestro de Aline, o rei da soja, jurou que se vingaria de Marino e contratou um assassino para tirar a vida de Lucinda.A\u2026","rel":"","context":"In &quot;Blog&quot;","block_context":{"text":"Blog","link":"https:\/\/noticiasribeiraopreto.com.br\/index.php\/category\/blog\/"},"img":{"alt_text":"","src":"https:\/\/i0.wp.com\/noticiasribeiraopreto.com.br\/wp-content\/uploads\/2024\/01\/postimg-659b340666ad99263.jpg?fit=1200%2C628&ssl=1&resize=350%2C200","width":350,"height":200,"srcset":"https:\/\/i0.wp.com\/noticiasribeiraopreto.com.br\/wp-content\/uploads\/2024\/01\/postimg-659b340666ad99263.jpg?fit=1200%2C628&ssl=1&resize=350%2C200 1x, https:\/\/i0.wp.com\/noticiasribeiraopreto.com.br\/wp-content\/uploads\/2024\/01\/postimg-659b340666ad99263.jpg?fit=1200%2C628&ssl=1&resize=525%2C300 1.5x, https:\/\/i0.wp.com\/noticiasribeiraopreto.com.br\/wp-content\/uploads\/2024\/01\/postimg-659b340666ad99263.jpg?fit=1200%2C628&ssl=1&resize=700%2C400 2x, https:\/\/i0.wp.com\/noticiasribeiraopreto.com.br\/wp-content\/uploads\/2024\/01\/postimg-659b340666ad99263.jpg?fit=1200%2C628&ssl=1&resize=1050%2C600 3x"},"classes":[]},{"id":25533,"url":"https:\/\/noticiasribeiraopreto.com.br\/index.php\/2024\/01\/07\/em-cena-marcante-jussara-expoe-o-maior-segredo-de-antonio-e-derruba-o-imperio-do-rei-da-soja\/","url_meta":{"origin":24151,"position":2},"title":"Em cena marcante, Jussara exp\u00f5e o maior segredo de Ant\u00f4nio e derruba o imp\u00e9rio do rei da soja","author":"noticiasribeiraopreto.com.br","date":"7 de January de 2024","format":false,"excerpt":"A novela Terra e Paix\u00e3o que vai ao ar no hor\u00e1rio nobre da TV Globo entrou em sua reta final e est\u00e1 prestes a ter um dos maiores segredos da trama exposto.Ant\u00f4nio La Selva, o rei da soja, sempre foi o homem mais importante de Nova Primavera, ningu\u00e9m jamais teve\u2026","rel":"","context":"In &quot;Blog&quot;","block_context":{"text":"Blog","link":"https:\/\/noticiasribeiraopreto.com.br\/index.php\/category\/blog\/"},"img":{"alt_text":"","src":"https:\/\/i0.wp.com\/noticiasribeiraopreto.com.br\/wp-content\/uploads\/2024\/01\/postimg-659ae32be34da4098.jpg?fit=1200%2C628&ssl=1&resize=350%2C200","width":350,"height":200,"srcset":"https:\/\/i0.wp.com\/noticiasribeiraopreto.com.br\/wp-content\/uploads\/2024\/01\/postimg-659ae32be34da4098.jpg?fit=1200%2C628&ssl=1&resize=350%2C200 1x, https:\/\/i0.wp.com\/noticiasribeiraopreto.com.br\/wp-content\/uploads\/2024\/01\/postimg-659ae32be34da4098.jpg?fit=1200%2C628&ssl=1&resize=525%2C300 1.5x, https:\/\/i0.wp.com\/noticiasribeiraopreto.com.br\/wp-content\/uploads\/2024\/01\/postimg-659ae32be34da4098.jpg?fit=1200%2C628&ssl=1&resize=700%2C400 2x, https:\/\/i0.wp.com\/noticiasribeiraopreto.com.br\/wp-content\/uploads\/2024\/01\/postimg-659ae32be34da4098.jpg?fit=1200%2C628&ssl=1&resize=1050%2C600 3x"},"classes":[]},{"id":20026,"url":"https:\/\/noticiasribeiraopreto.com.br\/index.php\/2023\/12\/23\/terra-e-paixao-resumo-segunda-feira-25\/","url_meta":{"origin":24151,"position":3},"title":"Terra e Paix\u00e3o: Resumo segunda-feira (25)","author":"noticiasribeiraopreto.com.br","date":"23 de December de 2023","format":false,"excerpt":"Nos pr\u00f3ximos cap\u00edtulos de Terra e Paix\u00e3o a f\u00faria de Ant\u00f4nio La Selva vai aumentar ainda mais por n\u00e3o saber sobre o paradeiro de Aline.O rei da soja n\u00e3o aceita a gravidez de Aline e por isso quer a todo custo impedir que os beb\u00eas nas\u00e7am. Enquanto isso, Caio vai\u2026","rel":"","context":"In &quot;Blog&quot;","block_context":{"text":"Blog","link":"https:\/\/noticiasribeiraopreto.com.br\/index.php\/category\/blog\/"},"img":{"alt_text":"","src":"https:\/\/i0.wp.com\/noticiasribeiraopreto.com.br\/wp-content\/uploads\/2023\/12\/postimg-6587831544e058962.jpg?fit=1200%2C628&ssl=1&resize=350%2C200","width":350,"height":200,"srcset":"https:\/\/i0.wp.com\/noticiasribeiraopreto.com.br\/wp-content\/uploads\/2023\/12\/postimg-6587831544e058962.jpg?fit=1200%2C628&ssl=1&resize=350%2C200 1x, https:\/\/i0.wp.com\/noticiasribeiraopreto.com.br\/wp-content\/uploads\/2023\/12\/postimg-6587831544e058962.jpg?fit=1200%2C628&ssl=1&resize=525%2C300 1.5x, https:\/\/i0.wp.com\/noticiasribeiraopreto.com.br\/wp-content\/uploads\/2023\/12\/postimg-6587831544e058962.jpg?fit=1200%2C628&ssl=1&resize=700%2C400 2x, https:\/\/i0.wp.com\/noticiasribeiraopreto.com.br\/wp-content\/uploads\/2023\/12\/postimg-6587831544e058962.jpg?fit=1200%2C628&ssl=1&resize=1050%2C600 3x"},"classes":[]},{"id":4101,"url":"https:\/\/noticiasribeiraopreto.com.br\/index.php\/2023\/11\/20\/resumo-terca-feira-21-gravida-aline-cai-emboscada-e-atacada-fica-inconsciente-e-tem-desfecho-tragico\/","url_meta":{"origin":24151,"position":4},"title":"Resumo ter\u00e7a-feira (21) \u2013 Gr\u00e1vida, Aline cai emboscada \u00e9 atacada fica inconsciente e tem desfecho tr\u00e1gico","author":"noticiasribeiraopreto.com.br","date":"20 de November de 2023","format":false,"excerpt":"Ao que parece Nova Primavera vai ficar pequena para Ant\u00f4nio, Aline e Agatha, sendo assim a dona das terras vermelhas est\u00e1 com os dias contatos e novamente ser\u00e1 v\u00edtima das maldades dos La Selva.Agatha n\u00e3o ficar\u00e1 satisfeita em ter apenas a fortuna de Ant\u00f4nio em suas m\u00e3os. Mesmo sabendo que\u2026","rel":"","context":"In &quot;Blog&quot;","block_context":{"text":"Blog","link":"https:\/\/noticiasribeiraopreto.com.br\/index.php\/category\/blog\/"},"img":{"alt_text":"","src":"https:\/\/i0.wp.com\/noticiasribeiraopreto.com.br\/wp-content\/uploads\/2023\/11\/postimg-655bba071df7e7630.jpg?fit=1200%2C628&ssl=1&resize=350%2C200","width":350,"height":200,"srcset":"https:\/\/i0.wp.com\/noticiasribeiraopreto.com.br\/wp-content\/uploads\/2023\/11\/postimg-655bba071df7e7630.jpg?fit=1200%2C628&ssl=1&resize=350%2C200 1x, https:\/\/i0.wp.com\/noticiasribeiraopreto.com.br\/wp-content\/uploads\/2023\/11\/postimg-655bba071df7e7630.jpg?fit=1200%2C628&ssl=1&resize=525%2C300 1.5x, https:\/\/i0.wp.com\/noticiasribeiraopreto.com.br\/wp-content\/uploads\/2023\/11\/postimg-655bba071df7e7630.jpg?fit=1200%2C628&ssl=1&resize=700%2C400 2x, https:\/\/i0.wp.com\/noticiasribeiraopreto.com.br\/wp-content\/uploads\/2023\/11\/postimg-655bba071df7e7630.jpg?fit=1200%2C628&ssl=1&resize=1050%2C600 3x"},"classes":[]},{"id":26357,"url":"https:\/\/noticiasribeiraopreto.com.br\/index.php\/2024\/01\/09\/antes-do-derradeiro-adeus-irene-causa-assombro-ao-expor-maior-segredo-de-petra\/","url_meta":{"origin":24151,"position":5},"title":"Antes do derradeiro adeus, Irene causa assombro ao expor maior segredo de Petra","author":"noticiasribeiraopreto.com.br","date":"9 de January de 2024","format":false,"excerpt":"O que esperar dos \u00faltimos cap\u00edtulos de Terra e Paix\u00e3o? Quem vem acompanhando o folhetim que vai ao ar no hor\u00e1rio nobre da TV Globo, sabe que a reta final da novela ainda tem muito para oferecer.A novela vem oferecendo cenas de muita emo\u00e7\u00e3o, o atentado contra Lucinda levou muita\u2026","rel":"","context":"In &quot;Blog&quot;","block_context":{"text":"Blog","link":"https:\/\/noticiasribeiraopreto.com.br\/index.php\/category\/blog\/"},"img":{"alt_text":"","src":"https:\/\/i0.wp.com\/noticiasribeiraopreto.com.br\/wp-content\/uploads\/2024\/01\/postimg-659db2e25afcc3889.jpg?fit=1200%2C628&ssl=1&resize=350%2C200","width":350,"height":200,"srcset":"https:\/\/i0.wp.com\/noticiasribeiraopreto.com.br\/wp-content\/uploads\/2024\/01\/postimg-659db2e25afcc3889.jpg?fit=1200%2C628&ssl=1&resize=350%2C200 1x, https:\/\/i0.wp.com\/noticiasribeiraopreto.com.br\/wp-content\/uploads\/2024\/01\/postimg-659db2e25afcc3889.jpg?fit=1200%2C628&ssl=1&resize=525%2C300 1.5x, https:\/\/i0.wp.com\/noticiasribeiraopreto.com.br\/wp-content\/uploads\/2024\/01\/postimg-659db2e25afcc3889.jpg?fit=1200%2C628&ssl=1&resize=700%2C400 2x, https:\/\/i0.wp.com\/noticiasribeiraopreto.com.br\/wp-content\/uploads\/2024\/01\/postimg-659db2e25afcc3889.jpg?fit=1200%2C628&ssl=1&resize=1050%2C600 3x"},"classes":[]}],"jetpack_sharing_enabled":true,"jetpack_shortlink":"https:\/\/wp.me\/peQAOb-6hx","_links":{"self":[{"href":"https:\/\/noticiasribeiraopreto.com.br\/index.php\/wp-json\/wp\/v2\/posts\/24151","targetHints":{"allow":["GET"]}}],"collection":[{"href":"https:\/\/noticiasribeiraopreto.com.br\/index.php\/wp-json\/wp\/v2\/posts"}],"about":[{"href":"https:\/\/noticiasribeiraopreto.com.br\/index.php\/wp-json\/wp\/v2\/types\/post"}],"author":[{"embeddable":true,"href":"https:\/\/noticiasribeiraopreto.com.br\/index.php\/wp-json\/wp\/v2\/users\/1"}],"replies":[{"embeddable":true,"href":"https:\/\/noticiasribeiraopreto.com.br\/index.php\/wp-json\/wp\/v2\/comments?post=24151"}],"version-history":[{"count":0,"href":"https:\/\/noticiasribeiraopreto.com.br\/index.php\/wp-json\/wp\/v2\/posts\/24151\/revisions"}],"wp:featuredmedia":[{"embeddable":true,"href":"https:\/\/noticiasribeiraopreto.com.br\/index.php\/wp-json\/wp\/v2\/media\/24152"}],"wp:attachment":[{"href":"https:\/\/noticiasribeiraopreto.com.br\/index.php\/wp-json\/wp\/v2\/media?parent=24151"}],"wp:term":[{"taxonomy":"category","embeddable":true,"href":"https:\/\/noticiasribeiraopreto.com.br\/index.php\/wp-json\/wp\/v2\/categories?post=24151"},{"taxonomy":"post_tag","embeddable":true,"href":"https:\/\/noticiasribeiraopreto.com.br\/index.php\/wp-json\/wp\/v2\/tags?post=24151"}],"curies":[{"name":"wp","href":"https:\/\/api.w.org\/{rel}","templated":true}]}}