{"id":24198,"date":"2024-01-03T19:06:23","date_gmt":"2024-01-03T22:06:23","guid":{"rendered":"https:\/\/noticiasribeiraopreto.com.br\/index.php\/2024\/01\/03\/trecho-da-avenida-nove-de-julho-em-ribeirao-e-liberado-apos-seis-meses-de-interdicao\/"},"modified":"2024-01-03T19:06:23","modified_gmt":"2024-01-03T22:06:23","slug":"trecho-da-avenida-nove-de-julho-em-ribeirao-e-liberado-apos-seis-meses-de-interdicao","status":"publish","type":"post","link":"https:\/\/noticiasribeiraopreto.com.br\/index.php\/2024\/01\/03\/trecho-da-avenida-nove-de-julho-em-ribeirao-e-liberado-apos-seis-meses-de-interdicao\/","title":{"rendered":"Trecho da avenida Nove de Julho em Ribeir\u00e3o \u00e9 liberado ap\u00f3s seis meses de interdi\u00e7\u00e3o"},"content":{"rendered":"<div class='code-block code-block-1' style='margin: 8px 0 8px auto; text-align: right; display: block; clear: both;'>\n<p><a href=\"https:\/\/wa.link\/vpicfd\"><img data-recalc-dims=\"1\" class=\"wp-image-4922\" style=\"aspect-ratio: 2.0253164556962027; width: 561px; height: auto;\" src=\"https:\/\/i0.wp.com\/ismaelcolosi.com.br\/wp-content\/uploads\/2023\/11\/grupo-de-empregos-whatsapp-e-facebook-ismael-colosi-vagas.jpg?ssl=1\" alt=\"\" \/><\/a><\/p>\n<!-- \/wp:image -->\n<\/div>\n<p> <br \/>\n<\/p>\n<div>\n<p>A <strong>RP Mobi<\/strong>, empresa de mobilidade urbana em <strong>Ribeir\u00e3o Preto<\/strong>, informou que o <strong>cruzamento da avenida Nove de Julho com a rua S\u00e3o Jos\u00e9 foi liberado<\/strong>, no final da tarde desta quarta-feira (3), ap\u00f3s o t\u00e9rmino do servi\u00e7o de <strong>pavimenta\u00e7\u00e3o do trecho<\/strong>.<\/p>\n<p>O local estava interditado<strong> desde junho de 2023, quando se deu in\u00edcio \u00e0s obras de restauro da avenida.<\/strong><\/p>\n<p><mark style=\"background-color:#fcb900\" class=\"has-inline-color\">Ainda de acordo com a <strong>Prefeitura<\/strong>, at\u00e9 a pr\u00f3xima <strong>sexta-feira (5)<\/strong>, ap\u00f3s coloca\u00e7\u00e3o do asfalto, o tr\u00e2nsito tamb\u00e9m ser\u00e1 liberado na<strong> rua Comandante Marcondes Salgado, no cruzamento com a avenida Nove de Julho.<\/strong><\/mark><\/p>\n<h4 class=\"wp-block-heading\"><strong>Pavimenta\u00e7\u00e3o emergencial<\/strong><\/h4>\n<p>A <strong>Secretaria de Infraestrutura<\/strong> realizou a <strong>pavimenta\u00e7\u00e3o do local em car\u00e1ter emergencial<\/strong>, devido \u00e0 <strong>paralisa\u00e7\u00e3o das obras de constru\u00e7\u00e3o do corredor de \u00f4nibus, revitaliza\u00e7\u00e3o e reforma da avenida<\/strong>, que aconteceu no m\u00eas passado, em raz\u00e3o do <strong>rompimento do contrato com a construtora Metropolitana<\/strong>, vencedora da licita\u00e7\u00e3o.<\/p>\n<p>Ap\u00f3s o rompimento, a empresa foi multada em mais de R$ 2 milh\u00f5es pela Prefeitura por n\u00e3o respeitar o cronograma de obras.<\/p>\n<p>A segunda colocada na licita\u00e7\u00e3o, a Rual, foi chamada para assumir a obra, por\u00e9m, declinou o convite.<\/p>\n<p>Um<strong> novo processo de licita\u00e7\u00e3o<\/strong> para a conclus\u00e3o das obras na avenida Nove de Julho, <strong>est\u00e1 em fase de licita\u00e7\u00e3o<\/strong>, e deve ocorrer em <strong>at\u00e9 90 dias<\/strong>, de acordo com a Administra\u00e7\u00e3o Municipal.<\/p>\n<h4 class=\"wp-block-heading\"><strong>Tr\u00e2nsito no local<\/strong><\/h4>\n<p>A <strong>RP Mobi <\/strong>informou que a libera\u00e7\u00e3o do trecho segue sob monitoramento dos agentes de tr\u00e2nsito, e recomenda aos motoristas aten\u00e7\u00e3o redobrada, a fim de evitar acidentes.<\/p>\n<p>VEJA TAMB\u00c9M<\/p>\n<p>Homem \u00e9 baleado por policial civil ap\u00f3s amea\u00e7ar escriv\u00e3o no Centro de Ribeir\u00e3o<\/p>\n<h4 class=\"wp-block-heading\"><strong><mark style=\"background-color:#fcb900\" class=\"has-inline-color\">FIQUE ON<\/mark><\/strong><\/h4>\n<p>Fique ligado em tudo que acontece em Ribeir\u00e3o Preto e regi\u00e3o. Siga os perfis do\u00a0<strong>acidade on<\/strong>\u00a0no\u00a0<a href=\"https:\/\/www.instagram.com\/acidadeonribeirao\" target=\"_blank\" rel=\"noreferrer noopener\">Instagram<\/a>\u00a0e no\u00a0<a href=\"https:\/\/www.facebook.com\/acidadeonribeirao\" target=\"_blank\" rel=\"noreferrer noopener\">Facebook<\/a>.<\/p>\n<p>Receba not\u00edcias do<strong>\u00a0acidade on\u00a0<\/strong>no WhatsApp.\u00a0<a href=\"https:\/\/chat.whatsapp.com\/Bnv2w66ZT4VDyZW3oiZ69n\" target=\"_blank\" rel=\"noreferrer noopener\">Para entrar no grupo, basta clicar aqui.<\/a><\/p>\n<p>Fa\u00e7a uma den\u00fancia ou sugira uma reportagem sobre a Ribeir\u00e3o Preto e regi\u00e3o pelo WhatsApp: (16) 99117 7802.<\/p>\n<p>LEIA MAIS<\/p>\n<p><!-- AI CONTENT END 1 -->\n<\/div>\n<p><script async src=\"\/\/www.instagram.com\/embed.js\"><\/script><br \/>\n<br \/><br \/>\n<br \/><a href=\"https:\/\/www.acidadeon.com\/ribeiraopreto\/cotidiano\/trecho-da-avenida-nove-de-julho-em-ribeirao-e-liberado-apos-seis-meses-de-interdicao\/\">Source link <\/a><\/p>\n<!-- CONTENT END 1 -->\n","protected":false},"excerpt":{"rendered":"<p>A RP Mobi, empresa de mobilidade urbana em Ribeir\u00e3o Preto, informou que o cruzamento da avenida Nove de Julho com a rua S\u00e3o Jos\u00e9 foi&#8230;<\/p>\n","protected":false},"author":1,"featured_media":24199,"comment_status":"open","ping_status":"open","sticky":false,"template":"","format":"standard","meta":{"advanced_seo_description":"","jetpack_seo_html_title":"","jetpack_seo_noindex":false,"jetpack_post_was_ever_published":false,"_jetpack_newsletter_access":"","_jetpack_dont_email_post_to_subs":false,"_jetpack_newsletter_tier_id":0,"_jetpack_memberships_contains_paywalled_content":false,"_jetpack_memberships_contains_paid_content":false,"footnotes":"","jetpack_publicize_message":"","jetpack_publicize_feature_enabled":true,"jetpack_social_post_already_shared":true,"jetpack_social_options":{"image_generator_settings":{"template":"highway","default_image_id":0,"font":"","enabled":false},"version":2}},"categories":[11],"tags":[37,849,612,1229,2979,640,1228,26,212,933],"class_list":["post-24198","post","type-post","status-publish","format-standard","has-post-thumbnail","hentry","category-noticias-de-ribeirao-preto-sp-e-regiao-ismael-colosi","tag-apos","tag-avenida","tag-interdicao","tag-julho","tag-liberado","tag-meses","tag-nove","tag-ribeirao","tag-seis","tag-trecho"],"jetpack_publicize_connections":[],"jetpack_featured_media_url":"https:\/\/i0.wp.com\/noticiasribeiraopreto.com.br\/wp-content\/uploads\/2024\/01\/liberacao_nove_de_julho_1.jpeg?fit=1600%2C1066&ssl=1","jetpack-related-posts":[{"id":24378,"url":"https:\/\/noticiasribeiraopreto.com.br\/index.php\/2024\/01\/04\/trecho-da-nove-de-julho-e-liberado\/","url_meta":{"origin":24198,"position":0},"title":"Trecho da Nove de Julho \u00e9 liberado","author":"noticiasribeiraopreto.com.br","date":"4 de January de 2024","format":false,"excerpt":"4 de janeiro de 2024 | 8:303 de janeiro de 2024 | 18:43 0A RP Mobi (Empresa de Mobilidade Urbana de Ribeir\u00e3o Preto) liberou no final da tarde desta quarta-feira, 3, o tr\u00e2nsito no cruzamento da avenida Nove de Julho com a rua S\u00e3o Jos\u00e9. A RP Mobi informa que\u2026","rel":"","context":"In &quot;Not\u00edcias de Ribeir\u00e3o Preto-SP e Regi\u00e3o&quot;","block_context":{"text":"Not\u00edcias de Ribeir\u00e3o Preto-SP e Regi\u00e3o","link":"https:\/\/noticiasribeiraopreto.com.br\/index.php\/category\/noticias-de-ribeirao-preto-sp-e-regiao-ismael-colosi\/"},"img":{"alt_text":"","src":"https:\/\/i0.wp.com\/noticiasribeiraopreto.com.br\/wp-content\/uploads\/2024\/01\/liberacao_nove_de_julho_1-scaled.jpeg?fit=968%2C645&ssl=1&resize=350%2C200","width":350,"height":200,"srcset":"https:\/\/i0.wp.com\/noticiasribeiraopreto.com.br\/wp-content\/uploads\/2024\/01\/liberacao_nove_de_julho_1-scaled.jpeg?fit=968%2C645&ssl=1&resize=350%2C200 1x, https:\/\/i0.wp.com\/noticiasribeiraopreto.com.br\/wp-content\/uploads\/2024\/01\/liberacao_nove_de_julho_1-scaled.jpeg?fit=968%2C645&ssl=1&resize=525%2C300 1.5x, https:\/\/i0.wp.com\/noticiasribeiraopreto.com.br\/wp-content\/uploads\/2024\/01\/liberacao_nove_de_julho_1-scaled.jpeg?fit=968%2C645&ssl=1&resize=700%2C400 2x"},"classes":[]},{"id":25302,"url":"https:\/\/noticiasribeiraopreto.com.br\/index.php\/2024\/01\/06\/cruzamento-da-avenida-nove-de-julho-segue-interditado-veja-o-novo-prazo-para-liberacao\/","url_meta":{"origin":24198,"position":1},"title":"Cruzamento da avenida Nove de Julho segue interditado; Veja o novo prazo para libera\u00e7\u00e3o","author":"noticiasribeiraopreto.com.br","date":"6 de January de 2024","format":false,"excerpt":"O cruzamento da avenida Nove de Julho com a rua Comandante Marcondes Salgado, em Ribeir\u00e3o Preto, que deveria ser liberado na sexta-feira (5), permanecer\u00e1 interditado de acordo com a Prefeitura do munic\u00edpio, at\u00e9 o domingo (7). O trecho, que est\u00e1 bloqueado desde junho de 2023, teve o prazo prorrogado pela\u2026","rel":"","context":"In &quot;Not\u00edcias de Ribeir\u00e3o Preto-SP e Regi\u00e3o&quot;","block_context":{"text":"Not\u00edcias de Ribeir\u00e3o Preto-SP e Regi\u00e3o","link":"https:\/\/noticiasribeiraopreto.com.br\/index.php\/category\/noticias-de-ribeirao-preto-sp-e-regiao-ismael-colosi\/"},"img":{"alt_text":"","src":"https:\/\/i0.wp.com\/noticiasribeiraopreto.com.br\/wp-content\/uploads\/2024\/01\/liberacao_cruzamento_nove_de_julho_x_marcondes_salgado_2.jpg?fit=1000%2C666&ssl=1&resize=350%2C200","width":350,"height":200,"srcset":"https:\/\/i0.wp.com\/noticiasribeiraopreto.com.br\/wp-content\/uploads\/2024\/01\/liberacao_cruzamento_nove_de_julho_x_marcondes_salgado_2.jpg?fit=1000%2C666&ssl=1&resize=350%2C200 1x, https:\/\/i0.wp.com\/noticiasribeiraopreto.com.br\/wp-content\/uploads\/2024\/01\/liberacao_cruzamento_nove_de_julho_x_marcondes_salgado_2.jpg?fit=1000%2C666&ssl=1&resize=525%2C300 1.5x, https:\/\/i0.wp.com\/noticiasribeiraopreto.com.br\/wp-content\/uploads\/2024\/01\/liberacao_cruzamento_nove_de_julho_x_marcondes_salgado_2.jpg?fit=1000%2C666&ssl=1&resize=700%2C400 2x"},"classes":[]},{"id":83372,"url":"https:\/\/noticiasribeiraopreto.com.br\/index.php\/2026\/03\/17\/trecho-da-avenida-nove-de-julho-e-interditado-para-conserto-do-paralelepipedo\/","url_meta":{"origin":24198,"position":2},"title":"Trecho da avenida Nove de Julho \u00e9 interditado para conserto do paralelep\u00edpedo","author":"noticiasribeiraopreto.com.br","date":"17 de March de 2026","format":false,"excerpt":"O acesso \u00e0 avenida Independ\u00eancia pela pista Centro-bairro da avenida Nove de Julho, a partir da rua Floriano Peixoto, foi interditado emergencialmente na manh\u00e3 desta ter\u00e7a-feira (17), em Ribeir\u00e3o Preto. Segundo a RP Mobi, a medida \u00e9 necess\u00e1ria para a realiza\u00e7\u00e3o de obras de manuten\u00e7\u00e3o vi\u00e1ria no local. Os paralelep\u00edpedos\u2026","rel":"","context":"In &quot;Not\u00edcias de Ribeir\u00e3o Preto-SP e Regi\u00e3o&quot;","block_context":{"text":"Not\u00edcias de Ribeir\u00e3o Preto-SP e Regi\u00e3o","link":"https:\/\/noticiasribeiraopreto.com.br\/index.php\/category\/noticias-de-ribeirao-preto-sp-e-regiao-ismael-colosi\/"},"img":{"alt_text":"","src":"https:\/\/i0.wp.com\/noticiasribeiraopreto.com.br\/wp-content\/uploads\/2024\/04\/Copia-de-Copia-de-TAMANHO-EXATO-PARA-FOTOS-NO-SISTEMA-NOVO-24-1_2024-04-30_19-23-42_jpg.webp.webp?fit=1200%2C675&ssl=1&resize=350%2C200","width":350,"height":200,"srcset":"https:\/\/i0.wp.com\/noticiasribeiraopreto.com.br\/wp-content\/uploads\/2024\/04\/Copia-de-Copia-de-TAMANHO-EXATO-PARA-FOTOS-NO-SISTEMA-NOVO-24-1_2024-04-30_19-23-42_jpg.webp.webp?fit=1200%2C675&ssl=1&resize=350%2C200 1x, https:\/\/i0.wp.com\/noticiasribeiraopreto.com.br\/wp-content\/uploads\/2024\/04\/Copia-de-Copia-de-TAMANHO-EXATO-PARA-FOTOS-NO-SISTEMA-NOVO-24-1_2024-04-30_19-23-42_jpg.webp.webp?fit=1200%2C675&ssl=1&resize=525%2C300 1.5x, https:\/\/i0.wp.com\/noticiasribeiraopreto.com.br\/wp-content\/uploads\/2024\/04\/Copia-de-Copia-de-TAMANHO-EXATO-PARA-FOTOS-NO-SISTEMA-NOVO-24-1_2024-04-30_19-23-42_jpg.webp.webp?fit=1200%2C675&ssl=1&resize=700%2C400 2x, https:\/\/i0.wp.com\/noticiasribeiraopreto.com.br\/wp-content\/uploads\/2024\/04\/Copia-de-Copia-de-TAMANHO-EXATO-PARA-FOTOS-NO-SISTEMA-NOVO-24-1_2024-04-30_19-23-42_jpg.webp.webp?fit=1200%2C675&ssl=1&resize=1050%2C600 3x"},"classes":[]},{"id":65992,"url":"https:\/\/noticiasribeiraopreto.com.br\/index.php\/2025\/03\/26\/saiba-quando-a-avenida-nove-de-julho-tera-o-trafego-totalmente-liberado-apos-obras\/","url_meta":{"origin":24198,"position":3},"title":"Saiba quando a avenida Nove de Julho ter\u00e1 o tr\u00e1fego totalmente liberado ap\u00f3s obras","author":"noticiasribeiraopreto.com.br","date":"26 de March de 2025","format":false,"excerpt":"A avenida Nove de Julho, em Ribeir\u00e3o Preto, ser\u00e1 totalmente liberada para o tr\u00e1fego nesta quinta-feira (27), \u00e0s 15h. A via estava em obras de revitaliza\u00e7\u00e3o e restaura\u00e7\u00e3o desde o meio de 2023. Segundo a prefeitura, n\u00e3o haver\u00e1 mais interdi\u00e7\u00f5es, restando apenas a conclus\u00e3o das obras no canteiro central. Alguns\u2026","rel":"","context":"In &quot;Not\u00edcias de Ribeir\u00e3o Preto-SP e Regi\u00e3o&quot;","block_context":{"text":"Not\u00edcias de Ribeir\u00e3o Preto-SP e Regi\u00e3o","link":"https:\/\/noticiasribeiraopreto.com.br\/index.php\/category\/noticias-de-ribeirao-preto-sp-e-regiao-ismael-colosi\/"},"img":{"alt_text":"","src":"https:\/\/i0.wp.com\/noticiasribeiraopreto.com.br\/wp-content\/uploads\/2024\/11\/avenida-nove-de-julho_2024-11-27_21-14-21_jpeg_2024-11-27_21-14-21.webp.webp?fit=1200%2C900&ssl=1&resize=350%2C200","width":350,"height":200,"srcset":"https:\/\/i0.wp.com\/noticiasribeiraopreto.com.br\/wp-content\/uploads\/2024\/11\/avenida-nove-de-julho_2024-11-27_21-14-21_jpeg_2024-11-27_21-14-21.webp.webp?fit=1200%2C900&ssl=1&resize=350%2C200 1x, https:\/\/i0.wp.com\/noticiasribeiraopreto.com.br\/wp-content\/uploads\/2024\/11\/avenida-nove-de-julho_2024-11-27_21-14-21_jpeg_2024-11-27_21-14-21.webp.webp?fit=1200%2C900&ssl=1&resize=525%2C300 1.5x, https:\/\/i0.wp.com\/noticiasribeiraopreto.com.br\/wp-content\/uploads\/2024\/11\/avenida-nove-de-julho_2024-11-27_21-14-21_jpeg_2024-11-27_21-14-21.webp.webp?fit=1200%2C900&ssl=1&resize=700%2C400 2x, https:\/\/i0.wp.com\/noticiasribeiraopreto.com.br\/wp-content\/uploads\/2024\/11\/avenida-nove-de-julho_2024-11-27_21-14-21_jpeg_2024-11-27_21-14-21.webp.webp?fit=1200%2C900&ssl=1&resize=1050%2C600 3x"},"classes":[]},{"id":83396,"url":"https:\/\/noticiasribeiraopreto.com.br\/index.php\/2026\/03\/17\/interdicao-emergencial-fecha-acesso-a-avenida-independencia-a-partir-da-nove-de-julho\/","url_meta":{"origin":24198,"position":4},"title":"Interdi\u00e7\u00e3o emergencial fecha acesso \u00e0 Avenida Independ\u00eancia a partir da Nove de Julho","author":"noticiasribeiraopreto.com.br","date":"17 de March de 2026","format":false,"excerpt":"\r \r \r 17 de mar\u00e7o de 2026 18:28 \r Compartilhar0 A RP Mobi informa que, na manh\u00e3 desta ter\u00e7a-feira, 17 de mar\u00e7o, foi iniciada uma interdi\u00e7\u00e3o emergencial no acesso \u00e0 Avenida Independ\u00eancia, para quem trafega pela pista Centro\/Bairro da Avenida Nove de Julho. A medida \u00e9 necess\u00e1ria para a\u2026","rel":"","context":"In &quot;Not\u00edcias de Ribeir\u00e3o Preto-SP e Regi\u00e3o&quot;","block_context":{"text":"Not\u00edcias de Ribeir\u00e3o Preto-SP e Regi\u00e3o","link":"https:\/\/noticiasribeiraopreto.com.br\/index.php\/category\/noticias-de-ribeirao-preto-sp-e-regiao-ismael-colosi\/"},"img":{"alt_text":"","src":"https:\/\/i0.wp.com\/noticiasribeiraopreto.com.br\/wp-content\/uploads\/2026\/03\/interdicao_-_av_nove_de_julho_capa_2_foto_fernando_gonzaga17-scaled.jpg?fit=1171%2C780&ssl=1&resize=350%2C200","width":350,"height":200,"srcset":"https:\/\/i0.wp.com\/noticiasribeiraopreto.com.br\/wp-content\/uploads\/2026\/03\/interdicao_-_av_nove_de_julho_capa_2_foto_fernando_gonzaga17-scaled.jpg?fit=1171%2C780&ssl=1&resize=350%2C200 1x, https:\/\/i0.wp.com\/noticiasribeiraopreto.com.br\/wp-content\/uploads\/2026\/03\/interdicao_-_av_nove_de_julho_capa_2_foto_fernando_gonzaga17-scaled.jpg?fit=1171%2C780&ssl=1&resize=525%2C300 1.5x, https:\/\/i0.wp.com\/noticiasribeiraopreto.com.br\/wp-content\/uploads\/2026\/03\/interdicao_-_av_nove_de_julho_capa_2_foto_fernando_gonzaga17-scaled.jpg?fit=1171%2C780&ssl=1&resize=700%2C400 2x, https:\/\/i0.wp.com\/noticiasribeiraopreto.com.br\/wp-content\/uploads\/2026\/03\/interdicao_-_av_nove_de_julho_capa_2_foto_fernando_gonzaga17-scaled.jpg?fit=1171%2C780&ssl=1&resize=1050%2C600 3x"},"classes":[]},{"id":51799,"url":"https:\/\/noticiasribeiraopreto.com.br\/index.php\/2024\/05\/30\/novo-trecho-da-avenida-nove-de-julho-em-ribeirao-preto-sera-interditado-por-60-dias\/","url_meta":{"origin":24198,"position":5},"title":"Novo trecho da avenida Nove de Julho em Ribeir\u00e3o Preto ser\u00e1 interditado por 60 dias","author":"noticiasribeiraopreto.com.br","date":"30 de May de 2024","format":false,"excerpt":"Um novo trecho da avenida Nove de Julho ser\u00e1 interditado por 60 dias, a partir desta sexta-feira (31). O bloqueio ser\u00e1 na pista bairro-Centro, da rua Cerqueira C\u00e9sar at\u00e9 a rua Comandante Marcondes Salgado. Os acessos neste trecho ser\u00e3o liberados somente para os moradores e comerciantes da regi\u00e3o. A RP\u2026","rel":"","context":"In &quot;Not\u00edcias de Ribeir\u00e3o Preto-SP e Regi\u00e3o&quot;","block_context":{"text":"Not\u00edcias de Ribeir\u00e3o Preto-SP e Regi\u00e3o","link":"https:\/\/noticiasribeiraopreto.com.br\/index.php\/category\/noticias-de-ribeirao-preto-sp-e-regiao-ismael-colosi\/"},"img":{"alt_text":"","src":"https:\/\/i0.wp.com\/noticiasribeiraopreto.com.br\/wp-content\/uploads\/2024\/05\/Copia-de-Copia-de-TAMANHO-EXATO-PARA-FOTOS-NO-SISTEMA-NOVO-66_2024-05-30_16-47-36_jpg_2024-05-30_16-47-37.webp.webp?fit=1200%2C675&ssl=1&resize=350%2C200","width":350,"height":200,"srcset":"https:\/\/i0.wp.com\/noticiasribeiraopreto.com.br\/wp-content\/uploads\/2024\/05\/Copia-de-Copia-de-TAMANHO-EXATO-PARA-FOTOS-NO-SISTEMA-NOVO-66_2024-05-30_16-47-36_jpg_2024-05-30_16-47-37.webp.webp?fit=1200%2C675&ssl=1&resize=350%2C200 1x, https:\/\/i0.wp.com\/noticiasribeiraopreto.com.br\/wp-content\/uploads\/2024\/05\/Copia-de-Copia-de-TAMANHO-EXATO-PARA-FOTOS-NO-SISTEMA-NOVO-66_2024-05-30_16-47-36_jpg_2024-05-30_16-47-37.webp.webp?fit=1200%2C675&ssl=1&resize=525%2C300 1.5x, https:\/\/i0.wp.com\/noticiasribeiraopreto.com.br\/wp-content\/uploads\/2024\/05\/Copia-de-Copia-de-TAMANHO-EXATO-PARA-FOTOS-NO-SISTEMA-NOVO-66_2024-05-30_16-47-36_jpg_2024-05-30_16-47-37.webp.webp?fit=1200%2C675&ssl=1&resize=700%2C400 2x, https:\/\/i0.wp.com\/noticiasribeiraopreto.com.br\/wp-content\/uploads\/2024\/05\/Copia-de-Copia-de-TAMANHO-EXATO-PARA-FOTOS-NO-SISTEMA-NOVO-66_2024-05-30_16-47-36_jpg_2024-05-30_16-47-37.webp.webp?fit=1200%2C675&ssl=1&resize=1050%2C600 3x"},"classes":[]}],"jetpack_sharing_enabled":true,"jetpack_shortlink":"https:\/\/wp.me\/peQAOb-6ii","_links":{"self":[{"href":"https:\/\/noticiasribeiraopreto.com.br\/index.php\/wp-json\/wp\/v2\/posts\/24198","targetHints":{"allow":["GET"]}}],"collection":[{"href":"https:\/\/noticiasribeiraopreto.com.br\/index.php\/wp-json\/wp\/v2\/posts"}],"about":[{"href":"https:\/\/noticiasribeiraopreto.com.br\/index.php\/wp-json\/wp\/v2\/types\/post"}],"author":[{"embeddable":true,"href":"https:\/\/noticiasribeiraopreto.com.br\/index.php\/wp-json\/wp\/v2\/users\/1"}],"replies":[{"embeddable":true,"href":"https:\/\/noticiasribeiraopreto.com.br\/index.php\/wp-json\/wp\/v2\/comments?post=24198"}],"version-history":[{"count":0,"href":"https:\/\/noticiasribeiraopreto.com.br\/index.php\/wp-json\/wp\/v2\/posts\/24198\/revisions"}],"wp:featuredmedia":[{"embeddable":true,"href":"https:\/\/noticiasribeiraopreto.com.br\/index.php\/wp-json\/wp\/v2\/media\/24199"}],"wp:attachment":[{"href":"https:\/\/noticiasribeiraopreto.com.br\/index.php\/wp-json\/wp\/v2\/media?parent=24198"}],"wp:term":[{"taxonomy":"category","embeddable":true,"href":"https:\/\/noticiasribeiraopreto.com.br\/index.php\/wp-json\/wp\/v2\/categories?post=24198"},{"taxonomy":"post_tag","embeddable":true,"href":"https:\/\/noticiasribeiraopreto.com.br\/index.php\/wp-json\/wp\/v2\/tags?post=24198"}],"curies":[{"name":"wp","href":"https:\/\/api.w.org\/{rel}","templated":true}]}}