{"id":24208,"date":"2024-01-03T19:26:18","date_gmt":"2024-01-03T22:26:18","guid":{"rendered":"https:\/\/noticiasribeiraopreto.com.br\/index.php\/2024\/01\/03\/chega-ao-fim-o-noivado-de-amado-batista-com-jovem-de-24-anos-ela-fez-lista-de-exigencias-para-namorar\/"},"modified":"2024-01-03T19:26:18","modified_gmt":"2024-01-03T22:26:18","slug":"chega-ao-fim-o-noivado-de-amado-batista-com-jovem-de-24-anos-ela-fez-lista-de-exigencias-para-namorar","status":"publish","type":"post","link":"https:\/\/noticiasribeiraopreto.com.br\/index.php\/2024\/01\/03\/chega-ao-fim-o-noivado-de-amado-batista-com-jovem-de-24-anos-ela-fez-lista-de-exigencias-para-namorar\/","title":{"rendered":"Chega ao fim o noivado de Amado Batista com jovem de 24 anos; ela fez lista de exig\u00eancias para namorar"},"content":{"rendered":"<div class='code-block code-block-1' style='margin: 8px 0 8px auto; text-align: right; display: block; clear: both;'>\n<p><a href=\"https:\/\/wa.link\/vpicfd\"><img data-recalc-dims=\"1\" class=\"wp-image-4922\" style=\"aspect-ratio: 2.0253164556962027; width: 561px; height: auto;\" src=\"https:\/\/i0.wp.com\/ismaelcolosi.com.br\/wp-content\/uploads\/2023\/11\/grupo-de-empregos-whatsapp-e-facebook-ismael-colosi-vagas.jpg?ssl=1\" alt=\"\" \/><\/a><\/p>\n<!-- \/wp:image -->\n<\/div>\n<p> <br \/>\n<\/p>\n<div itemprop=\"text\">\n<p>O famoso cantor Amado Batista e Layza Felizardo Bittencourt encerram o relacionamento que havia evolu\u00eddo para um noivado. Os dois tinham uma not\u00e1vel diferen\u00e7a de quarenta e oito anos de idade entre eles. O artista tem 72 anos e a jovem tinha 24 anos.<\/p>\n<p>A not\u00edcia foi divulgada neste \u00faltimo s\u00e1bado, dia 30 de dezembro, ap\u00f3s observa\u00e7\u00f5es de f\u00e3s acerca de um afastamento gradual do casal. O fim da rela\u00e7\u00e3o foi confirmado por canais de comunica\u00e7\u00e3o.<\/p>\n<p>Os dois estavam juntos desde meados de 2019. Por um tempo, ambos decidiram manter o namoro longe dos holofotes, fazendo poucas apari\u00e7\u00f5es p\u00fablicas.<\/p>\n<p>Em meados de agosto do ano passado, j\u00e1 estavam circulando boatos de um suposto t\u00e9rmino e a motiva\u00e7\u00e3o teria sido atribu\u00eddo \u00e0 disparidade de idade e a diferentes momentos de vida enfrentados pelos dois.<\/p>\n<p>Durante o relacionamento, Layza participou de forma discreta da festa de 60 anos do cantor Leonardo, compartilhando o \u00faltimo registro ao lado de Amado Batista.<\/p>\n<p>Embora a jovem tenha demonstrado uma rela\u00e7\u00e3o cordial com Lorena Batista, filha do cantor, a crise tornou-se insustent\u00e1vel e acabou no fim da rela\u00e7\u00e3o.<\/p>\n<p>Segundo informa\u00e7\u00f5es de canais de comunica\u00e7\u00e3o, a jovem tinha feito diversas exig\u00eancias, desejando sair para eventos sociais e jantares, enquanto o cantor estava em uma fase mais caseira.<\/p>\n<p>Com isso, a diferen\u00e7a de idade e os diferentes estilos de vida foram pontos delicados na rela\u00e7\u00e3o. At\u00e9 o momento, nenhum dos envolvidos se pronunciou nas redes sociais sobre o t\u00e9rmino do relacionamento.<\/p>\n<p>Ap\u00f3s o t\u00e9rmino, a jovem ainda teria feito uma lista de exig\u00eancias para namorar com ela, publicada em seu Tik Tok e que chamou aten\u00e7\u00e3o pelo seu conte\u00fado. No caso, ela exige um parceiro mais alto, mais velho e que tenha um carro.<\/p>\n<\/div>\n<p><br \/>\n<br \/><a href=\"https:\/\/fnmais.com\/chega-ao-fim-noivado-amado-batista-com-jovem-24-anos-ela-fez-lista-exigencias-para-namorar\/\">Source link <\/a><\/p>\n<!-- CONTENT END 1 -->\n","protected":false},"excerpt":{"rendered":"<p>O famoso cantor Amado Batista e Layza Felizardo Bittencourt encerram o relacionamento que havia evolu\u00eddo para um noivado. Os dois tinham uma not\u00e1vel diferen\u00e7a de&#8230;<\/p>\n","protected":false},"author":1,"featured_media":24209,"comment_status":"open","ping_status":"open","sticky":false,"template":"","format":"standard","meta":{"advanced_seo_description":"","jetpack_seo_html_title":"","jetpack_seo_noindex":false,"jetpack_post_was_ever_published":false,"_jetpack_newsletter_access":"","_jetpack_dont_email_post_to_subs":false,"_jetpack_newsletter_tier_id":0,"_jetpack_memberships_contains_paywalled_content":false,"_jetpack_memberships_contains_paid_content":false,"footnotes":"","jetpack_publicize_message":"","jetpack_publicize_feature_enabled":true,"jetpack_social_post_already_shared":true,"jetpack_social_options":{"image_generator_settings":{"template":"highway","default_image_id":0,"font":"","enabled":false},"version":2}},"categories":[1],"tags":[],"class_list":["post-24208","post","type-post","status-publish","format-standard","has-post-thumbnail","hentry","category-blog"],"jetpack_publicize_connections":[],"jetpack_featured_media_url":"https:\/\/i0.wp.com\/noticiasribeiraopreto.com.br\/wp-content\/uploads\/2024\/01\/postimg-6595d9133a0543244.jpg?fit=1200%2C628&ssl=1","jetpack-related-posts":[{"id":4077,"url":"https:\/\/noticiasribeiraopreto.com.br\/index.php\/2023\/11\/20\/acabou-maraisa-confirma-fim-do-noivado-ta-tudo-bem\/","url_meta":{"origin":24208,"position":0},"title":"Acabou! Mara\u00edsa confirma fim do noivado: &#8216;ta tudo bem&#8217;","author":"noticiasribeiraopreto.com.br","date":"20 de November de 2023","format":false,"excerpt":"Quem acompanhou as redes sociais de Mara\u00edsa nos \u00faltimos dias provavelmente viu uma movimenta\u00e7\u00e3o de f\u00e3s, suspeitando de que o namoro da cantora havia chegado ao fim.Nesta segunda-feira (20\/11), as especula\u00e7\u00f5es foram confirmadas de uma vez por todas. A pr\u00f3pria sertaneja se manifestou e confirmou que o namoro com o\u2026","rel":"","context":"In &quot;Blog&quot;","block_context":{"text":"Blog","link":"https:\/\/noticiasribeiraopreto.com.br\/index.php\/category\/blog\/"},"img":{"alt_text":"","src":"https:\/\/i0.wp.com\/noticiasribeiraopreto.com.br\/wp-content\/uploads\/2023\/11\/postimg-655bd9c8405578575.jpg?fit=1200%2C628&ssl=1&resize=350%2C200","width":350,"height":200,"srcset":"https:\/\/i0.wp.com\/noticiasribeiraopreto.com.br\/wp-content\/uploads\/2023\/11\/postimg-655bd9c8405578575.jpg?fit=1200%2C628&ssl=1&resize=350%2C200 1x, https:\/\/i0.wp.com\/noticiasribeiraopreto.com.br\/wp-content\/uploads\/2023\/11\/postimg-655bd9c8405578575.jpg?fit=1200%2C628&ssl=1&resize=525%2C300 1.5x, https:\/\/i0.wp.com\/noticiasribeiraopreto.com.br\/wp-content\/uploads\/2023\/11\/postimg-655bd9c8405578575.jpg?fit=1200%2C628&ssl=1&resize=700%2C400 2x, https:\/\/i0.wp.com\/noticiasribeiraopreto.com.br\/wp-content\/uploads\/2023\/11\/postimg-655bd9c8405578575.jpg?fit=1200%2C628&ssl=1&resize=1050%2C600 3x"},"classes":[]},{"id":28318,"url":"https:\/\/noticiasribeiraopreto.com.br\/index.php\/2024\/01\/15\/ex-de-amado-batista-48-anos-mais-nova-expoe-que-foi-expulsa-de-casa-e-alega-que-cantor-a-agrediu-ela-recebia-mesada-de-10-mil-do-famoso\/","url_meta":{"origin":24208,"position":1},"title":"Ex de Amado Batista, 48 anos mais nova, exp\u00f5e que foi expulsa de casa e alega que cantor a agrediu; ela recebia mesada de 10 mil do famoso","author":"noticiasribeiraopreto.com.br","date":"15 de January de 2024","format":false,"excerpt":"De forma recente, Layza Felizardo concedeu uma entrevista para um canal de comunica\u00e7\u00e3o, na qual, ele acusou o cantor Amado Batista, seu ex-companheiro de viol\u00eancia dom\u00e9stica.A jovem, que \u00e9 48 anos mais jovem que o artista, detalhou que teria sido expulsa da casa em que moravam. Layza exp\u00f4s a situa\u00e7\u00e3o,\u2026","rel":"","context":"In &quot;Blog&quot;","block_context":{"text":"Blog","link":"https:\/\/noticiasribeiraopreto.com.br\/index.php\/category\/blog\/"},"img":{"alt_text":"","src":"https:\/\/i0.wp.com\/noticiasribeiraopreto.com.br\/wp-content\/uploads\/2024\/01\/postimg-65a57005c7b4d8097.jpg?fit=1200%2C628&ssl=1&resize=350%2C200","width":350,"height":200,"srcset":"https:\/\/i0.wp.com\/noticiasribeiraopreto.com.br\/wp-content\/uploads\/2024\/01\/postimg-65a57005c7b4d8097.jpg?fit=1200%2C628&ssl=1&resize=350%2C200 1x, https:\/\/i0.wp.com\/noticiasribeiraopreto.com.br\/wp-content\/uploads\/2024\/01\/postimg-65a57005c7b4d8097.jpg?fit=1200%2C628&ssl=1&resize=525%2C300 1.5x, https:\/\/i0.wp.com\/noticiasribeiraopreto.com.br\/wp-content\/uploads\/2024\/01\/postimg-65a57005c7b4d8097.jpg?fit=1200%2C628&ssl=1&resize=700%2C400 2x, https:\/\/i0.wp.com\/noticiasribeiraopreto.com.br\/wp-content\/uploads\/2024\/01\/postimg-65a57005c7b4d8097.jpg?fit=1200%2C628&ssl=1&resize=1050%2C600 3x"},"classes":[]},{"id":6693,"url":"https:\/\/noticiasribeiraopreto.com.br\/index.php\/2023\/11\/26\/acidente-envolvendo-dois-carros-na-rr-205-deixa-varias-vitimas-e-feridos\/","url_meta":{"origin":24208,"position":2},"title":"Acidente envolvendo dois carros na RR-205 deixa v\u00e1rias v\u00edtimas e feridos","author":"noticiasribeiraopreto.com.br","date":"26 de November de 2023","format":false,"excerpt":"Neste \u00faltimo s\u00e1bado, dia 25 de novembro, chegou a ser divulgado por diversos canais de comunica\u00e7\u00e3o que tr\u00eas pessoas perderam suas vidas ap\u00f3s um acidente envolvendo dois carros na RR-205, na regi\u00e3o de Boa Vista, em Roraima.As v\u00edtimas foram identificadas pelos nomes de Jos\u00e9 Bastos da Silva Neto, de 43\u2026","rel":"","context":"In &quot;Blog&quot;","block_context":{"text":"Blog","link":"https:\/\/noticiasribeiraopreto.com.br\/index.php\/category\/blog\/"},"img":{"alt_text":"","src":"https:\/\/i0.wp.com\/noticiasribeiraopreto.com.br\/wp-content\/uploads\/2023\/11\/postimg-65637fa4230ae6656.jpg?fit=1200%2C628&ssl=1&resize=350%2C200","width":350,"height":200,"srcset":"https:\/\/i0.wp.com\/noticiasribeiraopreto.com.br\/wp-content\/uploads\/2023\/11\/postimg-65637fa4230ae6656.jpg?fit=1200%2C628&ssl=1&resize=350%2C200 1x, https:\/\/i0.wp.com\/noticiasribeiraopreto.com.br\/wp-content\/uploads\/2023\/11\/postimg-65637fa4230ae6656.jpg?fit=1200%2C628&ssl=1&resize=525%2C300 1.5x, https:\/\/i0.wp.com\/noticiasribeiraopreto.com.br\/wp-content\/uploads\/2023\/11\/postimg-65637fa4230ae6656.jpg?fit=1200%2C628&ssl=1&resize=700%2C400 2x, https:\/\/i0.wp.com\/noticiasribeiraopreto.com.br\/wp-content\/uploads\/2023\/11\/postimg-65637fa4230ae6656.jpg?fit=1200%2C628&ssl=1&resize=1050%2C600 3x"},"classes":[]},{"id":17190,"url":"https:\/\/noticiasribeiraopreto.com.br\/index.php\/2023\/12\/17\/isis-valverde-e-marcus-buaiz-ficam-noivos-apos-seis-meses-de-namoro\/","url_meta":{"origin":24208,"position":3},"title":"Isis Valverde e Marcus Buaiz ficam noivos ap\u00f3s seis meses de namoro","author":"noticiasribeiraopreto.com.br","date":"17 de December de 2023","format":false,"excerpt":"A atriz Isis Valverde e o empres\u00e1rio Marcus Buaiz est\u00e3o noivos. O casal, que tornou p\u00fablico o namoro no m\u00eas de junho deste ano, celebrou a decis\u00e3o de dar mais um passo em seu relacionamento com uma festa realizada em Angra dos Reis, na Costa Verde do Rio de Janeiro,\u2026","rel":"","context":"In &quot;Blog&quot;","block_context":{"text":"Blog","link":"https:\/\/noticiasribeiraopreto.com.br\/index.php\/category\/blog\/"},"img":{"alt_text":"","src":"https:\/\/i0.wp.com\/noticiasribeiraopreto.com.br\/wp-content\/uploads\/2023\/12\/postimg-657f60a2f38c48505.jpg?fit=1200%2C628&ssl=1&resize=350%2C200","width":350,"height":200,"srcset":"https:\/\/i0.wp.com\/noticiasribeiraopreto.com.br\/wp-content\/uploads\/2023\/12\/postimg-657f60a2f38c48505.jpg?fit=1200%2C628&ssl=1&resize=350%2C200 1x, https:\/\/i0.wp.com\/noticiasribeiraopreto.com.br\/wp-content\/uploads\/2023\/12\/postimg-657f60a2f38c48505.jpg?fit=1200%2C628&ssl=1&resize=525%2C300 1.5x, https:\/\/i0.wp.com\/noticiasribeiraopreto.com.br\/wp-content\/uploads\/2023\/12\/postimg-657f60a2f38c48505.jpg?fit=1200%2C628&ssl=1&resize=700%2C400 2x, https:\/\/i0.wp.com\/noticiasribeiraopreto.com.br\/wp-content\/uploads\/2023\/12\/postimg-657f60a2f38c48505.jpg?fit=1200%2C628&ssl=1&resize=1050%2C600 3x"},"classes":[]},{"id":12957,"url":"https:\/\/noticiasribeiraopreto.com.br\/index.php\/2023\/12\/08\/jovem-tira-a-vida-da-propria-mae-apos-briga-por-conta-de-sanduiche-de-bacon\/","url_meta":{"origin":24208,"position":4},"title":"Jovem tira a vida da pr\u00f3pria m\u00e3e ap\u00f3s briga por conta de sandu\u00edche de bacon","author":"noticiasribeiraopreto.com.br","date":"8 de December de 2023","format":false,"excerpt":"Um jovem de 26 anos de idade tirou a vida de sua pr\u00f3pria m\u00e3e por um motivo considerado como f\u00fatil. Os dois brigaram devido a um sandu\u00edche de bacon. O caso aconteceu em meados de outubro deste ano e o jovem recebeu a condena\u00e7\u00e3o de 16 anos de pris\u00e3o.No dia\u2026","rel":"","context":"In &quot;Blog&quot;","block_context":{"text":"Blog","link":"https:\/\/noticiasribeiraopreto.com.br\/index.php\/category\/blog\/"},"img":{"alt_text":"","src":"https:\/\/i0.wp.com\/noticiasribeiraopreto.com.br\/wp-content\/uploads\/2023\/12\/postimg-6573ac6b0b1c73811.jpg?fit=1200%2C628&ssl=1&resize=350%2C200","width":350,"height":200,"srcset":"https:\/\/i0.wp.com\/noticiasribeiraopreto.com.br\/wp-content\/uploads\/2023\/12\/postimg-6573ac6b0b1c73811.jpg?fit=1200%2C628&ssl=1&resize=350%2C200 1x, https:\/\/i0.wp.com\/noticiasribeiraopreto.com.br\/wp-content\/uploads\/2023\/12\/postimg-6573ac6b0b1c73811.jpg?fit=1200%2C628&ssl=1&resize=525%2C300 1.5x, https:\/\/i0.wp.com\/noticiasribeiraopreto.com.br\/wp-content\/uploads\/2023\/12\/postimg-6573ac6b0b1c73811.jpg?fit=1200%2C628&ssl=1&resize=700%2C400 2x, https:\/\/i0.wp.com\/noticiasribeiraopreto.com.br\/wp-content\/uploads\/2023\/12\/postimg-6573ac6b0b1c73811.jpg?fit=1200%2C628&ssl=1&resize=1050%2C600 3x"},"classes":[]},{"id":31171,"url":"https:\/\/noticiasribeiraopreto.com.br\/index.php\/2024\/01\/21\/o-que-muda-na-aposentadoria-em-2024\/","url_meta":{"origin":24208,"position":5},"title":"O que muda na aposentadoria em 2024\u00a0","author":"noticiasribeiraopreto.com.br","date":"21 de January de 2024","format":false,"excerpt":"Quem est\u00e1 prestes a se aposentar precisa estar atento. A Reforma da Previd\u00eancia estabeleceu regras autom\u00e1ticas de transi\u00e7\u00e3o, que mudam a concess\u00e3o de benef\u00edcios a cada ano.\u00a0A pontua\u00e7\u00e3o para a aposentadoria por tempo de contribui\u00e7\u00e3o e por idade sofreu altera\u00e7\u00f5es. Confira abaixo as mudan\u00e7as que come\u00e7am a vigorar neste ano.\u00a0Aposentadoria\u2026","rel":"","context":"In &quot;Not\u00edcias de Ribeir\u00e3o Preto-SP e Regi\u00e3o&quot;","block_context":{"text":"Not\u00edcias de Ribeir\u00e3o Preto-SP e Regi\u00e3o","link":"https:\/\/noticiasribeiraopreto.com.br\/index.php\/category\/noticias-de-ribeirao-preto-sp-e-regiao-ismael-colosi\/"},"img":{"alt_text":"","src":"https:\/\/i0.wp.com\/noticiasribeiraopreto.com.br\/wp-content\/uploads\/2024\/01\/1-aposentadoria-1.png?fit=974%2C645&ssl=1&resize=350%2C200","width":350,"height":200,"srcset":"https:\/\/i0.wp.com\/noticiasribeiraopreto.com.br\/wp-content\/uploads\/2024\/01\/1-aposentadoria-1.png?fit=974%2C645&ssl=1&resize=350%2C200 1x, https:\/\/i0.wp.com\/noticiasribeiraopreto.com.br\/wp-content\/uploads\/2024\/01\/1-aposentadoria-1.png?fit=974%2C645&ssl=1&resize=525%2C300 1.5x, https:\/\/i0.wp.com\/noticiasribeiraopreto.com.br\/wp-content\/uploads\/2024\/01\/1-aposentadoria-1.png?fit=974%2C645&ssl=1&resize=700%2C400 2x"},"classes":[]}],"jetpack_sharing_enabled":true,"jetpack_shortlink":"https:\/\/wp.me\/peQAOb-6is","_links":{"self":[{"href":"https:\/\/noticiasribeiraopreto.com.br\/index.php\/wp-json\/wp\/v2\/posts\/24208","targetHints":{"allow":["GET"]}}],"collection":[{"href":"https:\/\/noticiasribeiraopreto.com.br\/index.php\/wp-json\/wp\/v2\/posts"}],"about":[{"href":"https:\/\/noticiasribeiraopreto.com.br\/index.php\/wp-json\/wp\/v2\/types\/post"}],"author":[{"embeddable":true,"href":"https:\/\/noticiasribeiraopreto.com.br\/index.php\/wp-json\/wp\/v2\/users\/1"}],"replies":[{"embeddable":true,"href":"https:\/\/noticiasribeiraopreto.com.br\/index.php\/wp-json\/wp\/v2\/comments?post=24208"}],"version-history":[{"count":0,"href":"https:\/\/noticiasribeiraopreto.com.br\/index.php\/wp-json\/wp\/v2\/posts\/24208\/revisions"}],"wp:featuredmedia":[{"embeddable":true,"href":"https:\/\/noticiasribeiraopreto.com.br\/index.php\/wp-json\/wp\/v2\/media\/24209"}],"wp:attachment":[{"href":"https:\/\/noticiasribeiraopreto.com.br\/index.php\/wp-json\/wp\/v2\/media?parent=24208"}],"wp:term":[{"taxonomy":"category","embeddable":true,"href":"https:\/\/noticiasribeiraopreto.com.br\/index.php\/wp-json\/wp\/v2\/categories?post=24208"},{"taxonomy":"post_tag","embeddable":true,"href":"https:\/\/noticiasribeiraopreto.com.br\/index.php\/wp-json\/wp\/v2\/tags?post=24208"}],"curies":[{"name":"wp","href":"https:\/\/api.w.org\/{rel}","templated":true}]}}