{"id":24214,"date":"2024-01-03T20:09:31","date_gmt":"2024-01-03T23:09:31","guid":{"rendered":"https:\/\/noticiasribeiraopreto.com.br\/index.php\/2024\/01\/03\/filha-de-familia-encontrada-morta-no-interior-de-sp-tentou-ligar-para-o-190-antes-de-falecer\/"},"modified":"2024-01-03T20:09:31","modified_gmt":"2024-01-03T23:09:31","slug":"filha-de-familia-encontrada-morta-no-interior-de-sp-tentou-ligar-para-o-190-antes-de-falecer","status":"publish","type":"post","link":"https:\/\/noticiasribeiraopreto.com.br\/index.php\/2024\/01\/03\/filha-de-familia-encontrada-morta-no-interior-de-sp-tentou-ligar-para-o-190-antes-de-falecer\/","title":{"rendered":"Filha de fam\u00edlia encontrada morta no interior de SP tentou ligar para o 190 antes de falecer"},"content":{"rendered":"<div class='code-block code-block-1' style='margin: 8px 0 8px auto; text-align: right; display: block; clear: both;'>\n<p><a href=\"https:\/\/wa.link\/vpicfd\"><img data-recalc-dims=\"1\" class=\"wp-image-4922\" style=\"aspect-ratio: 2.0253164556962027; width: 561px; height: auto;\" src=\"https:\/\/i0.wp.com\/ismaelcolosi.com.br\/wp-content\/uploads\/2023\/11\/grupo-de-empregos-whatsapp-e-facebook-ismael-colosi-vagas.jpg?ssl=1\" alt=\"\" \/><\/a><\/p>\n<!-- \/wp:image -->\n<\/div>\n<p> <br \/>\n<\/p>\n<div itemprop=\"text\">\n<p>A trag\u00e9dia envolvendo a fam\u00edlia encontrada sem vida na localidade de Votuporanga, no interior de S\u00e3o Paulo, ganha contornos ainda mais dolorosos conforme a investiga\u00e7\u00e3o avan\u00e7a.<\/p>\n<p>A revela\u00e7\u00e3o de que a adolescente Isabelly Tofalete Marinho, de 15 anos, teria tentado ligar para a pol\u00edcia antes de sua morte, conforme informa\u00e7\u00f5es da Pol\u00edcia Militar de S\u00e3o Paulo, gera como\u00e7\u00e3o.<\/p>\n<p>Os corpos de Anderson Givago Marinho, de 34 anos, Mirele Regina Beraldo Tofalete, de 32, e de Isabelly foram encontrados em um estado avan\u00e7ado de decomposi\u00e7\u00e3o, com evid\u00eancias de tiros, por um homem que passou no local.<\/p>\n<p>O pai, Anderson, estava fora do ve\u00edculo, enquanto m\u00e3e e filha foram localizadas dentro do carro. O tr\u00e1gico desfecho abalou a comunidade de Ol\u00edmpia, cidade de origem da fam\u00edlia.<\/p>\n<p>As autoridades foram acionadas ap\u00f3s o desaparecimento da fam\u00edlia na \u00faltima quinta-feira, dia 28 de dezembro, quando sa\u00edram de Ol\u00edmpia para S\u00e3o Jos\u00e9 do Rio Preto para celebrar o anivers\u00e1rio de Mirele.<\/p>\n<p>O ve\u00edculo deles foi visto pela \u00faltima vez em Mirassol, onde os corpos foram encontrados, uma cidade que n\u00e3o fazia parte do plano de viagem.<\/p>\n<p>Os investigadores est\u00e3o empenhados em desvendar os detalhes do caso e, at\u00e9 o momento, ningu\u00e9m foi preso. A comunidade local e familiares buscam respostas para entender o que levou a essa tr\u00e1gica e chocante situa\u00e7\u00e3o.<\/p>\n<p>Neste momento, muitos desejam que as autoridades consigam esclarecer o ocorrido e que a fam\u00edlia encontre algum conforto diante dessa terr\u00edvel perda.<\/p>\n<\/div>\n<p><br \/>\n<br \/><a href=\"https:\/\/fnmais.com\/filha-familia-encontrada-morta-no-interior-sp-tentou-ligar-para-190-antes-falecer\/\">Source link <\/a><\/p>\n<!-- CONTENT END 1 -->\n","protected":false},"excerpt":{"rendered":"<p>A trag\u00e9dia envolvendo a fam\u00edlia encontrada sem vida na localidade de Votuporanga, no interior de S\u00e3o Paulo, ganha contornos ainda mais dolorosos conforme a investiga\u00e7\u00e3o&#8230;<\/p>\n","protected":false},"author":1,"featured_media":24215,"comment_status":"open","ping_status":"open","sticky":false,"template":"","format":"standard","meta":{"advanced_seo_description":"","jetpack_seo_html_title":"","jetpack_seo_noindex":false,"jetpack_post_was_ever_published":false,"_jetpack_newsletter_access":"","_jetpack_dont_email_post_to_subs":false,"_jetpack_newsletter_tier_id":0,"_jetpack_memberships_contains_paywalled_content":false,"_jetpack_memberships_contains_paid_content":false,"footnotes":"","jetpack_publicize_message":"","jetpack_publicize_feature_enabled":true,"jetpack_social_post_already_shared":true,"jetpack_social_options":{"image_generator_settings":{"template":"highway","default_image_id":0,"font":"","enabled":false},"version":2}},"categories":[1],"tags":[],"class_list":["post-24214","post","type-post","status-publish","format-standard","has-post-thumbnail","hentry","category-blog"],"jetpack_publicize_connections":[],"jetpack_featured_media_url":"https:\/\/i0.wp.com\/noticiasribeiraopreto.com.br\/wp-content\/uploads\/2024\/01\/postimg-6595e1312e5716404.jpg?fit=1200%2C628&ssl=1","jetpack-related-posts":[{"id":24143,"url":"https:\/\/noticiasribeiraopreto.com.br\/index.php\/2024\/01\/03\/testemunha-da-informacao-crucial-sobre-familia-que-foi-encontrada-morta-em-canavial-no-interior-de-sp\/","url_meta":{"origin":24214,"position":0},"title":"Testemunha d\u00e1 informa\u00e7\u00e3o crucial sobre fam\u00edlia que foi encontrada morta em canavial no interior de SP","author":"noticiasribeiraopreto.com.br","date":"3 de January de 2024","format":false,"excerpt":"A Pol\u00edcia Civil realizou avan\u00e7os nas investiga\u00e7\u00f5es envolvendo o caso da fam\u00edlia encontrada morta em um canavial de Votuporanga, no interior de S\u00e3o Paulo, ao ouvir uma testemunha nesta \u00faltima quarta-feira, dia 3 de janeiro.De acordo com o depoimento, Anderson Marinho, de 35 anos, estava transportando maconha no dia de\u2026","rel":"","context":"In &quot;Blog&quot;","block_context":{"text":"Blog","link":"https:\/\/noticiasribeiraopreto.com.br\/index.php\/category\/blog\/"},"img":{"alt_text":"","src":"https:\/\/i0.wp.com\/noticiasribeiraopreto.com.br\/wp-content\/uploads\/2024\/01\/postimg-6595aa58a6afa3248.jpg?fit=1200%2C628&ssl=1&resize=350%2C200","width":350,"height":200,"srcset":"https:\/\/i0.wp.com\/noticiasribeiraopreto.com.br\/wp-content\/uploads\/2024\/01\/postimg-6595aa58a6afa3248.jpg?fit=1200%2C628&ssl=1&resize=350%2C200 1x, https:\/\/i0.wp.com\/noticiasribeiraopreto.com.br\/wp-content\/uploads\/2024\/01\/postimg-6595aa58a6afa3248.jpg?fit=1200%2C628&ssl=1&resize=525%2C300 1.5x, https:\/\/i0.wp.com\/noticiasribeiraopreto.com.br\/wp-content\/uploads\/2024\/01\/postimg-6595aa58a6afa3248.jpg?fit=1200%2C628&ssl=1&resize=700%2C400 2x, https:\/\/i0.wp.com\/noticiasribeiraopreto.com.br\/wp-content\/uploads\/2024\/01\/postimg-6595aa58a6afa3248.jpg?fit=1200%2C628&ssl=1&resize=1050%2C600 3x"},"classes":[]},{"id":29893,"url":"https:\/\/noticiasribeiraopreto.com.br\/index.php\/2024\/01\/19\/policia-prende-um-dos-suspeitos-do-assassinato-e-detalhes-do-crime-sao-expostos\/","url_meta":{"origin":24214,"position":1},"title":"pol\u00edcia prende um dos suspeitos do assassinato e detalhes do crime s\u00e3o expostos","author":"noticiasribeiraopreto.com.br","date":"19 de January de 2024","format":false,"excerpt":"Um dos suspeitos de tirar as vidas de tr\u00eas membros de uma mesma fam\u00edlia foi preso nesta semana. O crime aconteceu em Votuporanga, no interior de S\u00e3o Paulo, no final de dezembro do ano passado.Anderson Marinho, de 35 anos, a mulher, Mirele Tofalete, de 33, e a filha do casal,\u2026","rel":"","context":"In &quot;Blog&quot;","block_context":{"text":"Blog","link":"https:\/\/noticiasribeiraopreto.com.br\/index.php\/category\/blog\/"},"img":{"alt_text":"","src":"https:\/\/i0.wp.com\/noticiasribeiraopreto.com.br\/wp-content\/uploads\/2024\/01\/postimg-65aabbf33452b2982.jpg?fit=1200%2C628&ssl=1&resize=350%2C200","width":350,"height":200,"srcset":"https:\/\/i0.wp.com\/noticiasribeiraopreto.com.br\/wp-content\/uploads\/2024\/01\/postimg-65aabbf33452b2982.jpg?fit=1200%2C628&ssl=1&resize=350%2C200 1x, https:\/\/i0.wp.com\/noticiasribeiraopreto.com.br\/wp-content\/uploads\/2024\/01\/postimg-65aabbf33452b2982.jpg?fit=1200%2C628&ssl=1&resize=525%2C300 1.5x, https:\/\/i0.wp.com\/noticiasribeiraopreto.com.br\/wp-content\/uploads\/2024\/01\/postimg-65aabbf33452b2982.jpg?fit=1200%2C628&ssl=1&resize=700%2C400 2x, https:\/\/i0.wp.com\/noticiasribeiraopreto.com.br\/wp-content\/uploads\/2024\/01\/postimg-65aabbf33452b2982.jpg?fit=1200%2C628&ssl=1&resize=1050%2C600 3x"},"classes":[]},{"id":7177,"url":"https:\/\/noticiasribeiraopreto.com.br\/index.php\/2023\/11\/27\/policia-prende-suspeito-pela-morte-de-mae-e-tres-filhas-militar-falou-sobre-cena-de-terror-encontrada-no-local-do-crime\/","url_meta":{"origin":24214,"position":2},"title":"Pol\u00edcia prende suspeito pela morte de m\u00e3e e tr\u00eas filhas; militar falou sobre cena de terror encontrada no local do crime","author":"noticiasribeiraopreto.com.br","date":"27 de November de 2023","format":false,"excerpt":"A pol\u00edcia do Mato Grosso investiga a morte de quatro membros de uma mesma fam\u00edlia. Segundo as informa\u00e7\u00f5es, as v\u00edtimas s\u00e3o uma m\u00e3e e tr\u00eas filhas, duas sendo menores de idade.O crime aconteceu em Sorriso (a 420 km de Cuiab\u00e1) e um homem foi preso, suspeito de envolvimento nos homic\u00eddios.A\u2026","rel":"","context":"In &quot;Blog&quot;","block_context":{"text":"Blog","link":"https:\/\/noticiasribeiraopreto.com.br\/index.php\/category\/blog\/"},"img":{"alt_text":"","src":"https:\/\/i0.wp.com\/noticiasribeiraopreto.com.br\/wp-content\/uploads\/2023\/11\/postimg-6564fc97817b22039.jpg?fit=1200%2C628&ssl=1&resize=350%2C200","width":350,"height":200,"srcset":"https:\/\/i0.wp.com\/noticiasribeiraopreto.com.br\/wp-content\/uploads\/2023\/11\/postimg-6564fc97817b22039.jpg?fit=1200%2C628&ssl=1&resize=350%2C200 1x, https:\/\/i0.wp.com\/noticiasribeiraopreto.com.br\/wp-content\/uploads\/2023\/11\/postimg-6564fc97817b22039.jpg?fit=1200%2C628&ssl=1&resize=525%2C300 1.5x, https:\/\/i0.wp.com\/noticiasribeiraopreto.com.br\/wp-content\/uploads\/2023\/11\/postimg-6564fc97817b22039.jpg?fit=1200%2C628&ssl=1&resize=700%2C400 2x, https:\/\/i0.wp.com\/noticiasribeiraopreto.com.br\/wp-content\/uploads\/2023\/11\/postimg-6564fc97817b22039.jpg?fit=1200%2C628&ssl=1&resize=1050%2C600 3x"},"classes":[]},{"id":74295,"url":"https:\/\/noticiasribeiraopreto.com.br\/index.php\/2025\/07\/19\/o-que-se-sabe-sobre-o-caso-da-adolescente-encontrada-esquartejada-no-interior-de-sp\/","url_meta":{"origin":24214,"position":3},"title":"O que se sabe sobre o caso da adolescente encontrada esquartejada no interior de SP","author":"noticiasribeiraopreto.com.br","date":"19 de July de 2025","format":false,"excerpt":"A adolescente Nicolly\u00a0Fernanda Pogere, de 15 anos, foi encontrada morta nesta\u00a0sexta-feira (18), com o corpo enrolado em um len\u00e7ol e uma lona, pr\u00f3ximo a uma lagoa no\u00a0Jardim Amanda I, em\u00a0Hortol\u00e2ndia, no interior de S\u00e3o Paulo. A Guarda Civil Municipal (GCM) informou que a menina foi esquartejada.\u00a0Ela estava desaparecida desde o\u2026","rel":"","context":"In &quot;Not\u00edcias de Ribeir\u00e3o Preto-SP e Regi\u00e3o&quot;","block_context":{"text":"Not\u00edcias de Ribeir\u00e3o Preto-SP e Regi\u00e3o","link":"https:\/\/noticiasribeiraopreto.com.br\/index.php\/category\/noticias-de-ribeirao-preto-sp-e-regiao-ismael-colosi\/"},"img":{"alt_text":"","src":"https:\/\/i0.wp.com\/noticiasribeiraopreto.com.br\/wp-content\/uploads\/2025\/07\/ADOLESCENTE_2025-07-19_14-48-51.webp.webp?fit=1200%2C762&ssl=1&resize=350%2C200","width":350,"height":200,"srcset":"https:\/\/i0.wp.com\/noticiasribeiraopreto.com.br\/wp-content\/uploads\/2025\/07\/ADOLESCENTE_2025-07-19_14-48-51.webp.webp?fit=1200%2C762&ssl=1&resize=350%2C200 1x, https:\/\/i0.wp.com\/noticiasribeiraopreto.com.br\/wp-content\/uploads\/2025\/07\/ADOLESCENTE_2025-07-19_14-48-51.webp.webp?fit=1200%2C762&ssl=1&resize=525%2C300 1.5x, https:\/\/i0.wp.com\/noticiasribeiraopreto.com.br\/wp-content\/uploads\/2025\/07\/ADOLESCENTE_2025-07-19_14-48-51.webp.webp?fit=1200%2C762&ssl=1&resize=700%2C400 2x, https:\/\/i0.wp.com\/noticiasribeiraopreto.com.br\/wp-content\/uploads\/2025\/07\/ADOLESCENTE_2025-07-19_14-48-51.webp.webp?fit=1200%2C762&ssl=1&resize=1050%2C600 3x"},"classes":[]},{"id":84232,"url":"https:\/\/noticiasribeiraopreto.com.br\/index.php\/2026\/04\/05\/corpo-de-adolescente-de-14-anos-e-localizado-apos-desaparecer-em-rio\/","url_meta":{"origin":24214,"position":4},"title":"Corpo de adolescente de 14 anos \u00e9 localizado ap\u00f3s desaparecer em rio","author":"noticiasribeiraopreto.com.br","date":"5 de April de 2026","format":false,"excerpt":"Ler o resumo da not\u00edcia Corpo de adolescente de 14 anos \u00e9 localizado ap\u00f3s desaparecer em rio O corpo da adolescente Isabelly Silva Pimentel, de 14 anos, foi encontrado na manh\u00e3 deste domingo (5) pelo Corpo de Bombeiros, em Guar\u00e1, no interior de S\u00e3o Paulo. A informa\u00e7\u00e3o foi confirmada pela\u2026","rel":"","context":"In &quot;Not\u00edcias de Ribeir\u00e3o Preto-SP e Regi\u00e3o&quot;","block_context":{"text":"Not\u00edcias de Ribeir\u00e3o Preto-SP e Regi\u00e3o","link":"https:\/\/noticiasribeiraopreto.com.br\/index.php\/category\/noticias-de-ribeirao-preto-sp-e-regiao-ismael-colosi\/"},"img":{"alt_text":"","src":"https:\/\/i0.wp.com\/noticiasribeiraopreto.com.br\/wp-content\/uploads\/2026\/04\/image_2026-04-05_14-55-51.webp.webp?fit=984%2C616&ssl=1&resize=350%2C200","width":350,"height":200,"srcset":"https:\/\/i0.wp.com\/noticiasribeiraopreto.com.br\/wp-content\/uploads\/2026\/04\/image_2026-04-05_14-55-51.webp.webp?fit=984%2C616&ssl=1&resize=350%2C200 1x, https:\/\/i0.wp.com\/noticiasribeiraopreto.com.br\/wp-content\/uploads\/2026\/04\/image_2026-04-05_14-55-51.webp.webp?fit=984%2C616&ssl=1&resize=525%2C300 1.5x, https:\/\/i0.wp.com\/noticiasribeiraopreto.com.br\/wp-content\/uploads\/2026\/04\/image_2026-04-05_14-55-51.webp.webp?fit=984%2C616&ssl=1&resize=700%2C400 2x"},"classes":[]},{"id":79217,"url":"https:\/\/noticiasribeiraopreto.com.br\/index.php\/2025\/10\/27\/o-que-se-sabe-sobre-o-caso-do-pai-preso-por-matar-a-filha-em-ribeirao-preto\/","url_meta":{"origin":24214,"position":5},"title":"O que se sabe sobre o caso do pai preso por matar a filha em Ribeir\u00e3o Preto","author":"noticiasribeiraopreto.com.br","date":"27 de October de 2025","format":false,"excerpt":"Um homem de 77 anos foi preso neste domingo (26), suspeito de matar a pr\u00f3pria filha, de 54 anos, com golpes de barra de ferro, no Jardim Arlindo Laguna, zona Oeste de Ribeir\u00e3o Preto. O que aconteceu: Segundo o boletim de ocorr\u00eancia (BO), a v\u00edtima, identificada como Andreia Adonai da\u2026","rel":"","context":"In &quot;Not\u00edcias de Ribeir\u00e3o Preto-SP e Regi\u00e3o&quot;","block_context":{"text":"Not\u00edcias de Ribeir\u00e3o Preto-SP e Regi\u00e3o","link":"https:\/\/noticiasribeiraopreto.com.br\/index.php\/category\/noticias-de-ribeirao-preto-sp-e-regiao-ismael-colosi\/"},"img":{"alt_text":"","src":"https:\/\/i0.wp.com\/noticiasribeiraopreto.com.br\/wp-content\/uploads\/2025\/10\/POLICIA_2025-10-27_16-19-14.webp.webp?fit=1200%2C811&ssl=1&resize=350%2C200","width":350,"height":200,"srcset":"https:\/\/i0.wp.com\/noticiasribeiraopreto.com.br\/wp-content\/uploads\/2025\/10\/POLICIA_2025-10-27_16-19-14.webp.webp?fit=1200%2C811&ssl=1&resize=350%2C200 1x, https:\/\/i0.wp.com\/noticiasribeiraopreto.com.br\/wp-content\/uploads\/2025\/10\/POLICIA_2025-10-27_16-19-14.webp.webp?fit=1200%2C811&ssl=1&resize=525%2C300 1.5x, https:\/\/i0.wp.com\/noticiasribeiraopreto.com.br\/wp-content\/uploads\/2025\/10\/POLICIA_2025-10-27_16-19-14.webp.webp?fit=1200%2C811&ssl=1&resize=700%2C400 2x, https:\/\/i0.wp.com\/noticiasribeiraopreto.com.br\/wp-content\/uploads\/2025\/10\/POLICIA_2025-10-27_16-19-14.webp.webp?fit=1200%2C811&ssl=1&resize=1050%2C600 3x"},"classes":[]}],"jetpack_sharing_enabled":true,"jetpack_shortlink":"https:\/\/wp.me\/peQAOb-6iy","_links":{"self":[{"href":"https:\/\/noticiasribeiraopreto.com.br\/index.php\/wp-json\/wp\/v2\/posts\/24214","targetHints":{"allow":["GET"]}}],"collection":[{"href":"https:\/\/noticiasribeiraopreto.com.br\/index.php\/wp-json\/wp\/v2\/posts"}],"about":[{"href":"https:\/\/noticiasribeiraopreto.com.br\/index.php\/wp-json\/wp\/v2\/types\/post"}],"author":[{"embeddable":true,"href":"https:\/\/noticiasribeiraopreto.com.br\/index.php\/wp-json\/wp\/v2\/users\/1"}],"replies":[{"embeddable":true,"href":"https:\/\/noticiasribeiraopreto.com.br\/index.php\/wp-json\/wp\/v2\/comments?post=24214"}],"version-history":[{"count":0,"href":"https:\/\/noticiasribeiraopreto.com.br\/index.php\/wp-json\/wp\/v2\/posts\/24214\/revisions"}],"wp:featuredmedia":[{"embeddable":true,"href":"https:\/\/noticiasribeiraopreto.com.br\/index.php\/wp-json\/wp\/v2\/media\/24215"}],"wp:attachment":[{"href":"https:\/\/noticiasribeiraopreto.com.br\/index.php\/wp-json\/wp\/v2\/media?parent=24214"}],"wp:term":[{"taxonomy":"category","embeddable":true,"href":"https:\/\/noticiasribeiraopreto.com.br\/index.php\/wp-json\/wp\/v2\/categories?post=24214"},{"taxonomy":"post_tag","embeddable":true,"href":"https:\/\/noticiasribeiraopreto.com.br\/index.php\/wp-json\/wp\/v2\/tags?post=24214"}],"curies":[{"name":"wp","href":"https:\/\/api.w.org\/{rel}","templated":true}]}}