{"id":24216,"date":"2024-01-03T20:13:18","date_gmt":"2024-01-03T23:13:18","guid":{"rendered":"https:\/\/noticiasribeiraopreto.com.br\/index.php\/2024\/01\/03\/campanha-janeiro-branco-alerta-para-saude-mental-e-emocional\/"},"modified":"2024-01-03T20:13:18","modified_gmt":"2024-01-03T23:13:18","slug":"campanha-janeiro-branco-alerta-para-saude-mental-e-emocional","status":"publish","type":"post","link":"https:\/\/noticiasribeiraopreto.com.br\/index.php\/2024\/01\/03\/campanha-janeiro-branco-alerta-para-saude-mental-e-emocional\/","title":{"rendered":"Campanha Janeiro Branco alerta para sa\u00fade mental e emocional"},"content":{"rendered":"<div class='code-block code-block-1' style='margin: 8px 0 8px auto; text-align: right; display: block; clear: both;'>\n<p><a href=\"https:\/\/wa.link\/vpicfd\"><img data-recalc-dims=\"1\" class=\"wp-image-4922\" style=\"aspect-ratio: 2.0253164556962027; width: 561px; height: auto;\" src=\"https:\/\/i0.wp.com\/ismaelcolosi.com.br\/wp-content\/uploads\/2023\/11\/grupo-de-empregos-whatsapp-e-facebook-ismael-colosi-vagas.jpg?ssl=1\" alt=\"\" \/><\/a><\/p>\n<!-- \/wp:image -->\n<\/div>\n<p> <br \/>\n<\/p>\n<div>\n<p>Criar uma cultura de cuidado emocional, proporcionando informa\u00e7\u00f5es e apoio para indiv\u00edduos, fam\u00edlias, institui\u00e7\u00f5es e comunidades em geral, \u00e9 a proposta da campanha Janeiro Branco, que visa a alertar para os cuidados com a sa\u00fade mental e emocional da popula\u00e7\u00e3o a partir da preven\u00e7\u00e3o de doen\u00e7as decorrentes do estresse, como ansiedade, depress\u00e3o e p\u00e2nico.\u00a0<noscript><img data-recalc-dims=\"1\" decoding=\"async\" src=\"https:\/\/i0.wp.com\/agenciabrasil.ebc.com.br\/ebc.png?ssl=1\"\/><\/noscript><img data-recalc-dims=\"1\" decoding=\"async\" src=\"https:\/\/i0.wp.com\/agenciabrasil.ebc.com.br\/ebc.gif?ssl=1\" class=\"lazyload\"\/><noscript><img data-recalc-dims=\"1\" decoding=\"async\" src=\"https:\/\/i0.wp.com\/agenciabrasil.ebc.com.br\/ebc.gif?ssl=1\"\/><\/noscript><\/p>\n<p>O Instituto Nacional do Seguro Social (INSS) lembra que tamb\u00e9m entram no rol transtornos de humor, esquizofrenia e transtorno bipolar\u00a0que, muitas vezes, fazem com que as pessoas se tornem impossibilitadas (tempor\u00e1ria ou permanentemente) de exercer suas fun\u00e7\u00f5es laborais. A concess\u00e3o de benef\u00edcios, no entanto, est\u00e1 sujeita a crit\u00e9rios espec\u00edficos.<\/p>\n<p>O benef\u00edcio por incapacidade tempor\u00e1ria, antigo aux\u00edlio-doen\u00e7a, \u00e9 concedido a pessoas que est\u00e3o temporariamente incapacitadas para o trabalho em raz\u00e3o de doen\u00e7a mental. J\u00e1 o benef\u00edcio por incapacidade permanente, antiga aposentadoria por invalidez, \u00e9 concedido a pessoas permanentemente incapacitadas para o trabalho por causa de doen\u00e7a mental.<\/p>\n<p>Para solicitar o benef\u00edcio ao INSS, \u00e9 preciso agendar a per\u00edcia m\u00e9dica no aplicativo, no\u00a0<em>site<\/em>\u00a0ou pelo telefone 135. No dia do atendimento, \u00e9 necess\u00e1rio apresentar documentos m\u00e9dicos (atestados, relat\u00f3rios, exames) e documentos pessoais. \u00c9 importante ressaltar que o perito m\u00e9dico \u00e9 quem ir\u00e1 avaliar se o trabalhador tem direito ao benef\u00edcio.<\/p>\n<p>Caso o benef\u00edcio seja concedido, o trabalhador receber\u00e1 uma carta de concess\u00e3o de come\u00e7a a receber na ag\u00eancia banc\u00e1ria em que o INSS depositar o valor. Ap\u00f3s receber o primeiro pagamento, o benefici\u00e1rio pode alterar a ag\u00eancia banc\u00e1ria de recebimento.<\/p>\n<p><strong>Cuidados com a sa\u00fade mental \u2013<\/strong> O INSS destaca que um dos primeiros passos para cuidar da sa\u00fade mental \u00e9 ter cautela com as expectativas. \u00c9 importante estabelecer metas tang\u00edveis, com prazos mais curtos, ou metas divididas em etapas. Tamb\u00e9m n\u00e3o \u00e9 necess\u00e1rio esperar uma \u00e9poca espec\u00edfica, como dezembro ou janeiro, para tra\u00e7ar planos ou avaliar o percurso.<\/p>\n<p>\u201cCriar metas que impliquem mudan\u00e7as de vida, rotina ou h\u00e1bitos, sem o devido planejamento ou sem considerar as possibilidades reais e os recursos necess\u00e1rios, pode torn\u00e1-las inating\u00edveis, gerando frustra\u00e7\u00e3o e, consequentemente sofrimento emocional\u201d.<\/p>\n<p>O instituto alerta ainda que ter uma atitude de autocobran\u00e7a exagerada nesta \u00e9poca do ano pode dificultar o reconhecimento dos esfor\u00e7os e conquistas ao longo dos meses subsequentes. \u201cO ideal \u00e9 que o exerc\u00edcio de auto-observa\u00e7\u00e3o seja cotidiano e realizado com generosidade e auto-acolhimento\u201d.<\/p>\n<p>\u201c\u00c9 natural que os acontecimentos, por vezes, n\u00e3o ocorram como esperado ou que as prioridades mudem no meio do caminho. Nesse caso, \u00e9 fundamental reconhecer as qualidades, habilidades e recursos internos para lidar com as adversidades e, se necess\u00e1rio, \u2018reprogramar a rota\u2019\u201d.<\/p>\n<p>Outra boa estrat\u00e9gia \u00e9 manter consci\u00eancia sobre os sentimentos. \u201cIdentificar as emo\u00e7\u00f5es \u00e9 fundamental para fazer mudan\u00e7as em dire\u00e7\u00e3o ao bem-estar, j\u00e1 que elas t\u00eam a fun\u00e7\u00e3o de comunicar sobre os gostos e necessidades individuais. Assim, ao reconhecer as emo\u00e7\u00f5es e o fluxo de pensamentos que as acompanham, \u00e9 poss\u00edvel determinar de forma mais consciente o modo de agir e lidar com situa\u00e7\u00f5es diversas\u201d.<\/p>\n<p>\u201cD\u00ea aten\u00e7\u00e3o ao momento presente. Pensar constantemente em coisas que j\u00e1 aconteceram ou poder\u00e3o acontecer \u00e9 grande desencadeador de ang\u00fastia. Portanto, \u00e9 importante focar nas a\u00e7\u00f5es poss\u00edveis, naquilo que est\u00e1 no controle e aproveitar as experi\u00eancias atuais.\u201d<\/p>\n<\/div>\n<p><br \/>\n<br \/><a href=\"https:\/\/www.tribunaribeirao.com.br\/site\/campanha-janeiro-branco-alerta-para-saude-mental-e-emocional\/\">Source link <\/a><\/p>\n<!-- CONTENT END 1 -->\n","protected":false},"excerpt":{"rendered":"<p>Criar uma cultura de cuidado emocional, proporcionando informa\u00e7\u00f5es e apoio para indiv\u00edduos, fam\u00edlias, institui\u00e7\u00f5es e comunidades em geral, \u00e9 a proposta da campanha Janeiro Branco,&#8230;<\/p>\n","protected":false},"author":1,"featured_media":24217,"comment_status":"open","ping_status":"open","sticky":false,"template":"","format":"standard","meta":{"advanced_seo_description":"","jetpack_seo_html_title":"","jetpack_seo_noindex":false,"jetpack_post_was_ever_published":false,"_jetpack_newsletter_access":"","_jetpack_dont_email_post_to_subs":false,"_jetpack_newsletter_tier_id":0,"_jetpack_memberships_contains_paywalled_content":false,"_jetpack_memberships_contains_paid_content":false,"footnotes":"","jetpack_publicize_message":"","jetpack_publicize_feature_enabled":true,"jetpack_social_post_already_shared":true,"jetpack_social_options":{"image_generator_settings":{"template":"highway","default_image_id":0,"font":"","enabled":false},"version":2}},"categories":[11],"tags":[163,1446,832,2981,174,2980,71,158],"class_list":["post-24216","post","type-post","status-publish","format-standard","has-post-thumbnail","hentry","category-noticias-de-ribeirao-preto-sp-e-regiao-ismael-colosi","tag-alerta","tag-branco","tag-campanha","tag-emocional","tag-janeiro","tag-mental","tag-para","tag-saude"],"jetpack_publicize_connections":[],"jetpack_featured_media_url":"https:\/\/i0.wp.com\/noticiasribeiraopreto.com.br\/wp-content\/uploads\/2024\/01\/f3dc03a3-3239-4452-aabb-6da029e5e486-scaled.jpg?fit=967%2C645&ssl=1","jetpack-related-posts":[{"id":63641,"url":"https:\/\/noticiasribeiraopreto.com.br\/index.php\/2025\/02\/18\/fibromialgia-como-a-doenca-pode-afetar-o-bem-estar-emocional\/","url_meta":{"origin":24216,"position":0},"title":"Fibromialgia: como a doen\u00e7a pode afetar o bem-estar emocional?","author":"noticiasribeiraopreto.com.br","date":"18 de February de 2025","format":false,"excerpt":"Conviver diariamente com dor cr\u00f4nica \u00e9 um desafio que vai al\u00e9m do aspecto f\u00edsico. O sofrimento rotineiro, muitas vezes invis\u00edvel para os outros, tamb\u00e9m impacta profundamente a sa\u00fade mental de quem o enfrenta. \u00c9 assim com quem sofre de fibromialgia, uma condi\u00e7\u00e3o ainda cercada por incompreens\u00e3o e desinforma\u00e7\u00e3o. Al\u00e9m de\u2026","rel":"","context":"In &quot;Not\u00edcias de Ribeir\u00e3o Preto-SP e Regi\u00e3o&quot;","block_context":{"text":"Not\u00edcias de Ribeir\u00e3o Preto-SP e Regi\u00e3o","link":"https:\/\/noticiasribeiraopreto.com.br\/index.php\/category\/noticias-de-ribeirao-preto-sp-e-regiao-ismael-colosi\/"},"img":{"alt_text":"","src":"https:\/\/i0.wp.com\/noticiasribeiraopreto.com.br\/wp-content\/uploads\/2025\/02\/Imagem-do-WhatsApp-de-2025-02-18-as-12.10.42_fdd6849c.jpg?fit=1200%2C800&ssl=1&resize=350%2C200","width":350,"height":200,"srcset":"https:\/\/i0.wp.com\/noticiasribeiraopreto.com.br\/wp-content\/uploads\/2025\/02\/Imagem-do-WhatsApp-de-2025-02-18-as-12.10.42_fdd6849c.jpg?fit=1200%2C800&ssl=1&resize=350%2C200 1x, https:\/\/i0.wp.com\/noticiasribeiraopreto.com.br\/wp-content\/uploads\/2025\/02\/Imagem-do-WhatsApp-de-2025-02-18-as-12.10.42_fdd6849c.jpg?fit=1200%2C800&ssl=1&resize=525%2C300 1.5x, https:\/\/i0.wp.com\/noticiasribeiraopreto.com.br\/wp-content\/uploads\/2025\/02\/Imagem-do-WhatsApp-de-2025-02-18-as-12.10.42_fdd6849c.jpg?fit=1200%2C800&ssl=1&resize=700%2C400 2x, https:\/\/i0.wp.com\/noticiasribeiraopreto.com.br\/wp-content\/uploads\/2025\/02\/Imagem-do-WhatsApp-de-2025-02-18-as-12.10.42_fdd6849c.jpg?fit=1200%2C800&ssl=1&resize=1050%2C600 3x"},"classes":[]},{"id":69072,"url":"https:\/\/noticiasribeiraopreto.com.br\/index.php\/2025\/05\/01\/jornal-da-franca-tinder-cria-um-caminhao-para-jogar-fora-memorias-de-ex-amores\/","url_meta":{"origin":24216,"position":1},"title":"Jornal da Franca &#8211; Tinder cria um caminh\u00e3o para jogar fora mem\u00f3rias de ex-amores","author":"noticiasribeiraopreto.com.br","date":"1 de May de 2025","format":false,"excerpt":"compartilhar no whatsapp compartilhar no telegram compartilhar no facebook compartilhar no linkedin Tinder criou um caminh\u00e3o especial para ajudar quem quer deixar o passado para tr\u00e1s e se desfazer de lembran\u00e7as Quem quiser se desfazer de lembran\u00e7as de antigos relacionamentos pode recorrer ao caminh\u00e3o do Tinder \u2013 foto J\u00e1 Imaginou\u2026","rel":"","context":"In &quot;Not\u00edcias de Franca-SP&quot;","block_context":{"text":"Not\u00edcias de Franca-SP","link":"https:\/\/noticiasribeiraopreto.com.br\/index.php\/category\/noticias-de-ribeirao-preto-sp-e-regiao-ismael-colosi\/noticias-franca-sp\/"},"img":{"alt_text":"","src":"https:\/\/i0.wp.com\/noticiasribeiraopreto.com.br\/wp-content\/uploads\/2025\/05\/tinder-caminhao-foto-ja-imaginou-isso.jpg?fit=1088%2C720&ssl=1&resize=350%2C200","width":350,"height":200,"srcset":"https:\/\/i0.wp.com\/noticiasribeiraopreto.com.br\/wp-content\/uploads\/2025\/05\/tinder-caminhao-foto-ja-imaginou-isso.jpg?fit=1088%2C720&ssl=1&resize=350%2C200 1x, https:\/\/i0.wp.com\/noticiasribeiraopreto.com.br\/wp-content\/uploads\/2025\/05\/tinder-caminhao-foto-ja-imaginou-isso.jpg?fit=1088%2C720&ssl=1&resize=525%2C300 1.5x, https:\/\/i0.wp.com\/noticiasribeiraopreto.com.br\/wp-content\/uploads\/2025\/05\/tinder-caminhao-foto-ja-imaginou-isso.jpg?fit=1088%2C720&ssl=1&resize=700%2C400 2x, https:\/\/i0.wp.com\/noticiasribeiraopreto.com.br\/wp-content\/uploads\/2025\/05\/tinder-caminhao-foto-ja-imaginou-isso.jpg?fit=1088%2C720&ssl=1&resize=1050%2C600 3x"},"classes":[]},{"id":72068,"url":"https:\/\/noticiasribeiraopreto.com.br\/index.php\/2025\/06\/12\/jornal-da-franca-relacoes-amorosas-ajudam-a-proteger-o-cerebro-e-a-saude-mental-entenda-como\/","url_meta":{"origin":24216,"position":2},"title":"Jornal da Franca &#8211; Rela\u00e7\u00f5es amorosas ajudam a proteger o c\u00e9rebro e a sa\u00fade mental; entenda como","author":"noticiasribeiraopreto.com.br","date":"12 de June de 2025","format":false,"excerpt":"compartilhar no whatsapp compartilhar no telegram compartilhar no facebook compartilhar no linkedin Estudos j\u00e1 demonstraram que o v\u00ednculo amoroso protege contra depress\u00e3o e ansiedade, al\u00e9m de oferecer prote\u00e7\u00e3o cognitiva Os benef\u00edcios das rela\u00e7\u00f5es amorosas v\u00e3o muito al\u00e9m do romantismo \u2013 foto Arquivo \u00a0 Os benef\u00edcios das rela\u00e7\u00f5es amorosas v\u00e3o muito\u2026","rel":"","context":"In &quot;Not\u00edcias de Franca-SP&quot;","block_context":{"text":"Not\u00edcias de Franca-SP","link":"https:\/\/noticiasribeiraopreto.com.br\/index.php\/category\/noticias-de-ribeirao-preto-sp-e-regiao-ismael-colosi\/noticias-franca-sp\/"},"img":{"alt_text":"","src":"https:\/\/i0.wp.com\/noticiasribeiraopreto.com.br\/wp-content\/uploads\/2025\/06\/casal-de-idosos.jpg?fit=918%2C612&ssl=1&resize=350%2C200","width":350,"height":200,"srcset":"https:\/\/i0.wp.com\/noticiasribeiraopreto.com.br\/wp-content\/uploads\/2025\/06\/casal-de-idosos.jpg?fit=918%2C612&ssl=1&resize=350%2C200 1x, https:\/\/i0.wp.com\/noticiasribeiraopreto.com.br\/wp-content\/uploads\/2025\/06\/casal-de-idosos.jpg?fit=918%2C612&ssl=1&resize=525%2C300 1.5x, https:\/\/i0.wp.com\/noticiasribeiraopreto.com.br\/wp-content\/uploads\/2025\/06\/casal-de-idosos.jpg?fit=918%2C612&ssl=1&resize=700%2C400 2x"},"classes":[]},{"id":1234,"url":"https:\/\/noticiasribeiraopreto.com.br\/index.php\/2023\/11\/11\/ribeirao-preto-tem-acao-de-prevencao-ao-diabetes-e-incentivo-a-habitos-saudaveis\/","url_meta":{"origin":24216,"position":3},"title":"Ribeir\u00e3o Preto tem a\u00e7\u00e3o de preven\u00e7\u00e3o ao diabetes e incentivo a h\u00e1bitos saud\u00e1veis","author":"noticiasribeiraopreto.com.br","date":"11 de November de 2023","format":false,"excerpt":"A secretaria municipal da Sa\u00fade, promove neste s\u00e1bado (11), entre 8h e 12h, na Esplanada do Theatro Pedro II, em Ribeir\u00e3o Preto a\u00e7\u00f5es de preven\u00e7\u00e3o ao diabetes, educa\u00e7\u00e3o nutricional, aferi\u00e7\u00e3o de press\u00e3o arterial e medi\u00e7\u00e3o de glicemia. Com parte da Campanha Novembro Azul, simultaneamente, 16 unidades de sa\u00fade de Ribeir\u00e3o\u2026","rel":"","context":"In &quot;Not\u00edcias de Ribeir\u00e3o Preto-SP e Regi\u00e3o&quot;","block_context":{"text":"Not\u00edcias de Ribeir\u00e3o Preto-SP e Regi\u00e3o","link":"https:\/\/noticiasribeiraopreto.com.br\/index.php\/category\/noticias-de-ribeirao-preto-sp-e-regiao-ismael-colosi\/"},"img":{"alt_text":"","src":"https:\/\/i0.wp.com\/noticiasribeiraopreto.com.br\/wp-content\/uploads\/2023\/11\/WhatsApp-Image-2023-11-10-at-13.00.13.jpeg?fit=1200%2C675&ssl=1&resize=350%2C200","width":350,"height":200,"srcset":"https:\/\/i0.wp.com\/noticiasribeiraopreto.com.br\/wp-content\/uploads\/2023\/11\/WhatsApp-Image-2023-11-10-at-13.00.13.jpeg?fit=1200%2C675&ssl=1&resize=350%2C200 1x, https:\/\/i0.wp.com\/noticiasribeiraopreto.com.br\/wp-content\/uploads\/2023\/11\/WhatsApp-Image-2023-11-10-at-13.00.13.jpeg?fit=1200%2C675&ssl=1&resize=525%2C300 1.5x, https:\/\/i0.wp.com\/noticiasribeiraopreto.com.br\/wp-content\/uploads\/2023\/11\/WhatsApp-Image-2023-11-10-at-13.00.13.jpeg?fit=1200%2C675&ssl=1&resize=700%2C400 2x, https:\/\/i0.wp.com\/noticiasribeiraopreto.com.br\/wp-content\/uploads\/2023\/11\/WhatsApp-Image-2023-11-10-at-13.00.13.jpeg?fit=1200%2C675&ssl=1&resize=1050%2C600 3x"},"classes":[]},{"id":69509,"url":"https:\/\/noticiasribeiraopreto.com.br\/index.php\/2025\/05\/06\/jornal-da-franca-como-saber-se-esta-numa-relacao-toxica-terapeuta-revela-cinco-sinais\/","url_meta":{"origin":24216,"position":4},"title":"Jornal da Franca &#8211; Como saber se est\u00e1 numa rela\u00e7\u00e3o t\u00f3xica? Terapeuta revela cinco sinais!","author":"noticiasribeiraopreto.com.br","date":"6 de May de 2025","format":false,"excerpt":"compartilhar no whatsapp compartilhar no telegram compartilhar no facebook compartilhar no linkedin Relacionamentos t\u00f3xicos podem causar impactos profundos na sa\u00fade mental e emocional Muitas vezes, os sinais de um relacionamento t\u00f3xico s\u00e3o sutis \u2013 foto Shutterstock \u00a0 Nem sempre \u00e9 f\u00e1cil reconhecer quando se est\u00e1 em uma rela\u00e7\u00e3o t\u00f3xica. Muitas\u2026","rel":"","context":"In &quot;Not\u00edcias de Franca-SP&quot;","block_context":{"text":"Not\u00edcias de Franca-SP","link":"https:\/\/noticiasribeiraopreto.com.br\/index.php\/category\/noticias-de-ribeirao-preto-sp-e-regiao-ismael-colosi\/noticias-franca-sp\/"},"img":{"alt_text":"","src":"https:\/\/i0.wp.com\/noticiasribeiraopreto.com.br\/wp-content\/uploads\/2025\/05\/relacionamento-toxico-shutterstock.jpg?fit=960%2C540&ssl=1&resize=350%2C200","width":350,"height":200,"srcset":"https:\/\/i0.wp.com\/noticiasribeiraopreto.com.br\/wp-content\/uploads\/2025\/05\/relacionamento-toxico-shutterstock.jpg?fit=960%2C540&ssl=1&resize=350%2C200 1x, https:\/\/i0.wp.com\/noticiasribeiraopreto.com.br\/wp-content\/uploads\/2025\/05\/relacionamento-toxico-shutterstock.jpg?fit=960%2C540&ssl=1&resize=525%2C300 1.5x, https:\/\/i0.wp.com\/noticiasribeiraopreto.com.br\/wp-content\/uploads\/2025\/05\/relacionamento-toxico-shutterstock.jpg?fit=960%2C540&ssl=1&resize=700%2C400 2x"},"classes":[]},{"id":67679,"url":"https:\/\/noticiasribeiraopreto.com.br\/index.php\/2025\/04\/17\/o-que-acontece-com-a-saude-mental-e-fisica-em-quem-tem-o-habito-de-mentir\/","url_meta":{"origin":24216,"position":5},"title":"O que acontece com a sa\u00fade mental e f\u00edsica em quem tem o h\u00e1bito de mentir?","author":"noticiasribeiraopreto.com.br","date":"17 de April de 2025","format":false,"excerpt":"Compartilhar hist\u00f3rias inusitadas, criar situa\u00e7\u00f5es fantasiosas e pregar pe\u00e7as nos amigos \u00e9 um h\u00e1bito comum. No entanto, mentir vai muito al\u00e9m das brincadeiras pode ter impactos profundos na sa\u00fade mental e f\u00edsica, podendo estar associado a transtornos psicol\u00f3gicos. Segundo a psic\u00f3loga da Hapvida, Irenilza Moura, existem diversas raz\u00f5es que levam\u2026","rel":"","context":"In &quot;Not\u00edcias de Franca-SP&quot;","block_context":{"text":"Not\u00edcias de Franca-SP","link":"https:\/\/noticiasribeiraopreto.com.br\/index.php\/category\/noticias-de-ribeirao-preto-sp-e-regiao-ismael-colosi\/noticias-franca-sp\/"},"img":{"alt_text":"","src":"https:\/\/i0.wp.com\/noticiasribeiraopreto.com.br\/wp-content\/uploads\/2025\/04\/mentir-pessoas.jpeg?fit=1200%2C800&ssl=1&resize=350%2C200","width":350,"height":200,"srcset":"https:\/\/i0.wp.com\/noticiasribeiraopreto.com.br\/wp-content\/uploads\/2025\/04\/mentir-pessoas.jpeg?fit=1200%2C800&ssl=1&resize=350%2C200 1x, https:\/\/i0.wp.com\/noticiasribeiraopreto.com.br\/wp-content\/uploads\/2025\/04\/mentir-pessoas.jpeg?fit=1200%2C800&ssl=1&resize=525%2C300 1.5x, https:\/\/i0.wp.com\/noticiasribeiraopreto.com.br\/wp-content\/uploads\/2025\/04\/mentir-pessoas.jpeg?fit=1200%2C800&ssl=1&resize=700%2C400 2x, https:\/\/i0.wp.com\/noticiasribeiraopreto.com.br\/wp-content\/uploads\/2025\/04\/mentir-pessoas.jpeg?fit=1200%2C800&ssl=1&resize=1050%2C600 3x"},"classes":[]}],"jetpack_sharing_enabled":true,"jetpack_shortlink":"https:\/\/wp.me\/peQAOb-6iA","_links":{"self":[{"href":"https:\/\/noticiasribeiraopreto.com.br\/index.php\/wp-json\/wp\/v2\/posts\/24216","targetHints":{"allow":["GET"]}}],"collection":[{"href":"https:\/\/noticiasribeiraopreto.com.br\/index.php\/wp-json\/wp\/v2\/posts"}],"about":[{"href":"https:\/\/noticiasribeiraopreto.com.br\/index.php\/wp-json\/wp\/v2\/types\/post"}],"author":[{"embeddable":true,"href":"https:\/\/noticiasribeiraopreto.com.br\/index.php\/wp-json\/wp\/v2\/users\/1"}],"replies":[{"embeddable":true,"href":"https:\/\/noticiasribeiraopreto.com.br\/index.php\/wp-json\/wp\/v2\/comments?post=24216"}],"version-history":[{"count":0,"href":"https:\/\/noticiasribeiraopreto.com.br\/index.php\/wp-json\/wp\/v2\/posts\/24216\/revisions"}],"wp:featuredmedia":[{"embeddable":true,"href":"https:\/\/noticiasribeiraopreto.com.br\/index.php\/wp-json\/wp\/v2\/media\/24217"}],"wp:attachment":[{"href":"https:\/\/noticiasribeiraopreto.com.br\/index.php\/wp-json\/wp\/v2\/media?parent=24216"}],"wp:term":[{"taxonomy":"category","embeddable":true,"href":"https:\/\/noticiasribeiraopreto.com.br\/index.php\/wp-json\/wp\/v2\/categories?post=24216"},{"taxonomy":"post_tag","embeddable":true,"href":"https:\/\/noticiasribeiraopreto.com.br\/index.php\/wp-json\/wp\/v2\/tags?post=24216"}],"curies":[{"name":"wp","href":"https:\/\/api.w.org\/{rel}","templated":true}]}}