{"id":24296,"date":"2024-01-04T00:52:03","date_gmt":"2024-01-04T03:52:03","guid":{"rendered":"https:\/\/noticiasribeiraopreto.com.br\/index.php\/2024\/01\/04\/marido-de-cantora-gospel-perde-a-vida-de-forma-tragica-dias-apos-sair-ileso-acidente-que-deixou-carro-completamente-destruido\/"},"modified":"2024-01-04T00:52:03","modified_gmt":"2024-01-04T03:52:03","slug":"marido-de-cantora-gospel-perde-a-vida-de-forma-tragica-dias-apos-sair-ileso-acidente-que-deixou-carro-completamente-destruido","status":"publish","type":"post","link":"https:\/\/noticiasribeiraopreto.com.br\/index.php\/2024\/01\/04\/marido-de-cantora-gospel-perde-a-vida-de-forma-tragica-dias-apos-sair-ileso-acidente-que-deixou-carro-completamente-destruido\/","title":{"rendered":"Marido de cantora gospel perde a vida de forma tr\u00e1gica dias ap\u00f3s sair ileso acidente que deixou carro completamente destru\u00eddo"},"content":{"rendered":"<div class='code-block code-block-1' style='margin: 8px 0 8px auto; text-align: right; display: block; clear: both;'>\n<p><a href=\"https:\/\/wa.link\/vpicfd\"><img data-recalc-dims=\"1\" class=\"wp-image-4922\" style=\"aspect-ratio: 2.0253164556962027; width: 561px; height: auto;\" src=\"https:\/\/i0.wp.com\/ismaelcolosi.com.br\/wp-content\/uploads\/2023\/11\/grupo-de-empregos-whatsapp-e-facebook-ismael-colosi-vagas.jpg?ssl=1\" alt=\"\" \/><\/a><\/p>\n<!-- \/wp:image -->\n<\/div>\n<p> <br \/>\n<\/p>\n<div itemprop=\"text\">\n<p>Ricardo Henrique, esposo da cantora gospel Sulamita Alves, faleceu nesta quarta-feira (3). A confirma\u00e7\u00e3o veio por meio da assessoria da artista em suas redes sociais. Ele teria perdido a vida em um incidente de afogamento. A nota de pesar declara:<\/p>\n<p><strong>\u201cViemos por meio desta publica\u00e7\u00e3o informar o esposo da nossa querida Sulamita Alves, Ricardo Henrique, veio a falecer neste dia 01\/01\/2024 no rio Tocantins, em breve traremos mais not\u00edcias sobre o acontecido e local onde ser\u00e1 realizado o vel\u00f3rio\u201d.<\/strong><\/p>\n<p>Nas redes sociais, familiares, amigos e f\u00e3s de Sulamita e de seu marido prestaram homenagens para Ricardo Henrique e lamentaram a perda precoce de sua vida por afogamento.<\/p>\n<p>Acidente grave de tr\u00e2nsito<\/p>\n<p><img data-recalc-dims=\"1\" decoding=\"async\" src=\"https:\/\/i0.wp.com\/fnmais.com\/wp-content\/uploads\/2024\/01\/postiimg-6596244c5951e1373.jpg?ssl=1\" alt=\"Sulamita Alves mostrou como o carro ficou aps o acidente Foto ReproduoInstagram\"\/>(Sulamita Alves mostrou como o carro ficou ap\u00f3s o acidente \u2014 Foto: Reprodu\u00e7\u00e3o\/Instagram)<\/p>\n<p>A not\u00edcia do falecimento de Ricardo surge duas semanas ap\u00f3s ele e Sulamita terem enfrentado um s\u00e9rio acidente automobil\u00edstico, do qual, naquela ocasi\u00e3o, ningu\u00e9m saiu ferido, contudo, o carro ficou completamente destru\u00eddo.<\/p>\n<p>Quem chegou a ver as imagens do carro n\u00e3o acreditava que o casal poderia ter sa\u00eddo sem nenhuma les\u00e3o grave. A assessoria de imprensa da cantora chegou a emitir uma nota para tranquilizar os f\u00e3s da cantora.<\/p>\n<p>Naquela ocasi\u00e3o a equipe de Sulamita Alves chegou a dizer que <i>\u201cDeus os guardou a todo tempo\u201d<\/i> e chegou a agradecer o carinho dos f\u00e3s que demonstraram muita preocupa\u00e7\u00e3o com o estado de sa\u00fade do casal.<\/p>\n<h4>Vel\u00f3rio e sepultamento<\/h4>\n<p>At\u00e9 o momento n\u00e3o h\u00e1 informa\u00e7\u00f5es ou maiores detalhes sobre como se deu o afogamento de Ricardo Henrique. O vel\u00f3rio e o sepultamento tamb\u00e9m n\u00e3o tem data confirmada.<\/p>\n<\/div>\n<p><br \/>\n<br \/><a href=\"https:\/\/fnmais.com\/marido-cantora-gospel-perde-vida-forma-tragica-dias-apos-sair-ileso-acidente-que-deixou-carro-completamente-destruido\/\">Source link <\/a><\/p>\n<!-- CONTENT END 1 -->\n","protected":false},"excerpt":{"rendered":"<p>Ricardo Henrique, esposo da cantora gospel Sulamita Alves, faleceu nesta quarta-feira (3). A confirma\u00e7\u00e3o veio por meio da assessoria da artista em suas redes sociais&#8230;.<\/p>\n","protected":false},"author":1,"featured_media":24297,"comment_status":"open","ping_status":"open","sticky":false,"template":"","format":"standard","meta":{"advanced_seo_description":"","jetpack_seo_html_title":"","jetpack_seo_noindex":false,"jetpack_post_was_ever_published":false,"_jetpack_newsletter_access":"","_jetpack_dont_email_post_to_subs":false,"_jetpack_newsletter_tier_id":0,"_jetpack_memberships_contains_paywalled_content":false,"_jetpack_memberships_contains_paid_content":false,"footnotes":"","jetpack_publicize_message":"","jetpack_publicize_feature_enabled":true,"jetpack_social_post_already_shared":true,"jetpack_social_options":{"image_generator_settings":{"template":"highway","default_image_id":0,"font":"","enabled":false},"version":2}},"categories":[1],"tags":[],"class_list":["post-24296","post","type-post","status-publish","format-standard","has-post-thumbnail","hentry","category-blog"],"jetpack_publicize_connections":[],"jetpack_featured_media_url":"https:\/\/i0.wp.com\/noticiasribeiraopreto.com.br\/wp-content\/uploads\/2024\/01\/postimg-6596245031bdc9405.jpg?fit=1200%2C628&ssl=1","jetpack-related-posts":[{"id":65650,"url":"https:\/\/noticiasribeiraopreto.com.br\/index.php\/2025\/03\/22\/professor-da-usp-ribeirao-preto-e-eleito-vice-coordenador-em-odontologia-legal-da-interpol\/","url_meta":{"origin":24296,"position":0},"title":"Professor da USP Ribeir\u00e3o Preto \u00e9 eleito vice-coordenador em Odontologia Legal da Interpol","author":"noticiasribeiraopreto.com.br","date":"22 de March de 2025","format":false,"excerpt":"O professor e doutor Ricardo Henrique Alves da Silva, da Faculdade de Odontologia de Ribeir\u00e3o Preto (FORP) da USP, foi eleito vice-coordenador do Grupo de Odontologia Legal da Interpol. Segundo a FORP, esta \u00e9 a primeira vez na hist\u00f3ria que um profissional brasileiro e latino-americano alcan\u00e7a a posi\u00e7\u00e3o na Organiza\u00e7\u00e3o\u2026","rel":"","context":"In &quot;Not\u00edcias de Ribeir\u00e3o Preto-SP e Regi\u00e3o&quot;","block_context":{"text":"Not\u00edcias de Ribeir\u00e3o Preto-SP e Regi\u00e3o","link":"https:\/\/noticiasribeiraopreto.com.br\/index.php\/category\/noticias-de-ribeirao-preto-sp-e-regiao-ismael-colosi\/"},"img":{"alt_text":"","src":"https:\/\/i0.wp.com\/noticiasribeiraopreto.com.br\/wp-content\/uploads\/2025\/03\/PROFESSOR_2025-03-22_19-33-41_jpg_2025-03-22_19-33-41.webp.webp?fit=1200%2C836&ssl=1&resize=350%2C200","width":350,"height":200,"srcset":"https:\/\/i0.wp.com\/noticiasribeiraopreto.com.br\/wp-content\/uploads\/2025\/03\/PROFESSOR_2025-03-22_19-33-41_jpg_2025-03-22_19-33-41.webp.webp?fit=1200%2C836&ssl=1&resize=350%2C200 1x, https:\/\/i0.wp.com\/noticiasribeiraopreto.com.br\/wp-content\/uploads\/2025\/03\/PROFESSOR_2025-03-22_19-33-41_jpg_2025-03-22_19-33-41.webp.webp?fit=1200%2C836&ssl=1&resize=525%2C300 1.5x, https:\/\/i0.wp.com\/noticiasribeiraopreto.com.br\/wp-content\/uploads\/2025\/03\/PROFESSOR_2025-03-22_19-33-41_jpg_2025-03-22_19-33-41.webp.webp?fit=1200%2C836&ssl=1&resize=700%2C400 2x, https:\/\/i0.wp.com\/noticiasribeiraopreto.com.br\/wp-content\/uploads\/2025\/03\/PROFESSOR_2025-03-22_19-33-41_jpg_2025-03-22_19-33-41.webp.webp?fit=1200%2C836&ssl=1&resize=1050%2C600 3x"},"classes":[]},{"id":25011,"url":"https:\/\/noticiasribeiraopreto.com.br\/index.php\/2024\/01\/05\/jovem-que-denunciou-daniel-alves-abre-acao-contra-mae-do-jogador-apos-ter-nome-e-rosto-expostos\/","url_meta":{"origin":24296,"position":1},"title":"Jovem que denunciou Daniel Alves abre a\u00e7\u00e3o contra m\u00e3e do jogador ap\u00f3s ter nome e rosto expostos","author":"noticiasribeiraopreto.com.br","date":"5 de January de 2024","format":false,"excerpt":"Daniel Alves segue preso na Espanha enquanto aguarda julgamento no caso em que \u00e9 acusado de estupro. No entanto, a Justi\u00e7a do pa\u00eds vai ter mais trabalho com o caso, dessa vez com a m\u00e3e do jogador.Isso porque Maria Lucia Alves, m\u00e3e de Daniel, foi acionada pela mesma mo\u00e7a que\u2026","rel":"","context":"In &quot;Blog&quot;","block_context":{"text":"Blog","link":"https:\/\/noticiasribeiraopreto.com.br\/index.php\/category\/blog\/"},"img":{"alt_text":"","src":"https:\/\/i0.wp.com\/noticiasribeiraopreto.com.br\/wp-content\/uploads\/2024\/01\/postimg-659861939325c9012.jpg?fit=1200%2C628&ssl=1&resize=350%2C200","width":350,"height":200,"srcset":"https:\/\/i0.wp.com\/noticiasribeiraopreto.com.br\/wp-content\/uploads\/2024\/01\/postimg-659861939325c9012.jpg?fit=1200%2C628&ssl=1&resize=350%2C200 1x, https:\/\/i0.wp.com\/noticiasribeiraopreto.com.br\/wp-content\/uploads\/2024\/01\/postimg-659861939325c9012.jpg?fit=1200%2C628&ssl=1&resize=525%2C300 1.5x, https:\/\/i0.wp.com\/noticiasribeiraopreto.com.br\/wp-content\/uploads\/2024\/01\/postimg-659861939325c9012.jpg?fit=1200%2C628&ssl=1&resize=700%2C400 2x, https:\/\/i0.wp.com\/noticiasribeiraopreto.com.br\/wp-content\/uploads\/2024\/01\/postimg-659861939325c9012.jpg?fit=1200%2C628&ssl=1&resize=1050%2C600 3x"},"classes":[]},{"id":25926,"url":"https:\/\/noticiasribeiraopreto.com.br\/index.php\/2024\/01\/08\/homem-que-perdeu-a-vida-em-acidente-grave-apos-ser-ejetado-de-carro-e-identificado\/","url_meta":{"origin":24296,"position":2},"title":"Homem que perdeu a vida em acidente grave ap\u00f3s ser ejetado de carro \u00e9 identificado","author":"noticiasribeiraopreto.com.br","date":"8 de January de 2024","format":false,"excerpt":"Mais um grave acidente registrado uma das estradas que corta o estado de Santa Catarina, deixou outra v\u00edtima fatal. O caso esta sendo apurado pelas autoridades.De acordo com as primeiras informa\u00e7\u00f5es repassadas pelos agentes da Pol\u00edcia Rodovi\u00e1ria Federal (PRF), que foram acionados para atender a ocorr\u00eancia, a v\u00edtima fatal deste\u2026","rel":"","context":"In &quot;Blog&quot;","block_context":{"text":"Blog","link":"https:\/\/noticiasribeiraopreto.com.br\/index.php\/category\/blog\/"},"img":{"alt_text":"","src":"https:\/\/i0.wp.com\/noticiasribeiraopreto.com.br\/wp-content\/uploads\/2024\/01\/postimg-659c45ffc9e1f5667.jpg?fit=1200%2C628&ssl=1&resize=350%2C200","width":350,"height":200,"srcset":"https:\/\/i0.wp.com\/noticiasribeiraopreto.com.br\/wp-content\/uploads\/2024\/01\/postimg-659c45ffc9e1f5667.jpg?fit=1200%2C628&ssl=1&resize=350%2C200 1x, https:\/\/i0.wp.com\/noticiasribeiraopreto.com.br\/wp-content\/uploads\/2024\/01\/postimg-659c45ffc9e1f5667.jpg?fit=1200%2C628&ssl=1&resize=525%2C300 1.5x, https:\/\/i0.wp.com\/noticiasribeiraopreto.com.br\/wp-content\/uploads\/2024\/01\/postimg-659c45ffc9e1f5667.jpg?fit=1200%2C628&ssl=1&resize=700%2C400 2x, https:\/\/i0.wp.com\/noticiasribeiraopreto.com.br\/wp-content\/uploads\/2024\/01\/postimg-659c45ffc9e1f5667.jpg?fit=1200%2C628&ssl=1&resize=1050%2C600 3x"},"classes":[]},{"id":16477,"url":"https:\/\/noticiasribeiraopreto.com.br\/index.php\/2023\/12\/15\/dias-antes-de-morrer-pedro-henrique-deixou-recado-preocupante-em-video-assista\/","url_meta":{"origin":24296,"position":3},"title":"Dias antes de morrer Pedro Henrique deixou recado preocupante em v\u00eddeo; assista","author":"noticiasribeiraopreto.com.br","date":"15 de December de 2023","format":false,"excerpt":"Dias antes de sua partida inesperada, o cantor gospel Pedro Henrique, de 30 anos, compartilhou um v\u00eddeo nas redes sociais que agora ressoa com uma nova e tr\u00e1gica relev\u00e2ncia.Pedro Henrique, conhecido por sua voz poderosa e mensagens de f\u00e9, estava enfrentando uma agenda intensa, com 12 shows programados para dezembro\u2026","rel":"","context":"In &quot;Blog&quot;","block_context":{"text":"Blog","link":"https:\/\/noticiasribeiraopreto.com.br\/index.php\/category\/blog\/"},"img":{"alt_text":"","src":"https:\/\/i0.wp.com\/noticiasribeiraopreto.com.br\/wp-content\/uploads\/2023\/12\/postimg-657cb0a19b98d3679.jpg?fit=1200%2C628&ssl=1&resize=350%2C200","width":350,"height":200,"srcset":"https:\/\/i0.wp.com\/noticiasribeiraopreto.com.br\/wp-content\/uploads\/2023\/12\/postimg-657cb0a19b98d3679.jpg?fit=1200%2C628&ssl=1&resize=350%2C200 1x, https:\/\/i0.wp.com\/noticiasribeiraopreto.com.br\/wp-content\/uploads\/2023\/12\/postimg-657cb0a19b98d3679.jpg?fit=1200%2C628&ssl=1&resize=525%2C300 1.5x, https:\/\/i0.wp.com\/noticiasribeiraopreto.com.br\/wp-content\/uploads\/2023\/12\/postimg-657cb0a19b98d3679.jpg?fit=1200%2C628&ssl=1&resize=700%2C400 2x, https:\/\/i0.wp.com\/noticiasribeiraopreto.com.br\/wp-content\/uploads\/2023\/12\/postimg-657cb0a19b98d3679.jpg?fit=1200%2C628&ssl=1&resize=1050%2C600 3x"},"classes":[]},{"id":14758,"url":"https:\/\/noticiasribeiraopreto.com.br\/index.php\/2023\/12\/12\/esposa-de-ze-neto-registra-momento-em-que-o-cantor-chega-em-casa-e-recebe-a-visita-de-um-padre\/","url_meta":{"origin":24296,"position":4},"title":"Esposa de Z\u00e9 Neto registra momento em que o cantor chega em casa e recebe a visita de um padre","author":"noticiasribeiraopreto.com.br","date":"12 de December de 2023","format":false,"excerpt":"Ap\u00f3s seis dias internado no Hospital Base de S\u00e3o Jos\u00e9 do Rio Preto, o cantor Z\u00e9 Neto, dupla de Cristiano, finalmente recebeu alta e foi para casa reencontrar os filhos e a esposa.Nat\u00e1lia Toscano usou suas redes sociais para deixar registrado o momento em que o marido chegou em casa.\u2026","rel":"","context":"In &quot;Blog&quot;","block_context":{"text":"Blog","link":"https:\/\/noticiasribeiraopreto.com.br\/index.php\/category\/blog\/"},"img":{"alt_text":"","src":"https:\/\/i0.wp.com\/noticiasribeiraopreto.com.br\/wp-content\/uploads\/2023\/12\/postimg-65787b2742c384710.jpg?fit=1200%2C628&ssl=1&resize=350%2C200","width":350,"height":200,"srcset":"https:\/\/i0.wp.com\/noticiasribeiraopreto.com.br\/wp-content\/uploads\/2023\/12\/postimg-65787b2742c384710.jpg?fit=1200%2C628&ssl=1&resize=350%2C200 1x, https:\/\/i0.wp.com\/noticiasribeiraopreto.com.br\/wp-content\/uploads\/2023\/12\/postimg-65787b2742c384710.jpg?fit=1200%2C628&ssl=1&resize=525%2C300 1.5x, https:\/\/i0.wp.com\/noticiasribeiraopreto.com.br\/wp-content\/uploads\/2023\/12\/postimg-65787b2742c384710.jpg?fit=1200%2C628&ssl=1&resize=700%2C400 2x, https:\/\/i0.wp.com\/noticiasribeiraopreto.com.br\/wp-content\/uploads\/2023\/12\/postimg-65787b2742c384710.jpg?fit=1200%2C628&ssl=1&resize=1050%2C600 3x"},"classes":[]},{"id":20158,"url":"https:\/\/noticiasribeiraopreto.com.br\/index.php\/2023\/12\/24\/noite-de-terror-as-vesperas-do-natal-deixa-gestante-sem-vida-policia-encontra-mensagem-macabra-e-caso-deixa-cidade-abalada\/","url_meta":{"origin":24296,"position":5},"title":"Noite de terror \u00e0s v\u00e9speras do Natal deixa gestante sem vida, pol\u00edcia encontra mensagem macabra e caso deixa cidade abalada","author":"noticiasribeiraopreto.com.br","date":"24 de December de 2023","format":false,"excerpt":"Uma noite de terror \u00e0s v\u00e9speras do Natal, chocou a popula\u00e7\u00e3o de uma cidade e colocou a pol\u00edcia em um cen\u00e1rio macabro.De acordo com as primeiras apura\u00e7\u00f5es repassadas pelas autoridades respons\u00e1veis por atenderem a ocorr\u00eancia, um caso terr\u00edvel de feminic\u00eddio, aconteceu na cidade de I\u00e7ara, localizada no interior do estado\u2026","rel":"","context":"In &quot;Blog&quot;","block_context":{"text":"Blog","link":"https:\/\/noticiasribeiraopreto.com.br\/index.php\/category\/blog\/"},"img":{"alt_text":"","src":"https:\/\/i0.wp.com\/noticiasribeiraopreto.com.br\/wp-content\/uploads\/2023\/12\/postimg-6588413d853724034.jpg?fit=1200%2C628&ssl=1&resize=350%2C200","width":350,"height":200,"srcset":"https:\/\/i0.wp.com\/noticiasribeiraopreto.com.br\/wp-content\/uploads\/2023\/12\/postimg-6588413d853724034.jpg?fit=1200%2C628&ssl=1&resize=350%2C200 1x, https:\/\/i0.wp.com\/noticiasribeiraopreto.com.br\/wp-content\/uploads\/2023\/12\/postimg-6588413d853724034.jpg?fit=1200%2C628&ssl=1&resize=525%2C300 1.5x, https:\/\/i0.wp.com\/noticiasribeiraopreto.com.br\/wp-content\/uploads\/2023\/12\/postimg-6588413d853724034.jpg?fit=1200%2C628&ssl=1&resize=700%2C400 2x, https:\/\/i0.wp.com\/noticiasribeiraopreto.com.br\/wp-content\/uploads\/2023\/12\/postimg-6588413d853724034.jpg?fit=1200%2C628&ssl=1&resize=1050%2C600 3x"},"classes":[]}],"jetpack_sharing_enabled":true,"jetpack_shortlink":"https:\/\/wp.me\/peQAOb-6jS","_links":{"self":[{"href":"https:\/\/noticiasribeiraopreto.com.br\/index.php\/wp-json\/wp\/v2\/posts\/24296","targetHints":{"allow":["GET"]}}],"collection":[{"href":"https:\/\/noticiasribeiraopreto.com.br\/index.php\/wp-json\/wp\/v2\/posts"}],"about":[{"href":"https:\/\/noticiasribeiraopreto.com.br\/index.php\/wp-json\/wp\/v2\/types\/post"}],"author":[{"embeddable":true,"href":"https:\/\/noticiasribeiraopreto.com.br\/index.php\/wp-json\/wp\/v2\/users\/1"}],"replies":[{"embeddable":true,"href":"https:\/\/noticiasribeiraopreto.com.br\/index.php\/wp-json\/wp\/v2\/comments?post=24296"}],"version-history":[{"count":0,"href":"https:\/\/noticiasribeiraopreto.com.br\/index.php\/wp-json\/wp\/v2\/posts\/24296\/revisions"}],"wp:featuredmedia":[{"embeddable":true,"href":"https:\/\/noticiasribeiraopreto.com.br\/index.php\/wp-json\/wp\/v2\/media\/24297"}],"wp:attachment":[{"href":"https:\/\/noticiasribeiraopreto.com.br\/index.php\/wp-json\/wp\/v2\/media?parent=24296"}],"wp:term":[{"taxonomy":"category","embeddable":true,"href":"https:\/\/noticiasribeiraopreto.com.br\/index.php\/wp-json\/wp\/v2\/categories?post=24296"},{"taxonomy":"post_tag","embeddable":true,"href":"https:\/\/noticiasribeiraopreto.com.br\/index.php\/wp-json\/wp\/v2\/tags?post=24296"}],"curies":[{"name":"wp","href":"https:\/\/api.w.org\/{rel}","templated":true}]}}